{"id":5494,"date":"2025-04-21T19:23:40","date_gmt":"2025-04-21T19:23:40","guid":{"rendered":"https:\/\/nuevaprensaamerica.com\/?p=5494"},"modified":"2025-04-21T19:26:44","modified_gmt":"2025-04-21T19:26:44","slug":"fernando-sanclemente-alzate-colombia-aerolinea-fantasma-arkas-s-a-aerocivil","status":"publish","type":"post","link":"https:\/\/nuevaprensaamerica.com\/index.php\/2025\/04\/21\/fernando-sanclemente-alzate-colombia-aerolinea-fantasma-arkas-s-a-aerocivil\/","title":{"rendered":"Fernando Sanclemente Alzate es motivo de nueva pol\u00e9mica en Colombia: Denuncian que autoriz\u00f3 aerol\u00ednea fantasma Arkas S.A. desde la Aerocivil"},"content":{"rendered":"<p>Una reciente controversia ha sacudido el \u00e1mbito de la aviaci\u00f3n civil colombiana tras las serias acusaciones vertidas por el usuario de la red social X, identificado como @JuanPoe. A trav\u00e9s de un extenso hilo, <a href=\"https:\/\/x.com\/JuanPoe\/status\/1914017085803446433\" target=\"_blank\" rel=\"noopener\">@JuanPoe<\/a> se\u00f1al\u00f3 directamente a la\u00a0<strong>Aerocivil de Colombia<\/strong>, espec\u00edficamente durante la gesti\u00f3n de <strong>Fernando Augusto Sanclemente Alzate<\/strong> como director, por presuntamente autorizar la operaci\u00f3n de una compa\u00f1\u00eda a\u00e9rea denominada <strong>&#8220;Arkas&#8221;<\/strong>\u00a0pese a graves irregularidades en su constituci\u00f3n y funcionamiento.<\/p>\n<p><a href=\"https:\/\/nuevaprensaamerica.com\/wp-content\/uploads\/2025\/04\/uribe-sanclemente.jpg\"><img loading=\"lazy\" decoding=\"async\" class=\"alignnone wp-image-5526 size-full\" src=\"https:\/\/nuevaprensaamerica.com\/wp-content\/uploads\/2025\/04\/uribe-sanclemente.jpg\" alt=\"\" width=\"1200\" height=\"1058\" srcset=\"https:\/\/nuevaprensaamerica.com\/wp-content\/uploads\/2025\/04\/uribe-sanclemente.jpg 1200w, https:\/\/nuevaprensaamerica.com\/wp-content\/uploads\/2025\/04\/uribe-sanclemente-300x265.jpg 300w, https:\/\/nuevaprensaamerica.com\/wp-content\/uploads\/2025\/04\/uribe-sanclemente-1024x903.jpg 1024w, https:\/\/nuevaprensaamerica.com\/wp-content\/uploads\/2025\/04\/uribe-sanclemente-768x677.jpg 768w\" sizes=\"auto, (max-width: 1200px) 100vw, 1200px\" \/><\/a><\/p>\n<p>Seg\u00fan la denuncia de @JuanPoe, sustentada en documentos que el usuario difundi\u00f3 a trav\u00e9s de la misma red social, la aerol\u00ednea\u00a0<strong>Arkas S.A. de Medell\u00edn<\/strong>\u00a0habr\u00eda obtenido\u00a0<strong>permisos de operaci\u00f3n a nivel nacional desde el aeropuerto de Rionegro<\/strong>\u00a0gracias a las resoluciones\u00a0<strong>0020 y 049 del a\u00f1o 2008<\/strong>\u00a0emitidas por la Aerocivil. Sin embargo, @JuanPoe destac\u00f3 que, inicialmente,\u00a0<strong>no se le hab\u00eda concedido licencia para operar en el aeropuerto de Buenaventura<\/strong>.<\/p>\n<p>La situaci\u00f3n tom\u00f3 un giro inesperado, siempre seg\u00fan la informaci\u00f3n expuesta por @JuanPoe, cuando\u00a0<strong>Fernando Sanclemente, mediante la Resoluci\u00f3n 03730 del 14 de agosto de 2008, otorg\u00f3 un permiso especial y temporal de 15 d\u00edas a Arkas para operar en el aeropuerto de Buenaventura<\/strong>. La justificaci\u00f3n de esta medida, tal como se desprende de la misma resoluci\u00f3n de la Aerocivil, radic\u00f3 en la\u00a0<strong>conveniencia nacional ante el paro en la prestaci\u00f3n de los servicios de transporte de carga terrestre<\/strong>\u00a0que afectaba al pa\u00eds en ese momento. La restricci\u00f3n inicial para operar en Buenaventura se deb\u00eda a que la capacidad de los servicios de salvamento y extinci\u00f3n de incendios del aeropuerto era inferior a la requerida por el tipo de aeronaves de Arkas S.A. No obstante, ante la imposibilidad de movilizar mercanc\u00edas y el consecuente desabastecimiento, especialmente en el puerto de Buenaventura, la Aerocivil consider\u00f3 el transporte a\u00e9reo como una alternativa temporal.<\/p>\n<p><a href=\"https:\/\/nuevaprensaamerica.com\/wp-content\/uploads\/2025\/04\/arkas-2.jpg\"><img loading=\"lazy\" decoding=\"async\" class=\"alignnone wp-image-5502 size-full\" src=\"https:\/\/nuevaprensaamerica.com\/wp-content\/uploads\/2025\/04\/arkas-2.jpg\" alt=\"\" width=\"1200\" height=\"1594\" srcset=\"https:\/\/nuevaprensaamerica.com\/wp-content\/uploads\/2025\/04\/arkas-2.jpg 1200w, https:\/\/nuevaprensaamerica.com\/wp-content\/uploads\/2025\/04\/arkas-2-226x300.jpg 226w, https:\/\/nuevaprensaamerica.com\/wp-content\/uploads\/2025\/04\/arkas-2-771x1024.jpg 771w, https:\/\/nuevaprensaamerica.com\/wp-content\/uploads\/2025\/04\/arkas-2-768x1020.jpg 768w, https:\/\/nuevaprensaamerica.com\/wp-content\/uploads\/2025\/04\/arkas-2-1156x1536.jpg 1156w\" sizes=\"auto, (max-width: 1200px) 100vw, 1200px\" \/><\/a><\/p>\n<p><a href=\"https:\/\/nuevaprensaamerica.com\/wp-content\/uploads\/2025\/04\/arkas-3.jpg\"><img loading=\"lazy\" decoding=\"async\" class=\"alignnone wp-image-5505 size-full\" src=\"https:\/\/nuevaprensaamerica.com\/wp-content\/uploads\/2025\/04\/arkas-3.jpg\" alt=\"\" width=\"1200\" height=\"879\" srcset=\"https:\/\/nuevaprensaamerica.com\/wp-content\/uploads\/2025\/04\/arkas-3.jpg 1200w, https:\/\/nuevaprensaamerica.com\/wp-content\/uploads\/2025\/04\/arkas-3-300x220.jpg 300w, https:\/\/nuevaprensaamerica.com\/wp-content\/uploads\/2025\/04\/arkas-3-1024x750.jpg 1024w, https:\/\/nuevaprensaamerica.com\/wp-content\/uploads\/2025\/04\/arkas-3-768x563.jpg 768w\" sizes=\"auto, (max-width: 1200px) 100vw, 1200px\" \/><\/a><\/p>\n<p><a href=\"https:\/\/nuevaprensaamerica.com\/wp-content\/uploads\/2025\/04\/arkas-4.jpg\"><img loading=\"lazy\" decoding=\"async\" class=\"alignnone wp-image-5508 size-full\" src=\"https:\/\/nuevaprensaamerica.com\/wp-content\/uploads\/2025\/04\/arkas-4.jpg\" alt=\"\" width=\"1200\" height=\"1380\" srcset=\"https:\/\/nuevaprensaamerica.com\/wp-content\/uploads\/2025\/04\/arkas-4.jpg 1200w, https:\/\/nuevaprensaamerica.com\/wp-content\/uploads\/2025\/04\/arkas-4-261x300.jpg 261w, https:\/\/nuevaprensaamerica.com\/wp-content\/uploads\/2025\/04\/arkas-4-890x1024.jpg 890w, https:\/\/nuevaprensaamerica.com\/wp-content\/uploads\/2025\/04\/arkas-4-768x883.jpg 768w\" sizes=\"auto, (max-width: 1200px) 100vw, 1200px\" \/><\/a><\/p>\n<p>Sin embargo, la denuncia de @JuanPoe escal\u00f3 al revelar que\u00a0<strong>Arkas S.A. era, presuntamente, una empresa &#8220;fantasma&#8221;<\/strong>. Esta grave acusaci\u00f3n se basa en el\u00a0<strong>Auto 400014123\/2012 de la Superintendencia de Sociedades<\/strong>, que orden\u00f3 la liquidaci\u00f3n judicial de la compa\u00f1\u00eda por\u00a0<strong>graves irregularidades<\/strong>. Los documentos presentados por @JuanPoe se\u00f1alan que la Superintendencia de Sociedades constat\u00f3 que\u00a0<strong>en el domicilio registrado por Arkas S.A. ante la C\u00e1mara de Comercio no exist\u00eda oficina alguna, no se encontr\u00f3 personal, ni se pudo acceder a su contabilidad o documentaci\u00f3n<\/strong>.<\/p>\n<p>Ante este panorama, @JuanPoe cuestion\u00f3 severamente la decisi\u00f3n de la Aerocivil, bajo la direcci\u00f3n de Fernando Sanclemente, de otorgar permisos de operaci\u00f3n a una empresa con tales inconsistencias, especialmente el permiso especial para operar en Buenaventura. El usuario de X sugiri\u00f3 que estas acciones podr\u00edan haber facilitado\u00a0<strong>actividades il\u00edcitas, &#8220;muy posiblemente para el tr\u00e1fico de drogas&#8221;<\/strong>, y exhort\u00f3 a la Fiscal\u00eda a\u00a0<strong>investigar todas las licencias y autorizaciones concedidas durante esa \u00e9poca en la Aerocivil<\/strong>. La pregunta sobre si el pa\u00eds ya ten\u00eda conocimiento de estos hechos tambi\u00e9n fue planteada por @JuanPoe.<\/p>\n<p>La publicaci\u00f3n del hilo de @JuanPoe, acompa\u00f1ado de im\u00e1genes de documentos que pretenden sustentar sus afirmaciones, ha generado una ola de reacciones y ha puesto en el centro del debate la diligencia de los entes de control en la verificaci\u00f3n de las empresas que operan en el sector a\u00e9reo colombiano.<\/p>\n<h2>Arkas S.A.: Permiso temporal en Buenaventura bajo condiciones estrictas y el posterior hallazgo de una &#8220;empresa fantasma&#8221;<\/h2>\n<p>La Resoluci\u00f3n 03730 del 14 de agosto de 2008, emitida por la Aerocivil y firmada por el entonces Director General\u00a0<strong>Fernando Augusto Sanclemente<\/strong>\u00a0y el Secretario General\u00a0<strong>Andr\u00e9s Forero Linares<\/strong>, detalla las condiciones bajo las cuales se otorg\u00f3 el permiso temporal de operaci\u00f3n a Arkas S.A. en el aeropuerto de Buenaventura. Publicada en el Diario Oficial n\u00famero 47.086 del 19 de agosto de 2008, la resoluci\u00f3n se fundament\u00f3 en la\u00a0<strong>&#8220;conveniencia nacional&#8221;<\/strong>\u00a0ante el paro en la prestaci\u00f3n de los servicios de transporte de carga terrestre que afectaba al pa\u00eds.<\/p>\n<p>El\u00a0<strong>art\u00edculo primero<\/strong>\u00a0de la resoluci\u00f3n\u00a0<strong>autoriz\u00f3 temporalmente, por un t\u00e9rmino de quince (15) d\u00edas, las operaciones de Arkas S.A.<\/strong>, o cualquier otra empresa de transporte a\u00e9reo de carga que lo requiriera, hacia y desde el Aeropuerto de Buenaventura, siempre que las caracter\u00edsticas de peso y rendimiento de las aeronaves lo permitieran. Esta autorizaci\u00f3n represent\u00f3 un levantamiento temporal de la restricci\u00f3n que inicialmente imped\u00eda a Arkas S.A. operar en Buenaventura, debido a que la capacidad de los servicios de salvamento y extinci\u00f3n de incendios del aeropuerto era inferior a la requerida por sus aeronaves. La Aerocivil consider\u00f3 que el transporte a\u00e9reo ofrec\u00eda una alternativa ante la imposibilidad de movilizar mercanc\u00edas y el consecuente desabastecimiento en el puerto de Buenaventura.<\/p>\n<p><a href=\"https:\/\/nuevaprensaamerica.com\/wp-content\/uploads\/2025\/04\/arkas-1.jpg\"><img loading=\"lazy\" decoding=\"async\" class=\"alignnone wp-image-5499 size-full\" src=\"https:\/\/nuevaprensaamerica.com\/wp-content\/uploads\/2025\/04\/arkas-1.jpg\" alt=\"\" width=\"1200\" height=\"1380\" srcset=\"https:\/\/nuevaprensaamerica.com\/wp-content\/uploads\/2025\/04\/arkas-1.jpg 1200w, https:\/\/nuevaprensaamerica.com\/wp-content\/uploads\/2025\/04\/arkas-1-261x300.jpg 261w, https:\/\/nuevaprensaamerica.com\/wp-content\/uploads\/2025\/04\/arkas-1-890x1024.jpg 890w, https:\/\/nuevaprensaamerica.com\/wp-content\/uploads\/2025\/04\/arkas-1-768x883.jpg 768w\" sizes=\"auto, (max-width: 1200px) 100vw, 1200px\" \/><\/a><\/p>\n<p>Sin embargo, el\u00a0<strong>art\u00edculo segundo<\/strong>\u00a0de la resoluci\u00f3n estableci\u00f3\u00a0<strong>condiciones estrictas<\/strong>\u00a0para las operaciones autorizadas:<\/p>\n<ul>\n<li><strong>Prohibici\u00f3n de transportar mercanc\u00edas peligrosas:<\/strong>\u00a0Se prohibi\u00f3 expl\u00edcitamente el transporte de cualquier tipo de mercanc\u00edas catalogadas como peligrosas, de acuerdo con la Parte D\u00e9cima de los Reglamentos Aeron\u00e1uticos de Colombia y el Anexo 18 al Convenio sobre Aviaci\u00f3n Civil Internacional, hacia o desde el Aeropuerto de Buenaventura.<\/li>\n<li><strong>Requerimiento de extintores adicionales:<\/strong>\u00a0Para incrementar la capacidad de respuesta ante una eventual contingencia, se exigi\u00f3 llevar a bordo de la aeronave un extintor de incendios adicional al previsto para el compartimiento de carga, y otro adicional al previsto para el compartimiento de la tripulaci\u00f3n de vuelo, en aplicaci\u00f3n de los Reglamentos Aeron\u00e1uticos de Colombia.<\/li>\n<\/ul>\n<p>A pesar de este permiso temporal, la posterior investigaci\u00f3n de la\u00a0<strong>Superintendencia de Sociedades<\/strong>, materializada en el\u00a0<strong>Auto 400-014123 del 8 de octubre de 2012<\/strong>, revel\u00f3 la verdadera naturaleza de Arkas S.A. Seg\u00fan este auto, la Superintendencia orden\u00f3 la\u00a0<strong>apertura del tr\u00e1mite de liquidaci\u00f3n judicial<\/strong>\u00a0de la sociedad ARKAS S.A. con NIT 811.044.822 y domicilio en Medell\u00edn, al constatar\u00a0<strong>graves irregularidades<\/strong>.<\/p>\n<p><a href=\"https:\/\/nuevaprensaamerica.com\/wp-content\/uploads\/2025\/04\/arkas-8.jpg\"><img loading=\"lazy\" decoding=\"async\" class=\"alignnone wp-image-5520 size-full\" src=\"https:\/\/nuevaprensaamerica.com\/wp-content\/uploads\/2025\/04\/arkas-8.jpg\" alt=\"\" width=\"1200\" height=\"821\" srcset=\"https:\/\/nuevaprensaamerica.com\/wp-content\/uploads\/2025\/04\/arkas-8.jpg 1200w, https:\/\/nuevaprensaamerica.com\/wp-content\/uploads\/2025\/04\/arkas-8-300x205.jpg 300w, https:\/\/nuevaprensaamerica.com\/wp-content\/uploads\/2025\/04\/arkas-8-1024x701.jpg 1024w, https:\/\/nuevaprensaamerica.com\/wp-content\/uploads\/2025\/04\/arkas-8-768x525.jpg 768w\" sizes=\"auto, (max-width: 1200px) 100vw, 1200px\" \/><\/a><\/p>\n<p><a href=\"https:\/\/nuevaprensaamerica.com\/wp-content\/uploads\/2025\/04\/arkas-9.jpg\"><img loading=\"lazy\" decoding=\"async\" class=\"alignnone wp-image-5523 size-full\" src=\"https:\/\/nuevaprensaamerica.com\/wp-content\/uploads\/2025\/04\/arkas-9.jpg\" alt=\"\" width=\"1200\" height=\"1848\" srcset=\"https:\/\/nuevaprensaamerica.com\/wp-content\/uploads\/2025\/04\/arkas-9.jpg 1200w, https:\/\/nuevaprensaamerica.com\/wp-content\/uploads\/2025\/04\/arkas-9-195x300.jpg 195w, https:\/\/nuevaprensaamerica.com\/wp-content\/uploads\/2025\/04\/arkas-9-665x1024.jpg 665w, https:\/\/nuevaprensaamerica.com\/wp-content\/uploads\/2025\/04\/arkas-9-768x1183.jpg 768w, https:\/\/nuevaprensaamerica.com\/wp-content\/uploads\/2025\/04\/arkas-9-997x1536.jpg 997w\" sizes=\"auto, (max-width: 1200px) 100vw, 1200px\" \/><\/a><\/p>\n<p>La diligencia de toma de informaci\u00f3n realizada por la Superintendencia el 4 de septiembre de 2012 en la direcci\u00f3n registrada por Arkas S.A. ante la C\u00e1mara de Comercio de Bogot\u00e1 (calle 32 C No. 81 A 18 Apartamento 301 de Medell\u00edn)\u00a0<strong>no arroj\u00f3 ning\u00fan resultado<\/strong>.\u00a0<strong>No se encontr\u00f3 persona alguna, ni se obtuvo informaci\u00f3n sobre los administradores ni sobre la empresa<\/strong>. Se verific\u00f3 que la direcci\u00f3n correspond\u00eda a un conjunto de apartamentos sin oficinas para atender visitantes. Adem\u00e1s,\u00a0<strong>no fue posible verificar el estado de la contabilidad, los libros, ni la informaci\u00f3n financiera, econ\u00f3mica y judicial de la sociedad<\/strong>.<\/p>\n<p><a href=\"https:\/\/nuevaprensaamerica.com\/wp-content\/uploads\/2025\/04\/arkas-5.jpg\"><img loading=\"lazy\" decoding=\"async\" class=\"alignnone wp-image-5511 size-full\" src=\"https:\/\/nuevaprensaamerica.com\/wp-content\/uploads\/2025\/04\/arkas-5.jpg\" alt=\"\" width=\"1200\" height=\"1805\" srcset=\"https:\/\/nuevaprensaamerica.com\/wp-content\/uploads\/2025\/04\/arkas-5.jpg 1200w, https:\/\/nuevaprensaamerica.com\/wp-content\/uploads\/2025\/04\/arkas-5-199x300.jpg 199w, https:\/\/nuevaprensaamerica.com\/wp-content\/uploads\/2025\/04\/arkas-5-681x1024.jpg 681w, https:\/\/nuevaprensaamerica.com\/wp-content\/uploads\/2025\/04\/arkas-5-768x1155.jpg 768w, https:\/\/nuevaprensaamerica.com\/wp-content\/uploads\/2025\/04\/arkas-5-1021x1536.jpg 1021w\" sizes=\"auto, (max-width: 1200px) 100vw, 1200px\" \/><\/a><\/p>\n<p>&nbsp;<\/p>\n<p><a href=\"https:\/\/nuevaprensaamerica.com\/wp-content\/uploads\/2025\/04\/arkas-6.jpg\"><img loading=\"lazy\" decoding=\"async\" class=\"alignnone wp-image-5514 size-full\" src=\"https:\/\/nuevaprensaamerica.com\/wp-content\/uploads\/2025\/04\/arkas-6.jpg\" alt=\"\" width=\"1200\" height=\"1507\" srcset=\"https:\/\/nuevaprensaamerica.com\/wp-content\/uploads\/2025\/04\/arkas-6.jpg 1200w, https:\/\/nuevaprensaamerica.com\/wp-content\/uploads\/2025\/04\/arkas-6-239x300.jpg 239w, https:\/\/nuevaprensaamerica.com\/wp-content\/uploads\/2025\/04\/arkas-6-815x1024.jpg 815w, https:\/\/nuevaprensaamerica.com\/wp-content\/uploads\/2025\/04\/arkas-6-768x964.jpg 768w\" sizes=\"auto, (max-width: 1200px) 100vw, 1200px\" \/><\/a>El Auto de la Superintendencia de Sociedades concluy\u00f3 que Arkas S.A. se encontraba incursa en la causal de\u00a0<strong>abandono de sus negocios<\/strong>, al no estar desarrollando su objeto social en la direcci\u00f3n registrada. Asimismo, se consider\u00f3 la solicitud de liquidaci\u00f3n por parte de la Superintendencia de Puertos y Transporte, basada en la cancelaci\u00f3n del permiso de operaci\u00f3n por parte de la Aerocivil y\/o la falta de registro ante dicha entidad.<\/p>\n<p>El registro mercantil oficial de Arkas S.A. indica que su matr\u00edcula fue\u00a0<strong>cancelada el 11 de septiembre de 2014<\/strong>, figurando como motivo la liquidaci\u00f3n judicial ordenada por la Superintendencia de Sociedades mediante el Auto 400-014123 del 08 de octubre de 2012.<\/p>\n<p><a href=\"https:\/\/nuevaprensaamerica.com\/wp-content\/uploads\/2025\/04\/arkas-7.jpg\"><img loading=\"lazy\" decoding=\"async\" class=\"alignnone wp-image-5517 size-full\" src=\"https:\/\/nuevaprensaamerica.com\/wp-content\/uploads\/2025\/04\/arkas-7.jpg\" alt=\"\" width=\"1200\" height=\"1191\" srcset=\"https:\/\/nuevaprensaamerica.com\/wp-content\/uploads\/2025\/04\/arkas-7.jpg 1200w, https:\/\/nuevaprensaamerica.com\/wp-content\/uploads\/2025\/04\/arkas-7-300x298.jpg 300w, https:\/\/nuevaprensaamerica.com\/wp-content\/uploads\/2025\/04\/arkas-7-1024x1016.jpg 1024w, https:\/\/nuevaprensaamerica.com\/wp-content\/uploads\/2025\/04\/arkas-7-150x150.jpg 150w, https:\/\/nuevaprensaamerica.com\/wp-content\/uploads\/2025\/04\/arkas-7-768x762.jpg 768w\" sizes=\"auto, (max-width: 1200px) 100vw, 1200px\" \/><\/a><\/p>\n<p>Estos hallazgos de la Superintendencia de Sociedades refuerzan las acusaciones de @JuanPoe sobre la naturaleza &#8220;fantasma&#8221; de Arkas S.A. y plantean serias interrogantes sobre los procesos de verificaci\u00f3n y debida diligencia llevados a cabo por la Aerocivil al momento de otorgar los permisos de operaci\u00f3n, tanto a nivel nacional como el permiso especial para el aeropuerto de Buenaventura. La cronolog\u00eda de los hechos \u2013 permisos otorgados en 2008 y la constataci\u00f3n de la inexistencia de la empresa en 2012 \u2013 abre un debate sobre la supervisi\u00f3n continua de las empresas que operan en el sector de la aviaci\u00f3n civil y las posibles implicaciones de estas decisiones. La investigaci\u00f3n solicitada por @JuanPoe podr\u00eda arrojar luz sobre la exhaustividad de los controles en la \u00e9poca y determinar si, como sugiere el denunciante, existieron motivaciones il\u00edcitas detr\u00e1s de la autorizaci\u00f3n otorgada a Arkas S.A.<\/p>\n<blockquote class=\"twitter-tweet\" data-dnt=\"true\">\n<p dir=\"ltr\" lang=\"es\">!Atenci\u00f3n! Fernando Sanclemente como Director de Aerocivil autoriz\u00f3 la operaci\u00f3n de la compa\u00f1\u00eda de aviaci\u00f3n fantasma &#8220;Arkas&#8221; con un domicilio falso y sin tener contabilidad y luego le dio permiso especial para operar en Buenaventura. Toda una fachada para el narcotr\u00e1fico. Hilo\ud83d\udc47 <a href=\"https:\/\/t.co\/ifTeun7HhZ\">pic.twitter.com\/ifTeun7HhZ<\/a><\/p>\n<p>\u2014 Juan Poe (@JuanPoe) <a href=\"https:\/\/twitter.com\/JuanPoe\/status\/1914017085803446433?ref_src=twsrc%5Etfw\">April 20, 2025<\/a><\/p><\/blockquote>\n<p><script async src=\"https:\/\/platform.twitter.com\/widgets.js\" charset=\"utf-8\"><\/script><\/p>\n<blockquote class=\"twitter-tweet\" data-dnt=\"true\" data-conversation=\"none\">\n<p dir=\"ltr\" lang=\"es\">De acuerdo con la documentaci\u00f3n oficial de Aerocivil mediante las resoluciones 0020 y 049 del 2008, se le concedi\u00f3 permiso de operaci\u00f3n a Arkas SA de Medell\u00edn para operar en los aeropuertos del pa\u00eds desde Rionegro, pero no se le concedi\u00f3 licencia para Buenaventura. Sigue\ud83d\udc47 <a href=\"https:\/\/t.co\/PSGggIxCxi\">pic.twitter.com\/PSGggIxCxi<\/a><\/p>\n<p>\u2014 Juan Poe (@JuanPoe) <a href=\"https:\/\/twitter.com\/JuanPoe\/status\/1914017092598112761?ref_src=twsrc%5Etfw\">April 20, 2025<\/a><\/p><\/blockquote>\n<p><script async src=\"https:\/\/platform.twitter.com\/widgets.js\" charset=\"utf-8\"><\/script><\/p>\n<blockquote class=\"twitter-tweet\" data-dnt=\"true\" data-conversation=\"none\">\n<p dir=\"ltr\" lang=\"es\">Sin embargo debido al paro camionero que hubo en el Gob de Uribe (como pas\u00f3 en el Gob Duque) el propio Fernando Sanclemente por Resoluci\u00f3n 03730 del 14\/08\/2008 le dio permiso especial por 15 d\u00edas a Arkas para operar en el aeropuerto de Buenaventura, para sacar mercanc\u00edas. Sigue\ud83d\udc47 <a href=\"https:\/\/t.co\/FS4DBVZW8L\">pic.twitter.com\/FS4DBVZW8L<\/a><\/p>\n<p>\u2014 Juan Poe (@JuanPoe) <a href=\"https:\/\/twitter.com\/JuanPoe\/status\/1914017099141284159?ref_src=twsrc%5Etfw\">April 20, 2025<\/a><\/p><\/blockquote>\n<p><script async src=\"https:\/\/platform.twitter.com\/widgets.js\" charset=\"utf-8\"><\/script><\/p>\n<blockquote class=\"twitter-tweet\" data-dnt=\"true\" data-conversation=\"none\">\n<p dir=\"ltr\" lang=\"es\">Lo GRAVE es que se descubri\u00f3 que la compa\u00f1\u00eda a\u00e9rea Arkas SA que autoriz\u00f3 Fernando Sanclemente para operar en el pa\u00eds y en Buenaventura era una empresa FALSA. Esto de acuerdo al auto 400014123\/2012 de la Supersociedades que orden\u00f3 su liquidaci\u00f3n por graves irregularidades. Sigue\ud83d\udc47 <a href=\"https:\/\/t.co\/G8qw3DqVOG\">pic.twitter.com\/G8qw3DqVOG<\/a><\/p>\n<p>\u2014 Juan Poe (@JuanPoe) <a href=\"https:\/\/twitter.com\/JuanPoe\/status\/1914017104954609709?ref_src=twsrc%5Etfw\">April 20, 2025<\/a><\/p><\/blockquote>\n<p><script async src=\"https:\/\/platform.twitter.com\/widgets.js\" charset=\"utf-8\"><\/script><\/p>\n<blockquote class=\"twitter-tweet\" data-dnt=\"true\" data-conversation=\"none\">\n<p dir=\"ltr\" lang=\"es\">Se descubri\u00f3 que en el domicilio que Arkas hab\u00eda dado a la C\u00e1mara de Comercio no hab\u00eda ninguna oficina, no se encontr\u00f3 ning\u00fan personal y no se pudo identificar su contabilidad ni su documentaci\u00f3n. \u00bfA esta empresa le dio Sanclemente un permiso para operar en Buenaventura? Sigue\ud83d\udc47 <a href=\"https:\/\/t.co\/2e6Xskbuoi\">pic.twitter.com\/2e6Xskbuoi<\/a><\/p>\n<p>\u2014 Juan Poe (@JuanPoe) <a href=\"https:\/\/twitter.com\/JuanPoe\/status\/1914017110717607991?ref_src=twsrc%5Etfw\">April 20, 2025<\/a><\/p><\/blockquote>\n<p><script async src=\"https:\/\/platform.twitter.com\/widgets.js\" charset=\"utf-8\"><\/script><\/p>\n<blockquote class=\"twitter-tweet\" data-dnt=\"true\" data-conversation=\"none\">\n<p dir=\"ltr\" lang=\"es\">De acuerdo al registro comercial oficial, la matr\u00edcula de la empresa Arkas SA cuyo objeto era el transporte de carga por v\u00eda a\u00e9rea fue cancelada y all\u00ed figura el Auto 400014123\/2012 de la Supersociedades que orden\u00f3 su liquidaci\u00f3n judicial por ser una empresa &#8220;fantasma&#8221;. Sigue\ud83d\udc47 <a href=\"https:\/\/t.co\/Jbj5L0d6JU\">pic.twitter.com\/Jbj5L0d6JU<\/a><\/p>\n<p>\u2014 Juan Poe (@JuanPoe) <a href=\"https:\/\/twitter.com\/JuanPoe\/status\/1914017116581405100?ref_src=twsrc%5Etfw\">April 20, 2025<\/a><\/p><\/blockquote>\n<p><script async src=\"https:\/\/platform.twitter.com\/widgets.js\" charset=\"utf-8\"><\/script><\/p>\n<blockquote class=\"twitter-tweet\" data-dnt=\"true\" data-conversation=\"none\">\n<p dir=\"ltr\" lang=\"es\">As\u00ed entonces se le daba permisos a empresas fantasma en la Aerocivil de Fernando Sanclemente, muy posiblemente para el tr\u00e1fico de drogas. Ser\u00eda bueno que la Fiscal\u00eda investigara todas las licencias y autorizaciones que se concedieron en esa \u00e9poca. \u00bfYa esto lo sab\u00eda el pa\u00eds? <a href=\"https:\/\/t.co\/lKMQQo6Qgc\">pic.twitter.com\/lKMQQo6Qgc<\/a><\/p>\n<p>\u2014 Juan Poe (@JuanPoe) <a href=\"https:\/\/twitter.com\/JuanPoe\/status\/1914017122952389013?ref_src=twsrc%5Etfw\">April 20, 2025<\/a><\/p><\/blockquote>\n<p><script async src=\"https:\/\/platform.twitter.com\/widgets.js\" charset=\"utf-8\"><\/script><\/p>\n<blockquote class=\"twitter-tweet\" data-dnt=\"true\" data-conversation=\"none\">\n<p dir=\"ltr\" lang=\"es\">\ud83d\udd34FERNANDO AUGUSTO SANCLEMENTE ALZATE tiene v\u00ednculos familiares con: FAMILIA SANTOS CALDERON, FERNANDO LONDO\u00d1O HOYOS, MARIA FERNANDA CABAL MOLINA, *Fernando Sanclemente Molina (su padre, exdirector aerocivil, conservador ultraderecha), *Fernando Molina Soto (presidente RCN radio) <a href=\"https:\/\/t.co\/bImPgaJKUb\">pic.twitter.com\/bImPgaJKUb<\/a><\/p>\n<p>\u2014 Chris Bustos (@ChrisBustos109) <a href=\"https:\/\/twitter.com\/ChrisBustos109\/status\/1914046584901222626?ref_src=twsrc%5Etfw\">April 20, 2025<\/a><\/p><\/blockquote>\n<p><script async src=\"https:\/\/platform.twitter.com\/widgets.js\" charset=\"utf-8\"><\/script><\/p>\n","protected":false},"excerpt":{"rendered":"<p>Una reciente controversia ha sacudido el \u00e1mbito de la aviaci\u00f3n civil colombiana tras las serias acusaciones vertidas por el usuario de la red social X, [&hellip;]<\/p>\n","protected":false},"author":4,"featured_media":5542,"comment_status":"open","ping_status":"open","sticky":false,"template":"","format":"standard","meta":{"h5ap_radio_sources":[],"_FSMCFIC_featured_image_caption":"","_FSMCFIC_featured_image_nocaption":"","_FSMCFIC_featured_image_hide":"","_jetpack_memberships_contains_paid_content":false,"footnotes":""},"categories":[12],"tags":[],"class_list":["post-5494","post","type-post","status-publish","format-standard","has-post-thumbnail","hentry","category-colombia"],"aioseo_notices":[],"jetpack_featured_media_url":"https:\/\/nuevaprensaamerica.com\/wp-content\/uploads\/2025\/04\/fernando-sanclemente-alzate.jpg","jetpack_sharing_enabled":true,"_links":{"self":[{"href":"https:\/\/nuevaprensaamerica.com\/index.php\/wp-json\/wp\/v2\/posts\/5494","targetHints":{"allow":["GET"]}}],"collection":[{"href":"https:\/\/nuevaprensaamerica.com\/index.php\/wp-json\/wp\/v2\/posts"}],"about":[{"href":"https:\/\/nuevaprensaamerica.com\/index.php\/wp-json\/wp\/v2\/types\/post"}],"author":[{"embeddable":true,"href":"https:\/\/nuevaprensaamerica.com\/index.php\/wp-json\/wp\/v2\/users\/4"}],"replies":[{"embeddable":true,"href":"https:\/\/nuevaprensaamerica.com\/index.php\/wp-json\/wp\/v2\/comments?post=5494"}],"version-history":[{"count":52,"href":"https:\/\/nuevaprensaamerica.com\/index.php\/wp-json\/wp\/v2\/posts\/5494\/revisions"}],"predecessor-version":[{"id":5557,"href":"https:\/\/nuevaprensaamerica.com\/index.php\/wp-json\/wp\/v2\/posts\/5494\/revisions\/5557"}],"wp:featuredmedia":[{"embeddable":true,"href":"https:\/\/nuevaprensaamerica.com\/index.php\/wp-json\/wp\/v2\/media\/5542"}],"wp:attachment":[{"href":"https:\/\/nuevaprensaamerica.com\/index.php\/wp-json\/wp\/v2\/media?parent=5494"}],"wp:term":[{"taxonomy":"category","embeddable":true,"href":"https:\/\/nuevaprensaamerica.com\/index.php\/wp-json\/wp\/v2\/categories?post=5494"},{"taxonomy":"post_tag","embeddable":true,"href":"https:\/\/nuevaprensaamerica.com\/index.php\/wp-json\/wp\/v2\/tags?post=5494"}],"curies":[{"name":"wp","href":"https:\/\/api.w.org\/{rel}","templated":true}]}}