{"id":5586,"date":"2025-05-04T12:06:34","date_gmt":"2025-05-04T12:06:34","guid":{"rendered":"https:\/\/nuevaprensaamerica.com\/?p=5586"},"modified":"2025-05-04T12:06:34","modified_gmt":"2025-05-04T12:06:34","slug":"esto-es-un-vulgar-plagio-y-no-es-la-primera-vez","status":"publish","type":"post","link":"https:\/\/nuevaprensaamerica.com\/index.php\/2025\/05\/04\/esto-es-un-vulgar-plagio-y-no-es-la-primera-vez\/","title":{"rendered":"ESTO ES UN VULGAR PLAGIO\u2026 Y NO ES LA PRIMERA VEZ"},"content":{"rendered":"<p class=\"\" data-start=\"208\" data-end=\"624\">Desde hace muchos a\u00f1os, nuestras publicaciones, contenidos e investigaciones han sido objeto de plagio, clonaci\u00f3n y reproducci\u00f3n con distintos fines. Algunos lo hacen para atribuirse la autor\u00eda; otros, para distorsionar el contenido. Incluso, un grupo de ciberdelincuentes radicados en el sur de la Florida los ha utilizado como herramienta de extorsi\u00f3n. Cada quien act\u00faa seg\u00fan sus propios intereses y conveniencias.<\/p>\n<p data-start=\"626\" data-end=\"1220\"><!--more--><\/p>\n<p class=\"\" data-start=\"626\" data-end=\"1220\">En la d\u00e9cada de los noventa, fui el columnista permanente m\u00e1s joven del diario\u00a0<em data-start=\"705\" data-end=\"723\">\u00daltimas Noticias<\/em>. Durante casi quince a\u00f1os, mis trabajos se publicaron ininterrumpidamente en\u00a0<em data-start=\"801\" data-end=\"832\">Reporte Diario de la Econom\u00eda<\/em>. Asimismo, he escrito investigaciones, an\u00e1lisis pol\u00edticos y art\u00edculos de opini\u00f3n para diarios de los estados Nueva Esparta, Anzo\u00e1tegui (norte, centro y sur), Yaracuy, Trujillo, Portuguesa, Miranda y Caracas. A ello se suma mi colaboraci\u00f3n con una decena de semanarios dentro y fuera de Venezuela. En total, m\u00e1s de treinta medios impresos en m\u00e1s de tres d\u00e9cadas de ejercicio period\u00edstico.<\/p>\n<p class=\"\" data-start=\"1222\" data-end=\"1417\">Con la llegada de los medios digitales, fuimos pioneros en Venezuela, especialmente en el estado Anzo\u00e1tegui. Desde el a\u00f1o 2000 hasta la fecha, no hemos cesado nuestra labor en el entorno digital.<\/p>\n<p class=\"\" data-start=\"1419\" data-end=\"2040\">Algunos temas muy espec\u00edficos los conozco de primera mano. Primero, por mi privilegiada posici\u00f3n en\u00a0<em data-start=\"1519\" data-end=\"1550\">Reporte Diario de la Econom\u00eda<\/em>; segundo, por haber trabajado directamente con empresarios muy influyentes como Miguel \u00c1ngel Capriles L\u00f3pez, Umberto Petricca, Pascual Cirigliano y otros cuyos nombres me reservo; tercero, por haber formado parte de cuerpos de inteligencia dentro y fuera del pa\u00eds; cuarto, por colaborar actualmente con una empresa dedicada al\u00a0<em data-start=\"1878\" data-end=\"1893\">due diligence<\/em>\u00a0(diligencia debida); y quinto, por v\u00ednculos personales que me conectan directamente con ciertos casos, convirti\u00e9ndome en testigo de primera l\u00ednea.<\/p>\n<p class=\"\" data-start=\"2042\" data-end=\"2749\">Tal es el caso de mi l\u00ednea materna, que me ha llevado a emprender la m\u00e1s ambiciosa investigaci\u00f3n jam\u00e1s realizada en Venezuela sobre la familia S\u00edgala, especialmente sobre Alirio Sigala \u00c1lvarez y la c\u00e9lebre Casa Herreras. Esto se relaciona con la estrecha relaci\u00f3n que mantuve, en sus \u00faltimos a\u00f1os de vida, con Don Jos\u00e9 Herreras Uslar, conocido como \u201cPepito\u201d. Antes de fallecer, me confi\u00f3 secretos que solo yo he revelado hasta ahora y me dej\u00f3 un valioso legajo documental de su pu\u00f1o y letra. Adem\u00e1s, soy uno de sus herederos, hecho que su familia nunca me comunic\u00f3, aunque consto en su testamento. Por todo esto, he sido el primero en divulgar ciertos aspectos de la historia de los hermanos Herreras Uslar.<\/p>\n<p class=\"\" data-start=\"2751\" data-end=\"3065\">Durante a\u00f1os, personajes oscuros como Leocenis Garc\u00eda (alias Fernando Mart\u00ednez), \u00c1ngel Monagas y V\u00edctor Manuel Garc\u00eda se han apropiado de algunos de mis trabajos. Otros, de forma vil, intentan desacreditarme. M\u00e1s recientemente, un grupo delictivo en el sur de la Florida fue descubierto extorsionando en mi nombre.<\/p>\n<p class=\"\" data-start=\"3067\" data-end=\"3504\">Hace pocos d\u00edas, descubrimos con asombro c\u00f3mo\u00a0<em data-start=\"3113\" data-end=\"3124\">Wikipedia<\/em>\u00a0publica contenidos de mi autor\u00eda sin darme el cr\u00e9dito correspondiente. Pero la sorpresa fue a\u00fan mayor cuando ayer hallamos este documento:<br data-start=\"3263\" data-end=\"3266\" \/>\ud83d\udc49\u00a0<a class=\"\" href=\"https:\/\/es.scribd.com\/document\/517277901\/LA-VEGA-Por-Asdrubal-Aguiar\" target=\"_new\" rel=\"noopener\" data-start=\"3269\" data-end=\"3409\">https:\/\/es.scribd.com\/document\/517277901\/LA-VEGA-Por-Asdrubal-Aguiar<\/a>,<br data-start=\"3410\" data-end=\"3413\" \/>cuyo contenido se atribuye el abogado, exministro y profesor universitario Asdr\u00fabal Aguiar.<\/p>\n<p class=\"\" data-start=\"3506\" data-end=\"3737\">Ante esta flagrante apropiaci\u00f3n indebida, he decidido denunciar p\u00fablicamente este caso de plagio, haciendo un llamado directo a las autoridades de la Universidad Cat\u00f3lica Andr\u00e9s Bello (UCAB) y de la Universidad de Salamanca (USAL).<\/p>\n<p class=\"\" data-start=\"3739\" data-end=\"3860\">Espero no tener que profundizar en otros temas por ahora, y exijo el inmediato reconocimiento por parte del se\u00f1or Aguiar.<\/p>\n<p class=\"\" data-start=\"3862\" data-end=\"3906\">Sin m\u00e1s que a\u00f1adir,<br data-start=\"3881\" data-end=\"3884\" \/><strong data-start=\"3884\" data-end=\"3906\">Atentamente,<br data-start=\"3898\" data-end=\"3901\" \/>JC.<\/strong><\/p>\n<p data-start=\"3862\" data-end=\"3906\">\n<p data-start=\"3862\" data-end=\"3906\"><a class=\"thickbox\" href=\"https:\/\/reportedelaeconomia.com\/wp-content\/uploads\/2025\/05\/photo_2025-05-04_14-01-11.jpg\"><img loading=\"lazy\" decoding=\"async\" class=\"aligncenter size-full wp-image-93194\" src=\"https:\/\/reportedelaeconomia.com\/wp-content\/uploads\/2025\/05\/photo_2025-05-04_14-01-11.jpg\" sizes=\"auto, (max-width: 225px) 100vw, 225px\" srcset=\"https:\/\/reportedelaeconomia.com\/wp-content\/uploads\/2025\/05\/photo_2025-05-04_14-01-11.jpg 225w, https:\/\/reportedelaeconomia.com\/wp-content\/uploads\/2025\/05\/photo_2025-05-04_14-01-11-150x150.jpg 150w\" alt=\"\" width=\"225\" height=\"225\" \/><\/a><\/p>\n<p data-start=\"3862\" data-end=\"3906\">\n<p data-start=\"3862\" data-end=\"3906\"><a class=\"thickbox\" href=\"https:\/\/reportedelaeconomia.com\/wp-content\/uploads\/2025\/05\/photo_2025-05-04_14-01-14.jpg\"><img loading=\"lazy\" decoding=\"async\" class=\"aligncenter size-full wp-image-93196\" src=\"https:\/\/reportedelaeconomia.com\/wp-content\/uploads\/2025\/05\/photo_2025-05-04_14-01-14.jpg\" sizes=\"auto, (max-width: 542px) 100vw, 542px\" srcset=\"https:\/\/reportedelaeconomia.com\/wp-content\/uploads\/2025\/05\/photo_2025-05-04_14-01-14.jpg 542w, https:\/\/reportedelaeconomia.com\/wp-content\/uploads\/2025\/05\/photo_2025-05-04_14-01-14-166x300.jpg 166w, https:\/\/reportedelaeconomia.com\/wp-content\/uploads\/2025\/05\/photo_2025-05-04_14-01-14-150x271.jpg 150w, https:\/\/reportedelaeconomia.com\/wp-content\/uploads\/2025\/05\/photo_2025-05-04_14-01-14-400x724.jpg 400w, https:\/\/reportedelaeconomia.com\/wp-content\/uploads\/2025\/05\/photo_2025-05-04_14-01-14-250x452.jpg 250w\" alt=\"\" width=\"542\" height=\"981\" \/><\/a><\/p>\n<div id=\"attachment_93198\" class=\"wp-caption aligncenter\"><a class=\"thickbox\" title=\"Don Jos\u00e9 Herrera USLAR y la mansi\u00f3n La Clemencia\" href=\"https:\/\/reportedelaeconomia.com\/wp-content\/uploads\/2025\/05\/photo_2025-05-04_14-02-01.jpg\"><img loading=\"lazy\" decoding=\"async\" class=\"size-full wp-image-93198\" src=\"https:\/\/reportedelaeconomia.com\/wp-content\/uploads\/2025\/05\/photo_2025-05-04_14-02-01.jpg\" sizes=\"auto, (max-width: 699px) 100vw, 699px\" srcset=\"https:\/\/reportedelaeconomia.com\/wp-content\/uploads\/2025\/05\/photo_2025-05-04_14-02-01.jpg 699w, https:\/\/reportedelaeconomia.com\/wp-content\/uploads\/2025\/05\/photo_2025-05-04_14-02-01-300x246.jpg 300w, https:\/\/reportedelaeconomia.com\/wp-content\/uploads\/2025\/05\/photo_2025-05-04_14-02-01-150x123.jpg 150w, https:\/\/reportedelaeconomia.com\/wp-content\/uploads\/2025\/05\/photo_2025-05-04_14-02-01-650x534.jpg 650w, https:\/\/reportedelaeconomia.com\/wp-content\/uploads\/2025\/05\/photo_2025-05-04_14-02-01-400x328.jpg 400w, https:\/\/reportedelaeconomia.com\/wp-content\/uploads\/2025\/05\/photo_2025-05-04_14-02-01-250x205.jpg 250w\" alt=\"\" width=\"699\" height=\"574\" aria-describedby=\"caption-attachment-93198\" \/><\/a><\/p>\n<p id=\"caption-attachment-93198\" class=\"wp-caption-text\">Don Jos\u00e9 Herrera USLAR y la mansi\u00f3n La Clemencia<\/p>\n<\/div>\n<div id=\"attachment_93199\" class=\"wp-caption aligncenter\"><a class=\"thickbox\" title=\"Don Jos\u00e9 Herrera USLAR y la mansi\u00f3n La Clemencia\" href=\"https:\/\/reportedelaeconomia.com\/wp-content\/uploads\/2025\/05\/photo_2025-05-04_14-01-55.jpg\"><img loading=\"lazy\" decoding=\"async\" class=\"size-full wp-image-93199\" src=\"https:\/\/reportedelaeconomia.com\/wp-content\/uploads\/2025\/05\/photo_2025-05-04_14-01-55.jpg\" sizes=\"auto, (max-width: 282px) 100vw, 282px\" srcset=\"https:\/\/reportedelaeconomia.com\/wp-content\/uploads\/2025\/05\/photo_2025-05-04_14-01-55.jpg 282w, https:\/\/reportedelaeconomia.com\/wp-content\/uploads\/2025\/05\/photo_2025-05-04_14-01-55-150x95.jpg 150w, https:\/\/reportedelaeconomia.com\/wp-content\/uploads\/2025\/05\/photo_2025-05-04_14-01-55-250x159.jpg 250w\" alt=\"\" width=\"282\" height=\"179\" aria-describedby=\"caption-attachment-93199\" \/><\/a><\/p>\n<p id=\"caption-attachment-93199\" class=\"wp-caption-text\">Don Jos\u00e9 Herrera USLAR y la mansi\u00f3n La Clemencia<\/p>\n<\/div>\n<p>&nbsp;<\/p>\n<div id=\"attachment_93202\" class=\"wp-caption aligncenter\"><a class=\"thickbox\" title=\"Honorio Sigala \u00c1lvarez t\u00edo de mi madre\" href=\"https:\/\/reportedelaeconomia.com\/wp-content\/uploads\/2025\/05\/photo_2025-05-04_14-02-36.jpg\"><img loading=\"lazy\" decoding=\"async\" class=\"size-full wp-image-93202\" src=\"https:\/\/reportedelaeconomia.com\/wp-content\/uploads\/2025\/05\/photo_2025-05-04_14-02-36.jpg\" sizes=\"auto, (max-width: 282px) 100vw, 282px\" srcset=\"https:\/\/reportedelaeconomia.com\/wp-content\/uploads\/2025\/05\/photo_2025-05-04_14-02-36.jpg 282w, https:\/\/reportedelaeconomia.com\/wp-content\/uploads\/2025\/05\/photo_2025-05-04_14-02-36-150x95.jpg 150w, https:\/\/reportedelaeconomia.com\/wp-content\/uploads\/2025\/05\/photo_2025-05-04_14-02-36-250x158.jpg 250w\" alt=\"\" width=\"282\" height=\"178\" aria-describedby=\"caption-attachment-93202\" \/><\/a><\/p>\n<p id=\"caption-attachment-93202\" class=\"wp-caption-text\">Honorio Sigala \u00c1lvarez t\u00edo de mi madre<\/p>\n<\/div>\n<p><a class=\"thickbox\" href=\"https:\/\/reportedelaeconomia.com\/wp-content\/uploads\/2025\/05\/photo_2025-05-04_14-02-34.jpg\"><img loading=\"lazy\" decoding=\"async\" class=\"aligncenter size-full wp-image-93203\" src=\"https:\/\/reportedelaeconomia.com\/wp-content\/uploads\/2025\/05\/photo_2025-05-04_14-02-34.jpg\" sizes=\"auto, (max-width: 190px) 100vw, 190px\" srcset=\"https:\/\/reportedelaeconomia.com\/wp-content\/uploads\/2025\/05\/photo_2025-05-04_14-02-34.jpg 190w, https:\/\/reportedelaeconomia.com\/wp-content\/uploads\/2025\/05\/photo_2025-05-04_14-02-34-150x209.jpg 150w\" alt=\"\" width=\"190\" height=\"265\" \/><\/a><\/p>\n","protected":false},"excerpt":{"rendered":"<p>Desde hace muchos a\u00f1os, nuestras publicaciones, contenidos e investigaciones han sido objeto de plagio, clonaci\u00f3n y reproducci\u00f3n con distintos fines. Algunos lo hacen para atribuirse [&hellip;]<\/p>\n","protected":false},"author":1,"featured_media":0,"comment_status":"open","ping_status":"open","sticky":false,"template":"","format":"standard","meta":{"h5ap_radio_sources":[],"_FSMCFIC_featured_image_caption":"","_FSMCFIC_featured_image_nocaption":"","_FSMCFIC_featured_image_hide":"","_jetpack_memberships_contains_paid_content":false,"footnotes":""},"categories":[2],"tags":[],"class_list":["post-5586","post","type-post","status-publish","format-standard","hentry","category-venezuela"],"aioseo_notices":[],"jetpack_featured_media_url":"","jetpack_sharing_enabled":true,"_links":{"self":[{"href":"https:\/\/nuevaprensaamerica.com\/index.php\/wp-json\/wp\/v2\/posts\/5586","targetHints":{"allow":["GET"]}}],"collection":[{"href":"https:\/\/nuevaprensaamerica.com\/index.php\/wp-json\/wp\/v2\/posts"}],"about":[{"href":"https:\/\/nuevaprensaamerica.com\/index.php\/wp-json\/wp\/v2\/types\/post"}],"author":[{"embeddable":true,"href":"https:\/\/nuevaprensaamerica.com\/index.php\/wp-json\/wp\/v2\/users\/1"}],"replies":[{"embeddable":true,"href":"https:\/\/nuevaprensaamerica.com\/index.php\/wp-json\/wp\/v2\/comments?post=5586"}],"version-history":[{"count":2,"href":"https:\/\/nuevaprensaamerica.com\/index.php\/wp-json\/wp\/v2\/posts\/5586\/revisions"}],"predecessor-version":[{"id":5588,"href":"https:\/\/nuevaprensaamerica.com\/index.php\/wp-json\/wp\/v2\/posts\/5586\/revisions\/5588"}],"wp:attachment":[{"href":"https:\/\/nuevaprensaamerica.com\/index.php\/wp-json\/wp\/v2\/media?parent=5586"}],"wp:term":[{"taxonomy":"category","embeddable":true,"href":"https:\/\/nuevaprensaamerica.com\/index.php\/wp-json\/wp\/v2\/categories?post=5586"},{"taxonomy":"post_tag","embeddable":true,"href":"https:\/\/nuevaprensaamerica.com\/index.php\/wp-json\/wp\/v2\/tags?post=5586"}],"curies":[{"name":"wp","href":"https:\/\/api.w.org\/{rel}","templated":true}]}}