{"id":5689,"date":"2025-06-09T01:44:21","date_gmt":"2025-06-09T01:44:21","guid":{"rendered":"https:\/\/nuevaprensaamerica.com\/?p=5689"},"modified":"2025-06-09T01:44:21","modified_gmt":"2025-06-09T01:44:21","slug":"cria-cuervos-como-morris-villarroel-se-convirtio-en-el-verdugo-de-su-padre-mario-primera-parte","status":"publish","type":"post","link":"https:\/\/nuevaprensaamerica.com\/index.php\/2025\/06\/09\/cria-cuervos-como-morris-villarroel-se-convirtio-en-el-verdugo-de-su-padre-mario-primera-parte\/","title":{"rendered":"&#8220;\u00a1Cr\u00eda cuervos!&#8230;&#8221;: C\u00f3mo Morris Villarroel se convirti\u00f3 en el verdugo de su padre Mario (Primera parte)"},"content":{"rendered":"<p>En agosto del pasado a\u00f1o 2023 se hizo p\u00fablico que Mario Villarroel Lander, sempiterno presidente de la &#8216;Cruz Roja&#8217; en Venezuela, padec\u00eda un agresivo c\u00e1ncer de pulm\u00f3n que le fue detectado en medio de la pandemia en 2021, el cual hizo met\u00e1stasis. Actualmente, Villarroel Lander debe tener 77 a\u00f1os y su estado de salud ha empeorado enormemente. Lamentablemente, le deben quedar muy pocos meses de vida, como consecuencia, no solo de su enfermedad, sino tambi\u00e9n de los frecuentes esc\u00e1ndalos, y del escarnio, bochorno y verg\u00fcenza p\u00fablica, al que es sometido por las delictivas acciones de su hijo Morris Villarroel Sierralta.<\/p>\n<p>Quienes somos padres sabemos que nuestra principal preocupaci\u00f3n antes de morirnos es que nuestros hijos dispongan de las capacidades y herramientas necesarias para enfrentar la vida cuando estemos ausentes, pero desgraciadamente para Don Mario &#8216;Corleone&#8217; Villarroel ese no es su caso. La sobreprotecci\u00f3n que le ha brindado a sus hijos Miguel \u00c1ngel, Morris y Mario los ha convertido en incapaces de enfrentar las consecuencias de sus actos, una vez que el &#8220;capo&#8221; se ausente de manera permanente.<\/p>\n<p><a href=\"https:\/\/nuevaprensaamerica.com\/wp-content\/uploads\/2025\/06\/villarroel3.jpg\"><img loading=\"lazy\" decoding=\"async\" class=\"aligncenter size-full wp-image-93885\" src=\"https:\/\/nuevaprensaamerica.com\/wp-content\/uploads\/2025\/06\/villarroel3.jpg\" alt=\"\" width=\"1200\" height=\"800\" \/><\/a><\/p>\n<p>En el caso de Morris, su mayor debilidad es su personalidad ambigua, que abarca tanto su desempe\u00f1o profesional como familiar. Ante los ojos de la sociedad, Morris es &#8220;un gran var\u00f3n como su padre&#8221;, pero en la intimidad toda Caracas sabe que es un conocido homosexual, que no ha tenido el valor y la dignidad de asumir su verdadera y \u00fanica identidad. Consciente o inconscientemente, Morris es el primero que desea la muerte de su padre, para poder actuar con completa libertad. En Latinoam\u00e9rica a\u00fan no estamos completamente preparados para respetar la libertad de g\u00e9nero de cada persona, como en otros pa\u00edses del llamado primer mundo.<\/p>\n<p>Este fen\u00f3meno es tratado por el Nobel de Literatura Mario Vargas Llosa en &#8220;Historia de Mayta&#8221;, una de sus mejores novelas:<\/p>\n<p>&#8220;La historia novelesca resultante refleja los turbios mecanismos de la lucha pol\u00edtica, el delirio ideol\u00f3gico de un visionario que es, al mismo tiempo, producto de unas lamentables circunstancias sociales y econ\u00f3micas, su atroz, pero a la vez conmovedora peripecia personal -homosexual vergonzante- que se inscribe en un contexto hist\u00f3rico doloroso y desgarrado.&#8221;<\/p>\n<p><a href=\"https:\/\/nuevaprensaamerica.com\/wp-content\/uploads\/2025\/06\/mayta-villarroel.jpg\"><img loading=\"lazy\" decoding=\"async\" class=\"aligncenter size-full wp-image-93888\" src=\"https:\/\/nuevaprensaamerica.com\/wp-content\/uploads\/2025\/06\/mayta-villarroel.jpg\" alt=\"\" width=\"1200\" height=\"1735\" \/><\/a><\/p>\n<p><a href=\"https:\/\/nuevaprensaamerica.com\/wp-content\/uploads\/2025\/06\/villarroel-de-caro4-1.jpg\"><img loading=\"lazy\" decoding=\"async\" class=\"aligncenter size-full wp-image-93890\" src=\"https:\/\/nuevaprensaamerica.com\/wp-content\/uploads\/2025\/06\/villarroel-de-caro4-1.jpg\" alt=\"\" width=\"1200\" height=\"600\" \/><\/a> <a href=\"https:\/\/nuevaprensaamerica.com\/wp-content\/uploads\/2025\/06\/villarroel-de-caro4-2.jpg\"><img loading=\"lazy\" decoding=\"async\" class=\"aligncenter size-full wp-image-93891\" src=\"https:\/\/nuevaprensaamerica.com\/wp-content\/uploads\/2025\/06\/villarroel-de-caro4-2.jpg\" alt=\"\" width=\"1200\" height=\"817\" \/><\/a><\/p>\n<p>Lo peor de este enfermizo personaje es la ausencia de todo tipo de valores. Hasta en el mundo de la delincuencia y en la mafia hay valores. Pero Morris es cobarde, pendenciero, traidor y buleador. Solo a un enajenado mental se le ocurrir\u00eda contratar los servicios de otro enajenado, Mit\u00f3mano, con amplio prontuario delictivo, adicto a las drogas, con alerta roja de Interpol y adem\u00e1s acusado por violencia de g\u00e9nero. Pero este punto lo trataremos como merece en pr\u00f3ximas entregas.<\/p>\n<p><a href=\"https:\/\/nuevaprensaamerica.com\/wp-content\/uploads\/2025\/06\/villarroel6-1.jpg\"><img loading=\"lazy\" decoding=\"async\" class=\"aligncenter size-full wp-image-93894\" src=\"https:\/\/nuevaprensaamerica.com\/wp-content\/uploads\/2025\/06\/villarroel6-1.jpg\" alt=\"\" width=\"1200\" height=\"1937\" \/><\/a> <a href=\"https:\/\/nuevaprensaamerica.com\/wp-content\/uploads\/2025\/06\/villarroel6-2.jpg\"><img loading=\"lazy\" decoding=\"async\" class=\"aligncenter size-full wp-image-93895\" src=\"https:\/\/nuevaprensaamerica.com\/wp-content\/uploads\/2025\/06\/villarroel6-2.jpg\" alt=\"\" width=\"1200\" height=\"1705\" \/><\/a><\/p>\n<p>Es p\u00fablico y notorio que no tengo ni he tenido nunca ning\u00fan tipo de trato, ni conozco a Tulio Capriles Mendoza, por quien por cierto siento el mayor desprecio, tanto como por los Villarroel Sierralta, pero seg\u00fan Morris y su actual lugarteniente yo soy \u201cc\u00f3mplice, colaborador y empleado\u201d de Capriles Mendoza. \u00a1Cu\u00e1nto me subestima&#8230;! Adem\u00e1s de insistir en vincularme con el \u201cCartel de la Extorsi\u00f3n de Miami\u201d a quienes he denunciado p\u00fablicamente en varias ocasiones. Igualmente tratan de vincularme con una serie de medios digitales, cuentas en redes sociales y campa\u00f1as de descr\u00e9dito reputacional.<\/p>\n<p>\u00bfQu\u00e9 tengo que ver yo en la lucha entre los due\u00f1os de Avior Airlines y la l\u00ednea a\u00e9rea Estelar? Nunca he tratado a Jorge A\u00f1ez Dager. \u00bfQu\u00e9 relaci\u00f3n tengo yo con el descr\u00e9dito de la familia Petricca? Para eso no necesitan ayuda. Las acciones de Gustavo y el pasado de Umberto hablan por s\u00ed solos.<\/p>\n<div>\n<div style=\"left: 0; width: 100%; height: 0; position: relative; padding-bottom: 50%; padding-top: 120px;\"><iframe title=\"El caso contra Morris Villarroel Sierralta, hijo del expresidente de la Cruz Roja en Venezuela, que pudiera ser reabierto y que lo involucra en el secuestro y posible asesinato de un antiguo amigo - CIUDAD G\u00d3TICA NEWS\" src=\"\/\/if-cdn.com\/57nQl9J?maxheight=960&#038;app=1\" style=\"top: 0; left: 0; width: 100%; height: 100%; position: absolute; border: 0;\" allowfullscreen><\/iframe><\/div>\n<\/div>\n<p><script async src=\"\/\/if-cdn.com\/embed.js\" charset=\"utf-8\"><\/script><script type=\"text\/javascript\">window.addEventListener(\"message\",function(e){\n                window.parent.postMessage(e.data,\"*\");\n            },false);<\/script><\/p>\n<p>\u00bfCu\u00e1ndo carajo he sido amigo de Patricia Poleo, Jose Antonio Colina o Iv\u00e1n Ballesteros? Estas son solo algunas de las estupideces que difunden y una manada de d\u00e9biles mentales de muy baja ralea le dan cr\u00e9dito y hasta las comparten.<\/p>\n<p>El colmo de la enajenaci\u00f3n es que me amenazan y hasta me imponen un lapso de tiempo para borrar publicaciones con las que no tengo ninguna relaci\u00f3n, de sitios inexistentes y cesar en mis cr\u00edticas contra Maria Corina Machado Parisca.<br \/>\nImaginen el estado de insania mental de estos \u00faltimos, cuando semejante personaje es uno de sus voceros.<\/p>\n<p><a href=\"https:\/\/nuevaprensaamerica.com\/wp-content\/uploads\/2025\/06\/maria-corina-camisa.jpg\"><img loading=\"lazy\" decoding=\"async\" class=\"aligncenter size-full wp-image-93902\" src=\"https:\/\/nuevaprensaamerica.com\/wp-content\/uploads\/2025\/06\/maria-corina-camisa.jpg\" alt=\"\" width=\"1200\" height=\"800\" \/><\/a><\/p>\n<p>Ya venimos de enfrentarnos durante varios a\u00f1os al &#8220;Cartel de Juan Guaid\u00f3&#8221; y el tiempo nos dio la raz\u00f3n. Ahora los ataques provienen de la &#8220;Pandilla de orates de Maria Corina Machado&#8221;.<\/p>\n<div>\n<div style=\"left: 0; width: 100%; height: 0; position: relative; padding-bottom: 50%; padding-top: 120px;\"><iframe title=\"\u00bfQu\u00e9 tanto sabe Morris Villarroel Sierralta sobre los conciertos de narcolavado de Juan Carlos Araujo en Caracas? - CIUDAD G\u00d3TICA NEWS\" src=\"\/\/if-cdn.com\/uLcfejEo?maxheight=960&#038;app=1\" style=\"top: 0; left: 0; width: 100%; height: 100%; position: absolute; border: 0;\" allowfullscreen><\/iframe><\/div>\n<\/div>\n<p><script async src=\"\/\/if-cdn.com\/embed.js\" charset=\"utf-8\"><\/script><script type=\"text\/javascript\">window.addEventListener(\"message\",function(e){\n                window.parent.postMessage(e.data,\"*\");\n            },false);<\/script><\/p>\n<div>\n<div style=\"left: 0; width: 100%; height: 0; position: relative; padding-bottom: 68.0833%; padding-top: 120px;\"><iframe title=\"Resurgen sospechas sobre vinculaci\u00f3n de Morris Villarroel Sierralta, hijo de expresidente de la Cruz Roja Venezolana, con desaparici\u00f3n de joven en 2008 - REPORTE DE LA ECONOM\u00cdA\" src=\"\/\/if-cdn.com\/irv3v5LB?maxheight=960&#038;app=1\" style=\"top: 0; left: 0; width: 100%; height: 100%; position: absolute; border: 0;\" allowfullscreen><\/iframe><\/div>\n<\/div>\n<p><script async src=\"\/\/if-cdn.com\/embed.js\" charset=\"utf-8\"><\/script><script type=\"text\/javascript\">window.addEventListener(\"message\",function(e){\n                window.parent.postMessage(e.data,\"*\");\n            },false);<\/script><\/p>\n<div>\n<div style=\"left: 0; width: 100%; height: 0; position: relative; padding-bottom: 64.2857%; padding-top: 120px;\"><iframe title=\"Marion Villarroel Sierralta, la hija del controversial expresidente de la Cruz Roja venezolana que vive como una millonaria en Estados Unidos - hable.se\" src=\"\/\/if-cdn.com\/8scv6cbD?maxheight=960&#038;app=1\" style=\"top: 0; left: 0; width: 100%; height: 100%; position: absolute; border: 0;\" allowfullscreen><\/iframe><\/div>\n<\/div>\n<p><script async src=\"\/\/if-cdn.com\/embed.js\" charset=\"utf-8\"><\/script><script type=\"text\/javascript\">window.addEventListener(\"message\",function(e){\n                window.parent.postMessage(e.data,\"*\");\n            },false);<\/script><\/p>\n<div>\n<div style=\"left: 0; width: 100%; height: 0; position: relative; padding-bottom: 64.2857%; padding-top: 120px;\"><iframe title=\"Con \u201cEl Puma\u201d familia Villarroel \u201ccortej\u00f3\u201d a Christi Fraga desde antes de ser alcaldesa para apoderarse de la alcald\u00eda de Doral - hable.se\" src=\"\/\/if-cdn.com\/mNLADN6p?maxheight=960&#038;app=1\" style=\"top: 0; left: 0; width: 100%; height: 100%; position: absolute; border: 0;\" allowfullscreen><\/iframe><\/div>\n<\/div>\n<p><script async src=\"\/\/if-cdn.com\/embed.js\" charset=\"utf-8\"><\/script><script type=\"text\/javascript\">window.addEventListener(\"message\",function(e){\n                window.parent.postMessage(e.data,\"*\");\n            },false);<\/script><\/p>\n<p>Ma\u00f1ana segunda entrega: \u201cLa demencia es un mal de familia: Norka Sierralta y su origen noble germano, P\u00e9rez Jim\u00e9nez, Lusinchi y Blanca Ib\u00e1\u00f1ez\u201d.<\/p>\n<p>Tomado de <a href=\"https:\/\/reportedelaeconomia.com\/internacionales\/morris-villarroel-el-enterrador-de-su-padre-mario-cria-cuervos-primera-parte\/\" target=\"_blank\" rel=\"noopener\">Reporte<\/a><\/p>\n","protected":false},"excerpt":{"rendered":"<p>En agosto del pasado a\u00f1o 2023 se hizo p\u00fablico que Mario Villarroel Lander, sempiterno presidente de la &#8216;Cruz Roja&#8217; en Venezuela, padec\u00eda un agresivo c\u00e1ncer [&hellip;]<\/p>\n","protected":false},"author":4,"featured_media":5698,"comment_status":"open","ping_status":"open","sticky":false,"template":"","format":"standard","meta":{"h5ap_radio_sources":[],"_FSMCFIC_featured_image_caption":"","_FSMCFIC_featured_image_nocaption":"","_FSMCFIC_featured_image_hide":"","_jetpack_memberships_contains_paid_content":false,"footnotes":""},"categories":[5],"tags":[],"class_list":["post-5689","post","type-post","status-publish","format-standard","has-post-thumbnail","hentry","category-internacionales"],"aioseo_notices":[],"jetpack_featured_media_url":"https:\/\/nuevaprensaamerica.com\/wp-content\/uploads\/2025\/06\/villarroel2.jpg","jetpack_sharing_enabled":true,"_links":{"self":[{"href":"https:\/\/nuevaprensaamerica.com\/index.php\/wp-json\/wp\/v2\/posts\/5689","targetHints":{"allow":["GET"]}}],"collection":[{"href":"https:\/\/nuevaprensaamerica.com\/index.php\/wp-json\/wp\/v2\/posts"}],"about":[{"href":"https:\/\/nuevaprensaamerica.com\/index.php\/wp-json\/wp\/v2\/types\/post"}],"author":[{"embeddable":true,"href":"https:\/\/nuevaprensaamerica.com\/index.php\/wp-json\/wp\/v2\/users\/4"}],"replies":[{"embeddable":true,"href":"https:\/\/nuevaprensaamerica.com\/index.php\/wp-json\/wp\/v2\/comments?post=5689"}],"version-history":[{"count":4,"href":"https:\/\/nuevaprensaamerica.com\/index.php\/wp-json\/wp\/v2\/posts\/5689\/revisions"}],"predecessor-version":[{"id":5701,"href":"https:\/\/nuevaprensaamerica.com\/index.php\/wp-json\/wp\/v2\/posts\/5689\/revisions\/5701"}],"wp:featuredmedia":[{"embeddable":true,"href":"https:\/\/nuevaprensaamerica.com\/index.php\/wp-json\/wp\/v2\/media\/5698"}],"wp:attachment":[{"href":"https:\/\/nuevaprensaamerica.com\/index.php\/wp-json\/wp\/v2\/media?parent=5689"}],"wp:term":[{"taxonomy":"category","embeddable":true,"href":"https:\/\/nuevaprensaamerica.com\/index.php\/wp-json\/wp\/v2\/categories?post=5689"},{"taxonomy":"post_tag","embeddable":true,"href":"https:\/\/nuevaprensaamerica.com\/index.php\/wp-json\/wp\/v2\/tags?post=5689"}],"curies":[{"name":"wp","href":"https:\/\/api.w.org\/{rel}","templated":true}]}}