{"id":6064,"date":"2025-06-17T14:30:08","date_gmt":"2025-06-17T14:30:08","guid":{"rendered":"https:\/\/nuevaprensaamerica.com\/?p=6064"},"modified":"2025-06-17T14:30:08","modified_gmt":"2025-06-17T14:30:08","slug":"un-simbolo-de-libertad-la-bandera-herida-de-panama-sera-restaurada-en-espana","status":"publish","type":"post","link":"https:\/\/nuevaprensaamerica.com\/index.php\/2025\/06\/17\/un-simbolo-de-libertad-la-bandera-herida-de-panama-sera-restaurada-en-espana\/","title":{"rendered":"Un s\u00edmbolo de libertad: la &#8216;Bandera Herida&#8217; de Panam\u00e1 ser\u00e1 restaurada en Espa\u00f1a"},"content":{"rendered":"<p data-mrf-recirculation=\"links-parrafos\">Durante generaciones, la llamada<strong>\u00a0<a href=\"https:\/\/www.elconfidencial.com\/economia\/papeles-panama\/\" target=\"_blank\" rel=\"noopener\" data-mrf-link=\"https:\/\/www.elconfidencial.com\/economia\/papeles-panama\/\">Bandera Herida de Panam\u00e1<\/a><\/strong>\u00a0(uno de sus s\u00edmbolos hist\u00f3ricos m\u00e1s importantes) ha sido resguardada como lo que el pa\u00eds considera que es: un tesoro. La Bandera es para Panam\u00e1 un testimonio vivo de libertad, unidad y orgullo nacional. Y, ahora,<strong>\u00a0est\u00e1 en Madrid<\/strong>. La acci\u00f3n forma parte de un esfuerzo\u00a0<strong>conjunto entre Panam\u00e1 y Espa\u00f1a\u00a0<\/strong>para resguardar una pieza central de su historia. Pero vayamos por partes.<\/p>\n<p><!--more--><\/p>\n<p data-mrf-recirculation=\"links-parrafos\">La Bandera Herida es uno de los emblemas m\u00e1s fundamentales de la separaci\u00f3n de\u00a0<strong>Panam\u00e1 de Colombia en noviembre de 1903<\/strong>, y fue confeccionada de manera artesanal y cosida a mano. Su curioso nombre tiene una explicaci\u00f3n, pues hay una perforaci\u00f3n visible en el lienzo que, seg\u00fan la leyenda y la tradici\u00f3n oral, se debe a un\u00a0<strong>disparo de j\u00fabilo durante las celebraciones\u00a0<a href=\"https:\/\/www.elconfidencial.com\/tags\/otros\/independentismo-6955\/\" target=\"_blank\" rel=\"noopener\" data-mrf-link=\"https:\/\/www.elconfidencial.com\/tags\/otros\/independentismo-6955\/\">independentistas<\/a>.<\/strong>\u00a0Est\u00e1 considerada como la primera ense\u00f1a izada por el pueblo paname\u00f1o en la ciudad de Chitr\u00e9 (provincia de Herrera) en el momento de la separaci\u00f3n e independencia.<\/p>\n<div class=\"innerArticle__content newsType\">\n<div id=\"news-body-cc\" class=\"newsType__content news-body-complete \">\n<figure class=\"bodyObject bodyImage__wrapper bodyImage__wrapper--landscape\">\n<div class=\"lqip lqip--landscapeWide\"><img decoding=\"async\" class=\"lqip__placeholder\" src=\"https:\/\/images.ecestaticos.com\/ZzgN6OLdYi18Syac1lwl-NBfPoE=\/12x96:1882x1148\/32x18\/filters:fill(white):format(jpg)\/f.elconfidencial.com%2Foriginal%2F704%2Fcd9%2Ffcd%2F704cd9fcd8310c8b1ea01648b545295e.jpg\" alt=\"placeholder\" \/><img decoding=\"async\" class=\"bodyImage lqip__original\" src=\"https:\/\/images.ecestaticos.com\/ewjOQeGoIojxwWybWwIvrObpgM4=\/12x96:1882x1148\/1440x810\/filters:fill(white):format(jpg)\/f.elconfidencial.com%2Foriginal%2F704%2Fcd9%2Ffcd%2F704cd9fcd8310c8b1ea01648b545295e.jpg\" sizes=\"(min-width: 996px) 640px, (min-width: 768px) 50.65vw, calc(100vw - 32px)\" srcset=\"   https:\/\/images.ecestaticos.com\/ewjOQeGoIojxwWybWwIvrObpgM4=\/12x96:1882x1148\/1440x810\/filters:fill(white):format(jpg)\/f.elconfidencial.com%2Foriginal%2F704%2Fcd9%2Ffcd%2F704cd9fcd8310c8b1ea01648b545295e.jpg 1440w  , https:\/\/images.ecestaticos.com\/PmvgzZZJieC4Cw6B0ZGAJUbHh5A=\/12x96:1882x1148\/1220x686\/filters:fill(white):format(jpg)\/f.elconfidencial.com%2Foriginal%2F704%2Fcd9%2Ffcd%2F704cd9fcd8310c8b1ea01648b545295e.jpg 1220w  , https:\/\/images.ecestaticos.com\/buKubS_U5DlPlHjAWlO45abQp64=\/12x96:1882x1148\/996x560\/filters:fill(white):format(jpg)\/f.elconfidencial.com%2Foriginal%2F704%2Fcd9%2Ffcd%2F704cd9fcd8310c8b1ea01648b545295e.jpg 996w  , https:\/\/images.ecestaticos.com\/N9G4I2th2msgzyWg1MrAGF-U0UE=\/12x96:1882x1148\/640x360\/filters:fill(white):format(jpg)\/f.elconfidencial.com%2Foriginal%2F704%2Fcd9%2Ffcd%2F704cd9fcd8310c8b1ea01648b545295e.jpg 640w  , https:\/\/images.ecestaticos.com\/NNLAjQ0O4pILxatfixh_YpD50Aw=\/12x96:1882x1148\/600x338\/filters:fill(white):format(jpg)\/f.elconfidencial.com%2Foriginal%2F704%2Fcd9%2Ffcd%2F704cd9fcd8310c8b1ea01648b545295e.jpg 600w  , https:\/\/images.ecestaticos.com\/9-jZS4fUyXDGufyp_fzSRuGKmTQ=\/12x96:1882x1148\/390x219\/filters:fill(white):format(jpg)\/f.elconfidencial.com%2Foriginal%2F704%2Fcd9%2Ffcd%2F704cd9fcd8310c8b1ea01648b545295e.jpg 390w  , https:\/\/images.ecestaticos.com\/78L-x5Av70VEI0XY5eeHK8Y7Wus=\/12x96:1882x1148\/568x320\/filters:fill(white):format(jpg)\/f.elconfidencial.com%2Foriginal%2F704%2Fcd9%2Ffcd%2F704cd9fcd8310c8b1ea01648b545295e.jpg 568w  , https:\/\/images.ecestaticos.com\/WPM4A5IUszV-xy9cuTFtmzqDFiE=\/12x96:1882x1148\/382x215\/filters:fill(white):format(jpg)\/f.elconfidencial.com%2Foriginal%2F704%2Fcd9%2Ffcd%2F704cd9fcd8310c8b1ea01648b545295e.jpg 382w  , https:\/\/images.ecestaticos.com\/oef-jhUTVwbKz9eqMBDISPn8zOE=\/12x96:1882x1148\/328x185\/filters:fill(white):format(jpg)\/f.elconfidencial.com%2Foriginal%2F704%2Fcd9%2Ffcd%2F704cd9fcd8310c8b1ea01648b545295e.jpg 328w  \" alt=\"La Bandera Herida de Panam\u00e1, ahora en Espa\u00f1a. (Cedida)\" \/><\/div><figcaption class=\"bodyImage__caption\">La Bandera Herida de Panam\u00e1, ahora en Espa\u00f1a. (Cedida)<\/figcaption><\/figure>\n<p data-mrf-recirculation=\"links-parrafos\">Ahora y gracias a la cooperaci\u00f3n institucional entre el Ministerio de Cultura del pa\u00eds, la\u00a0<strong>Comisi\u00f3n Nacional de S\u00edmbolos Nacionales<\/strong>\u00a0(CONASINA), la Biblioteca Nacional Ernesto J. Castillero R. y el Instituto del\u00a0<strong>Patrimonio Cultural de Espa\u00f1a,<\/strong>\u00a0la bandera ser\u00e1 sometida a un proceso especializado de restauraci\u00f3n en laboratorios espa\u00f1oles, con los m\u00e1s altos est\u00e1ndares t\u00e9cnicos y cient\u00edficos. La colaboraci\u00f3n entre ambos pa\u00edses representa un hito significativo en su<a href=\"https:\/\/www.elconfidencial.com\/mundo\/europa\/2021-06-11\/union-europea-diplomacia-cultural-iberoamerica_3127672\/\" target=\"_blank\" rel=\"noopener\" data-mrf-link=\"https:\/\/www.elconfidencial.com\/mundo\/europa\/2021-06-11\/union-europea-diplomacia-cultural-iberoamerica_3127672\/\">\u00a0diplomacia cultural\u00a0<\/a>y pretende reforzar los lazos hist\u00f3ricos que unen a ambas naciones.<\/p>\n<h2 class=\"bodyTitle\">Lleg\u00f3 el pasado 26 de mayo<\/h2>\n<p data-mrf-recirculation=\"links-parrafos\">La bandera permanec\u00eda en el<strong>\u00a0Museo Fabio Rodr\u00edguez de Herrera<\/strong>, y fue llevada primero a una reserva, antes de salir en direcci\u00f3n a<strong>\u00a0Madrid el pasado 26 de mayo<\/strong>. La\u00a0<a href=\"https:\/\/www.elconfidencial.com\/el-grito\/2024-12-30\/de-vermeer-a-caravaggio-los-secretos-de-las-restauraciones-de-los-cuadros_4026375\/\" target=\"_self\" data-mrf-link=\"https:\/\/www.elconfidencial.com\/el-grito\/2024-12-30\/de-vermeer-a-caravaggio-los-secretos-de-las-restauraciones-de-los-cuadros_4026375\/\">restauraci\u00f3n<\/a>\u00a0tendr\u00e1 una duraci\u00f3n estimada de 18 meses y durante este tiempo ser\u00e1 tratada como un bien patrimonial vivo (que se considera vital para la cohesi\u00f3n social y la preservaci\u00f3n de la diversidad cultural). El proceso de restauraci\u00f3n<strong>\u00a0no solo busca conservar su estructura textil,\u00a0<\/strong>sino salvaguardar la memoria hist\u00f3rica que representa para el pueblo paname\u00f1o.<\/p>\n<figure class=\"bodyObject bodyImage__wrapper bodyImage__wrapper--landscape\">\n<div class=\"lqip lqip--landscapeWide\"><img decoding=\"async\" class=\"lqip__placeholder\" src=\"https:\/\/images.ecestaticos.com\/xbnZWD2dLzE0Gh1DGNPti1ie7Z8=\/37x87:1920x1146\/32x18\/filters:fill(white):format(jpg)\/f.elconfidencial.com%2Foriginal%2F314%2F8bd%2F190%2F3148bd190519bbd171e4299e23a9b590.jpg\" alt=\"placeholder\" \/><img decoding=\"async\" class=\"bodyImage lqip__original\" src=\"https:\/\/images.ecestaticos.com\/RDFi5ocyfTEkFYxfBTaqDPqCs7c=\/37x87:1920x1146\/1440x810\/filters:fill(white):format(jpg)\/f.elconfidencial.com%2Foriginal%2F314%2F8bd%2F190%2F3148bd190519bbd171e4299e23a9b590.jpg\" sizes=\"(min-width: 996px) 640px, (min-width: 768px) 50.65vw, calc(100vw - 32px)\" srcset=\"   https:\/\/images.ecestaticos.com\/RDFi5ocyfTEkFYxfBTaqDPqCs7c=\/37x87:1920x1146\/1440x810\/filters:fill(white):format(jpg)\/f.elconfidencial.com%2Foriginal%2F314%2F8bd%2F190%2F3148bd190519bbd171e4299e23a9b590.jpg 1440w  , https:\/\/images.ecestaticos.com\/kDT5E8RPV4eB4bndJiWyXYXJplI=\/37x87:1920x1146\/1220x686\/filters:fill(white):format(jpg)\/f.elconfidencial.com%2Foriginal%2F314%2F8bd%2F190%2F3148bd190519bbd171e4299e23a9b590.jpg 1220w  , https:\/\/images.ecestaticos.com\/SW6ooXnpBQQWFhDUncWxKHl9Kt0=\/37x87:1920x1146\/996x560\/filters:fill(white):format(jpg)\/f.elconfidencial.com%2Foriginal%2F314%2F8bd%2F190%2F3148bd190519bbd171e4299e23a9b590.jpg 996w  , https:\/\/images.ecestaticos.com\/jG0j04IwjPTis-t-ZQcH4PUyIj0=\/37x87:1920x1146\/640x360\/filters:fill(white):format(jpg)\/f.elconfidencial.com%2Foriginal%2F314%2F8bd%2F190%2F3148bd190519bbd171e4299e23a9b590.jpg 640w  , https:\/\/images.ecestaticos.com\/a20e3LWBQJNdvrXlpTrKnlsQpPM=\/37x87:1920x1146\/600x338\/filters:fill(white):format(jpg)\/f.elconfidencial.com%2Foriginal%2F314%2F8bd%2F190%2F3148bd190519bbd171e4299e23a9b590.jpg 600w  , https:\/\/images.ecestaticos.com\/nQsLqKgHHzG7v9b4TwPPMESyPXI=\/37x87:1920x1146\/390x219\/filters:fill(white):format(jpg)\/f.elconfidencial.com%2Foriginal%2F314%2F8bd%2F190%2F3148bd190519bbd171e4299e23a9b590.jpg 390w  , https:\/\/images.ecestaticos.com\/MP2LTBVRBK7yGzTEo0yaY9gSaDM=\/37x87:1920x1146\/568x320\/filters:fill(white):format(jpg)\/f.elconfidencial.com%2Foriginal%2F314%2F8bd%2F190%2F3148bd190519bbd171e4299e23a9b590.jpg 568w  , https:\/\/images.ecestaticos.com\/FaFSB-5ejyGegVrNQUwjFjoiXmc=\/37x87:1920x1146\/382x215\/filters:fill(white):format(jpg)\/f.elconfidencial.com%2Foriginal%2F314%2F8bd%2F190%2F3148bd190519bbd171e4299e23a9b590.jpg 382w  , https:\/\/images.ecestaticos.com\/Ue8JJpfEaeFXs0zMn5OGuIF1yoY=\/37x87:1920x1146\/328x185\/filters:fill(white):format(jpg)\/f.elconfidencial.com%2Foriginal%2F314%2F8bd%2F190%2F3148bd190519bbd171e4299e23a9b590.jpg 328w  \" alt=\"La Bandera Herida de Panam\u00e1, ahora en Espa\u00f1a. (Cedida)\" \/><\/div><figcaption class=\"bodyImage__caption\">La Bandera Herida de Panam\u00e1, ahora en Espa\u00f1a. (Cedida)<\/figcaption><\/figure>\n<p data-mrf-recirculation=\"links-parrafos\">\u201cRestaurar esta bandera es coser, con respeto y delicadeza, la historia compartida que une a nuestros pa\u00edses.\u00a0<strong>La cultura y el patrimonio\u00a0<\/strong>son puentes de entendimiento, compromiso y paz\u201d, declar\u00f3 la ministra de\u00a0<strong>Cultura de Panam\u00e1, Mar\u00eda Eugenia Herrera.<\/strong><\/p>\n<p class=\"bodyObject bodyBlockquote\" data-mrf-recirculation=\"links-parrafos\">El proceso de restauraci\u00f3n no solo busca conservar su estructura textil, sino salvaguardar la memoria hist\u00f3rica que representa<\/p>\n<p data-mrf-recirculation=\"links-parrafos\">Esta iniciativa forma parte del programa nacional \u201c<strong>Operaci\u00f3n Bandera Herida<\/strong>\u201d, cuyo objetivo es rescatar, preservar y difundir los s\u00edmbolos materiales de la\u00a0<a href=\"https:\/\/www.elconfidencial.com\/mundo\/2025-03-30\/como-complacer-saqueador-estrategico-panama-miedo-trump_4097609\/\" target=\"_self\" data-mrf-link=\"https:\/\/www.elconfidencial.com\/mundo\/2025-03-30\/como-complacer-saqueador-estrategico-panama-miedo-trump_4097609\/\">identidad republicana paname\u00f1a<\/a>. Una vez restaurada, la bandera ser\u00e1 exhibida de nuevo en\u00a0<strong>el Museo Fabio Rodr\u00edguez R\u00edos, en Chitr\u00e9<\/strong>, reafirmando el papel fundamental de los pueblos del interior en la gesta de 1903.<\/p>\n<\/div>\n<div class=\"shareBar innerArticle__shareSection\">\n<p><a href=\"https:\/\/www.elconfidencial.com\/cultura\/2025-06-17\/bandera-herida-independencia-panama_4150808\/\">Fuente<\/a><\/p>\n<\/div>\n<\/div>\n<div class=\"innerArticle__bottom outbrainModule\">\n<div class=\"ob-smartfeed-wrapper feedIdx-0\">\n<div id=\"outbrain_widget_0\" class=\"OUTBRAIN\" data-src=\"https:\/\/www.elconfidencial.com\/cultura\/2025-06-17\/bandera-herida-independencia-panama_4150808\/\" data-widget-id=\"AR_4\" data-mrf-recirculation=\"outbrain\" data-ob-mark=\"true\" data-browser=\"chrome\" data-os=\"macintel\" data-dynload=\"\" data-idx=\"0\">\n<div class=\"ob-widget ob-feed-layout CRAB_FEED_4\">\n<div class=\"ob-widget-header\"><\/div>\n<\/div>\n<\/div>\n<\/div>\n<\/div>\n","protected":false},"excerpt":{"rendered":"<p>Durante generaciones, la llamada\u00a0Bandera Herida de Panam\u00e1\u00a0(uno de sus s\u00edmbolos hist\u00f3ricos m\u00e1s importantes) ha sido resguardada como lo que el pa\u00eds considera que es: un [&hellip;]<\/p>\n","protected":false},"author":1,"featured_media":6070,"comment_status":"open","ping_status":"open","sticky":false,"template":"","format":"standard","meta":{"h5ap_radio_sources":[],"_FSMCFIC_featured_image_caption":"","_FSMCFIC_featured_image_nocaption":"","_FSMCFIC_featured_image_hide":"","_jetpack_memberships_contains_paid_content":false,"footnotes":""},"categories":[4],"tags":[],"class_list":["post-6064","post","type-post","status-publish","format-standard","has-post-thumbnail","hentry","category-panama"],"aioseo_notices":[],"jetpack_featured_media_url":"https:\/\/nuevaprensaamerica.com\/wp-content\/uploads\/2025\/06\/f.elconfidencial.com_original_2fe_2b1_2b6_2fe2b12b6e797529c066f38b13cf867a.jpg","jetpack_sharing_enabled":true,"_links":{"self":[{"href":"https:\/\/nuevaprensaamerica.com\/index.php\/wp-json\/wp\/v2\/posts\/6064","targetHints":{"allow":["GET"]}}],"collection":[{"href":"https:\/\/nuevaprensaamerica.com\/index.php\/wp-json\/wp\/v2\/posts"}],"about":[{"href":"https:\/\/nuevaprensaamerica.com\/index.php\/wp-json\/wp\/v2\/types\/post"}],"author":[{"embeddable":true,"href":"https:\/\/nuevaprensaamerica.com\/index.php\/wp-json\/wp\/v2\/users\/1"}],"replies":[{"embeddable":true,"href":"https:\/\/nuevaprensaamerica.com\/index.php\/wp-json\/wp\/v2\/comments?post=6064"}],"version-history":[{"count":5,"href":"https:\/\/nuevaprensaamerica.com\/index.php\/wp-json\/wp\/v2\/posts\/6064\/revisions"}],"predecessor-version":[{"id":6069,"href":"https:\/\/nuevaprensaamerica.com\/index.php\/wp-json\/wp\/v2\/posts\/6064\/revisions\/6069"}],"wp:featuredmedia":[{"embeddable":true,"href":"https:\/\/nuevaprensaamerica.com\/index.php\/wp-json\/wp\/v2\/media\/6070"}],"wp:attachment":[{"href":"https:\/\/nuevaprensaamerica.com\/index.php\/wp-json\/wp\/v2\/media?parent=6064"}],"wp:term":[{"taxonomy":"category","embeddable":true,"href":"https:\/\/nuevaprensaamerica.com\/index.php\/wp-json\/wp\/v2\/categories?post=6064"},{"taxonomy":"post_tag","embeddable":true,"href":"https:\/\/nuevaprensaamerica.com\/index.php\/wp-json\/wp\/v2\/tags?post=6064"}],"curies":[{"name":"wp","href":"https:\/\/api.w.org\/{rel}","templated":true}]}}