{"id":6143,"date":"2025-06-21T14:47:53","date_gmt":"2025-06-21T14:47:53","guid":{"rendered":"https:\/\/nuevaprensaamerica.com\/?p=6143"},"modified":"2025-06-21T14:47:53","modified_gmt":"2025-06-21T14:47:53","slug":"el-futbol-sudamericano-contesta-al-saqueo-y-al-menosprecio-europeo-en-el-mundial-de-clubes","status":"publish","type":"post","link":"https:\/\/nuevaprensaamerica.com\/index.php\/2025\/06\/21\/el-futbol-sudamericano-contesta-al-saqueo-y-al-menosprecio-europeo-en-el-mundial-de-clubes\/","title":{"rendered":"El f\u00fatbol sudamericano contesta al saqueo y al menosprecio europeo en el Mundial de Clubes"},"content":{"rendered":"<header class=\"landscapePhotoRight__titleSide\">\n<h2 class=\"landscapePhotoRight__subTitle\">&#8220;El Mundial va a cambiar la visi\u00f3n que tienen los europeos sobre el f\u00fatbol sudamericano&#8221;, afirma Donato. Brasile\u00f1os y argentinos plantan cara a las grandes potencias de la Champions League<\/h2>\n<\/header>\n<div><\/div>\n<p><!--more--><\/p>\n<div class=\"innerArticle__content newsType\">\n<div id=\"news-body-cc\" class=\"newsType__content news-body-complete \">\n<p data-mrf-recirculation=\"links-parrafos\">El Mundial de Clubes ha\u00a0<strong>sacudido el dominio europeo<\/strong>\u00a0en el f\u00fatbol. Tanto es as\u00ed que la CONMEBOL fue la\u00a0<strong>\u00fanica confederaci\u00f3n que termin\u00f3 invicta<\/strong>\u00a0en la primera jornada del novedoso<a href=\"https:\/\/www.elconfidencial.com\/deportes\/futbol\/2025-06-17\/real-madrid-mundial-clubes-atletico-psg-vinicius_4152552\/\" target=\"_blank\" rel=\"noopener\" data-mrf-link=\"https:\/\/www.elconfidencial.com\/deportes\/futbol\/2025-06-17\/real-madrid-mundial-clubes-atletico-psg-vinicius_4152552\/\">\u00a0torneo de la FIFA.<\/a>\u00a0Adem\u00e1s, el campe\u00f3n de la Copa Libertadores (Botafogo)\u00a0<a href=\"https:\/\/www.elconfidencial.com\/deportes\/futbol\/2025-06-20\/atletico-madrid-seattle-sounders-cuentas-victoria-botafogo-mundial-clubes_4155415\/\" target=\"_blank\" rel=\"noopener\" data-mrf-link=\"https:\/\/www.elconfidencial.com\/deportes\/futbol\/2025-06-20\/atletico-madrid-seattle-sounders-cuentas-victoria-botafogo-mundial-clubes_4155415\/\">venci\u00f3 al campe\u00f3n de la Champions League<\/a>\u00a0(PSG) y los conjuntos sudamericanos (River Plate, Palmeiras, Botafogo, Flamengo y Fluimense) no han perdido<strong>\u00a0ninguno de los nueve encuentros<\/strong>\u00a0que han disputado hasta el momento pese a medirse contra Benfica, Porto, PSG, Chelsea o Borussia Dortmund. Solo\u00a0<strong>Boca Juniors, perdi\u00f3 contra el Bayern de M\u00fanich.<\/strong><\/p>\n<p data-mrf-recirculation=\"links-parrafos\">&#8220;<strong>El cementerio del f\u00fatbol est\u00e1 lleno de favoritos<\/strong>&#8220;, hab\u00eda advertido el t\u00e9cnico del conjunto brasile\u00f1o, Renato Paiva. Su equipo lo cumpli\u00f3 y<a href=\"https:\/\/www.elconfidencial.com\/deportes\/futbol\/champions\/2025-06-01\/luis-enrique-controlarlo-todo-mbappe-psg-champions_4141939\/\" target=\"_blank\" rel=\"noopener\" data-mrf-link=\"https:\/\/www.elconfidencial.com\/deportes\/futbol\/champions\/2025-06-01\/luis-enrique-controlarlo-todo-mbappe-psg-champions_4141939\/\">\u00a0Luis Enrique\u00a0<\/a><strong>qued\u00f3 asombrado<\/strong>\u00a0con el dispositivo defensivo de Botafogo hasta el punto de asegurar que ha sido &#8220;<strong>el equipo que mejor ha defendido al PSG\u00a0<\/strong>este a\u00f1o&#8221;. No es el \u00fanico protagonista europeo que ha elogiado el nivel de los equipos sudamericanos.<\/p>\n<p data-mrf-recirculation=\"links-parrafos\">&#8220;Los europeos a veces<strong>\u00a0pensamos que el f\u00fatbol solo se juega aqu\u00ed<\/strong>, pero tambi\u00e9n se juega un f\u00fatbol excelente en Sudam\u00e9rica&#8221;, admiti\u00f3 el t\u00e9cnico<a href=\"https:\/\/www.elconfidencial.com\/deportes\/futbol\/champions\/2025-04-16\/barca-borussia-dortmund-champions-enfado-flick-kounde_4110265\/\" target=\"_blank\" rel=\"noopener\" data-mrf-link=\"https:\/\/www.elconfidencial.com\/deportes\/futbol\/champions\/2025-04-16\/barca-borussia-dortmund-champions-enfado-flick-kounde_4110265\/\">\u00a0del Borussia Dortmund<\/a>, Niko Kova\u010d. &#8220;Los<strong>\u00a0brasile\u00f1os han dado muy buen nivel<\/strong>. Palmeiras, Botafogo, Flamengo y Fluminense van a ser equipos dif\u00edciles, con un gran nivel. Esta competici\u00f3n tiene muchos alicientes porque<strong>\u00a0a veces nos centramos mucho en Europa<\/strong>, en lo que pasa en Europa, y nos\u00a0<strong>creemos que no hay nada m\u00e1s<\/strong>, y estamos muy equivocados. Fuera de lo que es Europa, hay muy buenos equipos, y esto nos da la oportunidad para ver d\u00f3nde estamos&#8221;, a\u00f1adi\u00f3\u00a0<a href=\"https:\/\/www.elconfidencial.com\/deportes\/futbol\/2025-06-19\/courtois-xabi-alonso-ancelotti-bellingham-valverde-tchouameni-guler_4154559\/\" target=\"_blank\" rel=\"noopener\" data-mrf-link=\"https:\/\/www.elconfidencial.com\/deportes\/futbol\/2025-06-19\/courtois-xabi-alonso-ancelotti-bellingham-valverde-tchouameni-guler_4154559\/\">Xabi Alonso<\/a>.<\/p>\n<section class=\"htmlWrapper\">\n<div class=\"twitter-tweet twitter-tweet-rendered\"><iframe id=\"twitter-widget-0\" class=\"\" title=\"X Post\" src=\"https:\/\/platform.twitter.com\/embed\/Tweet.html?creatorScreenName=elconfidencial&amp;dnt=false&amp;embedId=twitter-widget-0&amp;features=eyJ0ZndfdGltZWxpbmVfbGlzdCI6eyJidWNrZXQiOltdLCJ2ZXJzaW9uIjpudWxsfSwidGZ3X2ZvbGxvd2VyX2NvdW50X3N1bnNldCI6eyJidWNrZXQiOnRydWUsInZlcnNpb24iOm51bGx9LCJ0ZndfdHdlZXRfZWRpdF9iYWNrZW5kIjp7ImJ1Y2tldCI6Im9uIiwidmVyc2lvbiI6bnVsbH0sInRmd19yZWZzcmNfc2Vzc2lvbiI6eyJidWNrZXQiOiJvbiIsInZlcnNpb24iOm51bGx9LCJ0ZndfZm9zbnJfc29mdF9pbnRlcnZlbnRpb25zX2VuYWJsZWQiOnsiYnVja2V0Ijoib24iLCJ2ZXJzaW9uIjpudWxsfSwidGZ3X21peGVkX21lZGlhXzE1ODk3Ijp7ImJ1Y2tldCI6InRyZWF0bWVudCIsInZlcnNpb24iOm51bGx9LCJ0ZndfZXhwZXJpbWVudHNfY29va2llX2V4cGlyYXRpb24iOnsiYnVja2V0IjoxMjA5NjAwLCJ2ZXJzaW9uIjpudWxsfSwidGZ3X3Nob3dfYmlyZHdhdGNoX3Bpdm90c19lbmFibGVkIjp7ImJ1Y2tldCI6Im9uIiwidmVyc2lvbiI6bnVsbH0sInRmd19kdXBsaWNhdGVfc2NyaWJlc190b19zZXR0aW5ncyI6eyJidWNrZXQiOiJvbiIsInZlcnNpb24iOm51bGx9LCJ0ZndfdXNlX3Byb2ZpbGVfaW1hZ2Vfc2hhcGVfZW5hYmxlZCI6eyJidWNrZXQiOiJvbiIsInZlcnNpb24iOm51bGx9LCJ0ZndfdmlkZW9faGxzX2R5bmFtaWNfbWFuaWZlc3RzXzE1MDgyIjp7ImJ1Y2tldCI6InRydWVfYml0cmF0ZSIsInZlcnNpb24iOm51bGx9LCJ0ZndfbGVnYWN5X3RpbWVsaW5lX3N1bnNldCI6eyJidWNrZXQiOnRydWUsInZlcnNpb24iOm51bGx9LCJ0ZndfdHdlZXRfZWRpdF9mcm9udGVuZCI6eyJidWNrZXQiOiJvbiIsInZlcnNpb24iOm51bGx9fQ%3D%3D&amp;frame=false&amp;hideCard=false&amp;hideThread=false&amp;id=1604515570833293317&amp;lang=es&amp;origin=https%3A%2F%2Fwww.elconfidencial.com%2Fdeportes%2Ffutbol%2F2025-06-21%2Fmundial-clubes-conmebol-botafogo-boca-river-palmeiras_4155714%2F&amp;sessionId=36e7176820070c436f4cc0e710d4220f56babe27&amp;siteScreenName=elconfidencial&amp;theme=light&amp;widgetsVersion=2615f7e52b7e0%3A1702314776716&amp;width=550px\" frameborder=\"0\" scrolling=\"no\" allowfullscreen=\"allowfullscreen\" data-tweet-id=\"1604515570833293317\" data-mce-fragment=\"1\"><\/iframe><\/div>\n<\/section>\n<p data-mrf-recirculation=\"links-parrafos\">El f\u00fatbol sudamericano ha encontrado en el Mundial de Clubes una oportunidad de competir<strong>\u00a0contra el saqueo de sus mejores talentos<\/strong>\u00a0j\u00f3venes y la mayor paleta de recursos y plantar cara a las grandes potencias europeas. \u00bf<strong>Es mayor la motivaci\u00f3n<\/strong>\u00a0deportiva de los<a href=\"https:\/\/www.elconfidencial.com\/deportes\/futbol\/2025-03-26\/argentina-brasil-mundial-2026-lionel-scaloni_4094613\/\" target=\"_blank\" rel=\"noopener\" data-mrf-link=\"https:\/\/www.elconfidencial.com\/deportes\/futbol\/2025-03-26\/argentina-brasil-mundial-2026-lionel-scaloni_4094613\/\">\u00a0equipos sudamericanos<\/a>\u00a0que la de los europeos?<\/p>\n<p data-mrf-recirculation=\"links-parrafos\">Hace tres a\u00f1os, a las puertas del Mundial de Qatar,<a href=\"https:\/\/www.elconfidencial.com\/deportes\/futbol\/mundial\/2022-12-21\/kylian-mbappe-francia-argentina-mundial-qatar-psg-messi_3542715\/\" target=\"_blank\" rel=\"noopener\" data-mrf-link=\"https:\/\/www.elconfidencial.com\/deportes\/futbol\/mundial\/2022-12-21\/kylian-mbappe-francia-argentina-mundial-qatar-psg-messi_3542715\/\">\u00a0Kylian Mbapp\u00e9<\/a>\u00a0concedi\u00f3 una entrevista a\u00a0<em>TNT Sports Brasil<\/em>\u00a0que puso en pie de guerra a Sudam\u00e9rica. &#8220;En Sudam\u00e9rica el f\u00fatbol\u00a0<strong>no est\u00e1 tan avanzado como en Europa,<\/strong>\u00a0y es por eso que cuando miras las \u00faltimas Copas del Mundo\u00a0<strong>siempre son los europeos los que ganan<\/strong>&#8220;, asegur\u00f3 el galo.<\/p>\n<h2 class=\"bodyTitle\">La reivindicaci\u00f3n de Sudam\u00e9rica<\/h2>\n<p data-mrf-recirculation=\"links-parrafos\">&#8220;La ventaja que tenemos aqu\u00ed es que\u00a0<strong>siempre jugamos partidos de mucho nivel<\/strong>, tenemos la Nations League, por ejemplo. Cuando l<a href=\"https:\/\/www.elconfidencial.com\/deportes\/futbol\/2025-06-20\/florentino-perez-real-madrid-futbol-gratis-superliga-mundial-clubes_4154618\/\" target=\"_blank\" rel=\"noopener\" data-mrf-link=\"https:\/\/www.elconfidencial.com\/deportes\/futbol\/2025-06-20\/florentino-perez-real-madrid-futbol-gratis-superliga-mundial-clubes_4154618\/\">leguemos a la Copa del Mundo,<\/a>\u00a0estamos listos. Y Argentina y Brasil no tienen eso&#8221;. Las palabras del actual jugador del Real Madrid fueron interpretadas como poco menos que un acto b\u00e9lico al otro lado del Atl\u00e1ntico.<\/p>\n<p data-mrf-recirculation=\"links-parrafos\">&#8220;\u00c9l\u00a0<strong>no sabe lo suficiente sobre f\u00fatbol<\/strong>&#8230; cuando no tienes esta experiencia [jugar en Sudam\u00e9rica], lo mejor es no hablar de ello&#8221;, respondi\u00f3 el<a href=\"https:\/\/www.elconfidencial.com\/deportes\/futbol\/2024-09-11\/dibu-martinez-argentina-colombia-agresion_3959693\/\" target=\"_blank\" rel=\"noopener\" data-mrf-link=\"https:\/\/www.elconfidencial.com\/deportes\/futbol\/2024-09-11\/dibu-martinez-argentina-colombia-agresion_3959693\/\">\u00a0Dibu Mart\u00ednez<\/a>. &#8220;Es una declaraci\u00f3n de\u00a0<strong>un futbolista que est\u00e1 dolido.<\/strong>\u00a0Hay que tomarla con pinzas.\u00a0<strong>Sudam\u00e9rica le quit\u00f3 un Mundial,<\/strong>\u00a0que ya hab\u00edan ganado, y pensaban que pod\u00edan ganar otro. Tenemos que defender a Sudam\u00e9rica&#8221;, a\u00f1adi\u00f3 el entrenador Jos\u00e9 P\u00e9kerman. Otras figuras\u00a0<a href=\"https:\/\/www.elconfidencial.com\/deportes\/futbol\/internacional\/2024-12-05\/inter-miami-leo-messi-mundial-clubes-real-madrid-fifa_4017117\/pass_257060fc42aaff9ecbce86371376bdb0\/?_overwrite=true&amp;m=1733329715065\" target=\"_blank\" rel=\"noopener\" data-mrf-link=\"https:\/\/www.elconfidencial.com\/deportes\/futbol\/internacional\/2024-12-05\/inter-miami-leo-messi-mundial-clubes-real-madrid-fifa_4017117\/pass_257060fc42aaff9ecbce86371376bdb0\/\">como Leo Messi, \u00d3scar Ruggeri\u00a0<\/a>o el\u00a0<em>Loco\u00a0<\/em>Abreu tambi\u00e9n se mostraron muy molestos por las declaraciones de Mbapp\u00e9.<\/p>\n<figure class=\"bodyObject bodyImage__wrapper bodyImage__wrapper--landscape\">\n<div class=\"lqip lqip--landscapeWide\"><img decoding=\"async\" class=\"lqip__placeholder\" src=\"https:\/\/images.ecestaticos.com\/6trTQPQHEmAnkA7nIiBSgWMpkXM=\/10x103:2274x1377\/32x18\/filters:fill(white):format(jpg)\/f.elconfidencial.com%2Foriginal%2F7dd%2F4d1%2Fe14%2F7dd4d1e1427aabed41af83795f46b55b.jpg\" alt=\"placeholder\" \/><img decoding=\"async\" class=\"bodyImage lqip__original\" src=\"https:\/\/images.ecestaticos.com\/hIJBhMWFGSIqhfdKtnQEL7MCYVc=\/10x103:2274x1377\/1440x810\/filters:fill(white):format(jpg)\/f.elconfidencial.com%2Foriginal%2F7dd%2F4d1%2Fe14%2F7dd4d1e1427aabed41af83795f46b55b.jpg\" sizes=\"(min-width: 996px) 640px, (min-width: 768px) 50.65vw, calc(100vw - 32px)\" srcset=\"   https:\/\/images.ecestaticos.com\/hIJBhMWFGSIqhfdKtnQEL7MCYVc=\/10x103:2274x1377\/1440x810\/filters:fill(white):format(jpg)\/f.elconfidencial.com%2Foriginal%2F7dd%2F4d1%2Fe14%2F7dd4d1e1427aabed41af83795f46b55b.jpg 1440w  , https:\/\/images.ecestaticos.com\/vHYgLggnX28TSFcYCAImq-Up_mw=\/10x103:2274x1377\/1220x686\/filters:fill(white):format(jpg)\/f.elconfidencial.com%2Foriginal%2F7dd%2F4d1%2Fe14%2F7dd4d1e1427aabed41af83795f46b55b.jpg 1220w  , https:\/\/images.ecestaticos.com\/tRRRfVeQzBHW2cjVWTphVkIpoXE=\/10x103:2274x1377\/996x560\/filters:fill(white):format(jpg)\/f.elconfidencial.com%2Foriginal%2F7dd%2F4d1%2Fe14%2F7dd4d1e1427aabed41af83795f46b55b.jpg 996w  , https:\/\/images.ecestaticos.com\/mpatUYXb9GBK1vi8O90fDOo1l6s=\/10x103:2274x1377\/640x360\/filters:fill(white):format(jpg)\/f.elconfidencial.com%2Foriginal%2F7dd%2F4d1%2Fe14%2F7dd4d1e1427aabed41af83795f46b55b.jpg 640w  , https:\/\/images.ecestaticos.com\/TXjYD2tnKyF3c7Sj4C-Jw91TjkE=\/10x103:2274x1377\/600x338\/filters:fill(white):format(jpg)\/f.elconfidencial.com%2Foriginal%2F7dd%2F4d1%2Fe14%2F7dd4d1e1427aabed41af83795f46b55b.jpg 600w  , https:\/\/images.ecestaticos.com\/n06FjpZvWbkJrX8gTc9y9iwjCpc=\/10x103:2274x1377\/390x219\/filters:fill(white):format(jpg)\/f.elconfidencial.com%2Foriginal%2F7dd%2F4d1%2Fe14%2F7dd4d1e1427aabed41af83795f46b55b.jpg 390w  , https:\/\/images.ecestaticos.com\/XDAA-B81jb2V3fPCQJFCDrAvPDU=\/10x103:2274x1377\/568x320\/filters:fill(white):format(jpg)\/f.elconfidencial.com%2Foriginal%2F7dd%2F4d1%2Fe14%2F7dd4d1e1427aabed41af83795f46b55b.jpg 568w  , https:\/\/images.ecestaticos.com\/KI7_eh0LwDcncumSg3gJdsJ6xSM=\/10x103:2274x1377\/382x215\/filters:fill(white):format(jpg)\/f.elconfidencial.com%2Foriginal%2F7dd%2F4d1%2Fe14%2F7dd4d1e1427aabed41af83795f46b55b.jpg 382w  , https:\/\/images.ecestaticos.com\/WutZzA6spoJhhvAhY0kKZxK4h8A=\/10x103:2274x1377\/328x185\/filters:fill(white):format(jpg)\/f.elconfidencial.com%2Foriginal%2F7dd%2F4d1%2Fe14%2F7dd4d1e1427aabed41af83795f46b55b.jpg 328w  \" alt=\"El campe\u00f3n de la Copa Libertadores venci\u00f3 al campe\u00f3n de la Champions League. (Reuters)\" \/><\/div><figcaption class=\"bodyImage__caption\">El campe\u00f3n de la Copa Libertadores venci\u00f3 al campe\u00f3n de la Champions League. (Reuters)<\/figcaption><\/figure>\n<p data-mrf-recirculation=\"links-parrafos\">\u00bfLos\u00a0<strong>motivos que han llevado a recortar<\/strong>\u00a0la distancia con Europa en el Mundial de Clubes? A pesar de que<strong>\u00a0la brecha econ\u00f3mica y el potencial de las plantillas<\/strong>\u00a0es descomunal, no todo juega en contra de los equipos sudamericanos. Por ejemplo, el\u00a0<em>timming\u00a0<\/em>del torneo ha provocado que los conjuntos de la CONMEBOL se encontraran en mitad de la temporada, por lo que\u00a0<strong>est\u00e1n en el pico f\u00edsico\u00a0<\/strong>y demuestran\u00a0<a href=\"https:\/\/www.elconfidencial.com\/deportes\/futbol\/2025-06-17\/javier-tebas-mundial-clubes-luis-suarez-almeria_4153087\/\" target=\"_blank\" rel=\"noopener\" data-mrf-link=\"https:\/\/www.elconfidencial.com\/deportes\/futbol\/2025-06-17\/javier-tebas-mundial-clubes-luis-suarez-almeria_4153087\/\">m\u00e1s frescura que los equipos europeos<\/a>, totalmente<strong>\u00a0saturados y muy exigidos<\/strong>\u00a0por el calendario.<\/p>\n<h2 class=\"bodyTitle\">&#8220;Va a cambiar la visi\u00f3n de los europeos&#8221;<\/h2>\n<p data-mrf-recirculation=\"links-parrafos\"><em>El Confidencial\u00a0<\/em>habla<a href=\"https:\/\/www.elconfidencial.com\/deportes\/futbol\/2024-03-26\/donato-vinicius-junior-espana-brasil-racismo_3855830\/\" target=\"_blank\" rel=\"noopener\" data-mrf-link=\"https:\/\/www.elconfidencial.com\/deportes\/futbol\/2024-03-26\/donato-vinicius-junior-espana-brasil-racismo_3855830\/\">\u00a0con Donato<\/a>,<strong>\u00a0leyenda del f\u00fatbol brasile\u00f1o y espa\u00f1ol,<\/strong>\u00a0sobre el desempe\u00f1o de los equipos sudamericanos en el Mundial de Clubes. &#8220;<strong>Me est\u00e1 gustando much\u00edsimo\u00a0<\/strong>lo que estoy viendo. Tengo un grupo de WhatsApp con 50 amigos de la infancia, muchos de Flamengo, Fluminense, Botafogo o Palmeiras (aunque yo soy de Vasco da Gama) y he felicitado a todos. En Brasil se bromeaba sobre cu\u00e1ntos goles le iba a meter el PSG al Botafogo.<strong>\u00a0Les han callado la boca<\/strong>&#8220;, responde el hist\u00f3rico centrocampista del\u00a0<em>Superd\u00e9por<\/em>.<\/p>\n<p data-mrf-recirculation=\"links-parrafos\">&#8220;No es solo motivaci\u00f3n, aunque ayuda mucho. Claro que estar a mitad de temporada tambi\u00e9n\u00a0<strong>marca una diferencia con respecto a los europeos<\/strong>, pero considerando que tienen una plantilla de gran calidad,\u00a0<strong>tampoco creo que sea la diferencia&#8221;,\u00a0<\/strong>explica\u00a0<a href=\"https:\/\/www.elconfidencial.com\/deportes\/futbol\/2020-10-07\/vinicius-hazard-real-madrid-presion-zidane-lesiones_2778035\/\" target=\"_blank\" rel=\"noopener\" data-mrf-link=\"https:\/\/www.elconfidencial.com\/deportes\/futbol\/2020-10-07\/vinicius-hazard-real-madrid-presion-zidane-lesiones_2778035\/\">el entrenador de Vin\u00edcius J\u00fanior<\/a>\u00a0entre 2012 y 2016 en Flamengo, Z\u00e9 Ricardo. &#8220;Lo que realmente veo es que\u00a0<strong>el f\u00fatbol se est\u00e1 globalizando cada vez m\u00e1s<\/strong>\u00a0y, con un mejor sentido de organizaci\u00f3n por parte de los sudamericanos. Los clubes pueden invertir m\u00e1s,\u00a0<strong>retener a sus talentos durante m\u00e1s tiempo\u00a0<\/strong>y hacer mejores fichajes&#8221;, se\u00f1ala el t\u00e9cnico.<\/p>\n<figure class=\"bodyObject bodyImage__wrapper bodyImage__wrapper--landscape\">\n<div class=\"lqip lqip--landscapeWide\"><img decoding=\"async\" class=\"lqip__placeholder\" src=\"https:\/\/images.ecestaticos.com\/RX0AimP9T3xPury8C6RIghRfARQ=\/12x0:2264x1267\/32x18\/filters:fill(white):format(jpg)\/f.elconfidencial.com%2Foriginal%2F217%2Faf1%2F58c%2F217af158c5816e6b26b3139f0d953d96.jpg\" alt=\"placeholder\" \/><img decoding=\"async\" class=\"bodyImage lqip__original\" src=\"https:\/\/images.ecestaticos.com\/hVu2vrW_nv9IuBoxlM23m0D7IqQ=\/12x0:2264x1267\/1440x810\/filters:fill(white):format(jpg)\/f.elconfidencial.com%2Foriginal%2F217%2Faf1%2F58c%2F217af158c5816e6b26b3139f0d953d96.jpg\" sizes=\"(min-width: 996px) 640px, (min-width: 768px) 50.65vw, calc(100vw - 32px)\" srcset=\"   https:\/\/images.ecestaticos.com\/hVu2vrW_nv9IuBoxlM23m0D7IqQ=\/12x0:2264x1267\/1440x810\/filters:fill(white):format(jpg)\/f.elconfidencial.com%2Foriginal%2F217%2Faf1%2F58c%2F217af158c5816e6b26b3139f0d953d96.jpg 1440w  , https:\/\/images.ecestaticos.com\/s7JghKp_4IBGUTiaYaznDIsaJEI=\/12x0:2264x1267\/1220x686\/filters:fill(white):format(jpg)\/f.elconfidencial.com%2Foriginal%2F217%2Faf1%2F58c%2F217af158c5816e6b26b3139f0d953d96.jpg 1220w  , https:\/\/images.ecestaticos.com\/Vb-MeqeZALKnewBeermcm-IZPrc=\/12x0:2264x1267\/996x560\/filters:fill(white):format(jpg)\/f.elconfidencial.com%2Foriginal%2F217%2Faf1%2F58c%2F217af158c5816e6b26b3139f0d953d96.jpg 996w  , https:\/\/images.ecestaticos.com\/jAQQIxLejy2hztPLCiY3GE-DHpg=\/12x0:2264x1267\/640x360\/filters:fill(white):format(jpg)\/f.elconfidencial.com%2Foriginal%2F217%2Faf1%2F58c%2F217af158c5816e6b26b3139f0d953d96.jpg 640w  , https:\/\/images.ecestaticos.com\/c-EmZrEaSB_iXOGF_8wvH4E9wWY=\/12x0:2264x1267\/600x338\/filters:fill(white):format(jpg)\/f.elconfidencial.com%2Foriginal%2F217%2Faf1%2F58c%2F217af158c5816e6b26b3139f0d953d96.jpg 600w  , https:\/\/images.ecestaticos.com\/ibYufmPhMtfOJOCmT6TY30Uf6yk=\/12x0:2264x1267\/390x219\/filters:fill(white):format(jpg)\/f.elconfidencial.com%2Foriginal%2F217%2Faf1%2F58c%2F217af158c5816e6b26b3139f0d953d96.jpg 390w  , https:\/\/images.ecestaticos.com\/FfZpN-VoLUmi_scWNwwrtJXQ3e0=\/12x0:2264x1267\/568x320\/filters:fill(white):format(jpg)\/f.elconfidencial.com%2Foriginal%2F217%2Faf1%2F58c%2F217af158c5816e6b26b3139f0d953d96.jpg 568w  , https:\/\/images.ecestaticos.com\/6QjBXs9v5tXtMZT0c8_3kIuk_5w=\/12x0:2264x1267\/382x215\/filters:fill(white):format(jpg)\/f.elconfidencial.com%2Foriginal%2F217%2Faf1%2F58c%2F217af158c5816e6b26b3139f0d953d96.jpg 382w  , https:\/\/images.ecestaticos.com\/wDb6d_aukT00lNNUhFROX5Yh-Xg=\/12x0:2264x1267\/328x185\/filters:fill(white):format(jpg)\/f.elconfidencial.com%2Foriginal%2F217%2Faf1%2F58c%2F217af158c5816e6b26b3139f0d953d96.jpg 328w  \" alt=\"El Palmeiras roza el pase a la siguiente ronda. (EFE\/Justin Lane)\" \/><\/div><figcaption class=\"bodyImage__caption\">El Palmeiras roza el pase a la siguiente ronda. (EFE\/Justin Lane)<\/figcaption><\/figure>\n<p data-mrf-recirculation=\"links-parrafos\">Habla el exjugador argentino<a href=\"https:\/\/www.elconfidencial.com\/deportes\/futbol\/2021-01-05\/espana-extincion-regate-liga-desborde-europa_2894744\/\" target=\"_blank\" rel=\"noopener\" data-mrf-link=\"https:\/\/www.elconfidencial.com\/deportes\/futbol\/2021-01-05\/espana-extincion-regate-liga-desborde-europa_2894744\/\">\u00a0Mart\u00edn Posse<\/a>, extremo en V\u00e9lez Sarsfield, Espanyol y Tenerife: &#8220;Los equipos europeos les est\u00e1\u00a0<strong>costando arrancar por el clima tambi\u00e9n<\/strong>. Pero en el segundo-tercer partido se encontrar\u00e1n en mejores condiciones.\u00a0<strong>Son superiores a los sudamericanos.<\/strong>\u00a0Los brasile\u00f1os tienen m\u00e1s potencial por su capacidad econ\u00f3mico, pero deber\u00eda haber esa diferencia&#8221;.<\/p>\n<p data-mrf-recirculation=\"links-parrafos\">&#8220;La diferencia, sin embargo, no es tan grande.<strong>\u00a0El jugador sudamericano es muy competitivo<\/strong>. No tiene miedo al rival ni a la magnitud, pierde el respeto dentro del campo. Y<strong>\u00a0el jugador sudamericano te juega de t\u00fa a t\u00fa&#8221;,\u00a0<\/strong>a\u00f1ade.<\/p>\n<p data-mrf-recirculation=\"links-parrafos\">&#8220;Creo que\u00a0<a href=\"https:\/\/www.elconfidencial.com\/deportes\/futbol\/2025-06-16\/griezmann-simeone-atletico-madrid-psg-mundial-clubes_4152313\/\" target=\"_blank\" rel=\"noopener\" data-mrf-link=\"https:\/\/www.elconfidencial.com\/deportes\/futbol\/2025-06-16\/griezmann-simeone-atletico-madrid-psg-mundial-clubes_4152313\/\">el Mundial de Clubes\u00a0<\/a><strong>va a cambiar la visi\u00f3n que tienen los europeos\u00a0<\/strong>del f\u00fatbol sudamericano&#8221;, a\u00f1ade contundentemente Donato. \u00bfEs demasiado aventurado sugerir que un equipo sudamericano, y en especial brasile\u00f1o, puede ganar el Mundial? &#8220;\u00bfPor qu\u00e9 no so\u00f1ar con ello?<strong>\u00a0Est\u00e1n muy motivados<\/strong>. Tenemos a cuatro equipazos brasile\u00f1os&#8221;.<\/p>\n<h2 class=\"bodyTitle\">&#8220;Indiferencia y falta de inter\u00e9s&#8221;<\/h2>\n<p data-mrf-recirculation=\"links-parrafos\">\u00bfSe ha\u00a0<strong>infravalorado a los sudamericanos<\/strong>\u00a0desde Europa? Responde Z\u00e9 Ricardo. &#8220;Quiz\u00e1s s\u00ed, pero hasta cierto punto. Con la velocidad y la cantidad de informaci\u00f3n disponible,\u00a0<strong>es casi imposible desconocer al pr\u00f3ximo rival\u00a0<\/strong>y a sus jugadores&#8221;, cuenta.<strong>\u00a0&#8220;Desconocer, por ejemplo, a Jhon Arias\u00a0<\/strong>(referente del Fluminense y una de las figuras m\u00e1s destacadas de la Selecci\u00f3n Colombiana), como dijo Niko Kova\u010d, del Borussia, entre otros casos, es sin duda<strong>\u00a0una se\u00f1al de cierta indiferencia<\/strong>\u00a0por parte de algunos. O, al menos, de\u00a0<strong>falta de inter\u00e9s<\/strong>\u00a0en conocer un poco m\u00e1s las fortalezas del rival&#8221;, afirma el brasile\u00f1o.<\/p>\n<p data-mrf-recirculation=\"links-parrafos\">&#8220;El \u00faltimo campe\u00f3n Mundial es Argentina. Todo el mundo sabe qui\u00e9n es\u00a0<strong>Boca Juniors y qui\u00e9n es River Plate<\/strong>. No creo que se les haya infravalorado, pero s\u00ed que se sorprendan por la\u00a0<strong>agresividad y competitividad\u00a0<\/strong>de los sudamericanos.<strong>\u00a0Los europeos no est\u00e1n acostumbrados a estar tan inc\u00f3modos<\/strong>&#8220;, cuenta Martin Posse.<\/p>\n<figure class=\"bodyObject bodyImage__wrapper bodyImage__wrapper--landscape\">\n<div class=\"lqip lqip--landscapeWide\"><img decoding=\"async\" class=\"lqip__placeholder\" src=\"https:\/\/images.ecestaticos.com\/LS07oMt6TuPcGtUSl8W59oR8yAM=\/5x184:2272x1459\/32x18\/filters:fill(white):format(jpg)\/f.elconfidencial.com%2Foriginal%2F350%2F6ca%2F5c6%2F3506ca5c6a82c99636cdabfe924ea7e7.jpg\" alt=\"placeholder\" \/><img decoding=\"async\" class=\"bodyImage lqip__original\" src=\"https:\/\/images.ecestaticos.com\/uX7-SmINwo_cIF1ECPzTyvjwYs8=\/5x184:2272x1459\/1440x810\/filters:fill(white):format(jpg)\/f.elconfidencial.com%2Foriginal%2F350%2F6ca%2F5c6%2F3506ca5c6a82c99636cdabfe924ea7e7.jpg\" sizes=\"(min-width: 996px) 640px, (min-width: 768px) 50.65vw, calc(100vw - 32px)\" srcset=\"   https:\/\/images.ecestaticos.com\/uX7-SmINwo_cIF1ECPzTyvjwYs8=\/5x184:2272x1459\/1440x810\/filters:fill(white):format(jpg)\/f.elconfidencial.com%2Foriginal%2F350%2F6ca%2F5c6%2F3506ca5c6a82c99636cdabfe924ea7e7.jpg 1440w  , https:\/\/images.ecestaticos.com\/MR7M5bxoWtIYeAgK_yS4FdY-oVM=\/5x184:2272x1459\/1220x686\/filters:fill(white):format(jpg)\/f.elconfidencial.com%2Foriginal%2F350%2F6ca%2F5c6%2F3506ca5c6a82c99636cdabfe924ea7e7.jpg 1220w  , https:\/\/images.ecestaticos.com\/PTZ4rWtMq3ZJrcNdLkhnk0bgz8o=\/5x184:2272x1459\/996x560\/filters:fill(white):format(jpg)\/f.elconfidencial.com%2Foriginal%2F350%2F6ca%2F5c6%2F3506ca5c6a82c99636cdabfe924ea7e7.jpg 996w  , https:\/\/images.ecestaticos.com\/d1j3d34EnKf200t9r0icbNTbB3Q=\/5x184:2272x1459\/640x360\/filters:fill(white):format(jpg)\/f.elconfidencial.com%2Foriginal%2F350%2F6ca%2F5c6%2F3506ca5c6a82c99636cdabfe924ea7e7.jpg 640w  , https:\/\/images.ecestaticos.com\/Vai71BTc9UxLJHXo5C5KqWZmcTY=\/5x184:2272x1459\/600x338\/filters:fill(white):format(jpg)\/f.elconfidencial.com%2Foriginal%2F350%2F6ca%2F5c6%2F3506ca5c6a82c99636cdabfe924ea7e7.jpg 600w  , https:\/\/images.ecestaticos.com\/-Y9BjWFSrTJqCMakF0uItlvrY5c=\/5x184:2272x1459\/390x219\/filters:fill(white):format(jpg)\/f.elconfidencial.com%2Foriginal%2F350%2F6ca%2F5c6%2F3506ca5c6a82c99636cdabfe924ea7e7.jpg 390w  , https:\/\/images.ecestaticos.com\/qtXFTgpp_6OEPXFxizNpXeG_ZbE=\/5x184:2272x1459\/568x320\/filters:fill(white):format(jpg)\/f.elconfidencial.com%2Foriginal%2F350%2F6ca%2F5c6%2F3506ca5c6a82c99636cdabfe924ea7e7.jpg 568w  , https:\/\/images.ecestaticos.com\/KdyxLan4V08b2bBNaSQ-TlZ2PV4=\/5x184:2272x1459\/382x215\/filters:fill(white):format(jpg)\/f.elconfidencial.com%2Foriginal%2F350%2F6ca%2F5c6%2F3506ca5c6a82c99636cdabfe924ea7e7.jpg 382w  , https:\/\/images.ecestaticos.com\/cXdyRTatkmcdFJjTGtCq2bluwXc=\/5x184:2272x1459\/328x185\/filters:fill(white):format(jpg)\/f.elconfidencial.com%2Foriginal%2F350%2F6ca%2F5c6%2F3506ca5c6a82c99636cdabfe924ea7e7.jpg 328w  \" alt=\"Filipe Lu\u00eds, t\u00e9cnico de Flamengo. (Reuters\/Jean Carniel)\" \/><\/div><figcaption class=\"bodyImage__caption\">Filipe Lu\u00eds, t\u00e9cnico de Flamengo. (Reuters\/Jean Carniel)<\/figcaption><\/figure>\n<p data-mrf-recirculation=\"links-parrafos\">&#8220;Me encant\u00f3 c\u00f3mo el Fluminense jug\u00f3 al f\u00fatbol el primer d\u00eda, ocupando los espacios y con mucha seriedad. En Flamengo\u00a0<a href=\"https:\/\/www.elconfidencial.com\/deportes\/futbol\/2024-10-01\/filipe-luis-flamengo-atletic-de-madrid-entrenador_3973120\/\" target=\"_blank\" rel=\"noopener\" data-mrf-link=\"https:\/\/www.elconfidencial.com\/deportes\/futbol\/2024-10-01\/filipe-luis-flamengo-atletic-de-madrid-entrenador_3973120\/\">est\u00e1 Filipe Lu\u00eds\u00a0<\/a>de entrenador, que\u00a0<strong>yo creo que ser\u00e1 el futuro seleccionador de Brasil.\u00a0<\/strong>Un t\u00e9cnico de escuela europea, que estuvo con Simeone, Jorge Jes\u00fas&#8230; \u00e9l sabe mucho, es muy inteligente y\u00a0<strong>no tiene miedo&#8221;,\u00a0<\/strong>remarca Donato.<\/p>\n<p data-mrf-recirculation=\"links-parrafos\">&#8220;Brasil ya\u00a0<strong>no tiene las estrellas que ten\u00edamos antes\u00a0<\/strong>en nuestra liga (<a href=\"https:\/\/www.elconfidencial.com\/deportes\/juegos-olimpicos\/2024-07-26\/zico-paris-juegos-olimpicos-robo-maleta_3931958\/\" target=\"_blank\" rel=\"noopener\" data-mrf-link=\"https:\/\/www.elconfidencial.com\/deportes\/juegos-olimpicos\/2024-07-26\/zico-paris-juegos-olimpicos-robo-maleta_3931958\/\">Zico, Bebeto,<\/a>\u00a0Rom\u00e1rio&#8230;) y cuando ves un derbi brasile\u00f1o ahora es muy distinto, ya no existen esos cracks. Pero los brasile\u00f1os\u00a0<strong>estamos demostrando nuestro f\u00fatbol<\/strong>\u00a0en este Mundial&#8221;, cuenta el exjugador. &#8220;Veo algunos partidos en Brasil, pero no muchos, porque hay lentitud en el juego, falta ocupar bien los espacios, muchas conducciones de bal\u00f3n&#8230; pero\u00a0<strong>tenemos gente r\u00e1pida en ataque<\/strong>\u00a0para jugar al contragolpe. Ojal\u00e1 siga creciendo nuestro f\u00fatbol&#8221;, a\u00f1ade Donato.<\/p>\n<h2 class=\"bodyTitle\">&#8220;No quer\u00edan entrenadores extranjeros&#8221;<\/h2>\n<p data-mrf-recirculation=\"links-parrafos\">El hist\u00f3rico jugador tambi\u00e9n valora la llegada de<a href=\"https:\/\/www.elconfidencial.com\/deportes\/futbol\/2025-05-30\/vinicius-ancelotti-real-madrid-brasil-rodrygo_4138451\/pass_a5817e3f8525b968be65121a1ff54818\/?_overwrite=true&amp;m=1748514532707\" target=\"_blank\" rel=\"noopener\" data-mrf-link=\"https:\/\/www.elconfidencial.com\/deportes\/futbol\/2025-05-30\/vinicius-ancelotti-real-madrid-brasil-rodrygo_4138451\/pass_a5817e3f8525b968be65121a1ff54818\/\">\u00a0los t\u00e9cnicos europeos a Brasi<\/a>l y, en especial,<strong>\u00a0la de Carlo Ancelotti a la selecci\u00f3n.\u00a0<\/strong>&#8220;Me alegro de que Ancelotti firmase por Brasil. Yo le ped\u00ed a Guardiola que entrenara a Brasil. En nuestro pa\u00eds muchos\u00a0<strong>no quer\u00edan entrenadores extranjeros<\/strong>\u00a0por orgullo, pero Jorge Jes\u00fas, por ejemplo, cambi\u00f3 las cosas en Flamengo. El portugu\u00e9s Artur Jorge fue el entrenador que gan\u00f3 la Libertadores con Botafogo. Necesitamos entrenadores con voz de mando, donde los jugadores\u00a0<strong>no sean m\u00e1s importantes que los jugadores<\/strong>&#8220;.<\/p>\n<figure class=\"bodyObject bodyImage__wrapper bodyImage__wrapper--landscape\">\n<div class=\"lqip lqip--landscapeWide\"><img decoding=\"async\" class=\"lqip__placeholder\" src=\"https:\/\/images.ecestaticos.com\/AYyvDWhy8qW7sAJEJ4v7O00Uays=\/24x139:2273x1404\/32x18\/filters:fill(white):format(jpg)\/f.elconfidencial.com%2Foriginal%2Fe81%2F121%2Fe95%2Fe81121e95a779dbfa1951002f06defaf.jpg\" alt=\"placeholder\" \/><img decoding=\"async\" class=\"bodyImage lqip__original\" src=\"https:\/\/images.ecestaticos.com\/ZtgszWi4pSkSZyNexweqZoJb3KE=\/24x139:2273x1404\/1440x810\/filters:fill(white):format(jpg)\/f.elconfidencial.com%2Foriginal%2Fe81%2F121%2Fe95%2Fe81121e95a779dbfa1951002f06defaf.jpg\" sizes=\"(min-width: 996px) 640px, (min-width: 768px) 50.65vw, calc(100vw - 32px)\" srcset=\"   https:\/\/images.ecestaticos.com\/ZtgszWi4pSkSZyNexweqZoJb3KE=\/24x139:2273x1404\/1440x810\/filters:fill(white):format(jpg)\/f.elconfidencial.com%2Foriginal%2Fe81%2F121%2Fe95%2Fe81121e95a779dbfa1951002f06defaf.jpg 1440w  , https:\/\/images.ecestaticos.com\/PEt2H2m9raBmCmMgE8A1ZtsoxmY=\/24x139:2273x1404\/1220x686\/filters:fill(white):format(jpg)\/f.elconfidencial.com%2Foriginal%2Fe81%2F121%2Fe95%2Fe81121e95a779dbfa1951002f06defaf.jpg 1220w  , https:\/\/images.ecestaticos.com\/WZaB78IFH8Vx7FNE9Ty8hKId7Xs=\/24x139:2273x1404\/996x560\/filters:fill(white):format(jpg)\/f.elconfidencial.com%2Foriginal%2Fe81%2F121%2Fe95%2Fe81121e95a779dbfa1951002f06defaf.jpg 996w  , https:\/\/images.ecestaticos.com\/6RhoDM2k5w2oYr7_DpuCt5-xK6s=\/24x139:2273x1404\/640x360\/filters:fill(white):format(jpg)\/f.elconfidencial.com%2Foriginal%2Fe81%2F121%2Fe95%2Fe81121e95a779dbfa1951002f06defaf.jpg 640w  , https:\/\/images.ecestaticos.com\/WCVFGJTbgwFMc3XRjG9-YlQt8Mk=\/24x139:2273x1404\/600x338\/filters:fill(white):format(jpg)\/f.elconfidencial.com%2Foriginal%2Fe81%2F121%2Fe95%2Fe81121e95a779dbfa1951002f06defaf.jpg 600w  , https:\/\/images.ecestaticos.com\/VdqSlPez-i-alxr-mSIiqvjaDk0=\/24x139:2273x1404\/390x219\/filters:fill(white):format(jpg)\/f.elconfidencial.com%2Foriginal%2Fe81%2F121%2Fe95%2Fe81121e95a779dbfa1951002f06defaf.jpg 390w  , https:\/\/images.ecestaticos.com\/CSAmmgn9ff0RckVs2-OrhR81Rfw=\/24x139:2273x1404\/568x320\/filters:fill(white):format(jpg)\/f.elconfidencial.com%2Foriginal%2Fe81%2F121%2Fe95%2Fe81121e95a779dbfa1951002f06defaf.jpg 568w  , https:\/\/images.ecestaticos.com\/ZAnX91aMOW6rTMVmREwh5WmWZJE=\/24x139:2273x1404\/382x215\/filters:fill(white):format(jpg)\/f.elconfidencial.com%2Foriginal%2Fe81%2F121%2Fe95%2Fe81121e95a779dbfa1951002f06defaf.jpg 382w  , https:\/\/images.ecestaticos.com\/GPOwMzGs6lyFgpYWrQy0S-WQL78=\/24x139:2273x1404\/328x185\/filters:fill(white):format(jpg)\/f.elconfidencial.com%2Foriginal%2Fe81%2F121%2Fe95%2Fe81121e95a779dbfa1951002f06defaf.jpg 328w  \" alt=\"Carlo Ancelotti aspira a devolver la gloria a Brasil en el Mundial de 2026. (EFE) \" \/><\/div><figcaption class=\"bodyImage__caption\">Carlo Ancelotti aspira a devolver la gloria a Brasil en el Mundial de 2026. (EFE)<\/figcaption><\/figure>\n<p data-mrf-recirculation=\"links-parrafos\">&#8220;Ancelotti<strong>\u00a0va a cambiar a la selecci\u00f3n brasile\u00f1a<\/strong>. \u00daltimamente, no han salido tan buenos jugadores como antes.\u00a0<strong>El \u00faltimo mohicano ser\u00eda Neymar,<\/strong>\u00a0el que se ech\u00f3 el equipo a la espalda.\u00a0<a href=\"https:\/\/www.elconfidencial.com\/deportes\/futbol\/2024-09-08\/vinicius-junior-racismo-cnn-entrevista-espana-mundial_3957277\/pass_dc51440b36520f4f88c93eaa2f214db2\/?_overwrite=true&amp;m=1725707707050\" target=\"_blank\" rel=\"noopener\" data-mrf-link=\"https:\/\/www.elconfidencial.com\/deportes\/futbol\/2024-09-08\/vinicius-junior-racismo-cnn-entrevista-espana-mundial_3957277\/pass_dc51440b36520f4f88c93eaa2f214db2\/\">Vin\u00edcius y Rodrygo<\/a>\u00a0son grand\u00edsimos jugadores y tambi\u00e9n me gust\u00f3 que convocase a Casemiro, porque es un l\u00edder en el centro del campo. Es un momento muy complicado para Brasil, porque la mayor\u00eda de t\u00e9cnicos no han aguantado la presi\u00f3n y han puesto a\u00a0<strong>jugadores por su nombre y no por su rendimiento<\/strong>&#8220;, remata Donato.<\/p>\n<\/div>\n<div class=\"shareBar innerArticle__shareSection\">\n<p>El Confidencial<\/p>\n<\/div>\n<\/div>\n<div class=\"innerArticle__bottom outbrainModule\">\n<div class=\"ob-smartfeed-wrapper feedIdx-0\">\n<div id=\"outbrain_widget_0\" class=\"OUTBRAIN\" data-src=\"https:\/\/www.elconfidencial.com\/deportes\/futbol\/2025-06-21\/mundial-clubes-conmebol-botafogo-boca-river-palmeiras_4155714\/\" data-widget-id=\"AR_4\" data-mrf-recirculation=\"outbrain\" data-ob-mark=\"true\" data-browser=\"chrome\" data-os=\"macintel\" data-dynload=\"\" data-idx=\"0\">\n<div class=\"ob-widget ob-feed-layout CRAB_FEED_4\">\n<div class=\"ob-widget-header\"><\/div>\n<\/div>\n<\/div>\n<\/div>\n<\/div>\n","protected":false},"excerpt":{"rendered":"<p>&#8220;El Mundial va a cambiar la visi\u00f3n que tienen los europeos sobre el f\u00fatbol sudamericano&#8221;, afirma Donato. Brasile\u00f1os y argentinos plantan cara a las grandes [&hellip;]<\/p>\n","protected":false},"author":1,"featured_media":6149,"comment_status":"open","ping_status":"open","sticky":false,"template":"","format":"standard","meta":{"h5ap_radio_sources":[],"_FSMCFIC_featured_image_caption":"","_FSMCFIC_featured_image_nocaption":"","_FSMCFIC_featured_image_hide":"","_jetpack_memberships_contains_paid_content":false,"footnotes":""},"categories":[5],"tags":[],"class_list":["post-6143","post","type-post","status-publish","format-standard","has-post-thumbnail","hentry","category-internacionales"],"aioseo_notices":[],"jetpack_featured_media_url":"https:\/\/nuevaprensaamerica.com\/wp-content\/uploads\/2025\/06\/f.elconfidencial.com_original_4bb_05e_a65_4bb05ea65839ed1cce5d02b021f3dc93.jpg","jetpack_sharing_enabled":true,"_links":{"self":[{"href":"https:\/\/nuevaprensaamerica.com\/index.php\/wp-json\/wp\/v2\/posts\/6143","targetHints":{"allow":["GET"]}}],"collection":[{"href":"https:\/\/nuevaprensaamerica.com\/index.php\/wp-json\/wp\/v2\/posts"}],"about":[{"href":"https:\/\/nuevaprensaamerica.com\/index.php\/wp-json\/wp\/v2\/types\/post"}],"author":[{"embeddable":true,"href":"https:\/\/nuevaprensaamerica.com\/index.php\/wp-json\/wp\/v2\/users\/1"}],"replies":[{"embeddable":true,"href":"https:\/\/nuevaprensaamerica.com\/index.php\/wp-json\/wp\/v2\/comments?post=6143"}],"version-history":[{"count":5,"href":"https:\/\/nuevaprensaamerica.com\/index.php\/wp-json\/wp\/v2\/posts\/6143\/revisions"}],"predecessor-version":[{"id":6148,"href":"https:\/\/nuevaprensaamerica.com\/index.php\/wp-json\/wp\/v2\/posts\/6143\/revisions\/6148"}],"wp:featuredmedia":[{"embeddable":true,"href":"https:\/\/nuevaprensaamerica.com\/index.php\/wp-json\/wp\/v2\/media\/6149"}],"wp:attachment":[{"href":"https:\/\/nuevaprensaamerica.com\/index.php\/wp-json\/wp\/v2\/media?parent=6143"}],"wp:term":[{"taxonomy":"category","embeddable":true,"href":"https:\/\/nuevaprensaamerica.com\/index.php\/wp-json\/wp\/v2\/categories?post=6143"},{"taxonomy":"post_tag","embeddable":true,"href":"https:\/\/nuevaprensaamerica.com\/index.php\/wp-json\/wp\/v2\/tags?post=6143"}],"curies":[{"name":"wp","href":"https:\/\/api.w.org\/{rel}","templated":true}]}}