{"id":6150,"date":"2025-06-25T10:23:55","date_gmt":"2025-06-25T10:23:55","guid":{"rendered":"https:\/\/nuevaprensaamerica.com\/?p=6150"},"modified":"2025-06-25T10:23:55","modified_gmt":"2025-06-25T10:23:55","slug":"el-juicio-contra-alvaro-uribe-el-papel-clave-del-periodista-gonzalo-guillen","status":"publish","type":"post","link":"https:\/\/nuevaprensaamerica.com\/index.php\/2025\/06\/25\/el-juicio-contra-alvaro-uribe-el-papel-clave-del-periodista-gonzalo-guillen\/","title":{"rendered":"El juicio contra \u00c1lvaro Uribe: El papel clave del periodista Gonzalo Guill\u00e9n"},"content":{"rendered":"<p data-start=\"223\" data-end=\"635\">El periodista de investigaci\u00f3n <strong data-start=\"254\" data-end=\"273\">Gonzalo Guill\u00e9n<\/strong> (@HELIODOPTERO) public\u00f3 un contundente <a class=\"\" href=\"https:\/\/x.com\/HELIODOPTERO\/status\/1937585952899145999?s=63\" target=\"_new\" rel=\"noopener\" data-start=\"313\" data-end=\"407\">hilo en X el 24 de junio de 2025<\/a>, en el que asegura que el juicio contra el expresidente \u00c1lvaro Uribe V\u00e9lez \u2014y la solicitud de condena que actualmente enfrenta\u2014 <strong data-start=\"536\" data-end=\"634\">tienen su origen en investigaciones period\u00edsticas que \u00e9l mismo public\u00f3 en exclusiva desde 2018<\/strong>.<\/p>\n<p data-start=\"637\" data-end=\"869\"><!--more--><\/p>\n<p data-start=\"637\" data-end=\"869\">Guill\u00e9n se\u00f1ala que ha sufrido <strong data-start=\"667\" data-end=\"704\">persecuciones, amenazas y ataques<\/strong> por haber revelado estos hechos, y acompa\u00f1a su hilo con im\u00e1genes de documentos judiciales donde se demuestra la repercusi\u00f3n directa de sus reportajes en el proceso.<\/p>\n<h3 data-start=\"871\" data-end=\"902\">\ud83d\udccc Enlace al hilo original:<\/h3>\n<ul data-start=\"903\" data-end=\"1108\">\n<li data-start=\"903\" data-end=\"974\">\n<p data-start=\"905\" data-end=\"974\">Parte 1: <a class=\"\" href=\"https:\/\/x.com\/HELIODOPTERO\/status\/1937585952899145999?s=63\" target=\"_new\" rel=\"noopener\" data-start=\"914\" data-end=\"972\">https:\/\/x.com\/HELIODOPTERO\/status\/1937585952899145999?s=63<\/a><\/p>\n<\/li>\n<li data-start=\"975\" data-end=\"1041\">\n<p data-start=\"977\" data-end=\"1041\">Parte 2: <a class=\"\" href=\"https:\/\/x.com\/HELIODOPTERO\/status\/1937585960591720600\" target=\"_new\" rel=\"noopener\" data-start=\"986\" data-end=\"1039\">https:\/\/x.com\/HELIODOPTERO\/status\/1937585960591720600<\/a><\/p>\n<\/li>\n<li data-start=\"1042\" data-end=\"1108\">\n<p data-start=\"1044\" data-end=\"1108\">Parte 3: <a class=\"\" href=\"https:\/\/x.com\/HELIODOPTERO\/status\/1937585967998656888\" target=\"_new\" rel=\"noopener\" data-start=\"1053\" data-end=\"1106\">https:\/\/x.com\/HELIODOPTERO\/status\/1937585967998656888<\/a><\/p>\n<\/li>\n<\/ul>\n<hr data-start=\"1110\" data-end=\"1113\" \/>\n<h2 data-start=\"1115\" data-end=\"1163\">Las revelaciones que anticiparon el esc\u00e1ndalo<\/h2>\n<p data-start=\"1165\" data-end=\"1411\">Seg\u00fan las pruebas, Guill\u00e9n fue el primer periodista en divulgar p\u00fablicamente la existencia de <strong data-start=\"1259\" data-end=\"1275\">Diego Cadena<\/strong>, abogado cercano a Uribe, quien habr\u00eda visitado al testigo Juan Guillermo Monsalve en la c\u00e1rcel La Picota para manipular su testimonio.<\/p>\n<p data-start=\"1413\" data-end=\"1627\">Esto fue revelado en una columna del 10 de mayo de 2018 en <em data-start=\"1472\" data-end=\"1489\">La Nueva Prensa<\/em>, referida expl\u00edcitamente en los <strong data-start=\"1522\" data-end=\"1543\">folios judiciales<\/strong> y mencionada como <strong data-start=\"1562\" data-end=\"1602\">origen de la explosi\u00f3n del esc\u00e1ndalo<\/strong>. En el folio 736 se lee:<\/p>\n<blockquote data-start=\"1629\" data-end=\"1866\">\n<p data-start=\"1631\" data-end=\"1866\"><em data-start=\"1631\" data-end=\"1866\">&#8220;No se comprende por tanto, si no es la intenci\u00f3n de ocultar la verdad, la raz\u00f3n por la que Lombana Villalba [&#8230;] afirma que solo conoci\u00f3 a Diego Cadena cuando los medios lo hicieron p\u00fablico [&#8230;] con la columna de Gonzalo Guill\u00e9n.&#8221;<\/em><\/p>\n<\/blockquote>\n<hr data-start=\"1868\" data-end=\"1871\" \/>\n<h2 data-start=\"1873\" data-end=\"1907\">Conversaciones que lo confirman<\/h2>\n<p data-start=\"1909\" data-end=\"2133\">En las transcripciones de llamadas e interrogatorios dentro del expediente, se evidencia que tanto Uribe como su c\u00edrculo cercano estaban inquietos por las publicaciones de Guill\u00e9n. Por ejemplo, \u00c1lvaro Uribe V\u00e9lez (AUV) dice:<\/p>\n<blockquote data-start=\"2135\" data-end=\"2270\">\n<p data-start=\"2137\" data-end=\"2270\"><em data-start=\"2137\" data-end=\"2270\">&#8220;Me llama Jaime Lombana muy preocupado por el art\u00edculo de ese bandido de Guill\u00e9n; [&#8230;] dice que algo est\u00e1n cocinando en la Corte.&#8221;<\/em><\/p>\n<\/blockquote>\n<p data-start=\"2272\" data-end=\"2302\">Y m\u00e1s adelante, Cadena afirma:<\/p>\n<blockquote data-start=\"2304\" data-end=\"2403\">\n<p data-start=\"2306\" data-end=\"2403\"><em data-start=\"2306\" data-end=\"2403\">&#8220;Ese art\u00edculo que sac\u00f3 ese periodista mentiroso Guill\u00e9n, a m\u00ed me est\u00e1n buscando periodistas&#8230;&#8221;<\/em><\/p>\n<\/blockquote>\n<hr data-start=\"2405\" data-end=\"2408\" \/>\n<h2 data-start=\"2410\" data-end=\"2434\">Testimonios oficiales<\/h2>\n<p data-start=\"2436\" data-end=\"2593\">En el folio 684, el testigo Jaime Lombana Villalba tambi\u00e9n confirma que Guill\u00e9n fue el primero en hacer p\u00fablica la informaci\u00f3n sobre las amenazas a Monsalve:<\/p>\n<blockquote data-start=\"2595\" data-end=\"2784\">\n<p data-start=\"2597\" data-end=\"2784\"><em data-start=\"2597\" data-end=\"2784\">&#8220;Gonzalo Guill\u00e9n public\u00f3 que \u00e9l directamente estaba amenazando a un testigo [&#8230;] y por eso se pregunt\u00f3 qui\u00e9n era esa se\u00f1ora que le hab\u00eda escrito semanas despu\u00e9s de su ida a la c\u00e1rcel.&#8221;<\/em><\/p>\n<\/blockquote>\n<hr data-start=\"2786\" data-end=\"2789\" \/>\n<p data-start=\"2806\" data-end=\"3077\">Este caso no solo implica judicialmente al expresidente \u00c1lvaro Uribe, sino que tambi\u00e9n pone en el centro del debate <strong data-start=\"2922\" data-end=\"2981\">la importancia del periodismo independiente en Colombia<\/strong>. Las pruebas divulgadas por Gonzalo Guill\u00e9n fueron claves en el proceso que hoy sacude al pa\u00eds.<\/p>\n<p data-start=\"3079\" data-end=\"3258\">El hilo publicado por Guill\u00e9n funciona como una memoria de su trabajo period\u00edstico, una defensa de su oficio y una advertencia sobre el costo de revelar la verdad frente al poder.<\/p>\n","protected":false},"excerpt":{"rendered":"<p>El periodista de investigaci\u00f3n Gonzalo Guill\u00e9n (@HELIODOPTERO) public\u00f3 un contundente hilo en X el 24 de junio de 2025, en el que asegura que el [&hellip;]<\/p>\n","protected":false},"author":1,"featured_media":6155,"comment_status":"open","ping_status":"open","sticky":false,"template":"","format":"standard","meta":{"h5ap_radio_sources":[],"_FSMCFIC_featured_image_caption":"","_FSMCFIC_featured_image_nocaption":"","_FSMCFIC_featured_image_hide":"","_jetpack_memberships_contains_paid_content":false,"footnotes":""},"categories":[12],"tags":[],"class_list":["post-6150","post","type-post","status-publish","format-standard","has-post-thumbnail","hentry","category-colombia"],"aioseo_notices":[],"jetpack_featured_media_url":"https:\/\/nuevaprensaamerica.com\/wp-content\/uploads\/2025\/06\/3GP4NMLC4FAL3B5BB7RG26SEEY.jpg","jetpack_sharing_enabled":true,"_links":{"self":[{"href":"https:\/\/nuevaprensaamerica.com\/index.php\/wp-json\/wp\/v2\/posts\/6150","targetHints":{"allow":["GET"]}}],"collection":[{"href":"https:\/\/nuevaprensaamerica.com\/index.php\/wp-json\/wp\/v2\/posts"}],"about":[{"href":"https:\/\/nuevaprensaamerica.com\/index.php\/wp-json\/wp\/v2\/types\/post"}],"author":[{"embeddable":true,"href":"https:\/\/nuevaprensaamerica.com\/index.php\/wp-json\/wp\/v2\/users\/1"}],"replies":[{"embeddable":true,"href":"https:\/\/nuevaprensaamerica.com\/index.php\/wp-json\/wp\/v2\/comments?post=6150"}],"version-history":[{"count":4,"href":"https:\/\/nuevaprensaamerica.com\/index.php\/wp-json\/wp\/v2\/posts\/6150\/revisions"}],"predecessor-version":[{"id":6154,"href":"https:\/\/nuevaprensaamerica.com\/index.php\/wp-json\/wp\/v2\/posts\/6150\/revisions\/6154"}],"wp:featuredmedia":[{"embeddable":true,"href":"https:\/\/nuevaprensaamerica.com\/index.php\/wp-json\/wp\/v2\/media\/6155"}],"wp:attachment":[{"href":"https:\/\/nuevaprensaamerica.com\/index.php\/wp-json\/wp\/v2\/media?parent=6150"}],"wp:term":[{"taxonomy":"category","embeddable":true,"href":"https:\/\/nuevaprensaamerica.com\/index.php\/wp-json\/wp\/v2\/categories?post=6150"},{"taxonomy":"post_tag","embeddable":true,"href":"https:\/\/nuevaprensaamerica.com\/index.php\/wp-json\/wp\/v2\/tags?post=6150"}],"curies":[{"name":"wp","href":"https:\/\/api.w.org\/{rel}","templated":true}]}}