{"id":6418,"date":"2025-08-03T08:57:36","date_gmt":"2025-08-03T08:57:36","guid":{"rendered":"https:\/\/nuevaprensaamerica.com\/?p=6418"},"modified":"2025-08-03T12:06:15","modified_gmt":"2025-08-03T12:06:15","slug":"freddy-bernal-traiciona-y-se-burla-del-ministro-diosdado-cabello","status":"publish","type":"post","link":"https:\/\/nuevaprensaamerica.com\/index.php\/2025\/08\/03\/freddy-bernal-traiciona-y-se-burla-del-ministro-diosdado-cabello\/","title":{"rendered":"FREDDY BERNAL TRAICIONA Y SE BURLA DEL MINISTRO DIOSDADO CABELLO"},"content":{"rendered":"<p data-start=\"120\" data-end=\"369\">Llevo dos noches seguidas estudiando a fondo y contrastando diferentes fuentes de informaci\u00f3n, que me permitieran documentarme lo suficientemente bien para entender y poder compartir con ustedes una visi\u00f3n m\u00e1s amplia y precisa de este complejo tema.<\/p>\n<p data-start=\"371\" data-end=\"716\">Creo que en la extraordinaria e irrefutable investigaci\u00f3n que realiz\u00f3 nuestro equipo sobre la relaci\u00f3n entre el narcotraficante colombiano Jos\u00e9 Guillermo \u201c\u00d1e\u00f1e\u201d Hern\u00e1ndez Aponte y su socio Waldo Rujano Mora le faltan algunos aspectos m\u00e1s globales y una perspectiva que les haga m\u00e1s f\u00e1cil comprender la gravedad y consecuencias de dicha relaci\u00f3n.<\/p>\n<p data-start=\"718\" data-end=\"943\">Iniciaremos desde la dictadura del general Gustavo Rojas Pinilla, quien propin\u00f3 un golpe de Estado en 1953 y gobern\u00f3 a Colombia hasta 1957, cuando debi\u00f3 renunciar ante un paro c\u00edvico-empresarial y se vio obligado a renunciar.<\/p>\n<p data-start=\"945\" data-end=\"1177\"><!--more--><\/p>\n<p data-start=\"945\" data-end=\"1177\">Sorprendentemente, y a pesar de la persecuci\u00f3n judicial en su contra, regres\u00f3 a la vida pol\u00edtica y gan\u00f3 las elecciones de 1970, pero se impuso un fraude electoral para desconocer su triunfo y declarar como ganador a Misael Pastrana.<\/p>\n<p data-start=\"1179\" data-end=\"1476\">Algo similar sucedi\u00f3 a\u00f1os despu\u00e9s de su derrocamiento con Marcos P\u00e9rez Jim\u00e9nez, cuyo partido pol\u00edtico, la Cruzada C\u00edvica Nacionalista, casi obtiene la mayor cantidad de votos en las elecciones de 1968, y P\u00e9rez Jim\u00e9nez result\u00f3 electo senador. Pero la Corte Suprema de Justicia invalid\u00f3 su elecci\u00f3n.<\/p>\n<p data-start=\"1179\" data-end=\"1476\"><a href=\"https:\/\/nuevaprensaamerica.com\/wp-content\/uploads\/2025\/08\/photo_2025-08-03_10-33-11.jpg\"><img loading=\"lazy\" decoding=\"async\" class=\"aligncenter size-full wp-image-95279\" src=\"https:\/\/nuevaprensaamerica.com\/wp-content\/uploads\/2025\/08\/photo_2025-08-03_10-33-11.jpg\" alt=\"\" width=\"1009\" height=\"1096\" \/><\/a><\/p>\n<p data-start=\"123\" data-end=\"175\"><strong data-start=\"123\" data-end=\"175\">EL CARTEL DE LOS SOLES Y SUS MIEMBROS FUNDADORES<\/strong><\/p>\n<p data-start=\"177\" data-end=\"1150\">A lo largo de esta investigaci\u00f3n no encontr\u00e9 ninguna relaci\u00f3n de Nicol\u00e1s Maduro y\/o Diosdado Cabello con el llamado \u201cCartel de los Soles\u201d, de manera directa. De lo que s\u00ed tengo documentaci\u00f3n es de la participaci\u00f3n, en sus inicios, de Walid Makled, Wilmer Ruperti, Hugo \u201cEl Pollo\u201d Carvajal, Pedro Luis Mart\u00edn Olivares, general Luis Felipe Acosta Carles, Carlos Anasi Turchio, Carlos \u00d3rense, Luis Mar\u00edn, Walter Alexander Del Nogal M\u00e1rquez, los hermanos Carlos y Cl\u00edver Alcal\u00e1 Cordones, el empresario Vittorio Di Stefano, Tareck El Aissami y su familia, Jorge Garc\u00eda Carneiro, Julio Garc\u00eda Montoya, Benito Robles, N\u00e9stor Reverol, Luis Motta Dom\u00ednguez, Vassyly Kotosky Villarroel Ram\u00edrez, Alexis Maneiro, los hermanos Miguel y Jos\u00e9 Francisco Alc\u00f3n Matos, y Hugo Ch\u00e1vez. Este \u00faltimo hab\u00eda evidenciado, desde que era teniente coronel, su disposici\u00f3n de concretar una alianza con la guerrilla colombiana y recibir financiaci\u00f3n del narcotr\u00e1fico del pa\u00eds vecino para tomar el poder.<\/p>\n<p data-start=\"1152\" data-end=\"1450\">Realmente, sus fundadores fueron Ram\u00f3n Guill\u00e9n D\u00e1vila y su sucesor Orlando Hern\u00e1ndez Villegas, quienes se acostumbraron a ese juego perverso de la DEA de las \u201centregas controladas\u201d: pactar con unos carteles para beneficiar a otros y recibir beneficios de lo incautado: drogas, propiedades o dinero.<\/p>\n<p data-start=\"1452\" data-end=\"1663\">No olvidemos el esc\u00e1ndalo IR\u00c1N\/CONTRAS, donde qued\u00f3 evidenciado que la CIA financiaba a grupos armados para deponer gobiernos con dinero que proven\u00eda del tr\u00e1fico de drogas de Manuel Antonio Noriega desde Panam\u00e1.<\/p>\n<p data-start=\"1665\" data-end=\"1888\">En todo caso, podr\u00edan ser acusados por tolerar, permitir o hacerse desde Panam\u00e1 la vista gorda con relaci\u00f3n a alguna actividad de este tipo, pero no he encontrado una imagen o documento donde sea contundente su implicaci\u00f3n.<\/p>\n<p data-start=\"126\" data-end=\"336\"><strong data-start=\"126\" data-end=\"336\">LA GRAN SORPRESA: NUEVOS ELEMENTOS DESCUBIERTOS POR NOSOTROS IMPLICAN COMO AUTORES INTELECTUALES DEL ASESINATO DEL \u00d1E\u00d1E HERN\u00c1NDEZ A EL \u201cMATARIFE\u201d \u00c1LVARO URIBE, TOTO ARIZA, WALDO RUJANO Y MAR\u00cdA M\u00d3NICA URBINA<\/strong><\/p>\n<p data-start=\"313\" data-end=\"1011\">Mar\u00eda M\u00f3nica Urbina estaba muy clara en relaci\u00f3n con las remotas posibilidades que ten\u00eda para quedarse con la herencia. Primero, por las acciones judiciales de los hijos de Hern\u00e1ndez y, luego, por parte de la justicia colombiana, que confiscar\u00eda los bienes, como finalmente sucedi\u00f3. Ariza y Mar\u00eda M\u00f3nica unieron fuerzas para acabar con la vida del \u00d1e\u00f1e.<br data-start=\"666\" data-end=\"669\" \/>Mar\u00eda M\u00f3nica Urbina estaba cansada de sus malos tratos, abusos e infidelidades.<br data-start=\"748\" data-end=\"751\" \/>Toto y ella empezaron un intenso romance, lo cual los motiv\u00f3 a ejecutar el plan.<br data-start=\"831\" data-end=\"834\" \/>Por \u00faltimo, se impuso la astucia de Mar\u00eda M\u00f3nica: ella conoc\u00eda a los testaferros y empleados, las inversiones y los negocios en plena productividad, donde ella s\u00ed ten\u00eda control.<\/p>\n<p data-start=\"1013\" data-end=\"1237\">Waldo Rujano traicion\u00f3 al \u00d1e\u00f1e, tambi\u00e9n obedeciendo a su avaricia, animado por la protecci\u00f3n que le brinda \u00c1lvaro Uribe.<\/p>\n<p data-start=\"1013\" data-end=\"1237\">De igual forma, traicionar\u00e1 a Nicol\u00e1s y a Diosdado, a cambio de no sufrir los rigores de la Ley RICO.<\/p>\n<p data-start=\"1013\" data-end=\"1237\"><a href=\"https:\/\/nuevaprensaamerica.com\/wp-content\/uploads\/2025\/08\/photo_2025-08-03_10-39-07.jpg\"><img loading=\"lazy\" decoding=\"async\" class=\"aligncenter size-full wp-image-95284\" src=\"https:\/\/nuevaprensaamerica.com\/wp-content\/uploads\/2025\/08\/photo_2025-08-03_10-39-07.jpg\" alt=\"\" width=\"1280\" height=\"1232\" \/><\/a><\/p>\n<figure id=\"attachment_95286\" aria-describedby=\"caption-attachment-95286\" style=\"width: 1200px\" class=\"wp-caption aligncenter\"><a href=\"https:\/\/nuevaprensaamerica.com\/wp-content\/uploads\/2025\/08\/photo_2025-08-03_10-39-26.jpg\"><img loading=\"lazy\" decoding=\"async\" class=\"size-full wp-image-95286\" src=\"https:\/\/nuevaprensaamerica.com\/wp-content\/uploads\/2025\/08\/photo_2025-08-03_10-39-26.jpg\" alt=\"\" width=\"1200\" height=\"1200\" \/><\/a><figcaption id=\"caption-attachment-95286\" class=\"wp-caption-text\">NARCOTRAFICANTE \u201cMARQUITOS\u201d FIGUEROA<\/figcaption><\/figure>\n<figure id=\"attachment_95288\" aria-describedby=\"caption-attachment-95288\" style=\"width: 545px\" class=\"wp-caption aligncenter\"><a href=\"https:\/\/nuevaprensaamerica.com\/wp-content\/uploads\/2025\/08\/photo_2025-08-03_10-39-47.jpg\"><img loading=\"lazy\" decoding=\"async\" class=\"size-full wp-image-95288\" src=\"https:\/\/nuevaprensaamerica.com\/wp-content\/uploads\/2025\/08\/photo_2025-08-03_10-39-47.jpg\" alt=\"\" width=\"545\" height=\"818\" \/><\/a><figcaption id=\"caption-attachment-95288\" class=\"wp-caption-text\">EX REINA DE BELLEZA Y VIUDA MARIA MONICA URBINA<\/figcaption><\/figure>\n<figure id=\"attachment_95290\" aria-describedby=\"caption-attachment-95290\" style=\"width: 1200px\" class=\"wp-caption aligncenter\"><a href=\"https:\/\/nuevaprensaamerica.com\/wp-content\/uploads\/2025\/08\/photo_2025-08-03_10-40-04.jpg\"><img loading=\"lazy\" decoding=\"async\" class=\"size-full wp-image-95290\" src=\"https:\/\/nuevaprensaamerica.com\/wp-content\/uploads\/2025\/08\/photo_2025-08-03_10-40-04.jpg\" alt=\"\" width=\"1200\" height=\"1200\" \/><\/a><figcaption id=\"caption-attachment-95290\" class=\"wp-caption-text\">NARCOTRAFICANTES TOTO ARIZA Y \u00d1E\u00d1E HERNANDEZ. ( AGR\u00c9GALE ESTE ENLACE PARA QUE LA GENTE PUEDE ACCEDER Y CONOCER SU MODUS OPERANDI)<\/figcaption><\/figure>\n<div>\n<div style=\"left: 0; width: 100%; height: 0; position: relative; padding-bottom: 52.25%; padding-top: 120px;\"><iframe title=\"Caso \u201cToto Ariza\u201d: La ganader\u00eda que mata ecosistemas y lava narco dinero\" src=\"\/\/if-cdn.com\/X3OPzFdm?maxheight=960&#038;app=1\" style=\"top: 0; left: 0; width: 100%; height: 100%; position: absolute; border: 0;\" allowfullscreen><\/iframe><\/div>\n<\/div>\n<p><script async src=\"\/\/if-cdn.com\/embed.js\" charset=\"utf-8\"><\/script><script type=\"text\/javascript\">window.addEventListener(\"message\",function(e){\n                window.parent.postMessage(e.data,\"*\");\n            },false);<\/script><\/p>\n<p>&nbsp;<\/p>\n<p data-start=\"119\" data-end=\"579\">Despu\u00e9s de la salida de Rojas Pinilla del poder, todos y cada uno de los presidentes de Colombia, sin excepciones, han estado vinculados al narcotr\u00e1fico, de una u otra forma, para poder gobernar. Han tenido que pactar, ceder espacios, negociar, aceptar dinero e imposiciones. Conservadores y liberales, izquierdistas y derechistas, Pacto Hist\u00f3rico y Centro Democr\u00e1tico, directa o indirectamente, tienen vinculaciones con alg\u00fan grupo relacionado con las drogas.<\/p>\n<p data-start=\"581\" data-end=\"901\">Los capos del Cartel de Cali, los hermanos Rodr\u00edguez Orejuela, financiaron a candidatos presidenciales y a otros puestos de elecci\u00f3n popular. Pablo Escobar lleg\u00f3 m\u00e1s lejos: result\u00f3 electo representante, controlaba directamente a congresistas, gobernadores, jefes policiales, parlamento y Asamblea Nacional Constituyente.<\/p>\n<p data-start=\"903\" data-end=\"1186\">Cuando comenz\u00f3 la guerra armada entre unos y otros grupos, se conformaron poderosos bloques armados alrededor de cada uno: guerrilleros vs. autodefensas, Cartel de Cali vs. Cartel de Medell\u00edn, FARC vs. ELN, etc. Despu\u00e9s fueron mutando: disidencias, frentes, Oficina de Envigado, etc.<\/p>\n<p data-start=\"1188\" data-end=\"1973\">Se dividen por regiones (pol\u00edticas, terratenientes, carteles, etc.), tipo de cultivos, etnias o grupos pol\u00edtico-familiares influyentes y dominantes. Para nadie es un secreto que la Federaci\u00f3n de Ganaderos, presidida actualmente por el esposo de la senadora Mar\u00eda Fernanda Cabal, desde hace d\u00e9cadas financia sus propios grupos armados tipo mercenarios. Y que, desde hace unos 50 a\u00f1os atr\u00e1s, \u00c1lvaro Uribe y su familia han tenido el mayor n\u00famero de mercenarios, ordenado el mayor n\u00famero de ejecuciones, acumulado la mayor cantidad de tierras y coordinado la mayor cantidad de coca\u00edna que se exporta fuera de Colombia. Su poder pol\u00edtico y financiero le permite eso y mucho m\u00e1s, as\u00ed como mantener una estructura financiera capaz de blanquear cientos de millones de d\u00f3lares en todo el mundo.<\/p>\n<p data-start=\"1975\" data-end=\"2289\">\u00c1lvaro Uribe tiene una influencia tal, que impuso como presidentes a Juan Manuel Santos e Iv\u00e1n Duque, y seguramente imponga al sucesor de Gustavo Petro. Meses atr\u00e1s, el candidato de la Federaci\u00f3n de Ganaderos era miembro de la \u201chuella Uribe\u201d, para lo cual contrataron como asesor al vendedor de humo Lester Toledo.<\/p>\n<p data-start=\"2291\" data-end=\"2484\">Pero tengan algo presente: uno de los narcotraficantes de mayor confianza de \u00c1lvaro Uribe fue Jos\u00e9 \u201c\u00d1e\u00f1e\u201d Guillermo Hern\u00e1ndez Aponte, y uno de sus testaferros y c\u00f3mplices era Waldo Rujano Mora.<\/p>\n<p data-start=\"146\" data-end=\"845\">A partir de este punto la trama se pone m\u00e1s interesante: el \u201c\u00d1e\u00f1e\u201d fue asesinado por sicarios en Brasil que simularon un atraco. Los verdaderos autores intelectuales que planificaron su muerte fueron su socio <strong data-start=\"355\" data-end=\"369\">Toto Ariza<\/strong>, su esposa y viuda en la actualidad, la exreina de belleza <strong data-start=\"429\" data-end=\"452\">Mar\u00eda M\u00f3nica Urbina<\/strong>, y contaron con la complicidad y el silencio de <strong data-start=\"501\" data-end=\"522\">Waldo Rujano Mora<\/strong>, as\u00ed como con la protecci\u00f3n del expresidente <strong data-start=\"568\" data-end=\"584\">\u00c1lvaro Uribe<\/strong> (alias <em data-start=\"592\" data-end=\"605\">El Matarife<\/em>), para que la Polic\u00eda Federal de Brasil, en complicidad con la de Colombia, se\u00f1alara como responsable de la autor\u00eda intelectual al tambi\u00e9n narcotraficante <strong data-start=\"761\" data-end=\"783\">Marquitos Figueroa<\/strong> y a unos supuestos sicarios-atracadores contratados por este.<\/p>\n<p data-start=\"847\" data-end=\"1554\">La exreina de belleza Mar\u00eda M\u00f3nica Urbina sab\u00eda que no se quedar\u00eda con herencia alguna: o se la incautaban o los hijos la pelear\u00edan judicialmente. Tambi\u00e9n sab\u00eda que los bienes materiales \u2014fincas, inmuebles\u2014 correr\u00edan la misma suerte. Por ello, ella y Ariza reclutaron a \u201cEl Enano\u201d Rujano Mora para quedarse con los negocios que generan cientos de miles de d\u00f3lares semanalmente, y a su familia para que les sirviera de testaferros y encargados de legitimar buena parte del dinero a trav\u00e9s de una compleja y poderosa estructura corporativa, con empresas inmobiliarias en los Estados Unidos, empresas de alimentos en Colombia, producci\u00f3n ganadera y l\u00e1ctea en Venezuela, e inversiones en Panam\u00e1, Suiza y Espa\u00f1a.<\/p>\n<div>\n<div style=\"left: 0; width: 100%; height: 0; position: relative; padding-bottom: 64.25%; padding-top: 120px;\"><iframe title=\"Waldo Rujano Mora y \u00ab\u00d1e\u00f1e\u00bb Hern\u00e1ndez: Nuevas evidencias confirman v\u00ednculos del narcotr\u00e1fico con ganaderos venezolanos - CIUDAD G\u00d3TICA NEWS\" src=\"\/\/if-cdn.com\/9HrkLpz?maxheight=960&#038;app=1\" style=\"top: 0; left: 0; width: 100%; height: 100%; position: absolute; border: 0;\" allowfullscreen><\/iframe><\/div>\n<\/div>\n<p><script async src=\"\/\/if-cdn.com\/embed.js\" charset=\"utf-8\"><\/script><script type=\"text\/javascript\">window.addEventListener(\"message\",function(e){\n                window.parent.postMessage(e.data,\"*\");\n            },false);<\/script><\/p>\n<p data-start=\"130\" data-end=\"496\">Me gustar\u00eda saber si el Ministro Diosdado Cabello:<br data-start=\"180\" data-end=\"183\" \/>A) Est\u00e1 actuando con ingenuidad,<br data-start=\"215\" data-end=\"218\" \/>B) No interviene porque Freddy Bernal controla su propio territorio y all\u00ed no tiene mayor injerencia,<br data-start=\"319\" data-end=\"322\" \/>C) En realidad existe un entendimiento t\u00e1cito con \u00c1lvaro Uribe,<br data-start=\"385\" data-end=\"388\" \/>D) Sus equipos de inteligencia lo desinforman u omiten informaci\u00f3n relevante,<br data-start=\"465\" data-end=\"468\" \/>o<br data-start=\"469\" data-end=\"472\" \/>E) Todas las anteriores.<\/p>\n<p data-start=\"130\" data-end=\"496\"><a href=\"https:\/\/nuevaprensaamerica.com\/wp-content\/uploads\/2025\/08\/photo_2025-08-03_10-43-29.jpg\"><img loading=\"lazy\" decoding=\"async\" class=\"aligncenter size-full wp-image-95297\" src=\"https:\/\/nuevaprensaamerica.com\/wp-content\/uploads\/2025\/08\/photo_2025-08-03_10-43-29.jpg\" alt=\"\" width=\"1280\" height=\"1278\" \/><\/a><\/p>\n<h3 data-start=\"111\" data-end=\"130\">LA \u00d1E\u00d1EPOL\u00cdTICA<\/h3>\n<p data-start=\"132\" data-end=\"808\">En marzo de 2020, el periodista de <em data-start=\"167\" data-end=\"184\">La Nueva Prensa<\/em>, Gonzalo Guill\u00e9n, revel\u00f3 (<a class=\"\" href=\"https:\/\/lanuevaprensa.com.co\/component\/k2\/interceptaciones-al-narcotraficante-nene-hernandez-destapan-compra-de-votos-para-duque-por-orden-de-uribe\" target=\"_new\" rel=\"noopener\" data-start=\"211\" data-end=\"368\">fuente<\/a>) audios en los que Mar\u00eda Claudia Daza, exasistente de la Unidad de Trabajo Legislativo (UTL) y mano derecha del expresidente \u00c1lvaro Uribe V\u00e9lez, confirmaba el ingreso de dinero \u201cpor debajo de la mesa\u201d para financiar la candidatura de Iv\u00e1n Duque en la segunda vuelta en La Guajira, en 2018.<br data-start=\"658\" data-end=\"661\" \/>Quien aport\u00f3 el dinero fue Jos\u00e9 Guillermo \u2018\u00d1e\u00f1e\u2019 Hern\u00e1ndez, acusado de mezclar dineros del narcotr\u00e1fico con la venta ilegal de gasolina venezolana.<\/p>\n<p data-start=\"810\" data-end=\"1233\">Hern\u00e1ndez era hijo de un amigo del pap\u00e1 de Duque (<a class=\"\" href=\"https:\/\/www.lasillavacia.com\/seis-pistas-leer-las-revelaciones-sobre-nene-y-duque-75753\" target=\"_new\" rel=\"noopener\" data-start=\"860\" data-end=\"957\">fuente<\/a>) y, seg\u00fan relat\u00f3 Jos\u00e9 Manuel Aponte Mart\u00ednez (<a class=\"\" href=\"https:\/\/www.lasillavacia.com\/historias\/silla-nacional\/el-nene-le-hizo-campana-publica-a-duque-en-valledupar\/\" target=\"_new\" rel=\"noopener\" data-start=\"1004\" data-end=\"1122\">fuente<\/a>), primo de Beatriz Aponte, la esposa de Aristides y madre del \u00d1e\u00f1e, Duque y el \u2018\u00d1e\u00f1e\u2019 se conoc\u00edan desde ni\u00f1os.<\/p>\n<p data-start=\"1235\" data-end=\"1269\">Eso es algo que Duque ha negado:<\/p>\n<blockquote data-start=\"1270\" data-end=\"1759\">\n<p data-start=\"1272\" data-end=\"1759\">\u201cYo fui por primera vez a Valledupar en 1995, acompa\u00f1ado por mi padre. Fue la primera y \u00fanica visita m\u00eda a Valledupar en 20 a\u00f1os, y en ese viaje conoc\u00ed al padre de Jos\u00e9 Hern\u00e1ndez, el doctor Aristides Hern\u00e1ndez, conoc\u00ed a su madre y conoc\u00ed a su hermano. A Jos\u00e9 Hern\u00e1ndez no lo conoc\u00ed en esa ocasi\u00f3n\u2026 lo conoc\u00ed en los \u00faltimos cuatro a\u00f1os quiz\u00e1s\u201d, dijo (<a class=\"\" href=\"https:\/\/www.lasillavacia.com\/historias\/silla-nacional\/las-seis-cosas-que-revelan-los-audios-de-cayita-daza-sobre-el-uribismo\/\" target=\"_new\" rel=\"noopener\" data-start=\"1622\" data-end=\"1757\">fuente<\/a>).<\/p>\n<\/blockquote>\n<p data-start=\"1761\" data-end=\"1947\">El \u2018\u00d1e\u00f1e\u2019 le hizo campa\u00f1a p\u00fablica a Iv\u00e1n Duque en Valledupar. De hecho, s\u00ed estuvo en una reuni\u00f3n oficial de campa\u00f1a, convocada por el cantante uribista Poncho Zuleta en su casa de campo.<\/p>\n<p data-start=\"1949\" data-end=\"2425\">En noviembre de 2020, <em data-start=\"1971\" data-end=\"1989\">Noticias Caracol<\/em> revel\u00f3 (<a class=\"\" href=\"https:\/\/www.lasillavacia.com\/historias\/silla-nacional\/las-seis-cosas-que-revelan-los-audios-de-cayita-daza-sobre-el-uribismo\/\" target=\"_new\" rel=\"noopener\" data-start=\"1998\" data-end=\"2133\">fuente<\/a>) m\u00e1s audios en los que \u2018Cayita\u2019 Daza le cuenta a Juan Manuel Daza, exmiembro de la UTL de Uribe y exviceministro del Interior de Duque, que el \u2018\u00d1e\u00f1e\u2019 puso \u201c20 millones en publicidad\u201d de su bolsillo. Esa plata no aparece reportada en el portal <em data-start=\"2377\" data-end=\"2393\">Cuentas Claras<\/em> del Consejo Nacional Electoral.<\/p>\n<p data-start=\"2427\" data-end=\"2718\">Adem\u00e1s, en uno de los audios, \u2018Cayita\u2019 Daza conversa con una persona a quien identifica como <em data-start=\"2520\" data-end=\"2527\">Lucho<\/em>, sobre mil millones de pesos que habr\u00eda recogido el \u2018\u00d1e\u00f1e\u2019 con empresarios para la campa\u00f1a. Ese mismo interlocutor le dice a \u2018Cayita\u2019 que el \u00d1e\u00f1e va a viajar a Bogot\u00e1 para recoger m\u00e1s plata.<\/p>\n<hr data-start=\"2720\" data-end=\"2723\" \/>\n<h3 data-start=\"2725\" data-end=\"2764\">2. La revoluci\u00f3n molecular disipada<\/h3>\n<p data-start=\"2766\" data-end=\"2959\">En medio de la jornada m\u00e1s larga de protestas, en mayo de 2021, el expresidente \u00c1lvaro Uribe, padrino pol\u00edtico de Iv\u00e1n Duque, public\u00f3 un trino con una \u201creceta\u201d para afrontar las movilizaciones:<\/p>\n<blockquote data-start=\"2961\" data-end=\"3257\">\n<ol data-start=\"2963\" data-end=\"3257\">\n<li data-start=\"2963\" data-end=\"3094\">\n<p data-start=\"2966\" data-end=\"3094\">Fortalecer FFAA, debilitadas al igualarlas con terroristas, La Habana y JEP. Y con narrativa para anular su accionar leg\u00edtimo;<\/p>\n<\/li>\n<li data-start=\"3097\" data-end=\"3151\">\n<p data-start=\"3100\" data-end=\"3151\">Reconocer: Terrorismo m\u00e1s grande de lo imaginado;<\/p>\n<\/li>\n<li data-start=\"3154\" data-end=\"3178\">\n<p data-start=\"3157\" data-end=\"3178\">Acelerar lo social;<\/p>\n<\/li>\n<li data-start=\"3181\" data-end=\"3257\">\n<p data-start=\"3184\" data-end=\"3257\">Resistir Revoluci\u00f3n Molecular Disipada: impide normalidad, escala y copa.<\/p>\n<\/li>\n<\/ol>\n<\/blockquote>\n<p data-start=\"3259\" data-end=\"3373\">La quinta recomendaci\u00f3n caus\u00f3 gran revuelo, pues alud\u00eda a la teor\u00eda difundida por el neonazi chileno Alexis L\u00f3pez.<\/p>\n<p data-start=\"3375\" data-end=\"3684\">L\u00f3pez fue invitado dos veces a la Universidad Militar Nueva Granada, una de ellas en julio de 2020, por su rector, el general Luis Fernando Puentes, a dar charlas sobre su teor\u00eda de la <em data-start=\"3560\" data-end=\"3591\">revoluci\u00f3n molecular disipada<\/em>. Se trata de la universidad donde se forman acad\u00e9micamente muchos de los militares del pa\u00eds.<\/p>\n<p data-start=\"3686\" data-end=\"3890\">Con un lenguaje b\u00e9lico, L\u00f3pez enmarca toda movilizaci\u00f3n social en una guerra civil, en la que un grupo intenta tomarse el poder y las fuerzas militares tienen la funci\u00f3n de velar por un orden en riesgo.<\/p>\n<blockquote data-start=\"3891\" data-end=\"4036\">\n<p data-start=\"3893\" data-end=\"4036\">\u201cSe produce un estado de guerra civil horizontal, molecular y disipado\u201d, dice en las conclusiones de su intervenci\u00f3n en la Universidad Militar.<\/p>\n<\/blockquote>\n<hr data-start=\"4038\" data-end=\"4041\" \/>\n<h3 data-start=\"4043\" data-end=\"4085\">3. El \u00d1e\u00f1e en la posesi\u00f3n presidencial<\/h3>\n<p data-start=\"4087\" data-end=\"4579\">Mar\u00eda M\u00f3nica Urbina y el \u00d1e\u00f1e Hern\u00e1ndez fueron invitados a la posesi\u00f3n de Iv\u00e1n Duque el 7 de agosto de 2018.<br data-start=\"4195\" data-end=\"4198\" \/>Seg\u00fan un relato (<a class=\"\" href=\"https:\/\/www.eltiempo.com\/politica\/partidos-politicos\/encuentro-de-ivan-duque-y-nene-hernandez-segun-sergio-araujo-516446\" target=\"_new\" rel=\"noopener\" data-start=\"4215\" data-end=\"4345\">fuente<\/a>) del uribista Sergio Ara\u00fajo Castro, Hern\u00e1ndez lleg\u00f3 a la posesi\u00f3n despu\u00e9s de asistir, el 6 de agosto de 2018, a una celebraci\u00f3n en Andr\u00e9s Carne de Res organizada por Juliana M\u00e1rquez \u2014madre del presidente\u2014, Glorisa Ram\u00edrez y \u00e9l mismo.<\/p>\n<p data-start=\"4581\" data-end=\"4702\">En 2021, se hizo viral una foto en la que aparec\u00eda el \u00d1e\u00f1e Hern\u00e1ndez con la entonces ministra de las TIC, Karen Abudinen:<\/p>\n<blockquote data-start=\"4704\" data-end=\"4934\">\n<p data-start=\"4706\" data-end=\"4934\"><em data-start=\"4706\" data-end=\"4741\">La @mintic y el \u00d1e\u00f1e. Gran combo.<\/em><br data-start=\"4741\" data-end=\"4744\" \/><a class=\"\" href=\"https:\/\/t.co\/e0rRCNjagr\" target=\"_new\" rel=\"noopener\" data-start=\"4746\" data-end=\"4799\">pic.twitter.com\/e0rRCNjagr<\/a><br data-start=\"4799\" data-end=\"4802\" \/>\u2014 Mar\u00eda Jimena Duz\u00e1n (@MJDuzan) <a class=\"\" href=\"https:\/\/twitter.com\/MJDuzan\/status\/1426156182968971267?ref_src=twsrc%5Etfw\" target=\"_new\" rel=\"noopener\" data-start=\"4836\" data-end=\"4934\">13 de agosto de 2021<\/a><\/p>\n<\/blockquote>\n<p data-start=\"4936\" data-end=\"5245\">Al revisar el perfil de Mar\u00eda M\u00f3nica Urbina (<a class=\"\" href=\"http:\/\/www.instagram.com\/mmonicaurbina\/\" target=\"_new\" rel=\"noopener\" data-start=\"4981\" data-end=\"5033\">Instagram<\/a>), viuda del \u00d1e\u00f1e, <em data-start=\"5052\" data-end=\"5062\">La Silla<\/em> encontr\u00f3 que la foto fue publicada el 8 de agosto de 2018, al d\u00eda siguiente de la posesi\u00f3n de Iv\u00e1n Duque como presidente y de Karen Abudinen como su Alta Consejera para las Regiones.<\/p>\n<figure id=\"attachment_95300\" aria-describedby=\"caption-attachment-95300\" style=\"width: 1229px\" class=\"wp-caption aligncenter\"><a href=\"https:\/\/nuevaprensaamerica.com\/wp-content\/uploads\/2025\/08\/photo_2025-08-03_10-44-55.jpg\"><img loading=\"lazy\" decoding=\"async\" class=\"size-full wp-image-95300\" src=\"https:\/\/nuevaprensaamerica.com\/wp-content\/uploads\/2025\/08\/photo_2025-08-03_10-44-55.jpg\" alt=\"\" width=\"1229\" height=\"1280\" \/><\/a><figcaption id=\"caption-attachment-95300\" class=\"wp-caption-text\">La imagen fue tomada en el restaurante Andr\u00e9s Carne de Res en Bogot\u00e1 y coincidir\u00eda con la versi\u00f3n de Ara\u00fajo.<br \/>Es cierto que el \u00d1e\u00f1e estuvo en la posesi\u00f3n de Duque.<\/figcaption><\/figure>\n<h3 data-start=\"160\" data-end=\"179\">AS\u00cd ES COLOMBIA<\/h3>\n<p data-start=\"181\" data-end=\"566\">En Colombia, los funcionarios p\u00fablicos elegidos por voto popular \u2014presidentes, gobernadores, alcaldes, congresistas, diputados y concejales\u2014 invierten en sus campa\u00f1as miles de millones de pesos aportados, previo acuerdo sobre la repartija burocr\u00e1tica, por los gremios empresariales: industriales, terratenientes, banqueros, narcotraficantes, etc., m\u00e1s los caudales saqueados al erario.<\/p>\n<p data-start=\"568\" data-end=\"1237\">Una vez elegidos o elegidas, nombran en los altos cargos a las \u201cfichas\u201d previamente pactadas con sus financiadores: ministros, presidentes y gerentes de empresas e instituciones del Estado como Ecopetrol, Colpensiones, superintendencias, DAPRE, UNGRD, SAE, etc., y adjudican lucrativos contratos previamente comprometidos. Repartida la fronda burocr\u00e1tica, el elegido, junto con su equipo de gobierno, adjudica mediante licitaciones ama\u00f1adas megacontratos de obras de infraestructura y de prestaci\u00f3n de servicios, con los cuales recupera el capital invertido en la campa\u00f1a, acumula colosales ganancias y entrega la correspondiente coima al gobernante y sus funcionarios.<\/p>\n<p data-start=\"1239\" data-end=\"1413\">En este c\u00edrculo vicioso se concreta y se reproduce cada cuatro a\u00f1os el saqueo de los recursos del erario, con el consentimiento y bajo el control de sus respectivos partidos.<\/p>\n<p data-start=\"1415\" data-end=\"1768\">La corrupci\u00f3n es una pr\u00e1ctica criminal exclusiva del establecimiento. La llamada institucionalidad ha sido construida a la medida de los intereses de los amos del poder econ\u00f3mico y pol\u00edtico. Los corruptos son los de arriba, la \u201cgente de bien\u201d: los que administran el erario, los presupuestos de las instituciones, los negocios y los bienes de la naci\u00f3n.<\/p>\n<p data-start=\"1770\" data-end=\"2283\">Durante el Frente Nacional y su prolongaci\u00f3n hasta la \u00faltima d\u00e9cada del siglo pasado, la corrupci\u00f3n fue patrimonio exclusivo del bipartidismo. Liberales y godos se repartieron milim\u00e9tricamente los cargos p\u00fablicos y convirtieron sus partidos en dos grandes empresas electorales, que, mediante las pr\u00e1cticas corruptas del clientelismo y la compra de votos \u2014costeada con los dineros saqueados del erario, am\u00e9n de las coimas recibidas por los megacontratos adjudicados a sus financiadores\u2014 se perpetuaron en el poder.<\/p>\n<p data-start=\"2285\" data-end=\"3042\">Los gobernantes del bipartidismo y de la nueva alianza de extrema derecha neoliberal \u2014conformada por los partidos Liberal, Conservador, Cambio Radical, Centro Democr\u00e1tico, de la U, etc.\u2014 han cometido todos los delitos contra la administraci\u00f3n p\u00fablica y el patrimonio p\u00fablico tipificados en la ley penal: peculado, cohecho, malversaci\u00f3n de fondos p\u00fablicos, enriquecimiento il\u00edcito, fraude administrativo, conspiraci\u00f3n o colusi\u00f3n, tr\u00e1fico de influencias, conflicto de intereses, abuso de autoridad, obstrucci\u00f3n a la justicia, nepotismo, uso indebido de informaci\u00f3n privilegiada, extorsi\u00f3n, desv\u00edo de recursos p\u00fablicos, falsificaci\u00f3n y alteraci\u00f3n de documentos p\u00fablicos. No conformaron una simple alianza pol\u00edtica, sino una verdadera asociaci\u00f3n para delinquir.<\/p>\n<p data-start=\"3044\" data-end=\"3806\">Adem\u00e1s de enriquecerse y acrecentar las arcas de las grandes corporaciones nacionales y extranjeras \u2014am\u00e9n de lavar las fortunas de las mafias del narcotr\u00e1fico\u2014 han continuado con inveteradas pr\u00e1cticas tipificadas como delitos pol\u00edticos en el c\u00f3digo penal: manipulaci\u00f3n electoral, fraude electoral (inaugurado por Carlos Lleras Restrepo con el robo de las elecciones al general Gustavo Rojas Pinilla en 1970), clientelismo pol\u00edtico, compra de votos, coerci\u00f3n o constre\u00f1imiento, armado y paramilitarizaci\u00f3n de poblaciones enteras para obligarlas a votar por \u00c1lvaro Uribe y los candidatos y candidatas de la alianza mafiosa y neoliberal, financiamiento legal e ilegal de campa\u00f1as electorales. Delitos que, en su inmensa mayor\u00eda, quedaron sepultados en la impunidad.<\/p>\n<p data-start=\"3808\" data-end=\"4250\">La pr\u00e1ctica de los delitos pol\u00edticos es de vieja data. Documentos recientemente desclasificados por el gobierno estadounidense revelan las advertencias del presidente Jimmy Carter (1977\u20131981). En \u201cLa lista negra de Jimmy Carter en Colombia\u201d (julio de 1977), se incluye una carta dirigida al presidente Alfonso L\u00f3pez, advirti\u00e9ndole sobre v\u00ednculos de por lo menos 30 altos funcionarios de su gobierno, entre ministros y generales de las FF. AA.<\/p>\n<p data-start=\"165\" data-end=\"657\">Las Fuerzas Armadas y policiales han tenido v\u00ednculos con organizaciones de narcotr\u00e1fico, adem\u00e1s del entonces candidato Julio C\u00e9sar Turbay y el propio hijo del mandatario, Juan Manuel L\u00f3pez Caballero. Ernesto Samper presuntamente recibi\u00f3 dineros del cartel de los Rodr\u00edguez Orejuela (Proceso 8.000) para financiar su campa\u00f1a presidencial; lo propio ocurri\u00f3 con el expresidente Andr\u00e9s Pastrana, seg\u00fan lo declar\u00f3, en su momento, uno de los integrantes del clan mafioso de los Rodr\u00edguez Orejuela.<\/p>\n<p data-start=\"659\" data-end=\"786\">No se puede olvidar que, por orden de Uribe, se compraron votos en el Congreso (<em data-start=\"739\" data-end=\"754\">yidispol\u00edtica<\/em>) para garantizar su reelecci\u00f3n.<\/p>\n<p data-start=\"788\" data-end=\"1159\">Salvatore Mancuso, Jorge 40, alias \u201cMono Leche\u201d y otros jefes paramilitares \u2014traicionados por su creador y patrocinador\u2014 declararon que hicieron campa\u00f1as a punta de bala para obligar a la ciudadan\u00eda a votar en dos oportunidades por \u00c1lvaro Uribe; que aportaron sumas millonarias a sus campa\u00f1as; y que asesinaron l\u00edderes y lideresas de oposici\u00f3n por orden del exmandatario.<\/p>\n<p data-start=\"1161\" data-end=\"1429\">Por otra parte, Juan Manuel Santos, candidato del Partido de la U, y \u00d3scar Iv\u00e1n Zuluaga, candidato del <em data-start=\"1264\" data-end=\"1274\">Matarife<\/em>, seg\u00fan revelaciones de la justicia estadounidense, recibieron recursos de la multinacional Odebrecht para sus respectivas campa\u00f1as presidenciales en 2014.<\/p>\n<p data-start=\"1431\" data-end=\"1706\">Iv\u00e1n Duque logr\u00f3 su elecci\u00f3n como presidente de la Rep\u00fablica en 2018 mediante la compra de votos con dineros recolectados entre narcos de la regi\u00f3n por el narcotraficante alias \u201cEl \u00d1e\u00f1e Hern\u00e1ndez\u201d y con capitales aportados por los clanes Char y Gerlein en la Costa Atl\u00e1ntica.<\/p>\n<p data-start=\"1708\" data-end=\"2101\">El poder hegem\u00f3nico ha recurrido a la violencia para impedir, bajo amenaza de muerte, que l\u00edderes y lideresas de oposici\u00f3n participen como candidatos\/as a cargos de elecci\u00f3n popular. Han cometido prevaricato, porque mediante resoluciones contrarias a la ley beneficiaron intereses propios o de terceros. Bajo protecci\u00f3n de su padre en la presidencia, se enriquecieron los hijos del <em data-start=\"2090\" data-end=\"2100\">Matarife<\/em>.<\/p>\n<p data-start=\"2103\" data-end=\"2657\">Jueces, magistrados, la Comisi\u00f3n de Acusaciones y los organismos de control absolvieron a expresidentes, ministros, gerentes y directores de entidades estatales por delitos cometidos contra el patrimonio p\u00fablico. La Fiscal\u00eda General de la Naci\u00f3n, en no pocos casos, ha cumplido la misi\u00f3n de cubrirle las espaldas a los mandatarios y sus respectivas pandillas gobernantes, mediante el cierre de investigaciones con el recurrente argumento de \u201cfalta de pruebas\u201d. As\u00ed ha ocurrido \u2014presuntamente\u2014 con los \u00faltimos gobernantes: Pastrana, Uribe, Santos y Duque.<\/p>\n<p data-start=\"2659\" data-end=\"3181\">El m\u00e1s reciente ejemplo es el caso de los sobornos por miles de millones de d\u00f3lares entregados por la multinacional Odebrecht y el banquero Luis Carlos Sarmiento Angulo tanto al candidato de Uribe, \u00d3scar Iv\u00e1n Zuluaga, como a Juan Manuel Santos (reelegido), para sus respectivas campa\u00f1as presidenciales en 2014. Delitos que salieron a la luz porque la justicia norteamericana hizo p\u00fablica la multa de US$80 millones que, por soborno a funcionarios p\u00fablicos, fue obligado a pagar el billonario banquero due\u00f1o del Grupo Aval.<\/p>\n<p data-start=\"3183\" data-end=\"3555\">Pero, pese a las contundentes evidencias, los corruptos fiscales Humberto Mart\u00ednez y Francisco Barbosa cerraron y archivaron las investigaciones, o dilataron los procesos para lograr su preclusi\u00f3n. Gracias al servilismo c\u00f3mplice de los fiscales generales corruptos y al \u201ctapen, tapen\u201d de los medios corporativos, la impunidad sigue reinando en las altas cumbres del poder.<\/p>\n<p data-start=\"3557\" data-end=\"3793\">Queda claro que las ra\u00edces de la corrupci\u00f3n se encuentran en el andamiaje jur\u00eddico e institucional cuidadosamente dise\u00f1ado y construido a lo largo de la hist\u00f3rica hegemon\u00eda de la alianza multipartidista de la extrema derecha neoliberal.<\/p>\n<p data-start=\"132\" data-end=\"722\">Con el pretexto de reducir el tama\u00f1o del Estado, superar su supuesta ineficiencia, atraer inversi\u00f3n privada y modernizar los sectores estrat\u00e9gicos, los gobiernos de C\u00e9sar Gaviria, Ernesto Samper, Andr\u00e9s Pastrana, \u00c1lvaro Uribe, Juan Manuel Santos e Iv\u00e1n Duque, a lo largo de tres d\u00e9cadas, despojaron al Estado de su misi\u00f3n de administrar los bienes y recursos p\u00fablicos y de desarrollar obras p\u00fablicas de infraestructura y prestaci\u00f3n de servicios esenciales a la poblaci\u00f3n. Para ello, dictaron normas que dieron v\u00eda libre a la privatizaci\u00f3n de lo p\u00fablico y a su hermana gemela: la corrupci\u00f3n.<\/p>\n<p data-start=\"724\" data-end=\"1303\">Con la Ley 100 de 1993, entregaron \u201cen administraci\u00f3n\u201d los recursos de la salud al capital financiero que, con inversiones irrisorias, conform\u00f3 las EPS como entidades aseguradoras y promotoras de salud. Durante m\u00e1s de 30 a\u00f1os, estas recibieron miles de billones de pesos para que los invirtieran en la salud de la clase trabajadora y las poblaciones vulnerables; sin embargo, los destinaron al lucro y la acumulaci\u00f3n, arruinaron la red hospitalaria p\u00fablica, llenaron las arcas de empresarios y pol\u00edticos corruptos, y precarizaron el trabajo de m\u00e9dicos y trabajadores de la salud.<\/p>\n<p data-start=\"1305\" data-end=\"1795\">En el m\u00e1s reciente hallazgo de la ADRES, se encontr\u00f3 que las EPS reportaron datos falsos sobre gastos en 2023, como la supuesta atenci\u00f3n a 23.000 personas fallecidas entre 2020 y 2022, a un aparente costo de $80.000 millones; sobrecostos en la compra de medicamentos por $138.000 millones; y procedimientos cuyo precio real era de $3.800.000, pero que fueron pagados a $780 millones. Con estas pr\u00e1cticas, arruinaron el sistema de salud y lo sumieron en una crisis pr\u00e1cticamente insuperable.<\/p>\n<p data-start=\"1797\" data-end=\"2291\">Con las leyes 142 de 1994, 226 de 1995 y 1508 de 2012, privatizaron la prestaci\u00f3n de servicios p\u00fablicos esenciales como agua potable, energ\u00eda el\u00e9ctrica, telefon\u00eda, aseo y saneamiento ambiental, y crearon las APP (Alianzas P\u00fablico\u2013Privadas). Enajenaron la participaci\u00f3n accionaria del Estado en empresas p\u00fablicas, privatizaron activos estatales y reglamentaron la participaci\u00f3n del sector privado en la financiaci\u00f3n, dise\u00f1o, construcci\u00f3n, operaci\u00f3n y mantenimiento de la infraestructura p\u00fablica.<\/p>\n<p data-start=\"2293\" data-end=\"2994\">Uribe vendi\u00f3 activos del patrimonio p\u00fablico como Telecom (hoy Movistar) al grupo espa\u00f1ol Telef\u00f3nica; Bancaf\u00e9 al hoy banco Davivienda; y empresas del sector energ\u00e9tico como Ecogas (vendida a la empresa privada Promigas), ISAGEN, Electrocosta, Electrohuila, Centrales El\u00e9ctricas del Norte de Santander, de Nari\u00f1o, Electricaribe, entre otras. Igualmente, desmantelaron los Ferrocarriles Nacionales y liquidaron el Banco Central Hipotecario. Fueron billones recolectados con dichas enajenaciones, destinados a la contrataci\u00f3n de obras de infraestructura, muchas de las cuales se convirtieron en elefantes blancos, y el dinero se esfum\u00f3 en las arcas de los contratistas y sus c\u00f3mplices en el alto gobierno.<\/p>\n<p data-start=\"2996\" data-end=\"3646\">La clase trabajadora ha sufrido las consecuencias de la corrupci\u00f3n. Con la Ley 789 de 2002 del gobierno de Uribe, se increment\u00f3 la sobreexplotaci\u00f3n laboral: despojaron a los trabajadores de derechos laborales para reducir costos a los empresarios; ampliaron la jornada diurna hasta las 10:00 p.m. para no pagar trabajo nocturno; disminuyeron las indemnizaciones por despidos sin justa causa; eliminaron los contratos a t\u00e9rmino indefinido, reemplazados por contratos temporales, incluso por horas; subsidiaron a empresarios que \u201ccrearan\u201d empleos que nunca se crearon; precarizaron el empleo y redujeron el pago de horas extra y los recargos nocturnos.<\/p>\n<p data-start=\"3648\" data-end=\"4019\">Con estas contrarreformas favorecieron la acumulaci\u00f3n de capital a costa de despojar a la clase trabajadora de sus derechos y someterla a salarios de miseria. Con el c\u00ednico argumento de que \u201ca Colombia la est\u00e1 matando la pereza\u201d, el <em data-start=\"3881\" data-end=\"3891\">Matarife<\/em> someti\u00f3 a la clase trabajadora a largas jornadas laborales con salarios irrisorios; as\u00ed les ahorr\u00f3 billones a los explotadores.<\/p>\n<h3 data-start=\"151\" data-end=\"327\">Los casos de corrupci\u00f3n han sido y seguir\u00e1n siendo parte del diario acontecer mientras impere el sistema capitalista y el Estado liberal con sus instituciones en Colombia.<\/h3>\n<p data-start=\"329\" data-end=\"775\">Un informe reciente de <em data-start=\"352\" data-end=\"380\">Transparencia por Colombia<\/em> se\u00f1ala que, entre 2016 y 2022, se registraron m\u00e1s de 1.243 casos de corrupci\u00f3n \u2014207 casos por a\u00f1o\u2014 que le costaron al erario <strong data-start=\"506\" data-end=\"535\">$137,65 billones de pesos<\/strong>. No se incluyen aqu\u00ed los ocurridos durante los dos periodos de gobierno de Uribe, que deben sumar otros tantos. Mencionarlos todos ser\u00eda una tarea interminable, pero se pueden destacar algunos que alcanzaron la categor\u00eda de megaesc\u00e1ndalos:<\/p>\n<ul data-start=\"777\" data-end=\"2688\">\n<li data-start=\"777\" data-end=\"842\">\n<p data-start=\"779\" data-end=\"842\">Los miles de billones de pesos saqueados al sistema de salud.<\/p>\n<\/li>\n<li data-start=\"843\" data-end=\"991\">\n<p data-start=\"845\" data-end=\"991\"><strong data-start=\"845\" data-end=\"856\">REFICAR<\/strong> (Refiner\u00eda de Cartagena), donde ministros, gerentes de Ecopetrol y multinacionales gringas despojaron al Estado de <strong data-start=\"972\" data-end=\"988\">$17 billones<\/strong>.<\/p>\n<\/li>\n<li data-start=\"992\" data-end=\"1167\">\n<p data-start=\"994\" data-end=\"1167\">El <strong data-start=\"997\" data-end=\"1028\">carrusel de la contrataci\u00f3n<\/strong>, protagonizado por los nietos del general Rojas Pinilla y el Clan de los Nule, que defraudaron a Bogot\u00e1 en cientos de miles de millones.<\/p>\n<\/li>\n<li data-start=\"1168\" data-end=\"1355\">\n<p data-start=\"1170\" data-end=\"1355\"><strong data-start=\"1170\" data-end=\"1193\">Agro Ingreso Seguro<\/strong>, del exministro de Agricultura Andr\u00e9s Felipe Arias, que reparti\u00f3 cientos de miles de millones entre terratenientes y empresarios amigos del expresidente Uribe.<\/p>\n<\/li>\n<li data-start=\"1356\" data-end=\"1594\">\n<p data-start=\"1358\" data-end=\"1594\">El <strong data-start=\"1361\" data-end=\"1389\">Cartel de las Marionetas<\/strong>, integrado por el senador liberal Mario Casta\u00f1o, senadores del Centro Democr\u00e1tico, Partido Conservador, Cambio Radical, el Partido de la U y Pierre Garc\u00eda, director del DPS durante el gobierno de Duque.<\/p>\n<\/li>\n<li data-start=\"1595\" data-end=\"1676\">\n<p data-start=\"1597\" data-end=\"1676\">Los <strong data-start=\"1601\" data-end=\"1629\">carteles de la hemofilia<\/strong> en los gobiernos departamentales de C\u00f3rdoba.<\/p>\n<\/li>\n<li data-start=\"1677\" data-end=\"1799\">\n<p data-start=\"1679\" data-end=\"1799\">El robo de los dineros del <strong data-start=\"1706\" data-end=\"1748\">PAE (Programa de Alimentaci\u00f3n Escolar)<\/strong>, destinado a ni\u00f1as y ni\u00f1os de escuelas p\u00fablicas.<\/p>\n<\/li>\n<li data-start=\"1800\" data-end=\"1940\">\n<p data-start=\"1802\" data-end=\"1940\">La llamada <strong data-start=\"1813\" data-end=\"1829\">&#8220;abudineada&#8221;<\/strong>: desv\u00edo de <strong data-start=\"1841\" data-end=\"1861\">$70.000 millones<\/strong> del programa de conexi\u00f3n digital para centros educativos en zonas apartadas.<\/p>\n<\/li>\n<li data-start=\"1941\" data-end=\"2040\">\n<p data-start=\"1943\" data-end=\"2040\">El saqueo masivo a la <strong data-start=\"1965\" data-end=\"1974\">UNGRD<\/strong>, en cabeza de Eduardo Jos\u00e9 Gonz\u00e1lez Angulo, del gobierno Duque.<\/p>\n<\/li>\n<li data-start=\"2041\" data-end=\"2213\">\n<p data-start=\"2043\" data-end=\"2213\">La millonaria defraudaci\u00f3n al <strong data-start=\"2073\" data-end=\"2080\">DPS<\/strong>, bajo la direcci\u00f3n de Pierre Eugenio Garc\u00eda Jacquier (pr\u00f3fugo) y, seg\u00fan denuncias, con participaci\u00f3n de la madre del expresidente.<\/p>\n<\/li>\n<li data-start=\"2214\" data-end=\"2420\">\n<p data-start=\"2216\" data-end=\"2420\">El desv\u00edo de billones adquiridos mediante empr\u00e9stitos internacionales para atender la pandemia del COVID-19, entregados a grandes corporaciones, con una secuela de muertes que se hubieran podido evitar.<\/p>\n<\/li>\n<li data-start=\"2421\" data-end=\"2688\">\n<p data-start=\"2423\" data-end=\"2688\">El esc\u00e1ndalo de la compra del <strong data-start=\"2453\" data-end=\"2479\">software esp\u00eda Pegasus<\/strong> por <strong data-start=\"2484\" data-end=\"2504\">US$11,5 millones<\/strong>, que implica no solo al gobierno de Duque, sino tambi\u00e9n al gobierno de los Estados Unidos, como una incuestionable acci\u00f3n de lavado de activos y una violaci\u00f3n a la soberan\u00eda nacional.<\/p>\n<\/li>\n<\/ul>\n<p data-start=\"2690\" data-end=\"2866\">La inmensa mayor\u00eda de estos casos quedaron en la impunidad por <strong data-start=\"2753\" data-end=\"2777\">preclusi\u00f3n calculada<\/strong> o por procesos que, salvo contadas excepciones, no avanzaron. <strong data-start=\"2840\" data-end=\"2866\">Todos en la impunidad.<\/strong><\/p>\n<hr data-start=\"2868\" data-end=\"2871\" \/>\n<h3 data-start=\"2873\" data-end=\"2930\">El reciente esc\u00e1ndalo de los carrotanques de la UNGRD<\/h3>\n<p data-start=\"2932\" data-end=\"3201\">Durante el actual gobierno, estall\u00f3 el esc\u00e1ndalo de los <strong data-start=\"2988\" data-end=\"3016\">carrotanques de la UNGRD<\/strong>, encabezado por el convicto y confeso <strong data-start=\"3055\" data-end=\"3071\">Olmedo L\u00f3pez<\/strong>, del Polo Democr\u00e1tico y el Pacto Hist\u00f3rico; y <strong data-start=\"3118\" data-end=\"3137\">Sneyder Pinilla<\/strong>, del clan uribista de los Aguilar. Tambi\u00e9n aparecen implicados:<\/p>\n<ul data-start=\"3203\" data-end=\"3582\">\n<li data-start=\"3203\" data-end=\"3247\">\n<p data-start=\"3205\" data-end=\"3247\">El senador <strong data-start=\"3216\" data-end=\"3229\">Iv\u00e1n Name<\/strong> (Partido Verde)<\/p>\n<\/li>\n<li data-start=\"3248\" data-end=\"3303\">\n<p data-start=\"3250\" data-end=\"3303\">El representante <strong data-start=\"3267\" data-end=\"3283\">Andr\u00e9s Calle<\/strong> (Partido Liberal)<\/p>\n<\/li>\n<li data-start=\"3304\" data-end=\"3371\">\n<p data-start=\"3306\" data-end=\"3371\"><strong data-start=\"3306\" data-end=\"3331\">Carlos Ram\u00f3n Gonz\u00e1lez<\/strong> (Partido Verde, exdirigente del M-19)<\/p>\n<\/li>\n<li data-start=\"3372\" data-end=\"3417\">\n<p data-start=\"3374\" data-end=\"3417\"><strong data-start=\"3374\" data-end=\"3395\">Pedro Jos\u00e9 Castro<\/strong> (exsenador liberal)<\/p>\n<\/li>\n<li data-start=\"3418\" data-end=\"3503\">\n<p data-start=\"3420\" data-end=\"3503\"><strong data-start=\"3420\" data-end=\"3436\">Sandra Ortiz<\/strong> (Partido Verde, exconsejera para las regiones de la Presidencia)<\/p>\n<\/li>\n<li data-start=\"3504\" data-end=\"3582\">\n<p data-start=\"3506\" data-end=\"3582\">Y varios parlamentarios y funcionarios del Congreso nombrados en el proceso.<\/p>\n<\/li>\n<\/ul>\n<p data-start=\"3584\" data-end=\"3758\">Seg\u00fan informes del periodista investigador <strong data-start=\"3627\" data-end=\"3646\">Alfredo Serrano<\/strong>, la actual canciller del gobierno Petro, <strong data-start=\"3688\" data-end=\"3705\">Laura Sarabia<\/strong>, tambi\u00e9n estar\u00eda implicada en este sonado esc\u00e1ndalo.<\/p>\n<p data-start=\"3760\" data-end=\"3991\">A diferencia del <strong data-start=\"3777\" data-end=\"3822\">silencio c\u00f3mplice de gobiernos anteriores<\/strong>, el presidente <strong data-start=\"3838\" data-end=\"3855\">Gustavo Petro<\/strong> denunci\u00f3 p\u00fablicamente a los implicados, <strong data-start=\"3896\" data-end=\"3906\">Olmedo<\/strong> y <strong data-start=\"3909\" data-end=\"3920\">Sneyder<\/strong>, y exigi\u00f3 que la pena incluyera la devoluci\u00f3n de los recursos robados.<\/p>\n<hr data-start=\"3993\" data-end=\"3996\" \/>\n<p data-start=\"3998\" data-end=\"4311\">Hasta hoy, las instituciones del Estado liberal y sus funcionarios han estado al servicio de la corrupci\u00f3n como fuente de acumulaci\u00f3n de capital y como c\u00f3mplices de gobernantes y funcionarios corruptos. Mientras exista el capitalismo y los Estados liberales, la corrupci\u00f3n ser\u00e1 el pan de cada d\u00eda de la humanidad.<\/p>\n<hr data-start=\"4313\" data-end=\"4316\" \/>\n<p data-start=\"4318\" data-end=\"4419\"><strong data-start=\"4318\" data-end=\"4395\">La matriz de la corrupci\u00f3n es la institucionalidad del Estado capitalista<\/strong><br data-start=\"4395\" data-end=\"4398\" \/><em data-start=\"4398\" data-end=\"4419\">31 de enero de 2025<\/em><\/p>\n<p data-start=\"4421\" data-end=\"4452\"><strong data-start=\"4421\" data-end=\"4451\">Autor: JOS\u00c9 ARNULFO BAYONA<\/strong>*<\/p>\n<figure id=\"attachment_95306\" aria-describedby=\"caption-attachment-95306\" style=\"width: 1280px\" class=\"wp-caption aligncenter\"><a href=\"https:\/\/nuevaprensaamerica.com\/wp-content\/uploads\/2025\/08\/photo_2025-08-03_10-48-26.jpg\"><img loading=\"lazy\" decoding=\"async\" class=\"size-full wp-image-95306\" src=\"https:\/\/nuevaprensaamerica.com\/wp-content\/uploads\/2025\/08\/photo_2025-08-03_10-48-26.jpg\" alt=\"\" width=\"1280\" height=\"1071\" \/><\/a><figcaption id=\"caption-attachment-95306\" class=\"wp-caption-text\">UNA VEZ M\u00c1S OSWALDO CISNEROS APARECE VINCULADO AL NARCOTRAFICO<\/figcaption><\/figure>\n<p>&nbsp;<\/p>\n<p data-start=\"174\" data-end=\"342\">Un audio filtrado caus\u00f3 estupor, donde textualmente la presidenta del partido uribista, <strong data-start=\"262\" data-end=\"287\">Nubia Stella Mart\u00ednez<\/strong>, habla de los \u201c300.000 d\u00f3lares que dio el venezolano\u201d.<\/p>\n<p data-start=\"344\" data-end=\"694\">El \u201cinversionista\u201d en la alta pol\u00edtica nacional result\u00f3 ser <strong data-start=\"404\" data-end=\"424\">Oswaldo Cisneros<\/strong>, due\u00f1o de <strong data-start=\"435\" data-end=\"446\">Digitel<\/strong> y accionista de una importante empresa embotelladora de bebidas gaseosas en Venezuela, pero, por sobre todo, buscador de contratos petroleros en Colombia.<br data-start=\"601\" data-end=\"604\" \/>Ahora bien, el problema no era el origen del dinero, sino la <strong data-start=\"665\" data-end=\"693\">nacionalidad del donante<\/strong>.<\/p>\n<p data-start=\"696\" data-end=\"864\">Igualmente, la opini\u00f3n p\u00fablica local acus\u00f3 al multimillonario <strong data-start=\"758\" data-end=\"770\">Cisneros<\/strong>, de origen cubano-venezolano y capitalista en Canad\u00e1, por su cercan\u00eda con <strong data-start=\"845\" data-end=\"863\">Nicol\u00e1s Maduro<\/strong>.<\/p>\n<p data-start=\"866\" data-end=\"1246\">El detalle era que la <strong data-start=\"888\" data-end=\"925\">Constituci\u00f3n Pol\u00edtica de Colombia<\/strong> y la <strong data-start=\"931\" data-end=\"951\">Ley 1475 de 2011<\/strong> proh\u00edben taxativamente la financiaci\u00f3n externa de cualquier tipo de campa\u00f1a en el pa\u00eds, con sanciones que van desde la <strong data-start=\"1071\" data-end=\"1097\">p\u00e9rdida de investidura<\/strong> para quien resulte electo con tal patrocinio internacional, hasta la <strong data-start=\"1167\" data-end=\"1204\">p\u00e9rdida de la personer\u00eda jur\u00eddica<\/strong> para las fuerzas pol\u00edticas que lo avalen.<\/p>\n<p data-start=\"1248\" data-end=\"1618\">Hoy en d\u00eda, es un secreto a viva voz que la <strong data-start=\"1292\" data-end=\"1323\">fortuna de Oswaldo Cisneros<\/strong> proven\u00eda en sus \u00faltimos a\u00f1os de negocios vinculados al narcotr\u00e1fico internacional. Ha quedado en evidencia. Cisneros trataba de recuperarse de las grandes p\u00e9rdidas que sufri\u00f3 en su patrimonio luego de una asociaci\u00f3n con <strong data-start=\"1544\" data-end=\"1553\">PDVSA<\/strong> que no result\u00f3 como entonces se la presentaron para convencerlo.<\/p>\n<p data-start=\"1620\" data-end=\"2087\">En Venezuela, nadie parece haberse enterado de que no era la primera vez, en tiempos recientes, que la opini\u00f3n p\u00fablica colombiana dudaba del origen y la legalidad de los recursos que pod\u00edan llegar de la mano de <strong data-start=\"1831\" data-end=\"1846\">Luis Giusti<\/strong> y su <strong data-start=\"1852\" data-end=\"1872\">Pacific Rubiales<\/strong>, y de <strong data-start=\"1879\" data-end=\"1897\">Calder\u00f3n Berti<\/strong> con su <strong data-start=\"1905\" data-end=\"1921\">Vetra Energy<\/strong>, a las campa\u00f1as del <strong data-start=\"1942\" data-end=\"1953\">uribato<\/strong>.<br data-start=\"1954\" data-end=\"1957\" \/>Desde el a\u00f1o 2002, estos actores se mudaron al vecino pa\u00eds, luego de salir derrotados por Ch\u00e1vez en el llamado <strong data-start=\"2068\" data-end=\"2086\">paro petrolero<\/strong>.<\/p>\n<p data-start=\"2094\" data-end=\"2223\" data-is-last-node=\"\" data-is-only-node=\"\">LA BORRACHERA DEL \u00d1E\u00d1E PARA CELEBRAR EL TRIUNFO<\/p>\n<figure id=\"attachment_95311\" aria-describedby=\"caption-attachment-95311\" style=\"width: 564px\" class=\"wp-caption aligncenter\"><a href=\"https:\/\/nuevaprensaamerica.com\/wp-content\/uploads\/2025\/08\/photo_2025-08-03_10-50-25.jpg\"><img loading=\"lazy\" decoding=\"async\" class=\"size-full wp-image-95311\" src=\"https:\/\/nuevaprensaamerica.com\/wp-content\/uploads\/2025\/08\/photo_2025-08-03_10-50-25.jpg\" alt=\"\" width=\"564\" height=\"680\" \/><\/a><figcaption id=\"caption-attachment-95311\" class=\"wp-caption-text\">LA BORRACHERA DEL \u00d1E\u00d1E PARA CELEBRAR EL TRIUNFO<\/figcaption><\/figure>\n<p>&nbsp;<\/p>\n<p>\u201cMe invitaron con Duque y me met\u00ed una [borrachera] hasta las tres de la ma\u00f1ana que estuve all\u00e1\u201d, le cont\u00f3 \u201c\u00d1e\u00f1e\u201d a un interlocutor no identificado durante una conversaci\u00f3n telef\u00f3nica del 7 de agosto, cuando se dirig\u00eda a la posesi\u00f3n presidencial, en la plaza de Bol\u00edvar. La conversaci\u00f3n, que se reproduce completa en esta entrega con otras tres (en audio y por escrito), incluye este di\u00e1logo:<br \/>\nHombre desconocido: \u00bfEstuvieron con Duque all\u00e1?<br \/>\n\u00d1e\u00f1e: S\u00ed, s\u00ed, s\u00ed, s\u00ed, s\u00ed.<br \/>\nHombre desconocido: Aqu\u00ed tengo un botell\u00f3n de vino de tres litros que vale 1.400.000 pesos.<br \/>\n\u00d1e\u00f1e: Para que nos lo tomemos.<br \/>\nHombre desconocido: Para que nos lo tomemos, \u00bfoy\u00f3? En el siguiente viaje. Me lo regal\u00f3 un se\u00f1or que es lo m\u00e1s fino de Argentina\u2026<\/p>\n<p>Grabaci\u00f3n 1:\u00a0Audio \u2013 6 de agosto de 2018 10:00pm<\/p>\n<div class=\"jetpack-video-wrapper\">\n<div style=\"max-width: 1707px;\">\n<div style=\"left: 0; width: 100%; height: 0; position: relative; padding-bottom: 56.25%;\"><iframe title=\"(AUDIO 1\/4) \u201cMe invitaron con Duque y me met\u00ed una [borrachera] hasta las 3:00 am\u201d: `\u00d1e\u00f1e\u00b4 Hern\u00e1ndez\" src=\"\/\/if-cdn.com\/lIuzN38E?maxheight=960\" style=\"top: 0; left: 0; width: 100%; height: 100%; position: absolute; border: 0;\" allowfullscreen scrolling=\"no\" allow=\"accelerometer *; clipboard-write *; encrypted-media *; gyroscope *; picture-in-picture *; web-share *;\"><\/iframe><\/div>\n<\/div>\n<p><script type=\"text\/javascript\">window.addEventListener(\"message\",function(e){\n                window.parent.postMessage(e.data,\"*\");\n            },false);<\/script><\/div>\n<p>Grabaci\u00f3n 2:\u00a0Audio \u2013 7 de agosto de 2018<\/p>\n<p><a href=\"https:\/\/youtu.be\/aTxN6DXzU68\">https:\/\/youtu.be\/aTxN6DXzU68<\/a><\/p>\n<p>Grabaci\u00f3n 3:\u00a0Audio \u2013 7 de agosto de 2018<\/p>\n<div class=\"jetpack-video-wrapper\">\n<div style=\"max-width: 1707px;\">\n<div style=\"left: 0; width: 100%; height: 0; position: relative; padding-bottom: 56.25%;\"><iframe title=\"(AUDIO 3\/4) \u201cMe invitaron con Duque y me met\u00ed una [borrachera] hasta las 3:00 am\u201d: `\u00d1e\u00f1e\u00b4 Hern\u00e1ndez\" src=\"\/\/if-cdn.com\/RoJlBkVZ?maxheight=960\" style=\"top: 0; left: 0; width: 100%; height: 100%; position: absolute; border: 0;\" allowfullscreen scrolling=\"no\" allow=\"accelerometer *; clipboard-write *; encrypted-media *; gyroscope *; picture-in-picture *; web-share *;\"><\/iframe><\/div>\n<\/div>\n<p><script type=\"text\/javascript\">window.addEventListener(\"message\",function(e){\n                window.parent.postMessage(e.data,\"*\");\n            },false);<\/script><\/div>\n<p>Grabaci\u00f3n 4:\u00a0Audio \u2013 7 de agosto de 2018<\/p>\n<p><a href=\"https:\/\/youtu.be\/zrPnlV1FtiI\">https:\/\/youtu.be\/zrPnlV1FtiI<\/a><\/p>\n<p>&nbsp;<\/p>\n<figure id=\"attachment_95316\" aria-describedby=\"caption-attachment-95316\" style=\"width: 1280px\" class=\"wp-caption aligncenter\"><a href=\"https:\/\/nuevaprensaamerica.com\/wp-content\/uploads\/2025\/08\/photo_2025-08-03_10-52-05.jpg\"><img loading=\"lazy\" decoding=\"async\" class=\"size-full wp-image-95316\" src=\"https:\/\/nuevaprensaamerica.com\/wp-content\/uploads\/2025\/08\/photo_2025-08-03_10-52-05.jpg\" alt=\"\" width=\"1280\" height=\"773\" \/><\/a><figcaption id=\"caption-attachment-95316\" class=\"wp-caption-text\">Tony Intriago, reclutador de militares-sicarios colombianos, organiz\u00f3 con Iv\u00e1n Duque en 2019 el concierto de C\u00facuta contra la narco-tiran\u00eda de Nicol\u00e1s Maduro<\/figcaption><\/figure>\n<p data-start=\"133\" data-end=\"324\">Hoy muchos han olvidado a <strong data-start=\"159\" data-end=\"186\">Antonio \u201cTony\u201d Intriago<\/strong>, el reclutador de los militares-sicarios colombianos que intentaron un magnicidio en Hait\u00ed. Intriago era muy cercano a <strong data-start=\"306\" data-end=\"323\">los Van Duque<\/strong>.<\/p>\n<p data-start=\"326\" data-end=\"493\">Ambos coincidieron el <strong data-start=\"348\" data-end=\"373\">23 de febrero de 2019<\/strong> en el c\u00e9lebre concierto realizado en la ciudad colombiana de <strong data-start=\"435\" data-end=\"445\">C\u00facuta<\/strong>, con el que se \u201crepudi\u00f3\u201d la tiran\u00eda venezolana.<\/p>\n<p data-start=\"495\" data-end=\"732\"><strong data-start=\"495\" data-end=\"512\">Tony Intriago<\/strong> fue uno de los organizadores del concierto. En esa ocasi\u00f3n comparti\u00f3 con <strong data-start=\"586\" data-end=\"600\">Iv\u00e1n Duque<\/strong> y con <strong data-start=\"607\" data-end=\"622\">Juan Guaid\u00f3<\/strong>, quien lleg\u00f3 acompa\u00f1ado por jefes de la organizaci\u00f3n narcotraficante y sicarial colombiana <strong data-start=\"714\" data-end=\"731\">Los Rastrojos<\/strong>.<\/p>\n<p data-start=\"734\" data-end=\"874\">El concierto <em data-start=\"747\" data-end=\"772\">\u201cVenezuela Somos Todos\u201d<\/em> desemboc\u00f3 en un esc\u00e1ndalo relacionado con el robo del dinero de las donaciones que fueron recaudadas.<\/p>\n<p data-start=\"876\" data-end=\"978\">El primer contacto conocido de Duque con Intriago est\u00e1 fechado en <strong data-start=\"942\" data-end=\"977\">Miami, el 10 de febrero de 2018<\/strong>.<\/p>\n<p data-start=\"980\" data-end=\"1433\">Por otra parte, <strong data-start=\"996\" data-end=\"1013\">Tony Intriago<\/strong>, a trav\u00e9s de su empresa <strong data-start=\"1038\" data-end=\"1054\">CTU Security<\/strong>, fue proponente para obtener el contrato de la fracasada <strong data-start=\"1112\" data-end=\"1134\">Operaci\u00f3n Gede\u00f3n I<\/strong>, dirigida por el publicista venezolano <strong data-start=\"1174\" data-end=\"1189\">J.J. Rend\u00f3n<\/strong>. Se trataba de un plan encaminado a derrocar a <strong data-start=\"1237\" data-end=\"1255\">Nicol\u00e1s Maduro<\/strong>, pero result\u00f3 ser un fiasco, en el que incluso se utilizaron <strong data-start=\"1317\" data-end=\"1377\">dos lanchas artilladas de la Marina de Guerra colombiana<\/strong>, que terminaron decomisadas por el gobierno venezolano.<\/p>\n<p data-start=\"1435\" data-end=\"1522\">Esta operaci\u00f3n no fue finalmente contratada a Intriago, sino a la firma <strong data-start=\"1507\" data-end=\"1521\">Silvercorp<\/strong>.<\/p>\n<p data-start=\"1524\" data-end=\"1840\">Uno de los dirigentes de <strong data-start=\"1549\" data-end=\"1561\">Gede\u00f3n I<\/strong> fue el mayor general venezolano <strong data-start=\"1594\" data-end=\"1620\">Cl\u00edver Alcal\u00e1 Cordones<\/strong>, conocido por sus v\u00ednculos con el difunto narcotraficante colombiano <strong data-start=\"1690\" data-end=\"1725\">Jos\u00e9 Guillermo Hern\u00e1ndez Aponte<\/strong>, alias <em data-start=\"1733\" data-end=\"1739\">\u00d1e\u00f1e<\/em>, quien compr\u00f3 votos para la elecci\u00f3n de Duque en al menos cinco departamentos del norte de Colombia.<\/p>\n<p data-start=\"1842\" data-end=\"1988\"><strong data-start=\"1842\" data-end=\"1852\">Alcal\u00e1<\/strong> fue extraditado a Estados Unidos, donde actualmente se encuentra preso por narcotr\u00e1fico y <strong data-start=\"1943\" data-end=\"1987\">declarando contra el gobierno venezolano<\/strong>.<\/p>\n<hr data-start=\"1990\" data-end=\"1993\" \/>\n<p data-start=\"1995\" data-end=\"2107\" data-is-last-node=\"\" data-is-only-node=\"\">\n","protected":false},"excerpt":{"rendered":"<p>Llevo dos noches seguidas estudiando a fondo y contrastando diferentes fuentes de informaci\u00f3n, que me permitieran documentarme lo suficientemente bien para entender y poder compartir [&hellip;]<\/p>\n","protected":false},"author":1,"featured_media":6430,"comment_status":"open","ping_status":"open","sticky":false,"template":"","format":"standard","meta":{"h5ap_radio_sources":[],"_FSMCFIC_featured_image_caption":"","_FSMCFIC_featured_image_nocaption":"","_FSMCFIC_featured_image_hide":"","_jetpack_memberships_contains_paid_content":false,"footnotes":""},"categories":[12,2],"tags":[],"class_list":["post-6418","post","type-post","status-publish","format-standard","has-post-thumbnail","hentry","category-colombia","category-venezuela"],"aioseo_notices":[],"jetpack_featured_media_url":"https:\/\/nuevaprensaamerica.com\/wp-content\/uploads\/2025\/08\/photo_2025-08-03_10-52-44.jpg","jetpack_sharing_enabled":true,"_links":{"self":[{"href":"https:\/\/nuevaprensaamerica.com\/index.php\/wp-json\/wp\/v2\/posts\/6418","targetHints":{"allow":["GET"]}}],"collection":[{"href":"https:\/\/nuevaprensaamerica.com\/index.php\/wp-json\/wp\/v2\/posts"}],"about":[{"href":"https:\/\/nuevaprensaamerica.com\/index.php\/wp-json\/wp\/v2\/types\/post"}],"author":[{"embeddable":true,"href":"https:\/\/nuevaprensaamerica.com\/index.php\/wp-json\/wp\/v2\/users\/1"}],"replies":[{"embeddable":true,"href":"https:\/\/nuevaprensaamerica.com\/index.php\/wp-json\/wp\/v2\/comments?post=6418"}],"version-history":[{"count":4,"href":"https:\/\/nuevaprensaamerica.com\/index.php\/wp-json\/wp\/v2\/posts\/6418\/revisions"}],"predecessor-version":[{"id":6463,"href":"https:\/\/nuevaprensaamerica.com\/index.php\/wp-json\/wp\/v2\/posts\/6418\/revisions\/6463"}],"wp:featuredmedia":[{"embeddable":true,"href":"https:\/\/nuevaprensaamerica.com\/index.php\/wp-json\/wp\/v2\/media\/6430"}],"wp:attachment":[{"href":"https:\/\/nuevaprensaamerica.com\/index.php\/wp-json\/wp\/v2\/media?parent=6418"}],"wp:term":[{"taxonomy":"category","embeddable":true,"href":"https:\/\/nuevaprensaamerica.com\/index.php\/wp-json\/wp\/v2\/categories?post=6418"},{"taxonomy":"post_tag","embeddable":true,"href":"https:\/\/nuevaprensaamerica.com\/index.php\/wp-json\/wp\/v2\/tags?post=6418"}],"curies":[{"name":"wp","href":"https:\/\/api.w.org\/{rel}","templated":true}]}}