{"id":6533,"date":"2025-08-07T07:37:21","date_gmt":"2025-08-07T07:37:21","guid":{"rendered":"https:\/\/nuevaprensaamerica.com\/?p=6533"},"modified":"2025-08-07T07:37:21","modified_gmt":"2025-08-07T07:37:21","slug":"comercio-ilegal-y-crimen-organizado-un-riesgo-latente-para-la-industria-y-la-estabilidad-en-america-latina","status":"publish","type":"post","link":"https:\/\/nuevaprensaamerica.com\/index.php\/2025\/08\/07\/comercio-ilegal-y-crimen-organizado-un-riesgo-latente-para-la-industria-y-la-estabilidad-en-america-latina\/","title":{"rendered":"Comercio Ilegal y Crimen Organizado: Un Riesgo Latente para la Industria y la Estabilidad en Am\u00e9rica Latina"},"content":{"rendered":"<p data-start=\"364\" data-end=\"778\">La regi\u00f3n de Am\u00e9rica Latina y el Caribe se encuentra en una encrucijada cr\u00edtica. El auge del comercio il\u00edcito, el crimen organizado transnacional y las pr\u00e1cticas comerciales desleales est\u00e1n generando efectos devastadores sobre las econom\u00edas formales, las instituciones y la seguridad regional. Distintos an\u00e1lisis recientes han revelado datos alarmantes que invitan a una reflexi\u00f3n urgente y a la acci\u00f3n coordinada.<\/p>\n<p><!--more--><\/p>\n<h3 data-start=\"780\" data-end=\"841\">Un Costo Multimillonario: El Impacto del Comercio Il\u00edcito<\/h3>\n<p data-start=\"843\" data-end=\"1428\">Seg\u00fan un an\u00e1lisis del general (r) Juan Carlos Buitrago, presentado en la <strong data-start=\"916\" data-end=\"949\">University for Peace (UPEACE)<\/strong> en Costa Rica, la <strong data-start=\"968\" data-end=\"976\">OCDE<\/strong> estima que el comercio il\u00edcito genera p\u00e9rdidas anuales de <strong data-start=\"1035\" data-end=\"1081\">460 mil millones de d\u00f3lares a nivel global<\/strong>, de los cuales <strong data-start=\"1097\" data-end=\"1117\">210 mil millones<\/strong> afectan directamente a Am\u00e9rica Latina y el Caribe. Este fen\u00f3meno est\u00e1 alimentado por <strong data-start=\"1203\" data-end=\"1257\">436 organizaciones criminales activas en la regi\u00f3n<\/strong>, con <strong data-start=\"1263\" data-end=\"1305\">170 de ellas dedicadas al narcotr\u00e1fico<\/strong>, mientras que el resto se enfoca en otras rentas criminales como contrabando, tr\u00e1fico de mercanc\u00edas y delitos financieros.<\/p>\n<h3 data-start=\"1430\" data-end=\"1489\">El Acero Bajo Fuego: China, Contrabando y Triangulaci\u00f3n<\/h3>\n<p data-start=\"1491\" data-end=\"1950\">Un informe reciente de <strong data-start=\"1514\" data-end=\"1531\">Strategos BIP<\/strong>, titulado <em data-start=\"1542\" data-end=\"1599\">&#8220;Los retos de la industria del acero en Am\u00e9rica Latina&#8221;<\/em>, expone c\u00f3mo sectores estrat\u00e9gicos como el acero enfrentan amenazas por <strong data-start=\"1672\" data-end=\"1763\">triangulaci\u00f3n de importaciones, contrabando y dumping, especialmente por parte de China<\/strong>. Pa\u00edses como <strong data-start=\"1777\" data-end=\"1809\">Colombia, Guatemala y M\u00e9xico<\/strong> est\u00e1n siendo duramente impactados por estas pr\u00e1cticas, debilitando su industria nacional y abriendo espacio a din\u00e1micas econ\u00f3micas il\u00edcitas.<\/p>\n<p data-start=\"1952\" data-end=\"2164\">La falta de control efectivo sobre las cadenas log\u00edsticas ha facilitado el ingreso de acero y productos derivados a trav\u00e9s de mecanismos ilegales, afectando la competitividad local y favoreciendo la informalidad.<\/p>\n<h3 data-start=\"2166\" data-end=\"2226\">Plataforma CIMA: Radiograf\u00eda de las Econom\u00edas Criminales<\/h3>\n<p data-start=\"2228\" data-end=\"2454\">En este contexto, la plataforma <strong data-start=\"2260\" data-end=\"2268\">CIMA<\/strong> de Strategos BIP ha identificado <strong data-start=\"2302\" data-end=\"2338\">m\u00e1s de 500 eventos operacionales<\/strong> vinculados al comercio ilegal tan solo en el primer semestre de 2025. Entre las actividades detectadas se incluyen:<\/p>\n<ul data-start=\"2456\" data-end=\"2553\">\n<li data-start=\"2456\" data-end=\"2484\">\n<p data-start=\"2458\" data-end=\"2484\">\ud83d\udeac Contrabando de tabaco<\/p>\n<\/li>\n<li data-start=\"2485\" data-end=\"2510\">\n<p data-start=\"2487\" data-end=\"2510\">\ud83e\udd43 Alcohol adulterado<\/p>\n<\/li>\n<li data-start=\"2511\" data-end=\"2553\">\n<p data-start=\"2513\" data-end=\"2553\">\ud83d\udc8a Tr\u00e1fico de medicamentos controlados<\/p>\n<\/li>\n<\/ul>\n<p data-start=\"2555\" data-end=\"2784\">Estos datos revelan una compleja red criminal transnacional que <strong data-start=\"2619\" data-end=\"2702\">trasciende fronteras, desaf\u00eda a la institucionalidad y nutre econom\u00edas ilegales<\/strong>, muchas veces interconectadas con grupos armados o estructuras de poder corrupto.<\/p>\n<h3 data-start=\"2786\" data-end=\"2854\">Llamado a la Acci\u00f3n: Fortalecer Pol\u00edticas y Cooperaci\u00f3n Regional<\/h3>\n<p data-start=\"2856\" data-end=\"2897\">Los expertos coinciden en que es urgente:<\/p>\n<ol data-start=\"2899\" data-end=\"3358\">\n<li data-start=\"2899\" data-end=\"3006\">\n<p data-start=\"2902\" data-end=\"3006\"><strong data-start=\"2902\" data-end=\"2951\">Fortalecer las pol\u00edticas de defensa comercial<\/strong>, especialmente en sectores estrat\u00e9gicos como el acero.<\/p>\n<\/li>\n<li data-start=\"3007\" data-end=\"3106\">\n<p data-start=\"3010\" data-end=\"3106\"><strong data-start=\"3010\" data-end=\"3076\">Implementar mecanismos de trazabilidad y control m\u00e1s estrictos<\/strong> para combatir el contrabando.<\/p>\n<\/li>\n<li data-start=\"3107\" data-end=\"3221\">\n<p data-start=\"3110\" data-end=\"3221\"><strong data-start=\"3110\" data-end=\"3146\">Fomentar la cooperaci\u00f3n regional<\/strong> entre gobiernos, fuerzas armadas, academia e instituciones multilaterales.<\/p>\n<\/li>\n<li data-start=\"3222\" data-end=\"3358\">\n<p data-start=\"3225\" data-end=\"3358\"><strong data-start=\"3225\" data-end=\"3263\">Invertir en inteligencia econ\u00f3mica<\/strong> y plataformas tecnol\u00f3gicas como CIMA para anticipar, rastrear y desarticular redes criminales.<\/p>\n<\/li>\n<\/ol>\n<h3 data-start=\"3365\" data-end=\"3379\"><\/h3>\n","protected":false},"excerpt":{"rendered":"<p>La regi\u00f3n de Am\u00e9rica Latina y el Caribe se encuentra en una encrucijada cr\u00edtica. El auge del comercio il\u00edcito, el crimen organizado transnacional y las [&hellip;]<\/p>\n","protected":false},"author":1,"featured_media":6534,"comment_status":"open","ping_status":"open","sticky":false,"template":"","format":"standard","meta":{"h5ap_radio_sources":[],"_FSMCFIC_featured_image_caption":"","_FSMCFIC_featured_image_nocaption":"","_FSMCFIC_featured_image_hide":"","_jetpack_memberships_contains_paid_content":false,"footnotes":""},"categories":[12,5],"tags":[],"class_list":["post-6533","post","type-post","status-publish","format-standard","has-post-thumbnail","hentry","category-colombia","category-internacionales"],"aioseo_notices":[],"jetpack_featured_media_url":"https:\/\/nuevaprensaamerica.com\/wp-content\/uploads\/2025\/08\/Captura-de-pantalla-2025-08-07-a-las-9.36.40.png","jetpack_sharing_enabled":true,"_links":{"self":[{"href":"https:\/\/nuevaprensaamerica.com\/index.php\/wp-json\/wp\/v2\/posts\/6533","targetHints":{"allow":["GET"]}}],"collection":[{"href":"https:\/\/nuevaprensaamerica.com\/index.php\/wp-json\/wp\/v2\/posts"}],"about":[{"href":"https:\/\/nuevaprensaamerica.com\/index.php\/wp-json\/wp\/v2\/types\/post"}],"author":[{"embeddable":true,"href":"https:\/\/nuevaprensaamerica.com\/index.php\/wp-json\/wp\/v2\/users\/1"}],"replies":[{"embeddable":true,"href":"https:\/\/nuevaprensaamerica.com\/index.php\/wp-json\/wp\/v2\/comments?post=6533"}],"version-history":[{"count":3,"href":"https:\/\/nuevaprensaamerica.com\/index.php\/wp-json\/wp\/v2\/posts\/6533\/revisions"}],"predecessor-version":[{"id":6537,"href":"https:\/\/nuevaprensaamerica.com\/index.php\/wp-json\/wp\/v2\/posts\/6533\/revisions\/6537"}],"wp:featuredmedia":[{"embeddable":true,"href":"https:\/\/nuevaprensaamerica.com\/index.php\/wp-json\/wp\/v2\/media\/6534"}],"wp:attachment":[{"href":"https:\/\/nuevaprensaamerica.com\/index.php\/wp-json\/wp\/v2\/media?parent=6533"}],"wp:term":[{"taxonomy":"category","embeddable":true,"href":"https:\/\/nuevaprensaamerica.com\/index.php\/wp-json\/wp\/v2\/categories?post=6533"},{"taxonomy":"post_tag","embeddable":true,"href":"https:\/\/nuevaprensaamerica.com\/index.php\/wp-json\/wp\/v2\/tags?post=6533"}],"curies":[{"name":"wp","href":"https:\/\/api.w.org\/{rel}","templated":true}]}}