{"id":6570,"date":"2025-08-10T10:13:45","date_gmt":"2025-08-10T10:13:45","guid":{"rendered":"https:\/\/nuevaprensaamerica.com\/?p=6570"},"modified":"2025-08-10T10:13:45","modified_gmt":"2025-08-10T10:13:45","slug":"los-velutini-se-averguenzan-de-su-verdadero-origen-y-lo-ocultan-siempre-seran-corsarios-y-saqueadores-segunda-entrega","status":"publish","type":"post","link":"https:\/\/nuevaprensaamerica.com\/index.php\/2025\/08\/10\/los-velutini-se-averguenzan-de-su-verdadero-origen-y-lo-ocultan-siempre-seran-corsarios-y-saqueadores-segunda-entrega\/","title":{"rendered":"LOS VELUTINI SE AVERG\u00dcENZAN DE SU VERDADERO ORIGEN Y LO OCULTAN SIEMPRE SER\u00c1N CORSARIOS Y SAQUEADORES (Segunda entrega)"},"content":{"rendered":"<p data-start=\"292\" data-end=\"695\">Si algo me ha quedado claro, luego de una extensa, minuciosa y profunda investigaci\u00f3n, son tres cosas: 1) Los Velutini no tienen ning\u00fan origen \u201cnoble\u201d; 2) es completamente falso que se trate de un grupo familiar con larga tradici\u00f3n en el ramo bancario; y 3) descienden de corsarios (piratas). Siguen respondiendo a la esencia de su origen. No han cambiado. Se enriquecen del saqueo de bienes p\u00fablicos.<\/p>\n<p data-start=\"697\" data-end=\"1589\">Se me asemeja mucho al caso de la familia Sigala (investigaci\u00f3n que venimos desarrollando a trav\u00e9s de una serie documental donde demostraremos el origen paterno de mi madre), quienes han gastado grandes cantidades de dinero en \u201cinventarse un pasado\u201d repleto de ancestros de la nobleza espa\u00f1ola e italiana que nunca existieron. Les averg\u00fcenza que se conozca el origen real de sus antecesores, lo cual queda evidenciado en el apellido Sigala: recolectores de cangrejos y crust\u00e1ceos diversos. Unos parias cuyos primeros miembros llegaron a las Am\u00e9ricas porque eran rechazados en la regi\u00f3n de V\u00e9neto, Italia. Nada que envidiar a los m\u00e1s humildes representantes de la di\u00e1spora venezolana que actualmente se ha extendido por el mundo entero. Pero la suerte de toda la familia cambia cuando el m\u00e9dico Honorio Sigala se convierte en el hombre de confianza y mano derecha de Eleazar L\u00f3pez Contreras.<\/p>\n<p data-start=\"1596\" data-end=\"1741\" data-is-last-node=\"\" data-is-only-node=\"\"><!--more--><\/p>\n<figure id=\"attachment_95600\" aria-describedby=\"caption-attachment-95600\" style=\"width: 190px\" class=\"wp-caption aligncenter\"><a href=\"https:\/\/nuevaprensaamerica.com\/wp-content\/uploads\/2025\/08\/photo_2025-08-10_11-54-40.jpg\"><img loading=\"lazy\" decoding=\"async\" class=\"size-full wp-image-95600\" src=\"https:\/\/nuevaprensaamerica.com\/wp-content\/uploads\/2025\/08\/photo_2025-08-10_11-54-40.jpg\" alt=\"\" width=\"190\" height=\"265\" \/><\/a><figcaption id=\"caption-attachment-95600\" class=\"wp-caption-text\">HONORIO SIGALA<\/figcaption><\/figure>\n<figure id=\"attachment_95601\" aria-describedby=\"caption-attachment-95601\" style=\"width: 282px\" class=\"wp-caption aligncenter\"><a href=\"https:\/\/nuevaprensaamerica.com\/wp-content\/uploads\/2025\/08\/photo_2025-08-10_11-54-43.jpg\"><img loading=\"lazy\" decoding=\"async\" class=\"size-full wp-image-95601\" src=\"https:\/\/nuevaprensaamerica.com\/wp-content\/uploads\/2025\/08\/photo_2025-08-10_11-54-43.jpg\" alt=\"\" width=\"282\" height=\"178\" \/><\/a><figcaption id=\"caption-attachment-95601\" class=\"wp-caption-text\">HONORIO SIGALA<\/figcaption><\/figure>\n<p>&nbsp;<\/p>\n<p>Algo similar sucedi\u00f3 con los Velutini, provenientes de C\u00f3rcega, cuya suerte cambia totalmente gracias al ascenso de Jos\u00e9 Antonio Velutini Ron al poder, quien fuera ministro de Cr\u00e9dito P\u00fablico y ministro de Fomento durante la segunda y tercera presidencias de Antonio Guzm\u00e1n Blanco (<a class=\"\" href=\"https:\/\/es.m.wikipedia.org\/wiki\/Antonio_Guzm%C3%A1n_Blanco\" target=\"_new\" rel=\"noopener\" data-start=\"426\" data-end=\"546\">https:\/\/es.m.wikipedia.org\/wiki\/Antonio_Guzm%C3%A1n_Blanco<\/a>), respectivamente. Oportunidad que aprovecharon para ingresar al gremio bancario venezolano. Joaqu\u00edn Crespo lo nombra general en jefe de los ej\u00e9rcitos de la Rep\u00fablica el 7 de octubre de 1892, y Cipriano Castro lo designa ministro de Relaciones Exteriores, ministro del Interior, comandante de las fuerzas gubernamentales, embajador ante Francia y Gran Breta\u00f1a, y vicepresidente de Venezuela. De esta manera se fueron adue\u00f1ando del pa\u00eds.<\/p>\n<figure id=\"attachment_95604\" aria-describedby=\"caption-attachment-95604\" style=\"width: 850px\" class=\"wp-caption aligncenter\"><a href=\"https:\/\/nuevaprensaamerica.com\/wp-content\/uploads\/2025\/08\/photo_2025-08-10_11-57-16.jpg\"><img loading=\"lazy\" decoding=\"async\" class=\"size-full wp-image-95604\" src=\"https:\/\/nuevaprensaamerica.com\/wp-content\/uploads\/2025\/08\/photo_2025-08-10_11-57-16.jpg\" alt=\"\" width=\"850\" height=\"1167\" \/><\/a><figcaption id=\"caption-attachment-95604\" class=\"wp-caption-text\">JOSE ANTONIO VELUTINI RON<\/figcaption><\/figure>\n<figure id=\"attachment_95605\" aria-describedby=\"caption-attachment-95605\" style=\"width: 756px\" class=\"wp-caption aligncenter\"><a href=\"https:\/\/nuevaprensaamerica.com\/wp-content\/uploads\/2025\/08\/photo_2025-08-10_11-57-19.jpg\"><img loading=\"lazy\" decoding=\"async\" class=\"size-full wp-image-95605\" src=\"https:\/\/nuevaprensaamerica.com\/wp-content\/uploads\/2025\/08\/photo_2025-08-10_11-57-19.jpg\" alt=\"\" width=\"756\" height=\"1280\" \/><\/a><figcaption id=\"caption-attachment-95605\" class=\"wp-caption-text\">JOSE ANTONIO VELUTINI RON<\/figcaption><\/figure>\n<p data-start=\"143\" data-end=\"554\">Una vez revisados los registros hist\u00f3ricos oficiales de la Asociaci\u00f3n Bancaria de Venezuela y diversas fuentes, hemos podido comprobar que, desde 1528 \u2014cuando comenzaba la \u00e9poca colonial\u2014 hasta 1943, no existe ninguna menci\u00f3n a ning\u00fan miembro de la familia Velutini en cargos directivos de ninguno de los bancos privados fundados hasta ese momento. \u00danicamente aparece la referencia al exministro Velutini Ron.<\/p>\n<figure id=\"attachment_95609\" aria-describedby=\"caption-attachment-95609\" style=\"width: 1280px\" class=\"wp-caption aligncenter\"><a href=\"https:\/\/nuevaprensaamerica.com\/wp-content\/uploads\/2025\/08\/photo_2025-08-10_11-58-12.jpg\"><img loading=\"lazy\" decoding=\"async\" class=\"size-full wp-image-95609\" src=\"https:\/\/nuevaprensaamerica.com\/wp-content\/uploads\/2025\/08\/photo_2025-08-10_11-58-12.jpg\" alt=\"\" width=\"1280\" height=\"1110\" \/><\/a><figcaption id=\"caption-attachment-95609\" class=\"wp-caption-text\">FUENTES CONSULTADAS<\/figcaption><\/figure>\n<p data-start=\"143\" data-end=\"554\"><a href=\"https:\/\/nuevaprensaamerica.com\/wp-content\/uploads\/2025\/08\/photo_2025-08-10_11-58-16.jpg\"><img loading=\"lazy\" decoding=\"async\" class=\"aligncenter size-full wp-image-95610\" src=\"https:\/\/nuevaprensaamerica.com\/wp-content\/uploads\/2025\/08\/photo_2025-08-10_11-58-16.jpg\" alt=\"\" width=\"767\" height=\"1280\" \/><\/a><\/p>\n<p data-start=\"84\" data-end=\"328\">El Banco Caracas fue fundado, liquidado y vuelto a fundar en cuatro ocasiones, y, a pesar de que en cada una figuran las identidades completas de todos y cada uno de los fundadores, en ninguno de los grupos de accionistas aparece un Velutini.<\/p>\n<p data-start=\"84\" data-end=\"328\"><a href=\"https:\/\/nuevaprensaamerica.com\/wp-content\/uploads\/2025\/08\/photo_2025-08-10_11-59-26.jpg\"><img loading=\"lazy\" decoding=\"async\" class=\"aligncenter size-full wp-image-95613\" src=\"https:\/\/nuevaprensaamerica.com\/wp-content\/uploads\/2025\/08\/photo_2025-08-10_11-59-26.jpg\" alt=\"\" width=\"909\" height=\"874\" \/><\/a> <a href=\"https:\/\/nuevaprensaamerica.com\/wp-content\/uploads\/2025\/08\/photo_2025-08-10_11-59-28.jpg\"><img loading=\"lazy\" decoding=\"async\" class=\"aligncenter size-full wp-image-95614\" src=\"https:\/\/nuevaprensaamerica.com\/wp-content\/uploads\/2025\/08\/photo_2025-08-10_11-59-28.jpg\" alt=\"\" width=\"889\" height=\"1059\" \/><\/a> <a href=\"https:\/\/nuevaprensaamerica.com\/wp-content\/uploads\/2025\/08\/photo_2025-08-10_11-59-30.jpg\"><img loading=\"lazy\" decoding=\"async\" class=\"aligncenter size-full wp-image-95615\" src=\"https:\/\/nuevaprensaamerica.com\/wp-content\/uploads\/2025\/08\/photo_2025-08-10_11-59-30.jpg\" alt=\"\" width=\"861\" height=\"563\" \/><\/a> <a href=\"https:\/\/nuevaprensaamerica.com\/wp-content\/uploads\/2025\/08\/photo_2025-08-10_11-59-32.jpg\"><img loading=\"lazy\" decoding=\"async\" class=\"aligncenter size-full wp-image-95616\" src=\"https:\/\/nuevaprensaamerica.com\/wp-content\/uploads\/2025\/08\/photo_2025-08-10_11-59-32.jpg\" alt=\"\" width=\"1051\" height=\"606\" \/><\/a> <a href=\"https:\/\/nuevaprensaamerica.com\/wp-content\/uploads\/2025\/08\/photo_2025-08-10_11-59-34.jpg\"><img loading=\"lazy\" decoding=\"async\" class=\"aligncenter size-full wp-image-95617\" src=\"https:\/\/nuevaprensaamerica.com\/wp-content\/uploads\/2025\/08\/photo_2025-08-10_11-59-34.jpg\" alt=\"\" width=\"1213\" height=\"796\" \/><\/a> <a href=\"https:\/\/nuevaprensaamerica.com\/wp-content\/uploads\/2025\/08\/photo_2025-08-10_11-59-36.jpg\"><img loading=\"lazy\" decoding=\"async\" class=\"aligncenter size-full wp-image-95618\" src=\"https:\/\/nuevaprensaamerica.com\/wp-content\/uploads\/2025\/08\/photo_2025-08-10_11-59-36.jpg\" alt=\"\" width=\"1235\" height=\"403\" \/><\/a><\/p>\n<p data-start=\"84\" data-end=\"328\">Es a partir del a\u00f1o 1943 que figura Andres Velutini como presidente del Consejo Bancario Nacional.<\/p>\n<figure id=\"attachment_95622\" aria-describedby=\"caption-attachment-95622\" style=\"width: 672px\" class=\"wp-caption aligncenter\"><a href=\"https:\/\/nuevaprensaamerica.com\/wp-content\/uploads\/2025\/08\/photo_2025-08-10_12-00-15.jpg\"><img loading=\"lazy\" decoding=\"async\" class=\"size-full wp-image-95622\" src=\"https:\/\/nuevaprensaamerica.com\/wp-content\/uploads\/2025\/08\/photo_2025-08-10_12-00-15.jpg\" alt=\"\" width=\"672\" height=\"246\" \/><\/a><figcaption id=\"caption-attachment-95622\" class=\"wp-caption-text\">Oscar Garcia Velutini como presidente del Banco Hipotecario de Cr\u00e9dito Urbano el 10 de octubre de 1958.<\/figcaption><\/figure>\n<figure id=\"attachment_95624\" aria-describedby=\"caption-attachment-95624\" style=\"width: 1280px\" class=\"wp-caption aligncenter\"><a href=\"https:\/\/nuevaprensaamerica.com\/wp-content\/uploads\/2025\/08\/photo_2025-08-10_12-00-33.jpg\"><img loading=\"lazy\" decoding=\"async\" class=\"size-full wp-image-95624\" src=\"https:\/\/nuevaprensaamerica.com\/wp-content\/uploads\/2025\/08\/photo_2025-08-10_12-00-33.jpg\" alt=\"\" width=\"1280\" height=\"813\" \/><\/a><figcaption id=\"caption-attachment-95624\" class=\"wp-caption-text\">Y Bernardo Velutini como Vicepresidente de la Asociaci\u00f3n Bancaria de Venezuela entre los a\u00f1os 1994 y 1998.<\/figcaption><\/figure>\n<figure id=\"attachment_95626\" aria-describedby=\"caption-attachment-95626\" style=\"width: 660px\" class=\"wp-caption aligncenter\"><a href=\"https:\/\/nuevaprensaamerica.com\/wp-content\/uploads\/2025\/08\/photo_2025-08-10_12-00-58.jpg\"><img loading=\"lazy\" decoding=\"async\" class=\"size-full wp-image-95626\" src=\"https:\/\/nuevaprensaamerica.com\/wp-content\/uploads\/2025\/08\/photo_2025-08-10_12-00-58.jpg\" alt=\"\" width=\"660\" height=\"1280\" \/><\/a><figcaption id=\"caption-attachment-95626\" class=\"wp-caption-text\">El \u00fanico Herrera que aparece hasta 2010 es Jes\u00fas Mar\u00eda Herrera Mendoza, quien presidi\u00f3 el Consejo Bancario Nacional en 1941 y 1945.<\/figcaption><\/figure>\n<p><a href=\"https:\/\/nuevaprensaamerica.com\/wp-content\/uploads\/2025\/08\/photo_2025-08-10_12-02-24.jpg\"><img loading=\"lazy\" decoding=\"async\" class=\"aligncenter size-full wp-image-95628\" src=\"https:\/\/nuevaprensaamerica.com\/wp-content\/uploads\/2025\/08\/photo_2025-08-10_12-02-24.jpg\" alt=\"\" width=\"670\" height=\"218\" \/><\/a> <a href=\"https:\/\/nuevaprensaamerica.com\/wp-content\/uploads\/2025\/08\/photo_2025-08-10_12-02-26.jpg\"><img loading=\"lazy\" decoding=\"async\" class=\"aligncenter size-full wp-image-95629\" src=\"https:\/\/nuevaprensaamerica.com\/wp-content\/uploads\/2025\/08\/photo_2025-08-10_12-02-26.jpg\" alt=\"\" width=\"670\" height=\"641\" \/><\/a><\/p>\n<p data-start=\"85\" data-end=\"375\">Pero quien catapulta ambos apellidos es (alias) \u201cJulio Herrera Velutini\u201d, a partir del a\u00f1o 2009, con la intervenci\u00f3n del Banco Real y, luego, del Helm Bank, as\u00ed como con todos los delitos vinculados a su desempe\u00f1o como banquero, acaparando las p\u00e1ginas rojas de diarios en el mundo entero.<\/p>\n<figure id=\"attachment_95633\" aria-describedby=\"caption-attachment-95633\" style=\"width: 1280px\" class=\"wp-caption aligncenter\"><a href=\"https:\/\/nuevaprensaamerica.com\/wp-content\/uploads\/2025\/08\/photo_2025-08-10_12-03-00.jpg\"><img loading=\"lazy\" decoding=\"async\" class=\"size-full wp-image-95633\" src=\"https:\/\/nuevaprensaamerica.com\/wp-content\/uploads\/2025\/08\/photo_2025-08-10_12-03-00.jpg\" alt=\"\" width=\"1280\" height=\"861\" \/><\/a><figcaption id=\"caption-attachment-95633\" class=\"wp-caption-text\">Julio Mart\u00edn Herrera Kolster, quien seg\u00fan algunas referencias en l\u00ednea, se ha hecho llamar\u00a0Julio Mart\u00edn Herrera Velutini o Julio Herrera Velutini,\u00a0fue due\u00f1o en Venezuela del Banco Real. El banquero huy\u00f3 de su pa\u00eds tras la crisis financiera de 2009.<\/figcaption><\/figure>\n<p>Julio Mart\u00edn Herrera Kolster, quien seg\u00fan algunas referencias en l\u00ednea, se ha hecho llamar\u00a0Julio Mart\u00edn Herrera Velutini o Julio Herrera Velutini,\u00a0fue due\u00f1o en Venezuela del Banco Real. El banquero huy\u00f3 de su pa\u00eds tras la crisis financiera de 2009.<\/p>\n<p>Este reportaje gener\u00f3 controversias, diversas reacciones y plagios. Actualmente diferimos en algunos puntos muy espec\u00edficos<\/p>\n<p>La oveja negra de los Velutini: La historia no contada de Julio Herrera Velutin<\/p>\n<blockquote class=\"wp-embedded-content\" data-secret=\"LwyMO7nmQL\"><p><a href=\"https:\/\/nuevaprensaamerica.com\/index.php\/2025\/08\/09\/la-oveja-negra-de-los-velutini-la-historia-no-contada-de-julio-herrera-velutini\/\">La oveja negra de los Velutini: La historia no contada de Julio Herrera Velutini<\/a><\/p><\/blockquote>\n<p><iframe loading=\"lazy\" title=\"&#8220;La oveja negra de los Velutini: La historia no contada de Julio Herrera Velutini&#8221; &#8212; PRENSA AM\u00c9RICA\" sandbox=\"allow-scripts\" security=\"restricted\" src=\"https:\/\/nuevaprensaamerica.com\/index.php\/2025\/08\/09\/la-oveja-negra-de-los-velutini-la-historia-no-contada-de-julio-herrera-velutini\/embed\/#?secret=LwyMO7nmQL\" width=\"600\" height=\"338\" data-secret=\"LwyMO7nmQL\" frameborder=\"0\" marginwidth=\"0\" marginheight=\"0\" scrolling=\"no\" class=\"wp-embedded-content\"><\/iframe><script>\/*! This file is auto-generated *\/!function(d,l){\"use strict\";l.querySelector&&d.addEventListener&&\"undefined\"!=typeof URL&&(d.wp=d.wp||{},d.wp.receiveEmbedMessage||(d.wp.receiveEmbedMessage=function(e){var t=e.data;if((t||t.secret||t.message||t.value)&&!\/[^a-zA-Z0-9]\/.test(t.secret)){for(var s,r,n,a=l.querySelectorAll('iframe[data-secret=\"'+t.secret+'\"]'),o=l.querySelectorAll('blockquote[data-secret=\"'+t.secret+'\"]'),c=new RegExp(\"^https?:$\",\"i\"),i=0;i<o.length;i++)o[i].style.display=\"none\";for(i=0;i<a.length;i++)s=a[i],e.source===s.contentWindow&#038;&#038;(s.removeAttribute(\"style\"),\"height\"===t.message?(1e3<(r=parseInt(t.value,10))?r=1e3:~~r<200&#038;&#038;(r=200),s.height=r):\"link\"===t.message&#038;&#038;(r=new URL(s.getAttribute(\"src\")),n=new URL(t.value),c.test(n.protocol))&#038;&#038;n.host===r.host&#038;&#038;l.activeElement===s&#038;&#038;(d.top.location.href=t.value))}},d.addEventListener(\"message\",d.wp.receiveEmbedMessage,!1),l.addEventListener(\"DOMContentLoaded\",function(){for(var e,t,s=l.querySelectorAll(\"iframe.wp-embedded-content\"),r=0;r<s.length;r++)(t=(e=s[r]).getAttribute(\"data-secret\"))||(t=Math.random().toString(36).substring(2,12),e.src+=\"#?secret=\"+t,e.setAttribute(\"data-secret\",t)),e.contentWindow.postMessage({message:\"ready\",secret:t},\"*\")},!1)))}(window,document);<\/script><\/p>\n<p>&nbsp;<\/p>\n<div>\n<div style=\"left: 0; width: 100%; height: 0; position: relative; padding-bottom: 66.3014%; padding-top: 120px;\"><iframe title=\"La oveja negra de los Velutini: La historia no contada de Julio Herrera Velutini - EL PUBLIQUE\" src=\"\/\/if-cdn.com\/b0Na4uMH?maxheight=960&#038;app=1\" style=\"top: 0; left: 0; width: 100%; height: 100%; position: absolute; border: 0;\" allowfullscreen><\/iframe><\/div>\n<\/div>\n<p><script async src=\"\/\/if-cdn.com\/embed.js\" charset=\"utf-8\"><\/script><script type=\"text\/javascript\">window.addEventListener(\"message\",function(e){\n                window.parent.postMessage(e.data,\"*\");\n            },false);<\/script><\/p>\n<p>ORIGEN: M\u00c1S HUMILDES IMPOSIBLE PERO M\u00c1S COME MIERDA NADIE<\/p>\n<p><a href=\"https:\/\/nuevaprensaamerica.com\/wp-content\/uploads\/2025\/08\/photo_2025-08-10_12-03-50.jpg\"><img loading=\"lazy\" decoding=\"async\" class=\"aligncenter size-full wp-image-95639\" src=\"https:\/\/nuevaprensaamerica.com\/wp-content\/uploads\/2025\/08\/photo_2025-08-10_12-03-50.jpg\" alt=\"\" width=\"1280\" height=\"709\" \/><\/a> <a href=\"https:\/\/nuevaprensaamerica.com\/wp-content\/uploads\/2025\/08\/photo_2025-08-10_12-03-52.jpg\"><img loading=\"lazy\" decoding=\"async\" class=\"aligncenter size-full wp-image-95640\" src=\"https:\/\/nuevaprensaamerica.com\/wp-content\/uploads\/2025\/08\/photo_2025-08-10_12-03-52.jpg\" alt=\"\" width=\"1132\" height=\"607\" \/><\/a><\/p>\n<p data-start=\"155\" data-end=\"354\">El primer miembro de esta familia que desembarc\u00f3 en tierras venezolanas, alrededor de 1830, era oriundo de Ajaccio, capital de la isla de C\u00f3rcega, que forma parte del territorio franc\u00e9s desde 1768.<\/p>\n<p data-start=\"356\" data-end=\"666\">Probablemente ten\u00eda ra\u00edces o familiares italianos. C\u00f3rcega se encuentra al lado de Cerde\u00f1a, y la ciudad italiana de mayor importancia cercana es G\u00e9nova. Por eso creemos que, si alg\u00fan Velutini tiene en su genealog\u00eda a N\u00e1poles como origen, seguramente es falso. Simplemente es para ocultar su verdadero origen.<\/p>\n<p data-start=\"668\" data-end=\"792\">En Ajaccio, C\u00f3rcega, naci\u00f3 Napole\u00f3n. Se trata de la ciudad m\u00e1s poblada de la isla y un importante puerto del Mediterr\u00e1neo.<\/p>\n<p data-start=\"794\" data-end=\"1412\">Antes, C\u00f3rcega formaba parte de la Rep\u00fablica de G\u00e9nova, una de las cuatro rep\u00fablicas mar\u00edtimas que exist\u00edan en el Mediterr\u00e1neo. La isla fue vendida a Francia. Muchos debieron afrancesar sus nombres y apellidos, que mayoritariamente eran italianos, como le sucedi\u00f3 a Bonaparte, quien proven\u00eda de una familia noble y fue enviado al continente, a Par\u00eds, como todos los miembros de familias adineradas, para cursar estudios y posteriormente ingresar a la Academia Militar, de donde egres\u00f3 con el grado de teniente con tan solo 16 a\u00f1os. Los primeros a\u00f1os en el colegio fueron muy dif\u00edciles por su marcado acento italiano.<\/p>\n<p data-start=\"1414\" data-end=\"2159\">Imag\u00ednense si eran de origen humilde, sin acceso a la escolaridad: los trataban como a unos apestados; nadie los quer\u00eda en el Mediterr\u00e1neo. Los franceses los despreciaban, como a casi todos los que proven\u00edan de las colonias. Los italianos tambi\u00e9n. No hablaban bien ni el franc\u00e9s ni el italiano, y su dialecto nunca obtuvo el reconocimiento de lengua, mucho menos de idioma. Y, para complicar m\u00e1s las cosas, se hab\u00edan mezclado racialmente con \u00e1rabes y africanos. El desprecio era tal que la isla fue usada para confinar a centenares de enfermos provenientes de \u00c1frica. Y lo peor es que, para subsistir, muchos se dedicaron a saquear las embarcaciones que transitaban cerca. Por eso, en espa\u00f1ol, un \u201ccorso\u201d es un corsario, un pirata despreciado.<\/p>\n<p data-start=\"2161\" data-end=\"2306\">En el idioma espa\u00f1ol, un corsario es un pirata, filibustero, bucanero, aventurero, bandido: descripci\u00f3n perfecta para los Velutini venezolanos.<\/p>\n<p data-start=\"2308\" data-end=\"2571\">Los piratas son delincuentes organizados que cuentan con una o varias embarcaciones y roban a otras para su propio beneficio. Los corsarios hac\u00edan lo mismo, pero auspiciados por el gobierno de alguna naci\u00f3n para que atacaran \u00fanicamente barcos de pa\u00edses rivales.<\/p>\n<p data-start=\"2573\" data-end=\"2630\">El mismo modo de proceder de esta familia de banqueros.<\/p>\n<p data-start=\"49\" data-end=\"135\">Les voy a explicar la genealog\u00eda de estos personajes de la manera m\u00e1s clara posible:<\/p>\n<p data-start=\"49\" data-end=\"135\"><a href=\"https:\/\/nuevaprensaamerica.com\/wp-content\/uploads\/2025\/08\/photo_2025-08-10_12-05-52.jpg\"><img loading=\"lazy\" decoding=\"async\" class=\"aligncenter size-full wp-image-95644\" src=\"https:\/\/nuevaprensaamerica.com\/wp-content\/uploads\/2025\/08\/photo_2025-08-10_12-05-52.jpg\" alt=\"\" width=\"1280\" height=\"971\" \/><\/a><\/p>\n<p data-start=\"119\" data-end=\"685\">Clementina Velutini P\u00e9rez-Matos era hija de Julio C\u00e9sar Velutini Couturier (1880-1939), quien, seg\u00fan la biograf\u00eda de (alias) \u201cJulio Herrera Velutini\u201d, fund\u00f3 en 1890 y presidi\u00f3 el Banco Caracas hasta 1930. \u201cHerrera Velutini\u201d asegura que, durante m\u00e1s de 100 a\u00f1os y hasta la venta del banco en 1998, las generaciones posteriores a Velutini Couturier presidieron o dirigieron el Banco Caracas. Sin embargo, los registros a los que tuvimos acceso no lo mencionan en ning\u00fan momento, y nos cuesta creer que, con tan solo 10 a\u00f1os de edad, fundara y presidiera dicho banco.<\/p>\n<p data-start=\"119\" data-end=\"685\"><a href=\"https:\/\/nuevaprensaamerica.com\/wp-content\/uploads\/2025\/08\/photo_2025-08-10_12-06-27.jpg\"><img loading=\"lazy\" decoding=\"async\" class=\"aligncenter size-full wp-image-95647\" src=\"https:\/\/nuevaprensaamerica.com\/wp-content\/uploads\/2025\/08\/photo_2025-08-10_12-06-27.jpg\" alt=\"\" width=\"1280\" height=\"1020\" \/><\/a> <a href=\"https:\/\/nuevaprensaamerica.com\/wp-content\/uploads\/2025\/08\/photo_2025-08-10_12-06-29.jpg\"><img loading=\"lazy\" decoding=\"async\" class=\"aligncenter size-full wp-image-95648\" src=\"https:\/\/nuevaprensaamerica.com\/wp-content\/uploads\/2025\/08\/photo_2025-08-10_12-06-29.jpg\" alt=\"\" width=\"1022\" height=\"953\" \/><\/a><\/p>\n<p data-start=\"72\" data-end=\"252\">Emilio Horacio Velutini Ron (1861-1927) fue el padre de Julio C\u00e9sar Velutini Couturier, abuelo de Clementina Velutini P\u00e9rez-Matos y hermano del general Jos\u00e9 Antonio Velutini Ron.<\/p>\n<p data-start=\"72\" data-end=\"252\"><a href=\"https:\/\/nuevaprensaamerica.com\/wp-content\/uploads\/2025\/08\/photo_2025-08-10_12-06-59.jpg\"><img loading=\"lazy\" decoding=\"async\" class=\"aligncenter size-full wp-image-95652\" src=\"https:\/\/nuevaprensaamerica.com\/wp-content\/uploads\/2025\/08\/photo_2025-08-10_12-06-59.jpg\" alt=\"\" width=\"1280\" height=\"890\" \/><\/a> <a href=\"https:\/\/nuevaprensaamerica.com\/wp-content\/uploads\/2025\/08\/photo_2025-08-10_12-07-01.jpg\"><img loading=\"lazy\" decoding=\"async\" class=\"aligncenter size-full wp-image-95653\" src=\"https:\/\/nuevaprensaamerica.com\/wp-content\/uploads\/2025\/08\/photo_2025-08-10_12-07-01.jpg\" alt=\"\" width=\"225\" height=\"299\" \/><\/a><\/p>\n<p data-start=\"78\" data-end=\"237\">Vicente Jos\u00e9 Mar\u00eda Velutini Ilarione (1811-1892), nacido el 4 de diciembre de 1811 en N\u00e1poles, Campania, Italia, fue el padre de Emilio Horacio Velutini Ron.<\/p>\n<p data-start=\"78\" data-end=\"237\"><a href=\"https:\/\/nuevaprensaamerica.com\/wp-content\/uploads\/2025\/08\/photo_2025-08-10_12-07-26.jpg\"><img loading=\"lazy\" decoding=\"async\" class=\"aligncenter size-full wp-image-95656\" src=\"https:\/\/nuevaprensaamerica.com\/wp-content\/uploads\/2025\/08\/photo_2025-08-10_12-07-26.jpg\" alt=\"\" width=\"1280\" height=\"837\" \/><\/a> <a href=\"https:\/\/nuevaprensaamerica.com\/wp-content\/uploads\/2025\/08\/photo_2025-08-10_12-07-28.jpg\"><img loading=\"lazy\" decoding=\"async\" class=\"aligncenter size-full wp-image-95657\" src=\"https:\/\/nuevaprensaamerica.com\/wp-content\/uploads\/2025\/08\/photo_2025-08-10_12-07-28.jpg\" alt=\"\" width=\"227\" height=\"292\" \/><\/a><\/p>\n<p data-start=\"64\" data-end=\"172\">Juan Bautista Velutini (fallecido), nacido aproximadamente entre 1746 y 1806 en Ajaccio, C\u00f3rcega, Francia.<\/p>\n<p data-start=\"64\" data-end=\"172\"><a href=\"https:\/\/nuevaprensaamerica.com\/wp-content\/uploads\/2025\/08\/photo_2025-08-10_12-07-59.jpg\"><img loading=\"lazy\" decoding=\"async\" class=\"aligncenter size-full wp-image-95661\" src=\"https:\/\/nuevaprensaamerica.com\/wp-content\/uploads\/2025\/08\/photo_2025-08-10_12-07-59.jpg\" alt=\"\" width=\"1280\" height=\"598\" \/><\/a><\/p>\n<p data-start=\"49\" data-end=\"206\">En la siguiente entrega continuaremos revelando informaci\u00f3n sobre la genealog\u00eda de esta familia, con sus ra\u00edces ancestrales vinculadas a la \u201cUnione Cors\u00e9\u201d.<\/p>\n<p data-start=\"49\" data-end=\"206\">As\u00ed como pruebas irrefutables de la participaci\u00f3n de este grupo en el hecho de corrupci\u00f3n m\u00e1s grande en Venezuela en \u201cacto \u00fanico\u201d, gracias a la colaboraci\u00f3n de nuestros amigos de @latablablog.<br data-start=\"263\" data-end=\"266\" \/>#fvi #velutini #tolon #bluemall<\/p>\n<p data-start=\"49\" data-end=\"206\"><a href=\"https:\/\/nuevaprensaamerica.com\/wp-content\/uploads\/2025\/08\/photo_2025-08-10_12-08-40.jpg\"><img loading=\"lazy\" decoding=\"async\" class=\"aligncenter size-full wp-image-95664\" src=\"https:\/\/nuevaprensaamerica.com\/wp-content\/uploads\/2025\/08\/photo_2025-08-10_12-08-40.jpg\" alt=\"\" width=\"275\" height=\"183\" \/><\/a><\/p>\n","protected":false},"excerpt":{"rendered":"<p>Si algo me ha quedado claro, luego de una extensa, minuciosa y profunda investigaci\u00f3n, son tres cosas: 1) Los Velutini no tienen ning\u00fan origen \u201cnoble\u201d; [&hellip;]<\/p>\n","protected":false},"author":1,"featured_media":6601,"comment_status":"open","ping_status":"open","sticky":false,"template":"","format":"standard","meta":{"h5ap_radio_sources":[],"_FSMCFIC_featured_image_caption":"","_FSMCFIC_featured_image_nocaption":"","_FSMCFIC_featured_image_hide":"","_jetpack_memberships_contains_paid_content":false,"footnotes":""},"categories":[2],"tags":[],"class_list":["post-6570","post","type-post","status-publish","format-standard","has-post-thumbnail","hentry","category-venezuela"],"aioseo_notices":[],"jetpack_featured_media_url":"https:\/\/nuevaprensaamerica.com\/wp-content\/uploads\/2025\/08\/photo_2025-08-10_12-09-24.jpg","jetpack_sharing_enabled":true,"_links":{"self":[{"href":"https:\/\/nuevaprensaamerica.com\/index.php\/wp-json\/wp\/v2\/posts\/6570","targetHints":{"allow":["GET"]}}],"collection":[{"href":"https:\/\/nuevaprensaamerica.com\/index.php\/wp-json\/wp\/v2\/posts"}],"about":[{"href":"https:\/\/nuevaprensaamerica.com\/index.php\/wp-json\/wp\/v2\/types\/post"}],"author":[{"embeddable":true,"href":"https:\/\/nuevaprensaamerica.com\/index.php\/wp-json\/wp\/v2\/users\/1"}],"replies":[{"embeddable":true,"href":"https:\/\/nuevaprensaamerica.com\/index.php\/wp-json\/wp\/v2\/comments?post=6570"}],"version-history":[{"count":2,"href":"https:\/\/nuevaprensaamerica.com\/index.php\/wp-json\/wp\/v2\/posts\/6570\/revisions"}],"predecessor-version":[{"id":6602,"href":"https:\/\/nuevaprensaamerica.com\/index.php\/wp-json\/wp\/v2\/posts\/6570\/revisions\/6602"}],"wp:featuredmedia":[{"embeddable":true,"href":"https:\/\/nuevaprensaamerica.com\/index.php\/wp-json\/wp\/v2\/media\/6601"}],"wp:attachment":[{"href":"https:\/\/nuevaprensaamerica.com\/index.php\/wp-json\/wp\/v2\/media?parent=6570"}],"wp:term":[{"taxonomy":"category","embeddable":true,"href":"https:\/\/nuevaprensaamerica.com\/index.php\/wp-json\/wp\/v2\/categories?post=6570"},{"taxonomy":"post_tag","embeddable":true,"href":"https:\/\/nuevaprensaamerica.com\/index.php\/wp-json\/wp\/v2\/tags?post=6570"}],"curies":[{"name":"wp","href":"https:\/\/api.w.org\/{rel}","templated":true}]}}