{"id":6606,"date":"2025-08-11T20:12:16","date_gmt":"2025-08-11T20:12:16","guid":{"rendered":"https:\/\/nuevaprensaamerica.com\/?p=6606"},"modified":"2025-08-11T20:12:23","modified_gmt":"2025-08-11T20:12:23","slug":"fallece-miguel-uribe-joven-promesa-politica-de-colombia","status":"publish","type":"post","link":"https:\/\/nuevaprensaamerica.com\/index.php\/2025\/08\/11\/fallece-miguel-uribe-joven-promesa-politica-de-colombia\/","title":{"rendered":"Fallece Miguel Uribe, joven promesa pol\u00edtica de Colombia"},"content":{"rendered":"<p data-start=\"184\" data-end=\"465\">En un hecho que ha conmocionado a Colombia, el pa\u00eds despide a Miguel Uribe Turbay (1986 \u2013 2025), reconocido l\u00edder pol\u00edtico y excandidato a la Alcald\u00eda de Bogot\u00e1, cuya trayectoria se caracteriz\u00f3 por su f\u00e9rrea defensa de la democracia, la transparencia y los valores institucionales.<\/p>\n<p data-start=\"467\" data-end=\"847\"><!--more--><\/p>\n<p data-start=\"467\" data-end=\"847\">Uribe, considerado por muchos como una de las figuras emergentes con mayor proyecci\u00f3n en la pol\u00edtica nacional, dedic\u00f3 su vida a servir al pa\u00eds con convicci\u00f3n y compromiso. Su liderazgo se distingui\u00f3 por un profundo sentido de responsabilidad hacia las nuevas generaciones y una visi\u00f3n clara sobre el rumbo que deb\u00eda tomar Colombia para alcanzar el desarrollo y la justicia social.<\/p>\n<p data-start=\"849\" data-end=\"1136\">Diversas personalidades del \u00e1mbito pol\u00edtico, social y militar han manifestado su pesar por esta p\u00e9rdida. Entre ellos, el General (r) Juan Carlos Buitrago A., quien lo describi\u00f3 como \u201cuna joven promesa a la que conoc\u00ed de cerca\u201d y exhort\u00f3 a los j\u00f3venes colombianos a continuar su legado.<\/p>\n<p data-start=\"1138\" data-end=\"1354\">La partida de Miguel Uribe deja un vac\u00edo dif\u00edcil de llenar en el panorama pol\u00edtico del pa\u00eds, pero tambi\u00e9n deja como herencia el ejemplo de un servidor p\u00fablico \u00edntegro, que defendi\u00f3 sus principios hasta el \u00faltimo d\u00eda.<\/p>\n<hr data-start=\"1356\" data-end=\"1359\" \/>\n<h2 data-start=\"1361\" data-end=\"1391\"><strong data-start=\"1364\" data-end=\"1391\">Mensaje de condolencias<\/strong><\/h2>\n<p data-start=\"1393\" data-end=\"1616\">En nombre de todos los que valoramos el servicio p\u00fablico honesto y el liderazgo con principios, expresamos nuestras m\u00e1s sentidas condolencias a la familia de Miguel Uribe Turbay, as\u00ed como a sus amigos, colegas y seguidores.<\/p>\n<p data-start=\"1618\" data-end=\"1878\">Colombia pierde hoy a un hombre de firmes convicciones, a un luchador incansable por la democracia y a una inspiraci\u00f3n para las nuevas generaciones. Que su legado de integridad, valent\u00eda y compromiso con la verdad sirva de faro para quienes contin\u00faen su causa.<\/p>\n<p data-start=\"1880\" data-end=\"1986\">Descanse en paz, Miguel Uribe. Su voz se apag\u00f3, pero sus ideas y principios seguir\u00e1n iluminando el camino.<\/p>\n","protected":false},"excerpt":{"rendered":"<p>En un hecho que ha conmocionado a Colombia, el pa\u00eds despide a Miguel Uribe Turbay (1986 \u2013 2025), reconocido l\u00edder pol\u00edtico y excandidato a la [&hellip;]<\/p>\n","protected":false},"author":1,"featured_media":6607,"comment_status":"open","ping_status":"open","sticky":false,"template":"","format":"standard","meta":{"h5ap_radio_sources":[],"_FSMCFIC_featured_image_caption":"","_FSMCFIC_featured_image_nocaption":"","_FSMCFIC_featured_image_hide":"","_jetpack_memberships_contains_paid_content":false,"footnotes":""},"categories":[12],"tags":[],"class_list":["post-6606","post","type-post","status-publish","format-standard","has-post-thumbnail","hentry","category-colombia"],"aioseo_notices":[],"jetpack_featured_media_url":"https:\/\/nuevaprensaamerica.com\/wp-content\/uploads\/2025\/08\/Captura-de-pantalla-2025-08-11-a-las-22.11.23.png","jetpack_sharing_enabled":true,"_links":{"self":[{"href":"https:\/\/nuevaprensaamerica.com\/index.php\/wp-json\/wp\/v2\/posts\/6606","targetHints":{"allow":["GET"]}}],"collection":[{"href":"https:\/\/nuevaprensaamerica.com\/index.php\/wp-json\/wp\/v2\/posts"}],"about":[{"href":"https:\/\/nuevaprensaamerica.com\/index.php\/wp-json\/wp\/v2\/types\/post"}],"author":[{"embeddable":true,"href":"https:\/\/nuevaprensaamerica.com\/index.php\/wp-json\/wp\/v2\/users\/1"}],"replies":[{"embeddable":true,"href":"https:\/\/nuevaprensaamerica.com\/index.php\/wp-json\/wp\/v2\/comments?post=6606"}],"version-history":[{"count":3,"href":"https:\/\/nuevaprensaamerica.com\/index.php\/wp-json\/wp\/v2\/posts\/6606\/revisions"}],"predecessor-version":[{"id":6610,"href":"https:\/\/nuevaprensaamerica.com\/index.php\/wp-json\/wp\/v2\/posts\/6606\/revisions\/6610"}],"wp:featuredmedia":[{"embeddable":true,"href":"https:\/\/nuevaprensaamerica.com\/index.php\/wp-json\/wp\/v2\/media\/6607"}],"wp:attachment":[{"href":"https:\/\/nuevaprensaamerica.com\/index.php\/wp-json\/wp\/v2\/media?parent=6606"}],"wp:term":[{"taxonomy":"category","embeddable":true,"href":"https:\/\/nuevaprensaamerica.com\/index.php\/wp-json\/wp\/v2\/categories?post=6606"},{"taxonomy":"post_tag","embeddable":true,"href":"https:\/\/nuevaprensaamerica.com\/index.php\/wp-json\/wp\/v2\/tags?post=6606"}],"curies":[{"name":"wp","href":"https:\/\/api.w.org\/{rel}","templated":true}]}}