{"id":6643,"date":"2025-08-13T13:01:55","date_gmt":"2025-08-13T13:01:55","guid":{"rendered":"https:\/\/nuevaprensaamerica.com\/?p=6643"},"modified":"2025-08-13T13:01:55","modified_gmt":"2025-08-13T13:01:55","slug":"julio-2025-el-comercio-ilicito-en-america-latina-escala-en-sofisticacion-y-alcance","status":"publish","type":"post","link":"https:\/\/nuevaprensaamerica.com\/index.php\/2025\/08\/13\/julio-2025-el-comercio-ilicito-en-america-latina-escala-en-sofisticacion-y-alcance\/","title":{"rendered":"Julio 2025: El Comercio Il\u00edcito en Am\u00e9rica Latina Escala en Sofisticaci\u00f3n y Alcance"},"content":{"rendered":"<p data-start=\"251\" data-end=\"291\"><strong data-start=\"251\" data-end=\"289\">Por Redacci\u00f3n CIMA \u2013 Strategos BIP<\/strong><\/p>\n<p data-start=\"293\" data-end=\"766\">El m\u00e1s reciente informe de la Central de Investigaci\u00f3n, Monitoreo y An\u00e1lisis del Comercio Il\u00edcito (CIMA) confirma una realidad inquietante: las redes criminales en Am\u00e9rica Latina no solo se expanden, sino que refinan cada vez m\u00e1s sus m\u00e9todos para operar a gran escala. Durante julio de 2025, se identificaron m\u00e1s de <strong data-start=\"609\" data-end=\"636\">60 eventos estrat\u00e9gicos<\/strong> que evidencian la diversificaci\u00f3n, adaptaci\u00f3n y capacidad de estas econom\u00edas il\u00edcitas para infiltrarse en el comercio regional.<\/p>\n<p><!--more--><\/p>\n<h2 data-start=\"768\" data-end=\"820\"><strong data-start=\"771\" data-end=\"820\">Tres Tendencias que Marcan la Agenda Criminal<\/strong><\/h2>\n<ol data-start=\"821\" data-end=\"1561\">\n<li data-start=\"821\" data-end=\"1043\">\n<p data-start=\"824\" data-end=\"1043\"><strong data-start=\"824\" data-end=\"858\">Mayor valor, mayor contrabando<\/strong><br data-start=\"858\" data-end=\"861\" \/>Los grupos criminales priorizan mercanc\u00edas de alto valor \u2014como textiles, calzado y aceite de soja\u2014 en operaciones que superaron los <strong data-start=\"996\" data-end=\"1016\">USD 5,9 millones<\/strong> en Colombia y Argentina.<\/p>\n<\/li>\n<li data-start=\"1045\" data-end=\"1279\">\n<p data-start=\"1048\" data-end=\"1279\"><strong data-start=\"1048\" data-end=\"1070\">Log\u00edstica de \u00e9lite<\/strong><br data-start=\"1070\" data-end=\"1073\" \/>Desde el uso de veh\u00edculos de lujo hasta la creaci\u00f3n de empresas fachada, las mafias adoptan estructuras corporativas y tecnolog\u00eda avanzada para lavar activos y movilizar mercanc\u00eda ilegal a gran escala.<\/p>\n<\/li>\n<li data-start=\"1281\" data-end=\"1561\">\n<p data-start=\"1284\" data-end=\"1561\"><strong data-start=\"1284\" data-end=\"1318\">El cigarrillo como moneda dura<\/strong><br data-start=\"1318\" data-end=\"1321\" \/>El tabaco sigue siendo un producto estrat\u00e9gico para el crimen organizado. Solo en Costa Rica se incautaron <strong data-start=\"1431\" data-end=\"1459\">5,9 millones de unidades<\/strong>, mientras que en Rep\u00fablica Dominicana reapareci\u00f3 la marca \u201cCapital\u201d como constante en el contrabando.<\/p>\n<\/li>\n<\/ol>\n<h2 data-start=\"1563\" data-end=\"1590\"><strong data-start=\"1566\" data-end=\"1590\">Casos Clave de Julio<\/strong><\/h2>\n<p data-start=\"1591\" data-end=\"1660\">CIMA destaca tres operativos que ilustran la magnitud del fen\u00f3meno:<\/p>\n<ul data-start=\"1662\" data-end=\"2446\">\n<li data-start=\"1662\" data-end=\"1893\">\n<p data-start=\"1664\" data-end=\"1893\"><strong data-start=\"1664\" data-end=\"1701\">El \u201chuachicol fiscal\u201d se triplica<\/strong><br data-start=\"1701\" data-end=\"1704\" \/>El contrabando de combustibles desde EE. UU. provoc\u00f3 p\u00e9rdidas fiscales superiores a <strong data-start=\"1790\" data-end=\"1812\">USD 1.310 millones<\/strong> en 2024, consolid\u00e1ndose como una fuente clave de financiamiento para c\u00e1rteles.<\/p>\n<\/li>\n<li data-start=\"1895\" data-end=\"2119\">\n<p data-start=\"1897\" data-end=\"2119\"><strong data-start=\"1897\" data-end=\"1937\">Crisis por la porosidad de fronteras<\/strong><br data-start=\"1937\" data-end=\"1940\" \/>En provincias del norte, el contrabando impacta al <strong data-start=\"1993\" data-end=\"2020\">33% del comercio formal<\/strong> y afecta al <strong data-start=\"2033\" data-end=\"2058\">80% del sector textil<\/strong>, con creciente uso de criptomonedas para evadir controles.<\/p>\n<\/li>\n<li data-start=\"2121\" data-end=\"2446\">\n<p data-start=\"2123\" data-end=\"2446\"><strong data-start=\"2123\" data-end=\"2171\">Ofensiva contra el contrabando de alto valor<\/strong><br data-start=\"2171\" data-end=\"2174\" \/>En Brasil y otros pa\u00edses, se desmantelaron redes de celulares ilegales (perjuicio fiscal: <strong data-start=\"2266\" data-end=\"2287\">USD 11,7 millones<\/strong>) y lavado de dinero vinculado al tr\u00e1fico de cigarrillos. El contrabando de vino ya mueve m\u00e1s de <strong data-start=\"2384\" data-end=\"2412\">USD 359 millones anuales<\/strong>, superando importaciones legales.<\/p>\n<\/li>\n<\/ul>\n<h2 data-start=\"2448\" data-end=\"2477\"><strong data-start=\"2451\" data-end=\"2477\">Operaciones Relevantes<\/strong><\/h2>\n<ul data-start=\"2478\" data-end=\"2806\">\n<li data-start=\"2478\" data-end=\"2574\">\n<p data-start=\"2480\" data-end=\"2574\"><strong data-start=\"2480\" data-end=\"2495\">Costa Rica:<\/strong> incautaci\u00f3n de cigarrillos y licor por un valor estimado de <strong data-start=\"2556\" data-end=\"2571\">USD 929.525<\/strong>.<\/p>\n<\/li>\n<li data-start=\"2575\" data-end=\"2686\">\n<p data-start=\"2577\" data-end=\"2686\"><strong data-start=\"2577\" data-end=\"2588\">Brasil:<\/strong> Operaci\u00f3n \u201cCrash\u201d contra contrabando de vapeadores desde Paraguay, valorada en <strong data-start=\"2668\" data-end=\"2683\">USD 897.985<\/strong>.<\/p>\n<\/li>\n<li data-start=\"2687\" data-end=\"2806\">\n<p data-start=\"2689\" data-end=\"2806\"><strong data-start=\"2689\" data-end=\"2702\">Colombia:<\/strong> Megaoperativo en Medell\u00edn con decomiso de 854.768 unidades de contrabando, estimado en <strong data-start=\"2790\" data-end=\"2805\">USD 392.787<\/strong>.<\/p>\n<\/li>\n<\/ul>\n<h2 data-start=\"2808\" data-end=\"2840\"><strong data-start=\"2811\" data-end=\"2840\">Rutas Cr\u00edticas Detectadas<\/strong><\/h2>\n<p data-start=\"2841\" data-end=\"3059\">Las rutas identificadas abarcan desde <strong data-start=\"2879\" data-end=\"2911\">Asia, China y Estados Unidos<\/strong> hasta corredores internos como Bogot\u00e1\u2013Ipiales o Corrientes\u2013Buenos Aires, y pasos fronterizos estrat\u00e9gicos como Paraguay\u2013Argentina y Bolivia\u2013Lima.<\/p>\n<h2 data-start=\"3061\" data-end=\"3092\"><strong data-start=\"3064\" data-end=\"3092\">Un Reto Regional Urgente<\/strong><\/h2>\n<p data-start=\"3093\" data-end=\"3410\">El comercio il\u00edcito ya no es solo un delito econ\u00f3mico: es un motor de <strong data-start=\"3163\" data-end=\"3193\">desestabilizaci\u00f3n regional<\/strong> que erosiona econom\u00edas, financia al crimen transnacional y mina la confianza en las instituciones. Afrontar este fen\u00f3meno exige <strong data-start=\"3322\" data-end=\"3407\">inteligencia de vanguardia, cooperaci\u00f3n transfronteriza y marcos legales robustos<\/strong>.<\/p>\n<p data-start=\"3412\" data-end=\"3639\">En Strategos BIP, a trav\u00e9s de CIMA, se trabaja con la mayor base de datos privada sobre comercio ilegal en la regi\u00f3n para anticipar y neutralizar estas amenazas, fortaleciendo as\u00ed la seguridad y el desarrollo en Am\u00e9rica Latina.<\/p>\n<p data-start=\"3646\" data-end=\"3871\" data-is-last-node=\"\" data-is-only-node=\"\">\n<div\n    class='wp-block-pdfp-pdf-poster  alignnone'\n    id='block-2'\n    data-attributes='{&quot;uniqueId&quot;:&quot;pdfp1&quot;,&quot;file&quot;:&quot;https:\\\/\\\/nuevaprensaamerica.com\\\/wp-content\\\/uploads\\\/2025\\\/08\\\/CIMA-REPORTE-MENSUAL-GENERAL-JULIO-2025.pdf&quot;,&quot;title&quot;:&quot;&quot;,&quot;height&quot;:&quot;842px&quot;,&quot;width&quot;:&quot;100%&quot;,&quot;print&quot;:false,&quot;downloadButton&quot;:false,&quot;fullscreenButtonText&quot;:&quot;View Fullscreen&quot;,&quot;fullscreenButton&quot;:true,&quot;align&quot;:&quot;none&quot;,&quot;alignment&quot;:&quot;left&quot;,&quot;titleFontSize&quot;:&quot;16px&quot;,&quot;showName&quot;:false,&quot;onlyPDF&quot;:false,&quot;defaultBrowser&quot;:false,&quot;downloadButtonText&quot;:&quot;Download File&quot;,&quot;newWindow&quot;:false,&quot;protect&quot;:false,&quot;thumbMenu&quot;:false,&quot;sidebarOpen&quot;:false,&quot;initialPage&quot;:0,&quot;alert&quot;:false,&quot;lastVersion&quot;:false,&quot;hrScroll&quot;:false,&quot;isHideRightToolbar&quot;:false,&quot;additional&quot;:{&quot;ID&quot;:&quot;&quot;,&quot;Class&quot;:&quot;&quot;,&quot;CSS&quot;:&quot;&quot;},&quot;adobeEmbedder&quot;:false,&quot;adobeOptions&quot;:{&quot;showDownloadPDF&quot;:true,&quot;showPrintPDF&quot;:true,&quot;showAnnotationTools&quot;:true,&quot;showFullScreen&quot;:false,&quot;embedMode&quot;:&quot;SIZED_CONTAINER&quot;},&quot;popupOptions&quot;:{&quot;enabled&quot;:false,&quot;text&quot;:&quot;Open PDF&quot;,&quot;btnStyle&quot;:{&quot;background&quot;:&quot;#2271b1&quot;,&quot;color&quot;:&quot;#fff&quot;,&quot;fontSize&quot;:&quot;16px&quot;,&quot;padding&quot;:{&quot;top&quot;:10,&quot;right&quot;:20,&quot;bottom&quot;:10,&quot;left&quot;:10}}},&quot;popupBtnStyle&quot;:{&quot;background&quot;:&quot;#2271b1&quot;,&quot;color&quot;:&quot;#fff&quot;,&quot;padding&quot;:{&quot;top&quot;:10,&quot;right&quot;:20,&quot;bottom&quot;:10,&quot;left&quot;:10}},&quot;popupBtnText&quot;:&quot;Open Document&quot;,&quot;CSS&quot;:&quot;&quot;,&quot;socialShare&quot;:{&quot;enabled&quot;:false,&quot;facebook&quot;:true,&quot;twitter&quot;:true,&quot;linkedin&quot;:true,&quot;pinterest&quot;:true,&quot;position&quot;:&quot;top&quot;},&quot;isPremium&quot;:false}'\n    style=\"text-align: left\">\n    \n        <iframe loading=\"lazy\" title=\"\" style=\"border:0;\" width=\"100%\" height=\"800px\" class=\"pdfp_unsupported_frame\" src=\"\/\/docs.google.com\/gview?embedded=true&url=https:\/\/nuevaprensaamerica.com\/wp-content\/uploads\/2025\/08\/CIMA-REPORTE-MENSUAL-GENERAL-JULIO-2025.pdf\"><\/iframe>\n\n    <\/div>\n<\/p>\n","protected":false},"excerpt":{"rendered":"<p>Por Redacci\u00f3n CIMA \u2013 Strategos BIP El m\u00e1s reciente informe de la Central de Investigaci\u00f3n, Monitoreo y An\u00e1lisis del Comercio Il\u00edcito (CIMA) confirma una realidad [&hellip;]<\/p>\n","protected":false},"author":1,"featured_media":0,"comment_status":"open","ping_status":"open","sticky":false,"template":"","format":"standard","meta":{"h5ap_radio_sources":[],"_FSMCFIC_featured_image_caption":"","_FSMCFIC_featured_image_nocaption":"","_FSMCFIC_featured_image_hide":"","_jetpack_memberships_contains_paid_content":false,"footnotes":""},"categories":[12,5],"tags":[],"class_list":["post-6643","post","type-post","status-publish","format-standard","hentry","category-colombia","category-internacionales"],"aioseo_notices":[],"jetpack_featured_media_url":"","jetpack_sharing_enabled":true,"_links":{"self":[{"href":"https:\/\/nuevaprensaamerica.com\/index.php\/wp-json\/wp\/v2\/posts\/6643","targetHints":{"allow":["GET"]}}],"collection":[{"href":"https:\/\/nuevaprensaamerica.com\/index.php\/wp-json\/wp\/v2\/posts"}],"about":[{"href":"https:\/\/nuevaprensaamerica.com\/index.php\/wp-json\/wp\/v2\/types\/post"}],"author":[{"embeddable":true,"href":"https:\/\/nuevaprensaamerica.com\/index.php\/wp-json\/wp\/v2\/users\/1"}],"replies":[{"embeddable":true,"href":"https:\/\/nuevaprensaamerica.com\/index.php\/wp-json\/wp\/v2\/comments?post=6643"}],"version-history":[{"count":3,"href":"https:\/\/nuevaprensaamerica.com\/index.php\/wp-json\/wp\/v2\/posts\/6643\/revisions"}],"predecessor-version":[{"id":6647,"href":"https:\/\/nuevaprensaamerica.com\/index.php\/wp-json\/wp\/v2\/posts\/6643\/revisions\/6647"}],"wp:attachment":[{"href":"https:\/\/nuevaprensaamerica.com\/index.php\/wp-json\/wp\/v2\/media?parent=6643"}],"wp:term":[{"taxonomy":"category","embeddable":true,"href":"https:\/\/nuevaprensaamerica.com\/index.php\/wp-json\/wp\/v2\/categories?post=6643"},{"taxonomy":"post_tag","embeddable":true,"href":"https:\/\/nuevaprensaamerica.com\/index.php\/wp-json\/wp\/v2\/tags?post=6643"}],"curies":[{"name":"wp","href":"https:\/\/api.w.org\/{rel}","templated":true}]}}