{"id":6648,"date":"2025-08-14T07:43:30","date_gmt":"2025-08-14T07:43:30","guid":{"rendered":"https:\/\/nuevaprensaamerica.com\/?p=6648"},"modified":"2025-08-14T07:43:30","modified_gmt":"2025-08-14T07:43:30","slug":"julio-martin-herrera-kolster-el-mismisimo-lucifer-tiene-a-quien-salir-cuarta-entrega","status":"publish","type":"post","link":"https:\/\/nuevaprensaamerica.com\/index.php\/2025\/08\/14\/julio-martin-herrera-kolster-el-mismisimo-lucifer-tiene-a-quien-salir-cuarta-entrega\/","title":{"rendered":"JULIO MART\u00cdN HERRERA KOLSTER: EL MISM\u00cdSIMO LUCIFER TIENE A QUIEN SALIR (Cuarta entrega)"},"content":{"rendered":"<p data-start=\"124\" data-end=\"677\">Un individuo que miente en detalles tan simples como su origen, el lugar donde curs\u00f3 estudios o que se atribuye t\u00edtulos acad\u00e9micos nunca obtenidos podr\u00eda parecer irrelevante. Sin embargo, si se trata de un banquero con el respaldo de una influyente y poderosa familia, que se ha convertido en el mayor defraudador internacional de origen venezolano, especializado adem\u00e1s en ocultar, legitimar e invertir millones de d\u00f3lares de procedencia il\u00edcita pertenecientes a altos funcionarios y exfuncionarios del gobierno venezolano, el asunto merece atenci\u00f3n.<\/p>\n<p data-start=\"124\" data-end=\"677\"><!--more--><\/p>\n<p data-start=\"679\" data-end=\"890\">Este es el caso del banquero venezolano <strong data-start=\"719\" data-end=\"751\">Julio Mart\u00edn Herrera Kolster<\/strong>, alias <strong data-start=\"759\" data-end=\"792\">Julio Mart\u00edn Herrera Velutini<\/strong>, a quien poco le importa el da\u00f1o que pueda causar a sus dos hijos mayores y a su actual pareja:<\/p>\n<p data-start=\"679\" data-end=\"890\"><a href=\"https:\/\/nuevaprensaamerica.com\/wp-content\/uploads\/2025\/08\/photo_2025-08-14_09-09-33.jpg\"><img loading=\"lazy\" decoding=\"async\" class=\"aligncenter size-full wp-image-95749\" src=\"https:\/\/nuevaprensaamerica.com\/wp-content\/uploads\/2025\/08\/photo_2025-08-14_09-09-33.jpg\" alt=\"\" width=\"1280\" height=\"899\" \/><\/a> <a href=\"https:\/\/nuevaprensaamerica.com\/wp-content\/uploads\/2025\/08\/photo_2025-08-14_09-09-36.jpg\"><img loading=\"lazy\" decoding=\"async\" class=\"aligncenter size-full wp-image-95750\" src=\"https:\/\/nuevaprensaamerica.com\/wp-content\/uploads\/2025\/08\/photo_2025-08-14_09-09-36.jpg\" alt=\"\" width=\"970\" height=\"672\" \/><\/a><\/p>\n<hr data-start=\"119\" data-end=\"122\" \/>\n<p data-start=\"124\" data-end=\"318\">Julio Jos\u00e9 Herrera Velutini naci\u00f3 el 30 de diciembre de 1947 en Salzburgo, Suecia. Fue adoptado junto a sus hermanos, Jos\u00e9 y Cristina, por don Jos\u00e9 Herrera Uslar y do\u00f1a Clementina P\u00e9rez Matos.<\/p>\n<p data-start=\"320\" data-end=\"922\">Encontr\u00e1ndose en Europa, y ante la imposibilidad de concebir hijos biol\u00f3gicos, don Jos\u00e9 y do\u00f1a Clementina decidieron adoptar a una ni\u00f1a, a quien registraron en el Registro Civil venezolano con el nombre de <strong data-start=\"526\" data-end=\"555\">Cristina Herrera Velutini<\/strong>. Una vez instalada en la residencia familiar, la ni\u00f1a \u2014que a\u00fan no hablaba espa\u00f1ol\u2014 no dejaba de llorar por nostalgia. Al comunicarse con ella, lograron comprender que extra\u00f1aba a sus dos hermanitos varones, a quienes hab\u00eda dejado en el orfanato. De inmediato, don \u201cPepito\u201d Herrera Uslar coordin\u00f3 un viaje de regreso a Salzburgo para buscarlos y adoptarlos tambi\u00e9n.<\/p>\n<p data-start=\"924\" data-end=\"1479\">Don Jos\u00e9 Herrera Uslar, quien se desempe\u00f1aba como diplom\u00e1tico y representante de Venezuela ante Noruega, Suecia y Dinamarca, promovi\u00f3 en 1950 una iniciativa particular que dio origen a la creaci\u00f3n de un <strong data-start=\"1127\" data-end=\"1161\">Comit\u00e9 de Inmigraci\u00f3n Infantil<\/strong> en Caracas. El objetivo era organizar el traslado y la adopci\u00f3n en Venezuela de al menos mil ni\u00f1os europeos que hab\u00edan quedado hu\u00e9rfanos como consecuencia de la guerra. La idea era que estos ni\u00f1os llegaran con pasaportes venezolanos, fueran adoptados por familias criollas y se educaran en el pa\u00eds como venezolanos.<\/p>\n<p data-start=\"1481\" data-end=\"1797\">En diciembre de 1950 lleg\u00f3 a Maiquet\u00eda el primer grupo, compuesto por 46 ni\u00f1os. El hecho caus\u00f3 un gran revuelo en la sociedad caraque\u00f1a, que los recibi\u00f3 con entusiasmo. La magnitud del inter\u00e9s se refleja en que, a menos de una semana de su llegada, el Comit\u00e9 hab\u00eda evaluado casi doscientas solicitudes de adopci\u00f3n.<\/p>\n<p data-start=\"1799\" data-end=\"2164\">Este llamativo proyecto tuvo un fuerte impacto en la opini\u00f3n p\u00fablica. Aunque predominaba la alegr\u00eda por recibir a los ni\u00f1os, tambi\u00e9n surgieron voces cr\u00edticas que denunciaban la desatenci\u00f3n hacia la infancia venezolana en favor de los inmigrantes europeos. Un art\u00edculo de opini\u00f3n publicado en <em data-start=\"2091\" data-end=\"2104\">El Nacional<\/em> la misma semana de la llegada del grupo lo expresaba as\u00ed:<\/p>\n<blockquote data-start=\"2166\" data-end=\"3317\">\n<p data-start=\"2168\" data-end=\"2637\">\u201cLa nota optimista de la semana la ha constituido sin duda el avi\u00f3n cargado de hu\u00e9rfanos de guerra que arribara a La Guaira el mi\u00e9rcoles de esta semana. Los peque\u00f1os inmigrantes \u2014primer contingente tra\u00eddo a iniciativa del Dr. Jos\u00e9 Herrera Uslar\u2014 han tenido una acogida general, la misma que habitualmente reservamos aqu\u00ed para las estrellas cinematogr\u00e1ficas. Y, a juzgar por las fotograf\u00edas publicadas, los ni\u00f1os en verdad son tan fotog\u00e9nicos como cualquiera de \u00e9stas.<\/p>\n<p data-start=\"2645\" data-end=\"2788\">Al parecer, se trata de un proyecto que abarca a mil ni\u00f1os europeos, despojos de la guerra pasada, entre los seis meses y siete a\u00f1os de edad.<\/p>\n<p data-start=\"2796\" data-end=\"2965\">En verdad, se trata de una inmigraci\u00f3n que nos conviene y, seg\u00fan se dice, son muchas las familias venezolanas dispuestas a brindar un hogar a los peque\u00f1os europeos [\u2026]<\/p>\n<p data-start=\"2973\" data-end=\"3317\">Sin embargo, uno no puede dejar de sentir un poco de envidia de estos ni\u00f1os europeos, y mucho dolor al compararlos con tantos ni\u00f1os nuestros, tan necesitados de amparo como ellos, nacidos al calor de esta tierra generosa y hospitalaria, los cuales, sin embargo, no han de correr con la misma suerte que los protegidos del doctor Herrera Uslar\u2026\u201d<\/p>\n<\/blockquote>\n<p data-start=\"3319\" data-end=\"3513\">(<em data-start=\"3320\" data-end=\"3333\">El Nacional<\/em>, Caracas, 5-9-1950, \u201cMil ni\u00f1os europeos vendr\u00e1n como venezolanos\u201d;<br data-start=\"3400\" data-end=\"3403\" \/><em data-start=\"3403\" data-end=\"3416\">El Nacional<\/em>, Caracas, 16-12-1950, \u201cLos hu\u00e9rfanos\u201d, firmado por J. de A. [Juana de \u00c1vila], p. 4, Nacional).<\/p>\n<p data-start=\"3515\" data-end=\"3691\">Ahora bien, el proyecto no tuvo mayor desarrollo, pues pocos d\u00edas despu\u00e9s fue abandonado bajo el argumento de que traer un mayor n\u00famero de ni\u00f1os resultar\u00eda demasiado costoso.<\/p>\n<figure id=\"attachment_95754\" aria-describedby=\"caption-attachment-95754\" style=\"width: 696px\" class=\"wp-caption aligncenter\"><a href=\"https:\/\/nuevaprensaamerica.com\/wp-content\/uploads\/2025\/08\/photo_2025-08-14_09-10-59.jpg\"><img loading=\"lazy\" decoding=\"async\" class=\"size-full wp-image-95754\" src=\"https:\/\/nuevaprensaamerica.com\/wp-content\/uploads\/2025\/08\/photo_2025-08-14_09-10-59.jpg\" alt=\"\" width=\"696\" height=\"1201\" \/><\/a><figcaption id=\"caption-attachment-95754\" class=\"wp-caption-text\">Don Jose Herrera Uslar<\/figcaption><\/figure>\n<figure id=\"attachment_95755\" aria-describedby=\"caption-attachment-95755\" style=\"width: 532px\" class=\"wp-caption aligncenter\"><a href=\"https:\/\/nuevaprensaamerica.com\/wp-content\/uploads\/2025\/08\/photo_2025-08-14_09-11-03.jpg\"><img loading=\"lazy\" decoding=\"async\" class=\"size-full wp-image-95755\" src=\"https:\/\/nuevaprensaamerica.com\/wp-content\/uploads\/2025\/08\/photo_2025-08-14_09-11-03.jpg\" alt=\"\" width=\"532\" height=\"1280\" \/><\/a><figcaption id=\"caption-attachment-95755\" class=\"wp-caption-text\">Don Jose Herrera Uslar<\/figcaption><\/figure>\n<figure id=\"attachment_95756\" aria-describedby=\"caption-attachment-95756\" style=\"width: 892px\" class=\"wp-caption aligncenter\"><a href=\"https:\/\/nuevaprensaamerica.com\/wp-content\/uploads\/2025\/08\/photo_2025-08-14_09-11-07.jpg\"><img loading=\"lazy\" decoding=\"async\" class=\"size-full wp-image-95756\" src=\"https:\/\/nuevaprensaamerica.com\/wp-content\/uploads\/2025\/08\/photo_2025-08-14_09-11-07.jpg\" alt=\"\" width=\"892\" height=\"1280\" \/><\/a><figcaption id=\"caption-attachment-95756\" class=\"wp-caption-text\">Don Jose Herrera Uslar<\/figcaption><\/figure>\n<figure id=\"attachment_95759\" aria-describedby=\"caption-attachment-95759\" style=\"width: 906px\" class=\"wp-caption aligncenter\"><a href=\"https:\/\/nuevaprensaamerica.com\/wp-content\/uploads\/2025\/08\/photo_2025-08-14_09-11-36.jpg\"><img loading=\"lazy\" decoding=\"async\" class=\"size-full wp-image-95759\" src=\"https:\/\/nuevaprensaamerica.com\/wp-content\/uploads\/2025\/08\/photo_2025-08-14_09-11-36.jpg\" alt=\"\" width=\"906\" height=\"1280\" \/><\/a><figcaption id=\"caption-attachment-95759\" class=\"wp-caption-text\">CLEMENTINA VELUTINI PEREZ<\/figcaption><\/figure>\n<p><a href=\"https:\/\/nuevaprensaamerica.com\/wp-content\/uploads\/2025\/08\/photo_2025-08-14_09-12-06.jpg\"><img loading=\"lazy\" decoding=\"async\" class=\"aligncenter size-full wp-image-95761\" src=\"https:\/\/nuevaprensaamerica.com\/wp-content\/uploads\/2025\/08\/photo_2025-08-14_09-12-06.jpg\" alt=\"\" width=\"1280\" height=\"963\" \/><\/a><\/p>\n<p data-start=\"124\" data-end=\"402\">Continuando con la trama principal, <strong data-start=\"160\" data-end=\"191\">Julio Jos\u00e9 Herrera Velutini<\/strong> contrajo matrimonio con <strong data-start=\"216\" data-end=\"233\">Gilda Kolster<\/strong> el 30 de enero de 1970. Ella hab\u00eda nacido el 20 de julio en Nueva York, NY, Estados Unidos. El 15 de diciembre de 1971 naci\u00f3 su hijo <strong data-start=\"367\" data-end=\"399\">Julio Mart\u00edn Herrera Kolster<\/strong>.<\/p>\n<p data-start=\"404\" data-end=\"475\">A partir de este punto comienzan las mentiras en su propia biograf\u00eda.<\/p>\n<p data-start=\"477\" data-end=\"1091\">Herrera Velutini asegura haber sido educado y formado en <em data-start=\"534\" data-end=\"565\">The American School of London<\/em> (Gran Breta\u00f1a), lo cual es completamente falso. Curs\u00f3 estudios hasta tercer a\u00f1o de bachillerato en el <strong data-start=\"668\" data-end=\"703\">Colegio San Agust\u00edn del Para\u00edso<\/strong> (donde tambi\u00e9n estudi\u00f3 su padre, Julio Jos\u00e9), pero fue expulsado por mala conducta y por reprobar el a\u00f1o escolar. Como castigo, repiti\u00f3 tercer a\u00f1o en un liceo p\u00fablico de El Para\u00edso y posteriormente fue internado los dos a\u00f1os restantes en el <a class=\"\" href=\"https:\/\/www.tasis.ch\/\" target=\"_new\" rel=\"noopener\" data-start=\"945\" data-end=\"1010\">TASIS The American School in Switzerland<\/a>, un colegio ubicado en Lugano, Suiza, donde finalmente se gradu\u00f3 de bachiller.<\/p>\n<p data-start=\"1093\" data-end=\"1205\">Otras fuentes afirman que sus estudios iniciales los realiz\u00f3 en el <strong data-start=\"1160\" data-end=\"1179\">Liceo Los Arcos<\/strong>, al sureste de Caracas.<\/p>\n<p data-start=\"1093\" data-end=\"1205\"><img loading=\"lazy\" decoding=\"async\" class=\"aligncenter size-full wp-image-95765\" src=\"https:\/\/nuevaprensaamerica.com\/wp-content\/uploads\/2025\/08\/photo_2025-08-14_09-13-30.jpg\" alt=\"\" width=\"1200\" height=\"1191\" \/><\/p>\n<p data-start=\"109\" data-end=\"422\">En cuanto a su presencia en la <a class=\"\" href=\"https:\/\/es.m.wikipedia.org\/wiki\/Universidad_Central_de_Venezuela\" target=\"_new\" rel=\"noopener\" data-start=\"140\" data-end=\"240\">Universidad Central de Venezuela<\/a> (UCV), todo indica que fue \u00fanicamente de visitas. En su biograf\u00eda asegura haberse graduado en 1990. Sin embargo, si consideramos que naci\u00f3 en 1971, en 1990 ten\u00eda tan solo 19 a\u00f1os.<\/p>\n<p data-start=\"424\" data-end=\"761\">Dado que una carrera universitaria dura, como m\u00ednimo, cinco a\u00f1os, habr\u00eda tenido que ingresar a la UCV con apenas 14 a\u00f1os. En algunas versiones de su biograf\u00eda incluso afirma que, antes de obtener el t\u00edtulo universitario, ya ejerc\u00eda como \u201ccorredor de bolsa\u201d en la Bolsa de Valores de Caracas (sin considerar el a\u00f1o escolar que repiti\u00f3).<\/p>\n<p data-start=\"763\" data-end=\"936\">Cabe destacar que, en Venezuela, para obtener la autorizaci\u00f3n de <strong data-start=\"828\" data-end=\"859\">Corredor P\u00fablico de Valores<\/strong> o <strong data-start=\"862\" data-end=\"885\">Asesor de Inversi\u00f3n<\/strong>, se requiere tener un m\u00ednimo de 30 a\u00f1os de edad.<\/p>\n<p data-start=\"763\" data-end=\"936\"><a href=\"https:\/\/nuevaprensaamerica.com\/wp-content\/uploads\/2025\/08\/photo_2025-08-14_09-13-55.jpg\"><img loading=\"lazy\" decoding=\"async\" class=\"aligncenter size-full wp-image-95768\" src=\"https:\/\/nuevaprensaamerica.com\/wp-content\/uploads\/2025\/08\/photo_2025-08-14_09-13-55.jpg\" alt=\"\" width=\"224\" height=\"225\" \/><\/a><\/p>\n<p data-start=\"91\" data-end=\"369\">Durante su supuesto paso por la UCV, Venezuela tuvo como presidentes de la Rep\u00fablica a <strong data-start=\"178\" data-end=\"196\">Jaime Lusinchi<\/strong> y a <strong data-start=\"201\" data-end=\"224\">Carlos Andr\u00e9s P\u00e9rez<\/strong> (en su segundo mandato). Los rectores de la universidad en ese per\u00edodo fueron <strong data-start=\"303\" data-end=\"323\">Edmundo Chirinos<\/strong> y <strong data-start=\"326\" data-end=\"349\">Luis Fuenmayor Toro<\/strong>, respectivamente.<\/p>\n<p data-start=\"91\" data-end=\"369\">No olvidemos en\u00a0 &#8220;Caracazo&#8221; el 27 de febrero de 1989<a href=\"https:\/\/nuevaprensaamerica.com\/wp-content\/uploads\/2025\/08\/photo_2025-08-14_09-14-36.jpg\"><img loading=\"lazy\" decoding=\"async\" class=\"aligncenter size-full wp-image-95772\" src=\"https:\/\/nuevaprensaamerica.com\/wp-content\/uploads\/2025\/08\/photo_2025-08-14_09-14-36.jpg\" alt=\"\" width=\"277\" height=\"182\" \/><\/a><\/p>\n<p data-start=\"91\" data-end=\"369\"><a href=\"https:\/\/nuevaprensaamerica.com\/wp-content\/uploads\/2025\/08\/photo_2025-08-14_09-18-09.jpg\"><img loading=\"lazy\" decoding=\"async\" class=\"aligncenter size-full wp-image-95775\" src=\"https:\/\/nuevaprensaamerica.com\/wp-content\/uploads\/2025\/08\/photo_2025-08-14_09-18-09.jpg\" alt=\"\" width=\"976\" height=\"549\" \/><\/a><\/p>\n<p data-start=\"104\" data-end=\"346\">La <a class=\"\" href=\"https:\/\/es.m.wikipedia.org\/wiki\/Universidad_Central_de_Venezuela\" target=\"_new\" rel=\"noopener\" data-start=\"107\" data-end=\"213\">Universidad Central de Venezuela (UCV)<\/a> paraliz\u00f3 sus actividades acad\u00e9micas en varias ocasiones entre 1985 y 1990 debido a protestas estudiantiles y conflictos laborales.<\/p>\n<ul data-start=\"348\" data-end=\"838\">\n<li data-start=\"348\" data-end=\"517\">\n<p data-start=\"350\" data-end=\"517\"><strong data-start=\"350\" data-end=\"359\">1988:<\/strong> se produjeron varias paralizaciones a ra\u00edz de protestas estudiantiles por recortes presupuestarios y por demandas de mejoras en las condiciones acad\u00e9micas.<\/p>\n<\/li>\n<li data-start=\"518\" data-end=\"653\">\n<p data-start=\"520\" data-end=\"653\"><strong data-start=\"520\" data-end=\"529\">1989:<\/strong> las protestas continuaron, incluyendo la toma de edificios universitarios y la suspensi\u00f3n de clases en varias facultades.<\/p>\n<\/li>\n<li data-start=\"654\" data-end=\"838\">\n<p data-start=\"656\" data-end=\"838\"><strong data-start=\"656\" data-end=\"665\">1990:<\/strong> se registraron conflictos laborales entre el personal docente y administrativo con la administraci\u00f3n universitaria, lo que tambi\u00e9n provoc\u00f3 la paralizaci\u00f3n de actividades.<\/p>\n<\/li>\n<\/ul>\n<p data-start=\"840\" data-end=\"1018\">En s\u00edntesis, las interrupciones entre 1985 y 1990 estuvieron motivadas principalmente por <strong data-start=\"930\" data-end=\"958\">recortes presupuestarios<\/strong>, <strong data-start=\"960\" data-end=\"985\">condiciones laborales<\/strong> y <strong data-start=\"988\" data-end=\"1015\">protestas estudiantiles<\/strong>.<\/p>\n<figure id=\"attachment_95778\" aria-describedby=\"caption-attachment-95778\" style=\"width: 768px\" class=\"wp-caption aligncenter\"><a href=\"https:\/\/nuevaprensaamerica.com\/wp-content\/uploads\/2025\/08\/photo_2025-08-14_09-18-49.jpg\"><img loading=\"lazy\" decoding=\"async\" class=\"size-full wp-image-95778\" src=\"https:\/\/nuevaprensaamerica.com\/wp-content\/uploads\/2025\/08\/photo_2025-08-14_09-18-49.jpg\" alt=\"\" width=\"768\" height=\"512\" \/><\/a><figcaption id=\"caption-attachment-95778\" class=\"wp-caption-text\">Su mente maquiav\u00e9lica ya preparaba el escenario para anunciar a\u00f1os despu\u00e9s que su hijo hered\u00f3 su condici\u00f3n de superdotado intelectual.<\/figcaption><\/figure>\n<p><a href=\"https:\/\/nuevaprensaamerica.com\/wp-content\/uploads\/2025\/08\/photo_2025-08-14_09-19-13.jpg\"><img loading=\"lazy\" decoding=\"async\" class=\"aligncenter size-full wp-image-95780\" src=\"https:\/\/nuevaprensaamerica.com\/wp-content\/uploads\/2025\/08\/photo_2025-08-14_09-19-13.jpg\" alt=\"\" width=\"183\" height=\"275\" \/><\/a><\/p>\n<p>&nbsp;<\/p>\n<p data-start=\"84\" data-end=\"267\">Julio Mart\u00edn Herrera Kolster habr\u00eda cambiado su segundo apellido para desvincularse de su progenitora y del sangriento hecho en el que esta se vio envuelta\u2026 o al menos eso se cre\u00eda.<\/p>\n<p data-start=\"269\" data-end=\"570\">Sin embargo, hay quienes sostienen que el objetivo del cambio de apellido tuvo razones m\u00e1s pr\u00e1cticas que morales. Una nota informativa de <em data-start=\"407\" data-end=\"431\">Reporte de la Econom\u00eda<\/em> se\u00f1ala que, en 2006, cuando se divorci\u00f3 de su esposa, a\u00fan figuraba con el apellido de su madre, condenada \u2014como ya mencionamos\u2014 en 2001.<\/p>\n<p data-start=\"572\" data-end=\"851\">Algunos sospechan que el cambio de apellido no fue m\u00e1s que una estrategia para desviar la atenci\u00f3n de s\u00ed mismo, en el contexto de la crisis bancaria de 2009 que llev\u00f3 a la intervenci\u00f3n estatal de sus instituciones financieras en Venezuela: <strong data-start=\"812\" data-end=\"826\">Banco Real<\/strong> y <strong data-start=\"829\" data-end=\"848\">Banreal Holding<\/strong>.<\/p>\n<p data-start=\"572\" data-end=\"851\"><a href=\"https:\/\/nuevaprensaamerica.com\/wp-content\/uploads\/2025\/08\/photo_2025-08-14_09-19-57.jpg\"><img loading=\"lazy\" decoding=\"async\" class=\"aligncenter size-full wp-image-95783\" src=\"https:\/\/nuevaprensaamerica.com\/wp-content\/uploads\/2025\/08\/photo_2025-08-14_09-19-57.jpg\" alt=\"\" width=\"1280\" height=\"1023\" \/><\/a><\/p>\n<p data-start=\"572\" data-end=\"851\">Pero retrocederemos hasta la genesis del asunto para valorar que tanto le pudo haber afectado:<\/p>\n<p data-start=\"572\" data-end=\"851\"><a href=\"https:\/\/nuevaprensaamerica.com\/wp-content\/uploads\/2025\/08\/photo_2025-08-14_09-22-30.jpg\"><img loading=\"lazy\" decoding=\"async\" class=\"aligncenter size-full wp-image-95786\" src=\"https:\/\/nuevaprensaamerica.com\/wp-content\/uploads\/2025\/08\/photo_2025-08-14_09-22-30.jpg\" alt=\"\" width=\"1025\" height=\"1280\" \/><\/a> <a href=\"https:\/\/nuevaprensaamerica.com\/wp-content\/uploads\/2025\/08\/photo_2025-08-14_09-22-34.jpg\"><img loading=\"lazy\" decoding=\"async\" class=\"aligncenter size-full wp-image-95787\" src=\"https:\/\/nuevaprensaamerica.com\/wp-content\/uploads\/2025\/08\/photo_2025-08-14_09-22-34.jpg\" alt=\"\" width=\"1019\" height=\"1280\" \/><\/a> <a href=\"https:\/\/nuevaprensaamerica.com\/wp-content\/uploads\/2025\/08\/photo_2025-08-14_09-22-36.jpg\"><img loading=\"lazy\" decoding=\"async\" class=\"aligncenter size-full wp-image-95788\" src=\"https:\/\/nuevaprensaamerica.com\/wp-content\/uploads\/2025\/08\/photo_2025-08-14_09-22-36.jpg\" alt=\"\" width=\"1044\" height=\"1280\" \/><\/a> <a href=\"https:\/\/nuevaprensaamerica.com\/wp-content\/uploads\/2025\/08\/photo_2025-08-14_09-22-39.jpg\"><img loading=\"lazy\" decoding=\"async\" class=\"aligncenter size-full wp-image-95789\" src=\"https:\/\/nuevaprensaamerica.com\/wp-content\/uploads\/2025\/08\/photo_2025-08-14_09-22-39.jpg\" alt=\"\" width=\"1036\" height=\"1280\" \/><\/a> <a href=\"https:\/\/nuevaprensaamerica.com\/wp-content\/uploads\/2025\/08\/photo_2025-08-14_09-22-42.jpg\"><img loading=\"lazy\" decoding=\"async\" class=\"aligncenter size-full wp-image-95790\" src=\"https:\/\/nuevaprensaamerica.com\/wp-content\/uploads\/2025\/08\/photo_2025-08-14_09-22-42.jpg\" alt=\"\" width=\"1024\" height=\"1280\" \/><\/a> <a href=\"https:\/\/nuevaprensaamerica.com\/wp-content\/uploads\/2025\/08\/photo_2025-08-14_09-22-44.jpg\"><img loading=\"lazy\" decoding=\"async\" class=\"aligncenter size-full wp-image-95791\" src=\"https:\/\/nuevaprensaamerica.com\/wp-content\/uploads\/2025\/08\/photo_2025-08-14_09-22-44.jpg\" alt=\"\" width=\"1019\" height=\"1280\" \/><\/a> <a href=\"https:\/\/nuevaprensaamerica.com\/wp-content\/uploads\/2025\/08\/photo_2025-08-14_09-22-47.jpg\"><img loading=\"lazy\" decoding=\"async\" class=\"aligncenter size-full wp-image-95792\" src=\"https:\/\/nuevaprensaamerica.com\/wp-content\/uploads\/2025\/08\/photo_2025-08-14_09-22-47.jpg\" alt=\"\" width=\"1018\" height=\"1280\" \/><\/a> <a href=\"https:\/\/nuevaprensaamerica.com\/wp-content\/uploads\/2025\/08\/photo_2025-08-14_09-22-50.jpg\"><img loading=\"lazy\" decoding=\"async\" class=\"aligncenter size-full wp-image-95793\" src=\"https:\/\/nuevaprensaamerica.com\/wp-content\/uploads\/2025\/08\/photo_2025-08-14_09-22-50.jpg\" alt=\"\" width=\"1011\" height=\"1280\" \/><\/a><\/p>\n<h2 data-start=\"150\" data-end=\"198\">Comienza a protagonizar sus grandes fraudes<\/h2>\n<p data-start=\"200\" data-end=\"408\">El <strong data-start=\"203\" data-end=\"252\">Banco de Desarrollo del Microempresario, C.A.<\/strong> anunci\u00f3 a sus allegados que dejar\u00eda de \u201ccuadrarse\u201d con los menesterosos y que, de ahora en adelante, se llamar\u00eda <strong data-start=\"366\" data-end=\"406\">Banco Real, Banco de Desarrollo C.A.<\/strong><\/p>\n<p data-start=\"410\" data-end=\"1064\">\u00bfCu\u00e1l es ese banco? Su primer presidente fue <strong data-start=\"455\" data-end=\"476\">Emilio Santandreu<\/strong>. En la \u00e9poca en que proliferaban los bancos de desarrollo \u2014f\u00e1ciles de fundar, libres de regulaciones estrictas sobre tasas, con libertad para cobrar los intereses y comisiones que quisieran, y con la simpat\u00eda oficial por presentarse como apoyo a los microempresarios\u2014, el Banco de Desarrollo del Microempresario inici\u00f3 operaciones en abril de 2006 con un capital inicial de 4.500 millones de bol\u00edvares, sede principal en el Centro San Ignacio y tres sucursales: una en Petare, otra en el Centro Comercial Telares Los Andes (en El Cementerio) y una tercera en el Mercado de Guaicaipuro.<\/p>\n<h3 data-start=\"1066\" data-end=\"1101\">La etapa de Bernardo Velutini<\/h3>\n<p data-start=\"1102\" data-end=\"1904\">Tras una disputa familiar \u2014por supuesto, por dinero, como suelen ser las peleas entre los ricos\u2014, el banquero por herencia <strong data-start=\"1225\" data-end=\"1254\">Bernardo Velutini Octavio<\/strong>, con el capital obtenido de la venta del banco familiar (<strong data-start=\"1312\" data-end=\"1329\">Banco Caracas<\/strong>) a <strong data-start=\"1333\" data-end=\"1347\">Nogueroles<\/strong> y su grupo de socios, decidi\u00f3 invertir en nuevos negocios. Nogueroles, tras adquirir el Banco Caracas, lo repint\u00f3 de anaranjado y azul (colores que, seg\u00fan \u00e9l, le daban suerte), abri\u00f3 una oficina semanalmente, realiz\u00f3 una oferta p\u00fablica para aumentar el capital y, en un movimiento r\u00e1pido, lo vendi\u00f3 a los espa\u00f1oles del <strong data-start=\"1667\" data-end=\"1680\">Santander<\/strong>. Estos, adem\u00e1s, compraron la \u201cgolilla\u201d del <strong data-start=\"1724\" data-end=\"1746\">Banco de Venezuela<\/strong> a muy bajo precio; recuperaron su inversi\u00f3n en el primer a\u00f1o y, durante los nueve a\u00f1os siguientes, multiplicaron por m\u00e1s de veinte veces el capital social.<\/p>\n<p data-start=\"1906\" data-end=\"2262\">El Banco de Venezuela manten\u00eda un capital m\u00ednimo permitido (40 mil millones de bol\u00edvares) por dos razones: para no \u201cbotar\u201d dinero en aumentos de capital y porque las multas se calculaban en funci\u00f3n de este, lo que les permit\u00eda pagar menos. Incluso, en <em data-start=\"2158\" data-end=\"2167\">Sudeban<\/em> se plante\u00f3 que las sanciones se calcularan tomando en cuenta las captaciones del \u00faltimo mes.<\/p>\n<p data-start=\"2264\" data-end=\"2621\">Estos banqueros espa\u00f1oles llegaron al extremo de, para cumplir con las carteras obligatorias de septiembre, ofrecer <strong data-start=\"2380\" data-end=\"2408\">cr\u00e9ditos ficticios al 4%<\/strong> a un peque\u00f1o grupo de clientes especiales, quienes luego colocaban ese dinero en otros bancos al 11%. Aunque la maniobra generaba p\u00e9rdidas aparentes, evitaba dejar rastros gracias a la modalidad \u201cback to back\u201d.<\/p>\n<h3 data-start=\"2623\" data-end=\"2652\">De los autos a la banca<\/h3>\n<p data-start=\"2653\" data-end=\"3040\">Bernardo Velutini, con la liquidez obtenida de la venta del Banco Caracas, se dedic\u00f3 primero al negocio automotriz, adquiriendo la concesi\u00f3n <strong data-start=\"2794\" data-end=\"2801\">Kia<\/strong> (que luego vendi\u00f3 para invertir en una marca de lujo). Como ya mencionamos, los bancos de desarrollo \u2014con fachada de microbancos\u2014 ofrec\u00edan excelentes oportunidades de negocio. As\u00ed adquiri\u00f3 el <strong data-start=\"2994\" data-end=\"3037\">Banco de Desarrollo del Microempresario<\/strong>.<\/p>\n<h3 data-start=\"3042\" data-end=\"3091\">La entrada de Julio Mart\u00edn Herrera Velutini<\/h3>\n<p data-start=\"3092\" data-end=\"3428\">Entra entonces en escena el joven corredor de valores <strong data-start=\"3146\" data-end=\"3179\">Julio Mart\u00edn Herrera Velutini<\/strong>, sobrino de Bernardo e hijo de <strong data-start=\"3211\" data-end=\"3237\">Julio Herrera Velutini<\/strong> y de la recordada <strong data-start=\"3256\" data-end=\"3273\">Gilda Kolster<\/strong> (vinculada a un sonado caso judicial). Julio le compra el banco a su t\u00edo, de modo que en apenas a\u00f1o y medio la instituci\u00f3n pas\u00f3 por dos manos distintas.<\/p>\n<p data-start=\"3430\" data-end=\"3664\">Poco despu\u00e9s, el capital del banco se elev\u00f3 a 30.000 millones de bol\u00edvares, cifra superior a la exigida para un banco comercial y cercana a la de un banco universal, aunque la entidad segu\u00eda operando como una <strong data-start=\"3639\" data-end=\"3661\">mampara financiera<\/strong>.<\/p>\n<p data-start=\"3666\" data-end=\"3822\">En agosto de ese a\u00f1o, la composici\u00f3n de sus activos dejaba claro que no se trataba de un banco para microempresarios, sino de un <strong data-start=\"3795\" data-end=\"3819\">banco de inversiones<\/strong>:<\/p>\n<ul data-start=\"3824\" data-end=\"3955\">\n<li data-start=\"3824\" data-end=\"3899\">\n<p data-start=\"3826\" data-end=\"3899\"><strong data-start=\"3826\" data-end=\"3833\">53%<\/strong> en inversiones en t\u00edtulos valores (55% privados y 45% p\u00fablicos)<\/p>\n<\/li>\n<li data-start=\"3900\" data-end=\"3931\">\n<p data-start=\"3902\" data-end=\"3931\"><strong data-start=\"3902\" data-end=\"3909\">18%<\/strong> en disponibilidades<\/p>\n<\/li>\n<li data-start=\"3932\" data-end=\"3955\">\n<p data-start=\"3934\" data-end=\"3955\"><strong data-start=\"3934\" data-end=\"3941\">22%<\/strong> en cr\u00e9ditos<\/p>\n<\/li>\n<\/ul>\n<p data-start=\"3957\" data-end=\"4113\">Sus captaciones alcanzaban los 198.502 millones de bol\u00edvares, de los cuales el 94% correspond\u00eda a dep\u00f3sitos a plazo fijo por un total de 187.028 millones.<\/p>\n<p data-start=\"128\" data-end=\"528\">\u00a1Y qu\u00e9 sorpresa! El <strong data-start=\"148\" data-end=\"155\">72%<\/strong> de los dep\u00f3sitos del p\u00fablico proven\u00edan de <strong data-start=\"198\" data-end=\"221\">entidades oficiales<\/strong>, es decir, del Gobierno. Por supuesto, estos fondos se colocaban en <strong data-start=\"290\" data-end=\"306\">plazos fijos<\/strong>, que son los que generan mayores intereses. Y, claro, qui\u00e9n sabr\u00e1 cu\u00e1nto hab\u00eda \u201cpa\u2019 eso\u201d, ya que el <strong data-start=\"407\" data-end=\"414\">77%<\/strong> de todos los plazos fijos del banco \u2014equivalentes a <strong data-start=\"467\" data-end=\"491\">Bs. 143.161 millones<\/strong>\u2014 proven\u00edan de dep\u00f3sitos oficiales.<\/p>\n<p data-start=\"530\" data-end=\"641\">En otras palabras: no era un banco de desarrollo y, adem\u00e1s, depend\u00eda casi totalmente del dinero del Gobierno.<\/p>\n<p data-start=\"643\" data-end=\"1061\">En cuanto a ingresos financieros, el banco obtuvo <strong data-start=\"693\" data-end=\"715\">Bs. 3.202 millones<\/strong> en julio y agosto; sin embargo, sus gastos financieros fueron de <strong data-start=\"781\" data-end=\"803\">Bs. 3.138 millones<\/strong>, es decir, un <strong data-start=\"818\" data-end=\"825\">98%<\/strong> de los ingresos, una cifra desproporcionada. En comisiones cobraron <strong data-start=\"894\" data-end=\"916\">Bs. 2.064 millones<\/strong> en esos dos meses y, con \u201calguna que otra trampita contable\u201d, lograron mostrar <strong data-start=\"996\" data-end=\"1018\">Bs. 1.003 millones<\/strong> de ganancias netas en ese mismo per\u00edodo.<\/p>\n<h3 data-start=\"1063\" data-end=\"1090\">Nueva junta directiva<\/h3>\n<p data-start=\"1091\" data-end=\"1199\">El nuevo due\u00f1o no aparec\u00eda en el directorio y, en su lugar, figuraba como encargado <strong data-start=\"1175\" data-end=\"1196\">Emilio Antelo Rey<\/strong>.<\/p>\n<p data-start=\"1201\" data-end=\"1230\"><strong data-start=\"1201\" data-end=\"1228\">Directores principales:<\/strong><\/p>\n<ul data-start=\"1231\" data-end=\"1396\">\n<li data-start=\"1231\" data-end=\"1251\">\n<p data-start=\"1233\" data-end=\"1251\">Emilio Antelo R.<\/p>\n<\/li>\n<li data-start=\"1252\" data-end=\"1288\">\n<p data-start=\"1254\" data-end=\"1288\">Emilio M. Santandreu (degradado)<\/p>\n<\/li>\n<li data-start=\"1289\" data-end=\"1308\">\n<p data-start=\"1291\" data-end=\"1308\">Enrique S\u00e1nchez<\/p>\n<\/li>\n<li data-start=\"1309\" data-end=\"1331\">\n<p data-start=\"1311\" data-end=\"1331\">Morris Se\u00f1or P\u00e9rez<\/p>\n<\/li>\n<li data-start=\"1332\" data-end=\"1349\">\n<p data-start=\"1334\" data-end=\"1349\">Isaac Serfaty<\/p>\n<\/li>\n<li data-start=\"1350\" data-end=\"1372\">\n<p data-start=\"1352\" data-end=\"1372\">Jos\u00e9 Luis Velutini<\/p>\n<\/li>\n<li data-start=\"1373\" data-end=\"1396\">\n<p data-start=\"1375\" data-end=\"1396\">Enrique Zambrano G.<\/p>\n<\/li>\n<\/ul>\n<p data-start=\"1398\" data-end=\"1425\"><strong data-start=\"1398\" data-end=\"1423\">Directores suplentes:<\/strong><\/p>\n<ul data-start=\"1426\" data-end=\"1573\">\n<li data-start=\"1426\" data-end=\"1455\">\n<p data-start=\"1428\" data-end=\"1455\">Margarita Exp\u00f3sito Herv\u00e1s<\/p>\n<\/li>\n<li data-start=\"1456\" data-end=\"1481\">\n<p data-start=\"1458\" data-end=\"1481\">Constanza Masciopinto<\/p>\n<\/li>\n<li data-start=\"1482\" data-end=\"1500\">\n<p data-start=\"1484\" data-end=\"1500\">Deyanira Ochoa<\/p>\n<\/li>\n<li data-start=\"1501\" data-end=\"1520\">\n<p data-start=\"1503\" data-end=\"1520\">Amalia Urbaneja<\/p>\n<\/li>\n<li data-start=\"1521\" data-end=\"1545\">\n<p data-start=\"1523\" data-end=\"1545\">Eduardo Villamediana<\/p>\n<\/li>\n<li data-start=\"1546\" data-end=\"1573\">\n<p data-start=\"1548\" data-end=\"1573\">Jos\u00e9 Gilberto Rodr\u00edguez<\/p>\n<\/li>\n<\/ul>\n<p data-start=\"1575\" data-end=\"1818\">No cabe duda: el nombre <strong data-start=\"1599\" data-end=\"1613\">Banco Real<\/strong> no ven\u00eda por \u201clos reales\u201d, sino porque en su directorio solo hab\u00eda miembros de la \u201crealeza\u201d empresarial y social. Nada que ver con microcr\u00e9ditos ni con los \u201cmicropobres\u201d que supuestamente deb\u00eda atender.<\/p>\n<p data-start=\"1820\" data-end=\"2038\">Y queda la pregunta: \u00bfqui\u00e9n ser\u00e1 el funcionario del Gobierno que coloc\u00f3 esos <strong data-start=\"1897\" data-end=\"1921\">Bs. 143.438 millones<\/strong> en el banco, fondos cuyos dividendos le permitir\u00edan hacer el mercado todos los meses\u2026 y no precisamente en Mercal?<\/p>\n<p data-start=\"1820\" data-end=\"2038\">Fecha publicada: 11\/10\/2007<br \/>\nFuente: Reporte<\/p>\n<p data-start=\"1820\" data-end=\"2038\">No se pierdan la <strong data-start=\"90\" data-end=\"108\">quinta entrega<\/strong> de esta serie. Iremos revelando planes ejecutados \u2014desconocidos en las Am\u00e9ricas\u2014 y c\u00f3mo, en medio de un juicio en curso, confi\u00f3 \u00fanicamente en su hijo para presidir <strong data-start=\"273\" data-end=\"288\">\u201cBritannia\u201d<\/strong>, pero termin\u00f3 implic\u00e1ndolo en sus propios y graves delitos.<\/p>\n<figure id=\"attachment_95801\" aria-describedby=\"caption-attachment-95801\" style=\"width: 1000px\" class=\"wp-caption aligncenter\"><a href=\"https:\/\/nuevaprensaamerica.com\/wp-content\/uploads\/2025\/08\/photo_2025-08-14_09-30-34.jpg\"><img loading=\"lazy\" decoding=\"async\" class=\"size-full wp-image-95801\" src=\"https:\/\/nuevaprensaamerica.com\/wp-content\/uploads\/2025\/08\/photo_2025-08-14_09-30-34.jpg\" alt=\"\" width=\"1000\" height=\"782\" \/><\/a><figcaption id=\"caption-attachment-95801\" class=\"wp-caption-text\">Julio C\u00e9sar Herrera el \u201cprodigio\u201d de 28 a\u00f1os de la banca de inversi\u00f3n brit\u00e1nica que pronto acompa\u00f1ar\u00e1 a su padre en la misma celda.<\/figcaption><\/figure>\n<figure id=\"attachment_95803\" aria-describedby=\"caption-attachment-95803\" style=\"width: 708px\" class=\"wp-caption aligncenter\"><a href=\"https:\/\/nuevaprensaamerica.com\/wp-content\/uploads\/2025\/08\/photo_2025-08-14_09-31-04.jpg\"><img loading=\"lazy\" decoding=\"async\" class=\"size-full wp-image-95803\" src=\"https:\/\/nuevaprensaamerica.com\/wp-content\/uploads\/2025\/08\/photo_2025-08-14_09-31-04.jpg\" alt=\"\" width=\"708\" height=\"817\" \/><\/a><figcaption id=\"caption-attachment-95803\" class=\"wp-caption-text\">Seg\u00fan su progenitor dispone de excepcional talento e impresionantes logros que han captado la atenci\u00f3n del sector financiero. El sucesor prefecto para continuar el estilo de gesti\u00f3n poco varonil.<\/figcaption><\/figure>\n<p><a href=\"https:\/\/nuevaprensaamerica.com\/wp-content\/uploads\/2025\/08\/photo_2025-08-14_09-35-22.jpg\"><img loading=\"lazy\" decoding=\"async\" class=\"aligncenter size-full wp-image-95805\" src=\"https:\/\/nuevaprensaamerica.com\/wp-content\/uploads\/2025\/08\/photo_2025-08-14_09-35-22.jpg\" alt=\"\" width=\"850\" height=\"1250\" \/><\/a><\/p>\n<p data-start=\"139\" data-end=\"176\">Revelaremos <strong data-start=\"151\" data-end=\"173\">detalles como este<\/strong>:<\/p>\n<h3 data-start=\"178\" data-end=\"203\">Partes relacionadas<\/h3>\n<ul data-start=\"204\" data-end=\"663\">\n<li data-start=\"204\" data-end=\"243\">\n<p data-start=\"206\" data-end=\"243\"><strong data-start=\"206\" data-end=\"236\">BRITANNIA BANK &amp; TRUST LTD<\/strong> * **<\/p>\n<\/li>\n<li data-start=\"244\" data-end=\"290\">\n<p data-start=\"246\" data-end=\"290\"><strong data-start=\"246\" data-end=\"286\">BRITANNIA GLOBAL INVESTMENTS LIMITED<\/strong> *<\/p>\n<\/li>\n<li data-start=\"291\" data-end=\"333\">\n<p data-start=\"293\" data-end=\"333\"><strong data-start=\"293\" data-end=\"329\">BRITANNIA GLOBAL MARKETS LIMITED<\/strong> *<\/p>\n<\/li>\n<li data-start=\"334\" data-end=\"364\">\n<p data-start=\"336\" data-end=\"364\"><strong data-start=\"336\" data-end=\"362\">CORPORACI\u00d3N CHATELROUX<\/strong><\/p>\n<\/li>\n<li data-start=\"365\" data-end=\"403\">\n<p data-start=\"367\" data-end=\"403\"><strong data-start=\"367\" data-end=\"401\">BANCREDITO HOLDING CORPORATION<\/strong><\/p>\n<\/li>\n<li data-start=\"404\" data-end=\"441\">\n<p data-start=\"406\" data-end=\"441\"><strong data-start=\"406\" data-end=\"439\">Julio Mart\u00edn Herrera Velutini<\/strong><\/p>\n<\/li>\n<li data-start=\"442\" data-end=\"476\">\n<p data-start=\"444\" data-end=\"476\"><strong data-start=\"444\" data-end=\"474\">Melanie Odette Nennig Ruhs<\/strong><\/p>\n<\/li>\n<li data-start=\"477\" data-end=\"506\">\n<p data-start=\"479\" data-end=\"506\"><strong data-start=\"479\" data-end=\"504\">Isabela Herrera Bello<\/strong><\/p>\n<\/li>\n<li data-start=\"507\" data-end=\"540\">\n<p data-start=\"509\" data-end=\"540\"><strong data-start=\"509\" data-end=\"538\">Julio C\u00e9sar Herrera Bello<\/strong><\/p>\n<\/li>\n<li data-start=\"541\" data-end=\"564\">\n<p data-start=\"543\" data-end=\"564\"><strong data-start=\"543\" data-end=\"562\">Gilda Rodr\u00edguez<\/strong><\/p>\n<\/li>\n<li data-start=\"565\" data-end=\"595\">\n<p data-start=\"567\" data-end=\"595\"><strong data-start=\"567\" data-end=\"593\">Carlos Alberto Herrera<\/strong><\/p>\n<\/li>\n<li data-start=\"596\" data-end=\"626\">\n<p data-start=\"598\" data-end=\"626\"><strong data-start=\"598\" data-end=\"624\">Jos\u00e9 Francisco Herrera<\/strong><\/p>\n<\/li>\n<li data-start=\"627\" data-end=\"663\">\n<p data-start=\"629\" data-end=\"663\"><strong data-start=\"629\" data-end=\"661\">Mar\u00eda Fernanda Bello Pacheco<\/strong><\/p>\n<\/li>\n<\/ul>\n<p data-start=\"665\" data-end=\"769\">* Solo para fondos de su propia cuenta y no para fondos de clientes de dichas entidades de Britannia.<\/p>\n<p data-start=\"771\" data-end=\"1085\">** Estas entidades de Britannia son afiliadas de <strong data-start=\"821\" data-end=\"858\">Britannia Financial Group Limited<\/strong>, propiedad de un fideicomiso del Reino Unido en el que <strong data-start=\"914\" data-end=\"943\">Julio C\u00e9sar Herrera Bello<\/strong>, <strong data-start=\"945\" data-end=\"970\">Isabela Herrera Bello<\/strong> y <strong data-start=\"973\" data-end=\"1003\">Melanie Odette Nennig Ruhs<\/strong> son los \u00faltimos propietarios beneficiarios (<em data-start=\"1048\" data-end=\"1076\">Ultimate Beneficial Owners<\/em>, UBO).<\/p>\n<p data-start=\"1087\" data-end=\"1101\">Y mucho m\u00e1s\u2026<\/p>\n","protected":false},"excerpt":{"rendered":"<p>Un individuo que miente en detalles tan simples como su origen, el lugar donde curs\u00f3 estudios o que se atribuye t\u00edtulos acad\u00e9micos nunca obtenidos podr\u00eda [&hellip;]<\/p>\n","protected":false},"author":1,"featured_media":6666,"comment_status":"open","ping_status":"open","sticky":false,"template":"","format":"standard","meta":{"h5ap_radio_sources":[],"_FSMCFIC_featured_image_caption":"","_FSMCFIC_featured_image_nocaption":"","_FSMCFIC_featured_image_hide":"","_jetpack_memberships_contains_paid_content":false,"footnotes":""},"categories":[2],"tags":[],"class_list":["post-6648","post","type-post","status-publish","format-standard","has-post-thumbnail","hentry","category-venezuela"],"aioseo_notices":[],"jetpack_featured_media_url":"https:\/\/nuevaprensaamerica.com\/wp-content\/uploads\/2025\/08\/photo_2025-08-14_09-41-19.jpg","jetpack_sharing_enabled":true,"_links":{"self":[{"href":"https:\/\/nuevaprensaamerica.com\/index.php\/wp-json\/wp\/v2\/posts\/6648","targetHints":{"allow":["GET"]}}],"collection":[{"href":"https:\/\/nuevaprensaamerica.com\/index.php\/wp-json\/wp\/v2\/posts"}],"about":[{"href":"https:\/\/nuevaprensaamerica.com\/index.php\/wp-json\/wp\/v2\/types\/post"}],"author":[{"embeddable":true,"href":"https:\/\/nuevaprensaamerica.com\/index.php\/wp-json\/wp\/v2\/users\/1"}],"replies":[{"embeddable":true,"href":"https:\/\/nuevaprensaamerica.com\/index.php\/wp-json\/wp\/v2\/comments?post=6648"}],"version-history":[{"count":1,"href":"https:\/\/nuevaprensaamerica.com\/index.php\/wp-json\/wp\/v2\/posts\/6648\/revisions"}],"predecessor-version":[{"id":6675,"href":"https:\/\/nuevaprensaamerica.com\/index.php\/wp-json\/wp\/v2\/posts\/6648\/revisions\/6675"}],"wp:featuredmedia":[{"embeddable":true,"href":"https:\/\/nuevaprensaamerica.com\/index.php\/wp-json\/wp\/v2\/media\/6666"}],"wp:attachment":[{"href":"https:\/\/nuevaprensaamerica.com\/index.php\/wp-json\/wp\/v2\/media?parent=6648"}],"wp:term":[{"taxonomy":"category","embeddable":true,"href":"https:\/\/nuevaprensaamerica.com\/index.php\/wp-json\/wp\/v2\/categories?post=6648"},{"taxonomy":"post_tag","embeddable":true,"href":"https:\/\/nuevaprensaamerica.com\/index.php\/wp-json\/wp\/v2\/tags?post=6648"}],"curies":[{"name":"wp","href":"https:\/\/api.w.org\/{rel}","templated":true}]}}