{"id":6684,"date":"2025-08-17T08:04:59","date_gmt":"2025-08-17T08:04:59","guid":{"rendered":"https:\/\/nuevaprensaamerica.com\/?p=6684"},"modified":"2025-08-17T08:04:59","modified_gmt":"2025-08-17T08:04:59","slug":"la-vida-de-julio-martin-herrera-kolster-es-una-sumatoria-de-mentiras-quinta-entrega","status":"publish","type":"post","link":"https:\/\/nuevaprensaamerica.com\/index.php\/2025\/08\/17\/la-vida-de-julio-martin-herrera-kolster-es-una-sumatoria-de-mentiras-quinta-entrega\/","title":{"rendered":"LA VIDA DE JULIO MARTIN HERRERA KOLSTER ES UNA SUMATORIA DE MENTIRAS (Quinta entrega)"},"content":{"rendered":"<p data-start=\"201\" data-end=\"358\">\ud83c\udfbc Ahora que vamos despacio<br data-start=\"228\" data-end=\"231\" \/>Ahora que vamos despacio<br data-start=\"255\" data-end=\"258\" \/>Vamos a contar mentiras, tra-lar\u00e1<br data-start=\"291\" data-end=\"294\" \/>Vamos a contar mentiras, tra-lar\u00e1<br data-start=\"327\" data-end=\"330\" \/>Vamos a contar mentiras \ud83c\udfbc<\/p>\n<p data-start=\"360\" data-end=\"614\">La vida de este personajillo, que ha terminado convirti\u00e9ndose en el principal protagonista de esta trama, es una sucesi\u00f3n de mentiras con la \u00fanica intenci\u00f3n de imponer, y en ocasiones recomponer, la narrativa m\u00e1s conveniente para nutrir su megaloman\u00eda.<\/p>\n<p data-start=\"616\" data-end=\"842\">Expondr\u00e9 tres ejemplos que servir\u00e1n como recursos para que ustedes dimensionen hasta d\u00f3nde puede llegar su desmedida ambici\u00f3n. Trataremos de aprovechar, adem\u00e1s, el momento pol\u00edtico que actualmente nos rodea en Latinoam\u00e9rica.<\/p>\n<p data-start=\"616\" data-end=\"842\"><!--more--><\/p>\n<figure id=\"attachment_95817\" aria-describedby=\"caption-attachment-95817\" style=\"width: 240px\" class=\"wp-caption aligncenter\"><a href=\"https:\/\/nuevaprensaamerica.com\/wp-content\/uploads\/2025\/08\/photo_2025-08-17_09-37-56.jpg\"><img loading=\"lazy\" decoding=\"async\" class=\"size-full wp-image-95817\" src=\"https:\/\/nuevaprensaamerica.com\/wp-content\/uploads\/2025\/08\/photo_2025-08-17_09-37-56.jpg\" alt=\"\" width=\"240\" height=\"210\" \/><\/a><figcaption id=\"caption-attachment-95817\" class=\"wp-caption-text\">Fidel Castro<\/figcaption><\/figure>\n<p data-start=\"616\" data-end=\"842\"><a href=\"https:\/\/nuevaprensaamerica.com\/wp-content\/uploads\/2025\/08\/photo_2025-08-17_09-38-00.jpg\"><img loading=\"lazy\" decoding=\"async\" class=\"aligncenter size-full wp-image-95818\" src=\"https:\/\/nuevaprensaamerica.com\/wp-content\/uploads\/2025\/08\/photo_2025-08-17_09-38-00.jpg\" alt=\"\" width=\"572\" height=\"530\" \/><\/a><\/p>\n<h1 data-start=\"131\" data-end=\"161\">\u201cLa historia me absolver\u00e1\u201d<\/h1>\n<p data-start=\"163\" data-end=\"411\">La llamada <em data-start=\"174\" data-end=\"200\">toma del Cuartel Moncada<\/em> fue una rotunda derrota militar liderada por Fidel Castro frente a la dictadura de Fulgencio Batista. Aquella acci\u00f3n lo llev\u00f3 a la c\u00e1rcel y, gracias a una amnist\u00eda \u2014despu\u00e9s de algunos meses preso\u2014, al exilio.<\/p>\n<p data-start=\"413\" data-end=\"673\">Tiempo despu\u00e9s, cuando logra imponerse y asumir el poder, Castro presenta aquel episodio como un triunfo. Sin embargo, resulta dif\u00edcil creer que hoy la mayor\u00eda de los cubanos lo \u201cabsuelvan\u201d, considerando el legado que dej\u00f3 finalmente su dictadura en la isla.<\/p>\n<p data-start=\"413\" data-end=\"673\"><a href=\"https:\/\/nuevaprensaamerica.com\/wp-content\/uploads\/2025\/08\/photo_2025-08-17_09-40-29.jpg\"><img loading=\"lazy\" decoding=\"async\" class=\"aligncenter size-full wp-image-95821\" src=\"https:\/\/nuevaprensaamerica.com\/wp-content\/uploads\/2025\/08\/photo_2025-08-17_09-40-29.jpg\" alt=\"\" width=\"337\" height=\"625\" \/><\/a> <a href=\"https:\/\/nuevaprensaamerica.com\/wp-content\/uploads\/2025\/08\/photo_2025-08-17_09-40-32.jpg\"><img loading=\"lazy\" decoding=\"async\" class=\"aligncenter size-full wp-image-95822\" src=\"https:\/\/nuevaprensaamerica.com\/wp-content\/uploads\/2025\/08\/photo_2025-08-17_09-40-32.jpg\" alt=\"\" width=\"400\" height=\"346\" \/><\/a><\/p>\n<h1 data-start=\"109\" data-end=\"125\">\u201cPor ahora\u2026\u201d<\/h1>\n<p data-start=\"127\" data-end=\"564\">El 4 de febrero de 1992, Hugo Ch\u00e1vez lider\u00f3 un intento de golpe de Estado en Venezuela contra el gobierno de Carlos Andr\u00e9s P\u00e9rez. Aunque el intento fracas\u00f3, a la postre signific\u00f3 un triunfo pol\u00edtico que m\u00e1s tarde ser\u00eda celebrado como tal, una vez que asumi\u00f3 el poder. Sin embargo, esto solo fue posible gracias al indulto que le otorg\u00f3 Rafael Caldera y a que, posteriormente, debi\u00f3 medirse en el campo electoral, de manera democr\u00e1tica.<\/p>\n<p data-start=\"566\" data-end=\"950\">La rendici\u00f3n p\u00fablica y televisada de Ch\u00e1vez, acompa\u00f1ada de la famosa frase: <em data-start=\"642\" data-end=\"746\">\u201cPor ahora, lamentablemente, los objetivos que nos planteamos no fueron logrados en la ciudad capital\u201d<\/em>, se convirti\u00f3 en el punto de partida que le permiti\u00f3 ganar las elecciones presidenciales de 1998 e iniciar un proceso de transformaci\u00f3n pol\u00edtica en Venezuela, conocido como la <em data-start=\"923\" data-end=\"947\">Revoluci\u00f3n Bolivariana<\/em>.<\/p>\n<p data-start=\"952\" data-end=\"1057\">La gran pregunta es: \u00bfcu\u00e1ntos de aquellos que lo segu\u00edan ciegamente estar\u00edan dispuestos a apoyarlo hoy?<\/p>\n<figure id=\"attachment_95826\" aria-describedby=\"caption-attachment-95826\" style=\"width: 480px\" class=\"wp-caption aligncenter\"><a href=\"https:\/\/nuevaprensaamerica.com\/wp-content\/uploads\/2025\/08\/photo_2025-08-17_09-44-14.jpg\"><img loading=\"lazy\" decoding=\"async\" class=\"size-full wp-image-95826\" src=\"https:\/\/nuevaprensaamerica.com\/wp-content\/uploads\/2025\/08\/photo_2025-08-17_09-44-14.jpg\" alt=\"\" width=\"480\" height=\"270\" \/><\/a><figcaption id=\"caption-attachment-95826\" class=\"wp-caption-text\">A pesar de que no se ve con nitidez, la imagen tiene un valor hist\u00f3rico muy importante: Gabriela Febres-Cordero y Luis Alberto Moreno durante su boda en Nueva York.<\/figcaption><\/figure>\n<figure id=\"attachment_95828\" aria-describedby=\"caption-attachment-95828\" style=\"width: 1057px\" class=\"wp-caption aligncenter\"><a href=\"https:\/\/nuevaprensaamerica.com\/wp-content\/uploads\/2025\/08\/photo_2025-08-17_09-44-56.jpg\"><img loading=\"lazy\" decoding=\"async\" class=\"size-full wp-image-95828\" src=\"https:\/\/nuevaprensaamerica.com\/wp-content\/uploads\/2025\/08\/photo_2025-08-17_09-44-56.jpg\" alt=\"\" width=\"1057\" height=\"1280\" \/><\/a><figcaption id=\"caption-attachment-95828\" class=\"wp-caption-text\">Bernie Moreno, junto a Maria Gabriela Sigala y su hermano Luis Alberto.<\/figcaption><\/figure>\n<h1 data-start=\"133\" data-end=\"250\">\u201cVenezuela es un gran pa\u00eds. Los venezolanos son una gran gente, incre\u00edblemente inteligentes y trabajan muy duro.\u201d<\/h1>\n<p data-start=\"252\" data-end=\"603\">El senador republicano Bernie Moreno encabez\u00f3 la visita de una delegaci\u00f3n oficial a Colombia. Con gran cobertura medi\u00e1tica, acudi\u00f3 a un importante encuentro en Cartagena con la Asociaci\u00f3n Nacional de Industriales (ANDI), a prop\u00f3sito de su foro anual. All\u00ed declar\u00f3 estar sorprendido por \u201clas cosas maravillosas que est\u00e1n sucediendo en su pa\u00eds natal\u201d.<\/p>\n<p data-start=\"605\" data-end=\"803\">Sus palabras daban la impresi\u00f3n de que nunca antes hab\u00eda estado en Colombia, o de que hab\u00edan pasado cien a\u00f1os desde su partida. Sin embargo, Bernie Moreno naci\u00f3 en Bogot\u00e1 el 14 de febrero de 1967.<\/p>\n<p data-start=\"805\" data-end=\"956\">Obtuvo la ciudadan\u00eda estadounidense a los 18 a\u00f1os y emigr\u00f3 siendo a\u00fan adolescente, contrario a lo que aparece publicado en su biograf\u00eda en Wikipedia.<\/p>\n<p data-start=\"958\" data-end=\"1013\">El senador omite mencionar varios puntos importantes:<\/p>\n<ol data-start=\"1015\" data-end=\"1608\">\n<li data-start=\"1015\" data-end=\"1108\">\n<p data-start=\"1018\" data-end=\"1108\">Su hermano <strong data-start=\"1029\" data-end=\"1052\">Luis Alberto Moreno<\/strong> viaja con frecuencia a Colombia por diversos motivos.<\/p>\n<\/li>\n<li data-start=\"1109\" data-end=\"1301\">\n<p data-start=\"1112\" data-end=\"1301\">Luis Alberto ha tenido dos esposas venezolanas: <strong data-start=\"1160\" data-end=\"1187\">Gabriela Febres-Cordero<\/strong>, quien fue ministra durante el primer gobierno de Carlos Andr\u00e9s P\u00e9rez, y actualmente <strong data-start=\"1273\" data-end=\"1298\">Mar\u00eda Gabriela Sigala<\/strong>.<\/p>\n<\/li>\n<li data-start=\"1302\" data-end=\"1486\">\n<p data-start=\"1305\" data-end=\"1486\">Su hermano mayor, <strong data-start=\"1323\" data-end=\"1341\">Roberto Moreno<\/strong>, es probablemente uno de los empresarios m\u00e1s acaudalados de Colombia, propietario de <strong data-start=\"1427\" data-end=\"1438\">Amarilo<\/strong>, la empresa constructora m\u00e1s grande del pa\u00eds.<\/p>\n<\/li>\n<li data-start=\"1487\" data-end=\"1608\">\n<p data-start=\"1490\" data-end=\"1608\">Luis Alberto Moreno fue embajador de Colombia en Washington y, desde entonces, ha estado muy vinculado a la <strong data-start=\"1598\" data-end=\"1605\">DEA<\/strong>.<\/p>\n<\/li>\n<\/ol>\n<p>&nbsp;<\/p>\n<h1 data-start=\"160\" data-end=\"246\">Tres ejemplos que evidencian c\u00f3mo los poderosos pueden imponer su propia narrativa<\/h1>\n<p data-start=\"248\" data-end=\"657\">\u201cUna mentira dicha mil veces se convierte en una verdad\u201d es una m\u00e1xima propagand\u00edstica atribuida a <strong data-start=\"347\" data-end=\"366\">Joseph Goebbels<\/strong>, ministro de propaganda nazi. Esta idea parte de la convicci\u00f3n de que la repetici\u00f3n constante de una afirmaci\u00f3n, incluso falsa, puede lograr que las personas la acepten como verdadera, sobre todo cuando se presenta desde diferentes perspectivas, pero siempre reforzando el mismo concepto.<\/p>\n<p data-start=\"659\" data-end=\"902\">En otros casos, como el del senador <strong data-start=\"695\" data-end=\"712\">Bernie Moreno<\/strong>, las <strong data-start=\"718\" data-end=\"745\">omisiones intencionales<\/strong> resultan igualmente \u00fatiles. Son herramientas muy convenientes cuando se busca generar empat\u00eda y, al mismo tiempo, imponer una visi\u00f3n \u00fanica de la realidad.<\/p>\n<p data-start=\"659\" data-end=\"902\">SAQUEADORES POR NATURALEZA<\/p>\n<figure id=\"attachment_95833\" aria-describedby=\"caption-attachment-95833\" style=\"width: 438px\" class=\"wp-caption aligncenter\"><a href=\"https:\/\/nuevaprensaamerica.com\/wp-content\/uploads\/2025\/08\/photo_2025-08-17_09-49-56.jpg\"><img loading=\"lazy\" decoding=\"async\" class=\"size-full wp-image-95833\" src=\"https:\/\/nuevaprensaamerica.com\/wp-content\/uploads\/2025\/08\/photo_2025-08-17_09-49-56.jpg\" alt=\"\" width=\"438\" height=\"599\" \/><\/a><figcaption id=\"caption-attachment-95833\" class=\"wp-caption-text\">GENERAL JOS\u00c9 ANTONIO VELUTINI RON<\/figcaption><\/figure>\n<figure id=\"attachment_95835\" aria-describedby=\"caption-attachment-95835\" style=\"width: 1031px\" class=\"wp-caption aligncenter\"><a href=\"https:\/\/nuevaprensaamerica.com\/wp-content\/uploads\/2025\/08\/photo_2025-08-17_09-50-15.jpg\"><img loading=\"lazy\" decoding=\"async\" class=\"size-full wp-image-95835\" src=\"https:\/\/nuevaprensaamerica.com\/wp-content\/uploads\/2025\/08\/photo_2025-08-17_09-50-15.jpg\" alt=\"\" width=\"1031\" height=\"1280\" \/><\/a><figcaption id=\"caption-attachment-95835\" class=\"wp-caption-text\">GENERAL JOS\u00c9 ANTONIO VELUTINI RON<\/figcaption><\/figure>\n<h1 data-start=\"140\" data-end=\"197\">El General Jos\u00e9 Antonio Velutini Ron: mito y realidad<\/h1>\n<p data-start=\"199\" data-end=\"417\">El general <strong data-start=\"210\" data-end=\"239\">Jos\u00e9 Antonio Velutini Ron<\/strong> era t\u00edo-abuelo de <strong data-start=\"258\" data-end=\"292\">Do\u00f1a Clementina Velutini P\u00e9rez<\/strong>. Por lo tanto, no fue su ancestro en l\u00ednea directa. Esto qued\u00f3 bien establecido en una publicaci\u00f3n anterior de esta serie:<\/p>\n<p data-start=\"419\" data-end=\"708\">\ud83d\udc49 <a class=\"\" href=\"https:\/\/reportedelaeconomia.com\/venezuela\/los-velutini-se-averguenzan-de-su-verdadero-origen-y-lo-ocultan-siempre-seran-corsarios-y-saqueadores-segunda-entrega\/\" target=\"_new\" rel=\"noopener\" data-start=\"422\" data-end=\"706\">Los Velutini se averg\u00fcenzan de su verdadero origen y lo ocultan: siempre ser\u00e1n corsarios y saqueadores (segunda entrega)<\/a><\/p>\n<p data-start=\"710\" data-end=\"928\">En <strong data-start=\"713\" data-end=\"721\">1888<\/strong>, Velutini particip\u00f3 en la fracasada <strong data-start=\"758\" data-end=\"799\">Expedici\u00f3n de la goleta <em data-start=\"784\" data-end=\"797\">Ana Jacinta<\/em><\/strong> como lugarteniente del expresidente <strong data-start=\"836\" data-end=\"854\">Joaqu\u00edn Crespo<\/strong>, con la intenci\u00f3n de derrocar al gobierno de <strong data-start=\"900\" data-end=\"925\">Juan Pablo Rojas Pa\u00fal<\/strong>.<\/p>\n<p data-start=\"930\" data-end=\"1176\">Durante la fase final de la persecuci\u00f3n naval emprendida por la Armada Nacional, el buque de guerra <em data-start=\"1030\" data-end=\"1042\">Libertador<\/em> embisti\u00f3 a la <em data-start=\"1057\" data-end=\"1070\">Ana Jacinta<\/em>. Le correspondi\u00f3 al general Velutini encabezar la rendici\u00f3n. Fue capturado y conducido a <strong data-start=\"1160\" data-end=\"1173\">La Guaira<\/strong>.<\/p>\n<p data-start=\"1178\" data-end=\"1357\">A\u00f1os despu\u00e9s, al asumir nuevamente la presidencia el general <strong data-start=\"1239\" data-end=\"1249\">Crespo<\/strong>, Velutini fue nombrado <strong data-start=\"1273\" data-end=\"1325\">general en jefe de los ej\u00e9rcitos de la Rep\u00fablica<\/strong>, el <strong data-start=\"1330\" data-end=\"1354\">7 de octubre de 1892<\/strong>.<\/p>\n<p data-start=\"1359\" data-end=\"1900\">Posteriormente, ocup\u00f3 cargos de gran relevancia: fue <strong data-start=\"1412\" data-end=\"1449\">ministro de Relaciones Interiores<\/strong> durante el gobierno de <strong data-start=\"1473\" data-end=\"1492\">Cipriano Castro<\/strong> y comandante de las fuerzas gubernamentales en las primeras fases de la <strong data-start=\"1565\" data-end=\"1591\">Revoluci\u00f3n Libertadora<\/strong>. Tras la campa\u00f1a victoriosa del gobierno frente a los sublevados, fue designado <strong data-start=\"1672\" data-end=\"1701\">ministro plenipotenciario<\/strong> para la negociaci\u00f3n de la deuda con varias potencias europeas, as\u00ed como <strong data-start=\"1774\" data-end=\"1815\">embajador ante Francia y Gran Breta\u00f1a<\/strong>. Finalmente, lleg\u00f3 a ocupar la <strong data-start=\"1847\" data-end=\"1879\">vicepresidencia de Venezuela<\/strong> entre 1904 y 1905.<\/p>\n<p data-start=\"1902\" data-end=\"2131\">Es completamente falso que el general <strong data-start=\"1940\" data-end=\"1969\">Jos\u00e9 Antonio Velutini Ron<\/strong> haya sido padre de <strong data-start=\"1989\" data-end=\"2023\">Julio C\u00e9sar Velutini Couturier<\/strong>, a quien la familia atribuye la fundaci\u00f3n y presidencia del <strong data-start=\"2084\" data-end=\"2101\">Banco Caracas<\/strong> con apenas 10 a\u00f1os de edad.<\/p>\n<p data-start=\"2133\" data-end=\"2311\">Lo que s\u00ed es cierto es que, a partir de ese momento, los <strong data-start=\"2190\" data-end=\"2202\">Velutini<\/strong> dejaron de ser simples comerciantes de origen corso y humilde, para convertirse en una familia millonaria.<\/p>\n<p data-start=\"2133\" data-end=\"2311\">LA SUMATORIA DE INCONTABLES MENTIRAS.<\/p>\n<figure id=\"attachment_95840\" aria-describedby=\"caption-attachment-95840\" style=\"width: 997px\" class=\"wp-caption aligncenter\"><a href=\"https:\/\/nuevaprensaamerica.com\/wp-content\/uploads\/2025\/08\/photo_2025-08-17_09-51-14.jpg\"><img loading=\"lazy\" decoding=\"async\" class=\"size-full wp-image-95840\" src=\"https:\/\/nuevaprensaamerica.com\/wp-content\/uploads\/2025\/08\/photo_2025-08-17_09-51-14.jpg\" alt=\"\" width=\"997\" height=\"1186\" \/><\/a><figcaption id=\"caption-attachment-95840\" class=\"wp-caption-text\">Julio Martin Herrera Kolster<\/figcaption><\/figure>\n<h1 data-start=\"147\" data-end=\"163\">El \u201csobrino\u201d<\/h1>\n<p data-start=\"165\" data-end=\"455\">Hay quienes sospechan que el cambio de apellido no se debi\u00f3 al caso de su madre, sino al <strong data-start=\"254\" data-end=\"302\">esc\u00e1ndalo que se avecinaba a finales de 2009<\/strong>, con la crisis bancaria en la que fueron intervenidos sus bancos. Todo culmin\u00f3 con su <strong data-start=\"389\" data-end=\"410\">fuga de Venezuela<\/strong> y una <strong data-start=\"417\" data-end=\"452\">alerta de b\u00fasqueda por Interpol<\/strong>.<\/p>\n<p data-start=\"457\" data-end=\"779\">\u201cJulito\u201d fue protegido y pr\u00e1cticamente criado por su t\u00eda <strong data-start=\"514\" data-end=\"540\">Bel\u00e9n Clarisa Velutini<\/strong>, due\u00f1a en Caracas del <strong data-start=\"563\" data-end=\"592\">Teatro Trasnocho Cultural<\/strong>, quien adem\u00e1s pose\u00eda una gran fortuna. Con el tiempo, su sobrino termin\u00f3 siendo <strong data-start=\"673\" data-end=\"705\">administrador de esa riqueza<\/strong>, raz\u00f3n por la cual muchos lo conocen simplemente como <strong data-start=\"760\" data-end=\"776\">\u201cel sobrino\u201d<\/strong>.<\/p>\n<p data-start=\"781\" data-end=\"789\">\u2014 <em data-start=\"783\" data-end=\"787\">JC<\/em><\/p>\n<figure id=\"attachment_95845\" aria-describedby=\"caption-attachment-95845\" style=\"width: 1012px\" class=\"wp-caption aligncenter\"><a href=\"https:\/\/nuevaprensaamerica.com\/wp-content\/uploads\/2025\/08\/photo_2025-08-17_09-53-09.jpg\"><img loading=\"lazy\" decoding=\"async\" class=\"size-full wp-image-95845\" src=\"https:\/\/nuevaprensaamerica.com\/wp-content\/uploads\/2025\/08\/photo_2025-08-17_09-53-09.jpg\" alt=\"\" width=\"1012\" height=\"1280\" \/><\/a><figcaption id=\"caption-attachment-95845\" class=\"wp-caption-text\">Belen Clarisa Velutini<\/figcaption><\/figure>\n<figure id=\"attachment_95846\" aria-describedby=\"caption-attachment-95846\" style=\"width: 1280px\" class=\"wp-caption aligncenter\"><a href=\"https:\/\/nuevaprensaamerica.com\/wp-content\/uploads\/2025\/08\/photo_2025-08-17_09-53-14.jpg\"><img loading=\"lazy\" decoding=\"async\" class=\"size-full wp-image-95846\" src=\"https:\/\/nuevaprensaamerica.com\/wp-content\/uploads\/2025\/08\/photo_2025-08-17_09-53-14.jpg\" alt=\"\" width=\"1280\" height=\"1143\" \/><\/a><figcaption id=\"caption-attachment-95846\" class=\"wp-caption-text\">Belen Clarisa Velutini<\/figcaption><\/figure>\n<h1 data-start=\"149\" data-end=\"234\">La biograf\u00eda de (alias) Julio Mart\u00edn Herrera Velutini: entre mentiras y omisiones<\/h1>\n<p data-start=\"236\" data-end=\"543\">La biograf\u00eda de (alias) <strong data-start=\"260\" data-end=\"293\">Julio Mart\u00edn Herrera Velutini<\/strong> est\u00e1 plagada de inconsistencias. Cada punto lleva consigo una mentira u omisi\u00f3n. No perderemos el tiempo en empresas donde no existe evidencia de su participaci\u00f3n, pero s\u00ed en aquellas en las que las versiones oficiales resultan, al menos, dudosas.<\/p>\n<p data-start=\"545\" data-end=\"948\">Insiste en su narrativa que comenz\u00f3 a trabajar en los a\u00f1os 90 en la <strong data-start=\"613\" data-end=\"644\">Bolsa de Valores de Caracas<\/strong>, dentro de la firma <strong data-start=\"665\" data-end=\"693\">Multinvest Casa de Bolsa<\/strong>, donde asegura haber formado parte de la directiva hasta 1998. Sin embargo, resulta poco probable que, con tan solo <strong data-start=\"810\" data-end=\"821\">19 a\u00f1os<\/strong>, pudiera ser directivo de una casa de bolsa. Incluso en 1998, ya con 27 a\u00f1os, la ley le imped\u00eda ocupar ese cargo legalmente.<\/p>\n<blockquote data-start=\"950\" data-end=\"1093\">\n<p data-start=\"952\" data-end=\"1093\">\u201cPoco tiempo despu\u00e9s se hizo socio de la firma Multinvest hasta 1997, cuando fund\u00f3 Financiera Venezolana y luego Casa de Bolsa.\u201d<br data-start=\"1080\" data-end=\"1083\" \/>\u2014 <em data-start=\"1087\" data-end=\"1091\">JC<\/em><\/p>\n<\/blockquote>\n<h3 data-start=\"1095\" data-end=\"1119\">El caso Multinvest<\/h3>\n<p data-start=\"1121\" data-end=\"1209\">Conviene recordar el contexto de <strong data-start=\"1154\" data-end=\"1168\">Multinvest<\/strong> y las investigaciones que la rodearon:<\/p>\n<ul data-start=\"1211\" data-end=\"1724\">\n<li data-start=\"1211\" data-end=\"1380\">\n<p data-start=\"1213\" data-end=\"1380\">En 2010, la Fiscal\u00eda imput\u00f3 a sus directivos por delitos cambiarios.<br data-start=\"1281\" data-end=\"1284\" \/>\ud83d\udc49 <a class=\"\" href=\"https:\/\/notidiariooscar.blogspot.com\/2010\/08\/fiscalia-imputo-directivos-de.html\" target=\"_new\" rel=\"noopener\" data-start=\"1289\" data-end=\"1378\">Fuente<\/a><\/p>\n<\/li>\n<li data-start=\"1381\" data-end=\"1724\">\n<p data-start=\"1383\" data-end=\"1724\">Posteriormente fueron absueltos gracias a una solicitud de <strong data-start=\"1442\" data-end=\"1459\">Daniel Gu\u00e9dez<\/strong>, considerado uno de los fiscales m\u00e1s corruptos del Ministerio P\u00fablico venezolano, quien segu\u00eda instrucciones directas de <strong data-start=\"1581\" data-end=\"1602\">Luisa Ortega D\u00edaz<\/strong>.<br data-start=\"1603\" data-end=\"1606\" \/>\ud83d\udc49 <a class=\"\" href=\"https:\/\/degerencia.com\/noticia\/absueltos-directivos-de-casas-de-bolsa-acusados-de-delitos-cambiarios\/\" target=\"_new\" rel=\"noopener\" data-start=\"1611\" data-end=\"1722\">Fuente<\/a><\/p>\n<\/li>\n<\/ul>\n<p data-start=\"1726\" data-end=\"1978\">Ese mismo a\u00f1o, Herrera Velutini asegura haberse convertido en <strong data-start=\"1788\" data-end=\"1840\">consejero delegado de Transban Investments Corp.<\/strong> Una empresa que termin\u00f3 vinculada a conflictos comerciales con Venezuela, incluso con un <strong data-start=\"1930\" data-end=\"1975\">laudo arbitral internacional en su contra<\/strong>.<\/p>\n<p data-start=\"1980\" data-end=\"2236\">\ud83d\udc49 <a class=\"\" href=\"https:\/\/www.italaw.com\/cases\/2091\" target=\"_new\" rel=\"noopener\" data-start=\"1983\" data-end=\"2056\">Caso Transban vs. Venezuela \u2013 ITALAW<\/a><br data-start=\"2056\" data-end=\"2059\" \/>\ud83d\udc49 <a class=\"\" href=\"https:\/\/jusmundi.com\/en\/document\/decision\/en-transban-investments-corp-v-bolivarian-republic-of-venezuela-award-wednesday-22nd-november-2017\" target=\"_new\" rel=\"noopener\" data-start=\"2062\" data-end=\"2234\">Decisi\u00f3n arbitral \u2013 JusMundi<\/a><\/p>\n<p data-start=\"2238\" data-end=\"2384\">En 1999 se convirti\u00f3 en <strong data-start=\"2262\" data-end=\"2302\">accionista mayoritario de Transbanca<\/strong>, grupo en el que asumi\u00f3 el control de <strong data-start=\"2341\" data-end=\"2358\">Bol\u00edvar Banco<\/strong> hasta su venta en 2004.<\/p>\n<h3 data-start=\"2386\" data-end=\"2423\">Relaciones con grandes empresas<\/h3>\n<p data-start=\"2425\" data-end=\"2669\">Alardea de haber sido uno de los principales accionistas y directivos de <strong data-start=\"2498\" data-end=\"2525\">Kia Motors de Venezuela<\/strong> y <strong data-start=\"2528\" data-end=\"2548\">BMW de Venezuela<\/strong>. Pero omite un detalle clave: su t\u00edo <strong data-start=\"2586\" data-end=\"2607\">Bernardo Velutini<\/strong> era el verdadero representante de dichas marcas en el pa\u00eds.<\/p>\n<p data-start=\"2671\" data-end=\"2836\">Tambi\u00e9n asegura haber formado parte de juntas directivas en diversas firmas, incluyendo <strong data-start=\"2759\" data-end=\"2786\">Kia Motors de Venezuela<\/strong>, <strong data-start=\"2788\" data-end=\"2813\">Blue Bank Puerto Rico<\/strong> y <strong data-start=\"2816\" data-end=\"2833\">BMW Venezuela<\/strong>.<\/p>\n<h3 data-start=\"2838\" data-end=\"2866\">BBO Financial Services<\/h3>\n<p data-start=\"2868\" data-end=\"2990\">En relaci\u00f3n con <strong data-start=\"2884\" data-end=\"2910\">BBO Financial Services<\/strong>, \u00fanicamente encontramos esta menci\u00f3n en l\u00ednea, sin mayor respaldo documental:<\/p>\n<p data-start=\"2992\" data-end=\"3082\">\ud83d\udc49 <a class=\"\" href=\"https:\/\/www.zoominfo.com\/c\/bbo-financial-services-inc\/430306120\" target=\"_new\" rel=\"noopener\" data-start=\"2995\" data-end=\"3080\">Perfil en ZoomInfo<\/a><\/p>\n<figure id=\"attachment_95849\" aria-describedby=\"caption-attachment-95849\" style=\"width: 358px\" class=\"wp-caption aligncenter\"><a href=\"https:\/\/nuevaprensaamerica.com\/wp-content\/uploads\/2025\/08\/photo_2025-08-17_09-54-47.jpg\"><img loading=\"lazy\" decoding=\"async\" class=\"size-full wp-image-95849\" src=\"https:\/\/nuevaprensaamerica.com\/wp-content\/uploads\/2025\/08\/photo_2025-08-17_09-54-47.jpg\" alt=\"\" width=\"358\" height=\"409\" \/><\/a><figcaption id=\"caption-attachment-95849\" class=\"wp-caption-text\">EX FISCAL CORRUPTO DANIEL GUEDEZ (tambi\u00e9n le asignaron la misi\u00f3n de perseguirme judicialmente)<\/figcaption><\/figure>\n<p>&nbsp;<\/p>\n<p data-start=\"0\" data-end=\"596\">\u201cLa familia, considerada de las m\u00e1s adineradas de Venezuela, cuenta adem\u00e1s entre sus figuras exitosas y que han seguido amasando fortuna a la famosa dise\u00f1adora Carolina Herrera. En el grupo de empresas de la familia, Bernardo Velutitni, su primo, era el accionista mayoritario y quien vendi\u00f3 Bol\u00edvar Banco a Eligio Cede\u00f1o. Julio se desempe\u00f1aba como socio y director de Bol\u00edvar Banco y cuando \u00e9ste fue vendido, decidi\u00f3 comprarle a su primo el Banco del Desarrollo del Microempresario, y en asociaci\u00f3n con Emilio Antelo lo rebautiz\u00f3 como Banco Real y en una negociaci\u00f3n en 2009 adquiere Helm Bank.\u201d<\/p>\n<p data-start=\"598\" data-end=\"602\">JC<\/p>\n<p data-start=\"604\" data-end=\"710\">Pero recordemos quien es Bernardo Velutini el mentor de Julio Martin de acuerdo a otras investigaciones:<\/p>\n<p data-start=\"712\" data-end=\"1246\">\u201c El Banco de Desarrollo del Microempresario, C.A., ha participado a sus allegados que se dej\u00f3 de estar cuadr\u00e1ndose con los menesterosos y de ahora en adelante se llamar\u00e1 Banco Real, Banco de Desarrollo C.A. \u00bfQu\u00e9 banco es ese? Su primer presidente fue Emilio Santandreu. En la era de los bancos de desarrollo que son f\u00e1ciles de fundar, est\u00e1n libres de regulaciones de tasas, pueden cobrar los intereses y las comisiones que les den la gana, logran la simpat\u00eda oficial, ya que echan el cuento de que atienden a los microempresarios.<\/p>\n<p data-start=\"1248\" data-end=\"1506\">Mediante un capital inicial de 4.500 millones de bol\u00edvares, logran arrancarlo en abril de 2006, teniendo su sede principal en el San Ignacio y tres sucursales en Petare, el Centro Comercial Telares Los Andes en el Cementerio y en el Mercado de Guaicaipuro.<\/p>\n<p data-start=\"1508\" data-end=\"2492\">El visionario Bernardo Luego de pelearse con su familia, por supuesto por dinero, como deben ser las peleas entre los ricos, el banquero por herencia, Bernardo Velutini Octavio, con el dinero que le produjo la venta del banco de su familia, el Banco Caracas, vendido a Nogueroles, quien con un grupo de amigos lo adquiri\u00f3, lo pint\u00f3 de anaranjado y azul, colores que le dan suerte, abri\u00f3 una oficina cada semana, hizo una oferta p\u00fablica para aumentar el capital y z\u00e1s, se lo vendi\u00f3 a los espa\u00f1oles del Santander, quienes tambi\u00e9n compraron la golilla del Banco de Venezuela por tres lochas, que en el primero de los diez a\u00f1os transcurridos ya lo hab\u00edan recuperado y que en cada uno de los nueve restantes le sacan m\u00e1s de veinte veces el capital social. Que por cierto, su capital de 40 mil millones de bol\u00edvares, es el m\u00ednimo que permiten, y no lo aumentan por dos razones, para no botar dinero en eso, aunque a sus clientes los obligan a aumentarlo, para poder otorgarles un cr\u00e9dito.<\/p>\n<p data-start=\"2494\" data-end=\"2788\">Y la segunda raz\u00f3n, porque todas las multas se hacen en raz\u00f3n del capital pagado, y as\u00ed pagan menos. En Sudeban ya existe la propuesta, de que las multas por incumplimientos de las carteras obligatorias y dem\u00e1s sanciones, se hagan tomando en cuenta el monto de las captaciones del \u00faltimo mes.<\/p>\n<p data-start=\"2790\" data-end=\"3224\">Estos hispanos son tan p\u00edcaros, que adem\u00e1s de no aumentar el capital, para cumplir con las carteras obligatorias del mes de septiembre, se encuentran en estos mismos instantes ofreciendo cr\u00e9ditos falsos al 4% entre su grupito de clientes especiales, para que esos clientes se lleven el dinero para otros bancos coloc\u00e1ndolos al 11%. La trampa aunque pierdan dinero con esas tasas, es que as\u00ed no dejan huellas con esos &#8220;back to back&#8221;.<\/p>\n<p data-start=\"3226\" data-end=\"3523\">Volviendo con Bernardo Velutini, con los reales de la venta del Banco Caracas, se le sale la sangre de comerciante siciliano y se mete en los negocios que m\u00e1s promet\u00edan en Venezuela, la venta de veh\u00edculos adquiriendo la concesi\u00f3n de Kia, que luego vuelve a vender y se mete en una marca de lujo.<\/p>\n<p data-start=\"3525\" data-end=\"3720\">Y como dijimos arriba, los bancos de desarrollo con fachada de microbancos, eran una extraordinaria oportunidad para hacer buenos negocios y adquiere el Banco de Desarrollo del Microempresario.<\/p>\n<p data-start=\"3722\" data-end=\"4032\">Nuevo due\u00f1o Aparece en escena el joven corredor de valores, Julio Mart\u00edn Herrera Velutini, sobrino de Bernardo e hijo de Julio Herrera Velutini y de la recordada Gilda Kolster, por un famoso caso legal, y le compra el banco a Bernardo, es decir, que en a\u00f1o y medio el banco ha pasado por dos manos distintas.<\/p>\n<p data-start=\"0\" data-end=\"197\">De repente, le suben el capital a Bs. 30.000 millones, que es un capital mayor a lo que se le exige a un banco comercial y casi el de un banco universal, pero sigue siendo una mampara financiera.<\/p>\n<p data-start=\"199\" data-end=\"1091\">\u00bfQu\u00e9 hace ese banco? Para el mes de agosto, ese banco que se supone de desarrollo, ten\u00eda el 53% de sus activos en inversiones en t\u00edtulos valores, de los cuales el 55% eran t\u00edtulos privados y 45% p\u00fablicos. El 18% de sus activos estaban en disponibilidades y solamente el 22% en cr\u00e9ditos, con lo cual demostraban fehacientemente que no se trata de un banco para microempresarios, sino un banco de inversiones. Sus captaciones llegaron a Bs. 198.502 millones, de las cuales el 94% estaban en dep\u00f3sitos a plazo fijo por Bs. 187.028. \u00a1Y qu\u00e9 sorpresa! El 72% de los dep\u00f3sitos del p\u00fablico provinieron de entidades oficiales, es decir, del Gobierno. Que por supuesto las dejaron en plazos fijos, que son los que devengan los mayores intereses, y claro, qui\u00e9n sabr\u00e1 cu\u00e1nto hay pa&#8217; eso, ya que el 77% de todos los plazos fijos del banco, o sean Bs. 143.161 millones, proven\u00edan de dep\u00f3sitos oficiales.<\/p>\n<p data-start=\"1093\" data-end=\"1369\">Es decir, que ni es un banco de desarrollo y adem\u00e1s depende de los dep\u00f3sitos del gobierno. En ingresos financieros hab\u00eda logrado Bs. 3.202 millones en los meses de julio y agosto, sin embargo, sus gastos financieros fueron de Bs. 3.138 millones, 98%, que es una exageraci\u00f3n.<\/p>\n<p data-start=\"1371\" data-end=\"1528\">Cobraron Bs. 2.064 en comisiones en esos dos meses y con una que otra trampita contable obtuvieron Bs. 1.003 millones de ganancias netas en esos dos meses.<\/p>\n<h3 data-start=\"1530\" data-end=\"1557\">Nueva junta directiva<\/h3>\n<p data-start=\"1558\" data-end=\"2064\">El nuevo due\u00f1o no aparece en el directorio y en su lugar, en car\u00e1cter de encargado, est\u00e1 <strong data-start=\"1647\" data-end=\"1668\">Emilio Antelo Rey<\/strong>. Como directores principales fungen: <strong data-start=\"1706\" data-end=\"1726\">Emilio Antelo R.<\/strong>, el degradado <strong data-start=\"1741\" data-end=\"1765\">Emilio M. Santandreu<\/strong>, <strong data-start=\"1767\" data-end=\"1786\">Enrique S\u00e1nchez<\/strong>, <strong data-start=\"1788\" data-end=\"1810\">Morris Se\u00f1or P\u00e9rez<\/strong>, <strong data-start=\"1812\" data-end=\"1829\">Isaac Serfaty<\/strong>, <strong data-start=\"1831\" data-end=\"1853\">Jos\u00e9 Lu\u00eds Velutini<\/strong>, <strong data-start=\"1855\" data-end=\"1878\">Enrique Zambrano G.<\/strong> Y como directores suplentes: <strong data-start=\"1908\" data-end=\"1937\">Margarita Exp\u00f3sito Herv\u00e1s<\/strong>, <strong data-start=\"1939\" data-end=\"1964\">Constanza Masciopinto<\/strong>, <strong data-start=\"1966\" data-end=\"1984\">Deyanira Ochoa<\/strong>, <strong data-start=\"1986\" data-end=\"2005\">Amalia Urbaneja<\/strong>, <strong data-start=\"2007\" data-end=\"2031\">Eduardo Villamediana<\/strong> y <strong data-start=\"2034\" data-end=\"2061\">Jos\u00e9 Gilberto Rodr\u00edguez<\/strong>.<\/p>\n<p data-start=\"2066\" data-end=\"2257\">No hay duda de que tuvieron raz\u00f3n en haberle puesto <em data-start=\"2118\" data-end=\"2130\">Banco Real<\/em>, no por los reales, sino porque lo que hay son puros miembros de la realeza, nada que ver con microcr\u00e9ditos, ni micropobres.<\/p>\n<p data-start=\"2259\" data-end=\"2430\">Y qui\u00e9n sabr\u00e1 qui\u00e9n es el del gobierno que les coloc\u00f3 los Bs. 143.438 millones, con cuyos dividendos puede hacer todos los meses el mercado y no en Mercal, precisamente.<\/p>\n<p data-start=\"2432\" data-end=\"2498\" data-is-last-node=\"\" data-is-only-node=\"\"><strong data-start=\"2432\" data-end=\"2496\">Fecha publicada: 11\/10\/2007<br data-start=\"2461\" data-end=\"2464\" \/>Reporte Diario de la Econom\u00eda.<\/strong><\/p>\n<p data-start=\"2432\" data-end=\"2498\" data-is-last-node=\"\" data-is-only-node=\"\">NOGUEROLES EN LA JUGADA<\/p>\n<figure id=\"attachment_95856\" aria-describedby=\"caption-attachment-95856\" style=\"width: 168px\" class=\"wp-caption aligncenter\"><a href=\"https:\/\/nuevaprensaamerica.com\/wp-content\/uploads\/2025\/08\/photo_2025-08-17_09-57-45.jpg\"><img loading=\"lazy\" decoding=\"async\" class=\"size-full wp-image-95856\" src=\"https:\/\/nuevaprensaamerica.com\/wp-content\/uploads\/2025\/08\/photo_2025-08-17_09-57-45.jpg\" alt=\"\" width=\"168\" height=\"266\" \/><\/a><figcaption id=\"caption-attachment-95856\" class=\"wp-caption-text\">Jos\u00e9 Mar\u00eda Nogueroles<\/figcaption><\/figure>\n<article class=\"text-token-text-primary w-full focus:outline-none scroll-mt-[calc(var(--header-height)+min(200px,max(70px,20svh)))]\" dir=\"auto\" tabindex=\"-1\" data-turn-id=\"request-WEB:0fd635a7-351f-4692-8435-642edbdef8db-15\" data-testid=\"conversation-turn-32\" data-scroll-anchor=\"true\" data-turn=\"assistant\">\n<div class=\"text-base my-auto mx-auto pb-10 [--thread-content-margin:--spacing(4)] @[37rem]:[--thread-content-margin:--spacing(6)] @[72rem]:[--thread-content-margin:--spacing(16)] px-(--thread-content-margin)\">\n<div class=\"[--thread-content-max-width:32rem] @[34rem]:[--thread-content-max-width:40rem] @[64rem]:[--thread-content-max-width:48rem] mx-auto max-w-(--thread-content-max-width) flex-1 group\/turn-messages focus-visible:outline-hidden relative flex w-full min-w-0 flex-col agent-turn\" tabindex=\"-1\">\n<div class=\"flex max-w-full flex-col grow\">\n<div class=\"min-h-8 text-message relative flex w-full flex-col items-end gap-2 text-start break-words whitespace-normal [.text-message+&amp;]:mt-5\" dir=\"auto\" data-message-author-role=\"assistant\" data-message-id=\"ba1145cd-9f12-48cc-8966-73db4444bee2\" data-message-model-slug=\"gpt-5\">\n<div class=\"flex w-full flex-col gap-1 empty:hidden first:pt-[3px]\">\n<div class=\"markdown prose dark:prose-invert w-full break-words light markdown-new-styling\">\n<p data-start=\"0\" data-end=\"292\">En una interminable movida de compra y venta de instituciones financieras, <strong data-start=\"75\" data-end=\"101\">Julio Herrera Velutini<\/strong> ten\u00eda en planes comprarle al banquero <strong data-start=\"140\" data-end=\"165\">Jos\u00e9 Mar\u00eda Nogueroles<\/strong> el <strong data-start=\"169\" data-end=\"204\">Banco Nacional de Cr\u00e9dito (BNC)<\/strong>, luego de que Nogueroles le hab\u00eda comprado el <strong data-start=\"251\" data-end=\"268\">Banco Caracas<\/strong> a su familia en 1998.<\/p>\n<p data-start=\"294\" data-end=\"587\">La idea era <strong data-start=\"306\" data-end=\"342\">fusionar el BNC con el Helm Bank<\/strong> y crear una gran instituci\u00f3n que se llamar\u00eda <strong data-start=\"388\" data-end=\"409\">Banco Continental<\/strong>, ya que la negociaci\u00f3n se estaba haciendo a trav\u00e9s de la empresa espa\u00f1ola de su propiedad, <strong data-start=\"501\" data-end=\"533\">Fondo Financiero Continental<\/strong>. Sin embargo, el proyecto no termin\u00f3 de dar frutos.<\/p>\n<p data-start=\"589\" data-end=\"953\">Los negocios con <strong data-start=\"606\" data-end=\"621\">Arn\u00e9 Chac\u00f3n<\/strong>, hermano del exministro chavista <strong data-start=\"655\" data-end=\"671\">Jesse Chac\u00f3n<\/strong>, terminaron salpic\u00e1ndolo en la toma de <strong data-start=\"711\" data-end=\"724\">Helm Bank<\/strong> por el <strong data-start=\"732\" data-end=\"798\">Fondo de Protecci\u00f3n Social de los Dep\u00f3sitos Bancarios (Fogade)<\/strong>, as\u00ed como en una investigaci\u00f3n de la <strong data-start=\"836\" data-end=\"880\">Superintendencia de Seguros de Venezuela<\/strong> por un contrato de fideicomiso entre Helm Bank y <strong data-start=\"930\" data-end=\"950\">Seguros Banvalor<\/strong>.<\/p>\n<h1 data-start=\"955\" data-end=\"986\" data-is-last-node=\"\" data-is-only-node=\"\">FOGADE INTERVIENE HELM BANK<\/h1>\n<\/div>\n<\/div>\n<\/div>\n<\/div>\n<div class=\"flex min-h-[46px] justify-start\"><a href=\"https:\/\/nuevaprensaamerica.com\/wp-content\/uploads\/2025\/08\/photo_2025-08-17_09-58-30.jpg\"><img loading=\"lazy\" decoding=\"async\" class=\"aligncenter size-full wp-image-95860\" src=\"https:\/\/nuevaprensaamerica.com\/wp-content\/uploads\/2025\/08\/photo_2025-08-17_09-58-30.jpg\" alt=\"\" width=\"248\" height=\"218\" \/><\/a> <a href=\"https:\/\/nuevaprensaamerica.com\/wp-content\/uploads\/2025\/08\/photo_2025-08-17_09-58-32.jpg\"><img loading=\"lazy\" decoding=\"async\" class=\"aligncenter size-full wp-image-95861\" src=\"https:\/\/nuevaprensaamerica.com\/wp-content\/uploads\/2025\/08\/photo_2025-08-17_09-58-32.jpg\" alt=\"\" width=\"254\" height=\"198\" \/><\/a><\/div>\n<\/div>\n<div>\n<p data-start=\"0\" data-end=\"406\">Cuando adquiri\u00f3 el <strong data-start=\"19\" data-end=\"62\">Banco de Desarrollo del Microempresario<\/strong>, Julio Herrera Velutini se aprovech\u00f3 de las facilidades que daba el Gobierno para crear este tipo de instituciones en vista del beneficio social que representaban. Sin embargo, pronto, al convertirlo en <strong data-start=\"266\" data-end=\"280\">Banco Real<\/strong>, mostr\u00f3 su faceta de capitalista y no tard\u00f3 en empezar a recibir obst\u00e1culos de la <strong data-start=\"363\" data-end=\"403\">Superintendencia de Bancos (Sudeban)<\/strong>.<\/p>\n<p data-start=\"408\" data-end=\"1079\">Los planes de crear el <strong data-start=\"431\" data-end=\"452\">Banco Continental<\/strong> ya estaban en marcha. Hab\u00eda comprado todas las acciones de <strong data-start=\"512\" data-end=\"525\">Helm Bank<\/strong> al colombiano <strong data-start=\"540\" data-end=\"560\">Banco de Cr\u00e9dito<\/strong> a trav\u00e9s del Banco Real y se dispon\u00eda a adquirir tambi\u00e9n el <strong data-start=\"621\" data-end=\"628\">BNC<\/strong>, habiendo desembolsado ya 25 millones de d\u00f3lares. Pero la <strong data-start=\"687\" data-end=\"698\">Sudeban<\/strong> no aprob\u00f3 la compra del BNC ni autoriz\u00f3 el traspaso de Helm Bank a la empresa espa\u00f1ola a trav\u00e9s de la cual se levantar\u00eda la nueva instituci\u00f3n financiera. Fue entonces cuando, en diciembre de 2009, la Sudeban intervino a puerta cerrada el <strong data-start=\"937\" data-end=\"951\">Banco Real<\/strong>, orden\u00f3 su liquidaci\u00f3n y <strong data-start=\"977\" data-end=\"990\">Helm Bank<\/strong> fue confiscado por <strong data-start=\"1010\" data-end=\"1020\">Fogade<\/strong>, en vista de que sus acciones pertenec\u00edan al Banco Real.<\/p>\n<p data-start=\"1081\" data-end=\"1345\">La intervenci\u00f3n se enmarc\u00f3 en la <strong data-start=\"1114\" data-end=\"1154\">crisis financiera de finales de 2009<\/strong>, en la que fueron intervenidos <strong data-start=\"1186\" data-end=\"1241\">Bol\u00edvar Banco, Confederado, Banpro y Banco Canarias<\/strong> en una primera tanda. Dos semanas despu\u00e9s, fue el turno de <strong data-start=\"1301\" data-end=\"1342\">Banco Real, Baninvest y Central Banco<\/strong>.<\/p>\n<p data-start=\"1347\" data-end=\"1744\">Los primeros cuatro, vinculados al empresario <strong data-start=\"1393\" data-end=\"1423\">Ricardo Fern\u00e1ndez Barrueco<\/strong>, relacionado con negocios en el sector alimentario junto al Gobierno de Venezuela, fueron intervenidos por no poder justificar el origen de los fondos. Los tres \u00faltimos, en cambio, fueron intervenidos por inconsistencias en sus reportes, espec\u00edficamente una brecha negativa entre activos liquidables y pagos exigibles.<\/p>\n<p data-start=\"1746\" data-end=\"2117\">Julio Herrera Velutini fue citado de inmediato por la <strong data-start=\"1800\" data-end=\"1849\">Fiscal\u00eda General de la Rep\u00fablica de Venezuela<\/strong>, pero decidi\u00f3 seguir el camino de otros colegas: evadir la justicia y huir del pa\u00eds. Fue incluido en la <strong data-start=\"1954\" data-end=\"1980\">lista roja de Interpol<\/strong>, aunque poco despu\u00e9s fue excluido bajo el supuesto argumento de que la investigaci\u00f3n del Gobierno en su contra era de \u00edndole pol\u00edtica.<\/p>\n<p data-start=\"2119\" data-end=\"2355\">Desde el exilio, Herrera Velutini consigui\u00f3 una curiosa victoria jur\u00eddica en Venezuela al lograr que <strong data-start=\"2220\" data-end=\"2230\">Fogade<\/strong> le devolviera los <strong data-start=\"2249\" data-end=\"2320\">40 millones de d\u00f3lares correspondientes a sus acciones en Helm Bank<\/strong>, tras una apelaci\u00f3n interpuesta.<\/p>\n<p data-start=\"2357\" data-end=\"2558\" data-is-last-node=\"\" data-is-only-node=\"\">Sus negocios continuaron en el exterior, principalmente en <strong data-start=\"2416\" data-end=\"2468\">Puerto Rico con el Bancr\u00e9dito International Bank<\/strong>, aunque se asegura que sigue manteniendo <strong data-start=\"2510\" data-end=\"2555\">nexos financieros rentables con Venezuela<\/strong>.<\/p>\n<p data-start=\"2357\" data-end=\"2558\" data-is-last-node=\"\" data-is-only-node=\"\">ALERTA ROJA DE INTERPOL<\/p>\n<figure id=\"attachment_95866\" aria-describedby=\"caption-attachment-95866\" style=\"width: 981px\" class=\"wp-caption aligncenter\"><a href=\"https:\/\/nuevaprensaamerica.com\/wp-content\/uploads\/2025\/08\/photo_2025-08-17_09-59-19.jpg\"><img loading=\"lazy\" decoding=\"async\" class=\"size-full wp-image-95866\" src=\"https:\/\/nuevaprensaamerica.com\/wp-content\/uploads\/2025\/08\/photo_2025-08-17_09-59-19.jpg\" alt=\"\" width=\"981\" height=\"1280\" \/><\/a><figcaption id=\"caption-attachment-95866\" class=\"wp-caption-text\">Julio Martin Herrera Kolster<\/figcaption><\/figure>\n<p data-start=\"0\" data-end=\"209\">En 2010 cont\u00f3 con la intercesi\u00f3n de <strong data-start=\"36\" data-end=\"60\">Luis Emilio Velutini<\/strong> en las negociaciones para adquirir el <strong data-start=\"99\" data-end=\"134\">Banco Nacional de Cr\u00e9dito (BNC)<\/strong> del grupo Nogueroles, negociaciones que finalmente quedaron inconclusas.<\/p>\n<p data-start=\"211\" data-end=\"590\">Desde principios de 2007 hasta febrero de 2009 se desempe\u00f1\u00f3 como <strong data-start=\"276\" data-end=\"348\">presidente de la junta directiva del Banco Real y de Banreal Holding<\/strong>. Ya a finales de 2008 hab\u00eda fundado <strong data-start=\"385\" data-end=\"431\">Bancr\u00e9dito International Bank, Corporation<\/strong>, la <strong data-start=\"436\" data-end=\"460\">Fundaci\u00f3n Bancr\u00e9dito<\/strong> y <strong data-start=\"463\" data-end=\"496\">Bancr\u00e9dito Financial Services<\/strong>, instituciones de las que se encargar\u00eda m\u00e1s tarde en el exilio, tras su huida de Venezuela.<\/p>\n<p data-start=\"592\" data-end=\"966\" data-is-last-node=\"\" data-is-only-node=\"\">En el <strong data-start=\"598\" data-end=\"634\">Consejo Nacional Electoral (CNE)<\/strong> aparece inscrito como <strong data-start=\"657\" data-end=\"690\">Julio Mart\u00edn Herrera Velutini<\/strong>. El <strong data-start=\"695\" data-end=\"722\">11 de diciembre de 2009<\/strong> recibi\u00f3 una citaci\u00f3n de la <strong data-start=\"750\" data-end=\"786\">Fiscal\u00eda General de la Rep\u00fablica<\/strong> por irregularidades en el <strong data-start=\"813\" data-end=\"827\">Banco Real<\/strong>, a trav\u00e9s del cual tambi\u00e9n manten\u00eda las acciones de <strong data-start=\"880\" data-end=\"893\">Helm Bank<\/strong>. Para ese momento, Julio Herrera Velutini ya hab\u00eda huido de Venezuela.<\/p>\n<p data-start=\"592\" data-end=\"966\" data-is-last-node=\"\" data-is-only-node=\"\"><a href=\"https:\/\/nuevaprensaamerica.com\/wp-content\/uploads\/2025\/08\/photo_2025-08-17_09-59-58.jpg\"><img loading=\"lazy\" decoding=\"async\" class=\"aligncenter size-full wp-image-95869\" src=\"https:\/\/nuevaprensaamerica.com\/wp-content\/uploads\/2025\/08\/photo_2025-08-17_09-59-58.jpg\" alt=\"\" width=\"1280\" height=\"832\" \/><\/a><\/p>\n<article class=\"text-token-text-primary w-full focus:outline-none scroll-mt-[calc(var(--header-height)+min(200px,max(70px,20svh)))]\" dir=\"auto\" tabindex=\"-1\" data-turn-id=\"request-WEB:0fd635a7-351f-4692-8435-642edbdef8db-18\" data-testid=\"conversation-turn-38\" data-scroll-anchor=\"true\" data-turn=\"assistant\">\n<div class=\"text-base my-auto mx-auto pb-10 [--thread-content-margin:--spacing(4)] @[37rem]:[--thread-content-margin:--spacing(6)] @[72rem]:[--thread-content-margin:--spacing(16)] px-(--thread-content-margin)\">\n<div class=\"[--thread-content-max-width:32rem] @[34rem]:[--thread-content-max-width:40rem] @[64rem]:[--thread-content-max-width:48rem] mx-auto max-w-(--thread-content-max-width) flex-1 group\/turn-messages focus-visible:outline-hidden relative flex w-full min-w-0 flex-col agent-turn\" tabindex=\"-1\">\n<div class=\"flex max-w-full flex-col grow\">\n<div class=\"min-h-8 text-message relative flex w-full flex-col items-end gap-2 text-start break-words whitespace-normal [.text-message+&amp;]:mt-5\" dir=\"auto\" data-message-author-role=\"assistant\" data-message-id=\"ed35439e-4dcc-434e-88d4-1cd1a3b87961\" data-message-model-slug=\"gpt-5\">\n<div class=\"flex w-full flex-col gap-1 empty:hidden first:pt-[3px]\">\n<div class=\"markdown prose dark:prose-invert w-full break-words light markdown-new-styling\">\n<p data-start=\"0\" data-end=\"554\">\u201c La mete\u00f3rica carrera de \u201cJulito\u201d se inici\u00f3 realmente como corredor de seguros, vinculado luego al grupo colombiano <em data-start=\"117\" data-end=\"123\">Helm<\/em>, al <em data-start=\"128\" data-end=\"152\">Helm Bank de Venezuela<\/em>, al Banco Real (comprado por Pedro Torres Ciliberto) y posteriormente al BNC, propiedad de Jos\u00e9 Mar\u00eda Nogueroles, el cual supuestamente Julio Herrera trat\u00f3 de comprar con financiamiento extranjero, mayoritariamente espa\u00f1ol.<br data-start=\"376\" data-end=\"379\" \/>Por cierto, el gobierno venezolano asumi\u00f3 el control de la junta directiva del <em data-start=\"458\" data-end=\"469\">Helm Bank<\/em>, lo que habr\u00eda generado p\u00e9rdidas al grupo colombiano por 50 millones de d\u00f3lares. \u201c<\/p>\n<p data-start=\"556\" data-end=\"1049\">\u201c Bernardo Velutini, luego de pelear con su propia familia, invirti\u00f3 sus ganancias de la venta del Banco Caracas en la instalaci\u00f3n de varios concesionarios de veh\u00edculos en Venezuela, entre \u00e9stos unos de KIA, que fusion\u00f3 en un solo grupo. Tambi\u00e9n cre\u00f3 el Banco de Desarrollo del Microempresario, que le compr\u00f3 su sobrino \u201cJulito\u201d Herrera Kolster y que posteriormente fue convertido en el Banco Real, el cual luego fue vendido al hoy pr\u00f3fugo de la justicia venezolana Pedro Torres Ciliberto. \u201c<\/p>\n<p data-start=\"1051\" data-end=\"1613\">\u201c Herrera Kolster logr\u00f3 multiplicar las ganancias del Banco Real presuntamente haci\u00e9ndolo operar como un banco de inversiones que acaparaba bastante dinero en t\u00edtulos valores negociados con amplios m\u00e1rgenes de ganancia.<br data-start=\"1270\" data-end=\"1273\" \/>Su historia se vincula mucho con el Blue Bank de Puerto Rico, los negocios de los banqueros Carrillo Batalla y Bernardo Velutini, el no menos c\u00e9lebre Luis Emilio Velutini, y el homicidio de Casto Mart\u00ednez, suegro de Folco Falchi y segundo esposo de Gilda Kolster, madre de Julio Herrera Kolster, suceso que marc\u00f3 su vida y sus negocios. \u201c<\/p>\n<p data-start=\"1615\" data-end=\"1619\" data-is-last-node=\"\" data-is-only-node=\"\">JC<\/p>\n<\/div>\n<\/div>\n<\/div>\n<\/div>\n<div class=\"flex min-h-[46px] justify-start\"><\/div>\n<\/div>\n<\/div>\n<\/article>\n<\/div>\n<div class=\"pointer-events-none h-px w-px\" aria-hidden=\"true\" data-edge=\"true\">\n<figure id=\"attachment_95873\" aria-describedby=\"caption-attachment-95873\" style=\"width: 177px\" class=\"wp-caption aligncenter\"><a href=\"https:\/\/nuevaprensaamerica.com\/wp-content\/uploads\/2025\/08\/photo_2025-08-17_10-00-37.jpg\"><img loading=\"lazy\" decoding=\"async\" class=\"size-full wp-image-95873\" src=\"https:\/\/nuevaprensaamerica.com\/wp-content\/uploads\/2025\/08\/photo_2025-08-17_10-00-37.jpg\" alt=\"\" width=\"177\" height=\"180\" \/><\/a><figcaption id=\"caption-attachment-95873\" class=\"wp-caption-text\">Arne Chacon<\/figcaption><\/figure>\n<\/div>\n<p data-start=\"145\" data-end=\"336\">\u201cNunca estuvo claro el origen de los fondos con que se adquirieron las instituciones. \u00bfQu\u00e9 de concreto puede adelantar? Julio Herrera Velutini habl\u00f3 de sus cuentas en Suiza con muchos ceros.\u201d<\/p>\n<p data-start=\"338\" data-end=\"696\">\u201cLos ceros a los que t\u00fa dices se refiere Velutini deben ser los de su cuenta, a donde fue a parar lo que cobr\u00f3 por la venta de Banco Real. Las cuentas que est\u00e1n llenas en Suiza hoy en d\u00eda son las de los vendedores de las empresas que compr\u00e9: Alejandro G\u00f3mez Sigala, Julio Herrera y Juan Carlos Maldonado. (extra\u00eddo de una entrevista a Arne Chac\u00f3n Escamillo)\u201d<\/p>\n<p data-start=\"698\" data-end=\"742\">POL\u00c9MICA ENTREVISTA ENTREVISTA A ARNE CHAC\u00d3N<\/p>\n<p>AMIGO Y SOCIO DE JOSE FRAGA<\/p>\n<figure id=\"attachment_95879\" aria-describedby=\"caption-attachment-95879\" style=\"width: 1093px\" class=\"wp-caption aligncenter\"><a href=\"https:\/\/nuevaprensaamerica.com\/wp-content\/uploads\/2025\/08\/photo_2025-08-17_10-01-30.jpg\"><img loading=\"lazy\" decoding=\"async\" class=\"size-full wp-image-95879\" src=\"https:\/\/nuevaprensaamerica.com\/wp-content\/uploads\/2025\/08\/photo_2025-08-17_10-01-30.jpg\" alt=\"\" width=\"1093\" height=\"1280\" \/><\/a><figcaption id=\"caption-attachment-95879\" class=\"wp-caption-text\">Abogado Jose Fraga<\/figcaption><\/figure>\n<p data-start=\"0\" data-end=\"249\">Dentro de su arsenal de amigos, c\u00f3mplices, asalariados y socios, <strong data-start=\"65\" data-end=\"82\">Julio Herrera<\/strong> cuenta en Espa\u00f1a con el abogado <strong data-start=\"115\" data-end=\"129\">Jos\u00e9 Fraga<\/strong>, junto al cual tendr\u00eda registrada una sociedad an\u00f3nima y con quien compartir\u00eda el domicilio de una oficina en Madrid.<\/p>\n<p data-start=\"251\" data-end=\"428\">Se rumora que este mismo letrado ha prestado servicios a <strong data-start=\"308\" data-end=\"334\">Alejandro G\u00f3mez Sigala<\/strong>. Cabe destacar que Jos\u00e9 Fraga es sobrino del fallecido ex senador espa\u00f1ol <strong data-start=\"409\" data-end=\"425\">Manuel Fraga<\/strong>.<\/p>\n<p data-start=\"430\" data-end=\"662\" data-is-last-node=\"\" data-is-only-node=\"\">\ud83d\udd17 <a class=\"\" href=\"https:\/\/www.elboletin.com\/latinoamerica-10447-grupo-inversores-espanoles-negocia-compra-ban-html\/amp\/\" target=\"_new\" rel=\"noopener\" data-start=\"433\" data-end=\"591\">Grupo de inversores espa\u00f1oles negocia compra de banco<\/a><br data-start=\"591\" data-end=\"594\" \/>\ud83d\udd17 <a class=\"\" href=\"https:\/\/share.google\/4ltWxBBdGhJq31YFR\" target=\"_new\" rel=\"noopener\" data-start=\"597\" data-end=\"660\">Documento relacionado<\/a><\/p>\n<article class=\"text-token-text-primary w-full focus:outline-none scroll-mt-[calc(var(--header-height)+min(200px,max(70px,20svh)))]\" dir=\"auto\" tabindex=\"-1\" data-turn-id=\"request-WEB:0fd635a7-351f-4692-8435-642edbdef8db-21\" data-testid=\"conversation-turn-44\" data-scroll-anchor=\"true\" data-turn=\"assistant\">\n<div class=\"text-base my-auto mx-auto pb-10 [--thread-content-margin:--spacing(4)] @[37rem]:[--thread-content-margin:--spacing(6)] @[72rem]:[--thread-content-margin:--spacing(16)] px-(--thread-content-margin)\">\n<div class=\"[--thread-content-max-width:32rem] @[34rem]:[--thread-content-max-width:40rem] @[64rem]:[--thread-content-max-width:48rem] mx-auto max-w-(--thread-content-max-width) flex-1 group\/turn-messages focus-visible:outline-hidden relative flex w-full min-w-0 flex-col agent-turn\" tabindex=\"-1\">\n<div class=\"flex max-w-full flex-col grow\">\n<div class=\"min-h-8 text-message relative flex w-full flex-col items-end gap-2 text-start break-words whitespace-normal [.text-message+&amp;]:mt-5\" dir=\"auto\" data-message-author-role=\"assistant\" data-message-id=\"c0adf88e-3119-40c4-89f4-bab8ba285ebc\" data-message-model-slug=\"gpt-5\">\n<div class=\"flex w-full flex-col gap-1 empty:hidden first:pt-[3px]\">\n<div class=\"markdown prose dark:prose-invert w-full break-words light markdown-new-styling\">\n<p data-start=\"0\" data-end=\"418\">En la pr\u00f3xima entrega continuaremos haciendo importantes revelaciones, as\u00ed como refrescando la memoria colectiva. No nos hemos olvidado de <strong data-start=\"139\" data-end=\"171\">Antelo Rey y su Caja Caracas<\/strong>, de <strong data-start=\"176\" data-end=\"202\">Pedro Torres Ciliberto<\/strong>, ni del dinero de la <strong data-start=\"224\" data-end=\"250\">Rep\u00fablica de Venezuela<\/strong> colocado en cuentas en <strong data-start=\"274\" data-end=\"286\">Delaware<\/strong>, donde <em data-start=\"294\" data-end=\"325\">Julio Mart\u00edn Herrera Velutini<\/em> escondi\u00f3 cientos de millones de d\u00f3lares en complicidad con el <em data-start=\"388\" data-end=\"415\">Interinato de Juan Guaid\u00f3<\/em>.<\/p>\n<p data-start=\"420\" data-end=\"600\" data-is-last-node=\"\" data-is-only-node=\"\">Y pr\u00f3ximamente conocer\u00e1 c\u00f3mo la <strong data-start=\"452\" data-end=\"471\">Casa de Herrera<\/strong> pierde su m\u00e1s importante t\u00edtulo nobiliario, a cambio de un pacto comercial con <strong data-start=\"551\" data-end=\"576\">Carolina Herrera (CH)<\/strong> para recapitalizarse.<\/p>\n<\/div>\n<\/div>\n<\/div>\n<\/div>\n<div class=\"flex min-h-[46px] justify-start\"><\/div>\n<\/div>\n<\/div>\n<\/article>\n<\/div>\n<div class=\"pointer-events-none h-px w-px\" aria-hidden=\"true\" data-edge=\"true\">\n<figure id=\"attachment_95883\" aria-describedby=\"caption-attachment-95883\" style=\"width: 182px\" class=\"wp-caption aligncenter\"><a href=\"https:\/\/nuevaprensaamerica.com\/wp-content\/uploads\/2025\/08\/photo_2025-08-17_10-02-21.jpg\"><img loading=\"lazy\" decoding=\"async\" class=\"size-full wp-image-95883\" src=\"https:\/\/nuevaprensaamerica.com\/wp-content\/uploads\/2025\/08\/photo_2025-08-17_10-02-21.jpg\" alt=\"\" width=\"182\" height=\"274\" \/><\/a><figcaption id=\"caption-attachment-95883\" class=\"wp-caption-text\">Carolina Herrera y Armando De Armas Melendez<\/figcaption><\/figure>\n<figure id=\"attachment_95885\" aria-describedby=\"caption-attachment-95885\" style=\"width: 279px\" class=\"wp-caption aligncenter\"><a href=\"https:\/\/nuevaprensaamerica.com\/wp-content\/uploads\/2025\/08\/photo_2025-08-17_10-02-38.jpg\"><img loading=\"lazy\" decoding=\"async\" class=\"size-full wp-image-95885\" src=\"https:\/\/nuevaprensaamerica.com\/wp-content\/uploads\/2025\/08\/photo_2025-08-17_10-02-38.jpg\" alt=\"\" width=\"279\" height=\"174\" \/><\/a><figcaption id=\"caption-attachment-95885\" class=\"wp-caption-text\">Carolina Herrera y Armando De Armas Melendez<\/figcaption><\/figure>\n<p>&nbsp;<\/p>\n<\/div>\n<div class=\"text-base my-auto mx-auto pb-10 [--thread-content-margin:--spacing(4)] @[37rem]:[--thread-content-margin:--spacing(6)] @[72rem]:[--thread-content-margin:--spacing(16)] px-(--thread-content-margin)\">\n<p>&nbsp;<\/p>\n<\/div>\n<\/article>\n","protected":false},"excerpt":{"rendered":"<p>\ud83c\udfbc Ahora que vamos despacioAhora que vamos despacioVamos a contar mentiras, tra-lar\u00e1Vamos a contar mentiras, tra-lar\u00e1Vamos a contar mentiras \ud83c\udfbc La vida de este personajillo, [&hellip;]<\/p>\n","protected":false},"author":1,"featured_media":6693,"comment_status":"open","ping_status":"open","sticky":false,"template":"","format":"standard","meta":{"h5ap_radio_sources":[],"_FSMCFIC_featured_image_caption":"","_FSMCFIC_featured_image_nocaption":"","_FSMCFIC_featured_image_hide":"","_jetpack_memberships_contains_paid_content":false,"footnotes":""},"categories":[2],"tags":[],"class_list":["post-6684","post","type-post","status-publish","format-standard","has-post-thumbnail","hentry","category-venezuela"],"aioseo_notices":[],"jetpack_featured_media_url":"https:\/\/nuevaprensaamerica.com\/wp-content\/uploads\/2025\/08\/photo_2025-08-17_10-03-10.jpg","jetpack_sharing_enabled":true,"_links":{"self":[{"href":"https:\/\/nuevaprensaamerica.com\/index.php\/wp-json\/wp\/v2\/posts\/6684","targetHints":{"allow":["GET"]}}],"collection":[{"href":"https:\/\/nuevaprensaamerica.com\/index.php\/wp-json\/wp\/v2\/posts"}],"about":[{"href":"https:\/\/nuevaprensaamerica.com\/index.php\/wp-json\/wp\/v2\/types\/post"}],"author":[{"embeddable":true,"href":"https:\/\/nuevaprensaamerica.com\/index.php\/wp-json\/wp\/v2\/users\/1"}],"replies":[{"embeddable":true,"href":"https:\/\/nuevaprensaamerica.com\/index.php\/wp-json\/wp\/v2\/comments?post=6684"}],"version-history":[{"count":1,"href":"https:\/\/nuevaprensaamerica.com\/index.php\/wp-json\/wp\/v2\/posts\/6684\/revisions"}],"predecessor-version":[{"id":6707,"href":"https:\/\/nuevaprensaamerica.com\/index.php\/wp-json\/wp\/v2\/posts\/6684\/revisions\/6707"}],"wp:featuredmedia":[{"embeddable":true,"href":"https:\/\/nuevaprensaamerica.com\/index.php\/wp-json\/wp\/v2\/media\/6693"}],"wp:attachment":[{"href":"https:\/\/nuevaprensaamerica.com\/index.php\/wp-json\/wp\/v2\/media?parent=6684"}],"wp:term":[{"taxonomy":"category","embeddable":true,"href":"https:\/\/nuevaprensaamerica.com\/index.php\/wp-json\/wp\/v2\/categories?post=6684"},{"taxonomy":"post_tag","embeddable":true,"href":"https:\/\/nuevaprensaamerica.com\/index.php\/wp-json\/wp\/v2\/tags?post=6684"}],"curies":[{"name":"wp","href":"https:\/\/api.w.org\/{rel}","templated":true}]}}