{"id":6801,"date":"2025-08-24T18:37:45","date_gmt":"2025-08-24T18:37:45","guid":{"rendered":"https:\/\/nuevaprensaamerica.com\/?p=6801"},"modified":"2025-08-24T18:37:45","modified_gmt":"2025-08-24T18:37:45","slug":"gonzalo-guillen-lanza-campana-de-testimonio-por-palestina","status":"publish","type":"post","link":"https:\/\/nuevaprensaamerica.com\/index.php\/2025\/08\/24\/gonzalo-guillen-lanza-campana-de-testimonio-por-palestina\/","title":{"rendered":"Gonzalo Guill\u00e9n lanza campa\u00f1a de testimonio por Palestina"},"content":{"rendered":"<p data-start=\"157\" data-end=\"618\">El periodista colombiano Gonzalo Guill\u00e9n, reconocido por su trayectoria investigativa, ha iniciado una campa\u00f1a de solidaridad internacional bajo el lema <strong data-start=\"310\" data-end=\"344\">\u201cDoy testimonio por Palestina\u201d<\/strong>. A trav\u00e9s de un video compartido en YouTube y difundido en su cuenta de X (antes Twitter), Guill\u00e9n invit\u00f3 a la ciudadan\u00eda a grabar mensajes cortos en apoyo al pueblo palestino y a publicarlos de manera simult\u00e1nea el <strong data-start=\"561\" data-end=\"615\">29 de agosto a las 12 del mediod\u00eda (hora Colombia)<\/strong>.<\/p>\n<p data-start=\"620\" data-end=\"680\"><!--more--><\/p>\n<p data-start=\"620\" data-end=\"680\">En su propio testimonio, Guill\u00e9n pronuncia con solemnidad:<\/p>\n<blockquote data-start=\"682\" data-end=\"1186\">\n<p data-start=\"684\" data-end=\"951\">\u201cGaza, digo tu nombre, soy Gonzalo Guill\u00e9n, periodista. El polvo de los escombros se asienta sobre el genocidio sionista con el benepl\u00e1cito c\u00f3mplice del mundo. Gaza, digo tu nombre, tus noches no tienen estrellas, s\u00f3lo el destello de la desesperaci\u00f3n y la barbarie.<\/p>\n<p data-start=\"958\" data-end=\"1186\">Y sin embargo, en la quietud de la ruina, una flor min\u00fascula se atreve a brotar, aferrada a la esperanza de la paz. \u00a1Que pare el genocidio para siempre! \u00a1Que pare ya! Gaza, digo tu nombre\u201d<button class=\"ms-1 flex h-[22px] items-center rounded-xl px-2 relative bottom-[-2px] text-token-text-secondary! hover:bg-token-bg-secondary dark:bg-token-main-surface-secondary dark:hover:bg-token-bg-secondary bg-[#f4f4f4] \"><\/button>.<\/p>\n<\/blockquote>\n<blockquote class=\"twitter-tweet\" data-media-max-width=\"560\">\n<p dir=\"ltr\" lang=\"es\">Doy testimonio por Palestina &#8211; Gonzalo Guill\u00e9n <a href=\"https:\/\/twitter.com\/hashtag\/gaza?src=hash&amp;ref_src=twsrc%5Etfw\">#gaza<\/a> <a href=\"https:\/\/twitter.com\/hashtag\/palestina?src=hash&amp;ref_src=twsrc%5Etfw\">#palestina<\/a> <a href=\"https:\/\/twitter.com\/hashtag\/doytestimonioporpalestina?src=hash&amp;ref_src=twsrc%5Etfw\">#doytestimonioporpalestina<\/a> &#8211; YouTube <a href=\"https:\/\/t.co\/9GZCEwQQ1v\">https:\/\/t.co\/9GZCEwQQ1v<\/a><\/p>\n<p>\u2014 Gonzalo Guill\u00e9n (@HELIODOPTERO) <a href=\"https:\/\/twitter.com\/HELIODOPTERO\/status\/1959379734770434329?ref_src=twsrc%5Etfw\">August 23, 2025<\/a><\/p><\/blockquote>\n<p><script async src=\"https:\/\/platform.twitter.com\/widgets.js\" charset=\"utf-8\"><\/script><\/p>\n<p data-start=\"1188\" data-end=\"1524\">La propuesta busca multiplicar voces ciudadanas en redes sociales, utilizando la etiqueta <strong data-start=\"1278\" data-end=\"1308\">#DoyTestimonioPorPalestina<\/strong> junto con <strong data-start=\"1319\" data-end=\"1328\">#Gaza<\/strong> y <strong data-start=\"1331\" data-end=\"1345\">#Palestina<\/strong>. La iniciativa ya ha despertado una amplia reacci\u00f3n: la publicaci\u00f3n de Guill\u00e9n alcanz\u00f3 en pocas horas m\u00e1s de <strong data-start=\"1455\" data-end=\"1481\">72 mil visualizaciones<\/strong>, cientos de retuits y mensajes de apoyo.<\/p>\n<p data-start=\"1526\" data-end=\"1909\">El llamado se enmarca en un momento cr\u00edtico para la Franja de Gaza, donde las denuncias por violaciones a los derechos humanos y la crisis humanitaria han generado preocupaci\u00f3n mundial. Guill\u00e9n, al igual que otras figuras p\u00fablicas, plantea que el silencio global frente al conflicto equivale a complicidad, y apuesta por el testimonio colectivo como forma de resistencia simb\u00f3lica.<\/p>\n<p data-start=\"1911\" data-end=\"2157\">La din\u00e1mica es sencilla: grabar un video corto en formato vertical, iniciar con la frase \u201cGaza, digo tu nombre\u201d y compartirlo el d\u00eda se\u00f1alado. Con ello se busca crear un mosaico de voces en defensa de la vida, la dignidad y la paz en Palestina.<\/p>\n","protected":false},"excerpt":{"rendered":"<p>El periodista colombiano Gonzalo Guill\u00e9n, reconocido por su trayectoria investigativa, ha iniciado una campa\u00f1a de solidaridad internacional bajo el lema \u201cDoy testimonio por Palestina\u201d. A [&hellip;]<\/p>\n","protected":false},"author":1,"featured_media":0,"comment_status":"open","ping_status":"open","sticky":false,"template":"","format":"standard","meta":{"h5ap_radio_sources":[],"_FSMCFIC_featured_image_caption":"","_FSMCFIC_featured_image_nocaption":"","_FSMCFIC_featured_image_hide":"","_jetpack_memberships_contains_paid_content":false,"footnotes":""},"categories":[12],"tags":[],"class_list":["post-6801","post","type-post","status-publish","format-standard","hentry","category-colombia"],"aioseo_notices":[],"jetpack_featured_media_url":"","jetpack_sharing_enabled":true,"_links":{"self":[{"href":"https:\/\/nuevaprensaamerica.com\/index.php\/wp-json\/wp\/v2\/posts\/6801","targetHints":{"allow":["GET"]}}],"collection":[{"href":"https:\/\/nuevaprensaamerica.com\/index.php\/wp-json\/wp\/v2\/posts"}],"about":[{"href":"https:\/\/nuevaprensaamerica.com\/index.php\/wp-json\/wp\/v2\/types\/post"}],"author":[{"embeddable":true,"href":"https:\/\/nuevaprensaamerica.com\/index.php\/wp-json\/wp\/v2\/users\/1"}],"replies":[{"embeddable":true,"href":"https:\/\/nuevaprensaamerica.com\/index.php\/wp-json\/wp\/v2\/comments?post=6801"}],"version-history":[{"count":3,"href":"https:\/\/nuevaprensaamerica.com\/index.php\/wp-json\/wp\/v2\/posts\/6801\/revisions"}],"predecessor-version":[{"id":6804,"href":"https:\/\/nuevaprensaamerica.com\/index.php\/wp-json\/wp\/v2\/posts\/6801\/revisions\/6804"}],"wp:attachment":[{"href":"https:\/\/nuevaprensaamerica.com\/index.php\/wp-json\/wp\/v2\/media?parent=6801"}],"wp:term":[{"taxonomy":"category","embeddable":true,"href":"https:\/\/nuevaprensaamerica.com\/index.php\/wp-json\/wp\/v2\/categories?post=6801"},{"taxonomy":"post_tag","embeddable":true,"href":"https:\/\/nuevaprensaamerica.com\/index.php\/wp-json\/wp\/v2\/tags?post=6801"}],"curies":[{"name":"wp","href":"https:\/\/api.w.org\/{rel}","templated":true}]}}