{"id":6961,"date":"2025-09-16T10:02:20","date_gmt":"2025-09-16T10:02:20","guid":{"rendered":"https:\/\/nuevaprensaamerica.com\/?p=6961"},"modified":"2025-09-16T10:02:27","modified_gmt":"2025-09-16T10:02:27","slug":"colombia-regresa-a-la-lista-negra-antidrogas-la-critica-del-general-buitrago","status":"publish","type":"post","link":"https:\/\/nuevaprensaamerica.com\/index.php\/2025\/09\/16\/colombia-regresa-a-la-lista-negra-antidrogas-la-critica-del-general-buitrago\/","title":{"rendered":"Colombia regresa a la lista negra antidrogas: La cr\u00edtica del general Buitrago"},"content":{"rendered":"<p data-start=\"198\" data-end=\"567\">La reciente decisi\u00f3n de Estados Unidos de descertificar a Colombia en la lucha contra el narcotr\u00e1fico sigue generando fuertes reacciones. El general retirado Juan Carlos Buitrago, exdirector de la Polic\u00eda Antinarc\u00f3ticos, advirti\u00f3 sobre las graves consecuencias de esta medida, que devuelve al pa\u00eds a la lista negra junto con Venezuela, Birmania, Bolivia y Afganist\u00e1n.<\/p>\n<p data-start=\"569\" data-end=\"809\"><!--more--><\/p>\n<p data-start=\"569\" data-end=\"809\">En su mensaje, Buitrago destac\u00f3 que, a pesar del esfuerzo de la Polic\u00eda Nacional en el cumplimiento de su deber, la naci\u00f3n enfrenta \u201cdif\u00edciles circunstancias a causa de un Ejecutivo err\u00e1tico, aliado del mal y desafiante con la legalidad\u201d.<\/p>\n<p data-start=\"811\" data-end=\"1207\">El oficial en retiro tambi\u00e9n vincul\u00f3 la coyuntura con un pronunciamiento reciente del presidente Gustavo Petro, en el que este acus\u00f3 a sectores de la derecha de aliarse con el narcotr\u00e1fico. Buitrago record\u00f3 su columna titulada <em data-start=\"1038\" data-end=\"1069\">\u201cMagnicidio Desestabilizador\u201d<\/em>, donde advierte sobre los riesgos de un ambiente pol\u00edtico polarizado y la utilizaci\u00f3n del discurso para confrontar a las instituciones.<\/p>\n<p data-start=\"1209\" data-end=\"1583\">La descertificaci\u00f3n reaviva el debate interno sobre la pol\u00edtica antidrogas en Colombia, la relaci\u00f3n con Estados Unidos y las tensiones entre el gobierno de Petro y la oposici\u00f3n. Mientras tanto, las fuerzas de seguridad del pa\u00eds quedan en el centro de la pol\u00e9mica, reconocidas por su labor, pero sometidas a la incertidumbre de un escenario pol\u00edtico y diplom\u00e1tico complejo.<\/p>\n<div style=\"max-width: 550px;\">\n<div style=\"left: 0; width: 100%; height: 0; position: relative; padding-bottom: 56.25%;\"><iframe title=\"General (ret) Juan Carlos Buitrago A. on Twitter \/ X\" src=\"\/\/if-cdn.com\/COvaO0b5?maxheight=960&#038;maxwidth=640&#038;app=1\" style=\"top: 0; left: 0; width: 100%; height: 100%; position: absolute; border: 0;\" allowfullscreen><\/iframe><\/div>\n<\/div>\n<p><script async src=\"\/\/if-cdn.com\/embed.js\" charset=\"utf-8\"><\/script><script type=\"text\/javascript\">window.addEventListener(\"message\",function(e){\n                window.parent.postMessage(e.data,\"*\");\n            },false);<\/script><\/p>\n<div style=\"max-width: 550px;\">\n<div style=\"left: 0; width: 100%; height: 0; position: relative; padding-bottom: 100%;\"><iframe title=\"General (ret) Juan Carlos Buitrago A. on Twitter \/ X\" src=\"\/\/if-cdn.com\/I8AuVK5p?maxheight=960&#038;maxwidth=640&#038;app=1\" style=\"top: 0; left: 0; width: 100%; height: 100%; position: absolute; border: 0;\" allowfullscreen><\/iframe><\/div>\n<\/div>\n<p><script async src=\"\/\/if-cdn.com\/embed.js\" charset=\"utf-8\"><\/script><script type=\"text\/javascript\">window.addEventListener(\"message\",function(e){\n                window.parent.postMessage(e.data,\"*\");\n            },false);<\/script><\/p>\n<p>&nbsp;<\/p>\n","protected":false},"excerpt":{"rendered":"<p>La reciente decisi\u00f3n de Estados Unidos de descertificar a Colombia en la lucha contra el narcotr\u00e1fico sigue generando fuertes reacciones. El general retirado Juan Carlos [&hellip;]<\/p>\n","protected":false},"author":1,"featured_media":6962,"comment_status":"open","ping_status":"open","sticky":false,"template":"","format":"standard","meta":{"h5ap_radio_sources":[],"_FSMCFIC_featured_image_caption":"","_FSMCFIC_featured_image_nocaption":"","_FSMCFIC_featured_image_hide":"","_jetpack_memberships_contains_paid_content":false,"footnotes":""},"categories":[12],"tags":[],"class_list":["post-6961","post","type-post","status-publish","format-standard","has-post-thumbnail","hentry","category-colombia"],"aioseo_notices":[],"jetpack_featured_media_url":"https:\/\/nuevaprensaamerica.com\/wp-content\/uploads\/2025\/09\/Captura-de-pantalla-2025-09-16-a-las-12.01.50.png","jetpack_sharing_enabled":true,"_links":{"self":[{"href":"https:\/\/nuevaprensaamerica.com\/index.php\/wp-json\/wp\/v2\/posts\/6961","targetHints":{"allow":["GET"]}}],"collection":[{"href":"https:\/\/nuevaprensaamerica.com\/index.php\/wp-json\/wp\/v2\/posts"}],"about":[{"href":"https:\/\/nuevaprensaamerica.com\/index.php\/wp-json\/wp\/v2\/types\/post"}],"author":[{"embeddable":true,"href":"https:\/\/nuevaprensaamerica.com\/index.php\/wp-json\/wp\/v2\/users\/1"}],"replies":[{"embeddable":true,"href":"https:\/\/nuevaprensaamerica.com\/index.php\/wp-json\/wp\/v2\/comments?post=6961"}],"version-history":[{"count":3,"href":"https:\/\/nuevaprensaamerica.com\/index.php\/wp-json\/wp\/v2\/posts\/6961\/revisions"}],"predecessor-version":[{"id":6965,"href":"https:\/\/nuevaprensaamerica.com\/index.php\/wp-json\/wp\/v2\/posts\/6961\/revisions\/6965"}],"wp:featuredmedia":[{"embeddable":true,"href":"https:\/\/nuevaprensaamerica.com\/index.php\/wp-json\/wp\/v2\/media\/6962"}],"wp:attachment":[{"href":"https:\/\/nuevaprensaamerica.com\/index.php\/wp-json\/wp\/v2\/media?parent=6961"}],"wp:term":[{"taxonomy":"category","embeddable":true,"href":"https:\/\/nuevaprensaamerica.com\/index.php\/wp-json\/wp\/v2\/categories?post=6961"},{"taxonomy":"post_tag","embeddable":true,"href":"https:\/\/nuevaprensaamerica.com\/index.php\/wp-json\/wp\/v2\/tags?post=6961"}],"curies":[{"name":"wp","href":"https:\/\/api.w.org\/{rel}","templated":true}]}}