{"id":7343,"date":"2025-10-10T07:28:26","date_gmt":"2025-10-10T07:28:26","guid":{"rendered":"https:\/\/nuevaprensaamerica.com\/?p=7343"},"modified":"2025-10-10T07:28:26","modified_gmt":"2025-10-10T07:28:26","slug":"hasta-erik-prince-le-saco-culo-a-maria-corina-machado","status":"publish","type":"post","link":"https:\/\/nuevaprensaamerica.com\/index.php\/2025\/10\/10\/hasta-erik-prince-le-saco-culo-a-maria-corina-machado\/","title":{"rendered":"HASTA ERIK PRINCE \u201cLE SAC\u00d3 CULO\u201d A MAR\u00cdA CORINA MACHADO"},"content":{"rendered":"<p data-start=\"126\" data-end=\"143\"><a href=\"https:\/\/nuevaprensaamerica.com\/wp-content\/uploads\/2025\/10\/photo_2025-10-10_09-26-18.jpg\"><img loading=\"lazy\" decoding=\"async\" class=\"aligncenter size-full wp-image-97688\" src=\"https:\/\/nuevaprensaamerica.com\/wp-content\/uploads\/2025\/10\/photo_2025-10-10_09-26-18.jpg\" alt=\"\" width=\"554\" height=\"554\" \/><\/a><\/p>\n<p data-start=\"126\" data-end=\"143\"><strong data-start=\"126\" data-end=\"143\">Especial JC.-<\/strong><\/p>\n<p data-start=\"145\" data-end=\"563\">Hasta el conocido estafador serial Erik Prince \u201cle sac\u00f3 el culo\u201d a Mar\u00eda Corina Machado. Aqu\u00ed se cumple lo del c\u00e9lebre refr\u00e1n \u201cpor la plata baila el mono\u201d, para luego mutar en la frase \u201cel amor y el inter\u00e9s se fueron al campo\u201d. Esto significa que el inter\u00e9s econ\u00f3mico o la conveniencia prevalecieron sobre el amor o el afecto, indicando que los intereses personales fueron m\u00e1s fuertes que los sentimientos de cari\u00f1o.<\/p>\n<p data-start=\"565\" data-end=\"707\">Esta expresi\u00f3n popular describe una situaci\u00f3n en la que alguien prioriza sus propias conveniencias o beneficios sobre una relaci\u00f3n afectiva.<\/p>\n<p data-start=\"565\" data-end=\"707\"><!--more--><\/p>\n<p data-start=\"565\" data-end=\"707\"><a href=\"https:\/\/nuevaprensaamerica.com\/wp-content\/uploads\/2025\/10\/photo_2025-10-10_09-11-30.jpg\"><img loading=\"lazy\" decoding=\"async\" class=\"aligncenter size-full wp-image-97652\" src=\"https:\/\/nuevaprensaamerica.com\/wp-content\/uploads\/2025\/10\/photo_2025-10-10_09-11-30.jpg\" alt=\"\" width=\"414\" height=\"545\" \/><\/a><\/p>\n<p data-start=\"565\" data-end=\"707\"><a href=\"https:\/\/nuevaprensaamerica.com\/wp-content\/uploads\/2025\/10\/photo_2025-10-10_09-12-03.jpg\"><img loading=\"lazy\" decoding=\"async\" class=\"aligncenter size-full wp-image-97654\" src=\"https:\/\/nuevaprensaamerica.com\/wp-content\/uploads\/2025\/10\/photo_2025-10-10_09-12-03.jpg\" alt=\"\" width=\"335\" height=\"597\" \/><\/a><\/p>\n<p data-start=\"129\" data-end=\"576\">Prince, al igual que muchos de los que se han \u201carrimado\u201d a Mar\u00eda Corina, lo han hecho estrictamente por intereses econ\u00f3micos. El fundador de Blackwater, Erik Prince, el mismo que iba a salvar a los venezolanos de las garras de la dictadura, particip\u00f3 en la creaci\u00f3n y ejecuci\u00f3n del fraude denominado \u201cYa casi Venezuela\u201d, para lo cual cont\u00f3 con la promoci\u00f3n y complicidad del ratero Iv\u00e1n Simonovis (con la aprobaci\u00f3n de la l\u00edder Machado Parisca).<\/p>\n<p data-start=\"578\" data-end=\"662\">Ahora ha encontrado una nueva v\u00edctima: nada m\u00e1s y nada menos que el Papa Le\u00f3n XIV.<\/p>\n<div class=\"jetpack-video-wrapper\">\n<div style=\"max-width: 1707px;\">\n<div style=\"left: 0; width: 100%; height: 0; position: relative; padding-bottom: 56.25%;\"><iframe title=\"\ud83d\udcdb Erik Prince lanza una pol\u00e9mica propuesta al Papa Le\u00f3n XIV y Maduro le pide que ayude contra Trump\" src=\"\/\/if-cdn.com\/eteugqfs?maxheight=960\" style=\"top: 0; left: 0; width: 100%; height: 100%; position: absolute; border: 0;\" allowfullscreen scrolling=\"no\" allow=\"accelerometer *; clipboard-write *; encrypted-media *; gyroscope *; picture-in-picture *; web-share *;\"><\/iframe><\/div>\n<\/div>\n<p><script type=\"text\/javascript\">window.addEventListener(\"message\",function(e){\n                window.parent.postMessage(e.data,\"*\");\n            },false);<\/script><\/div>\n<p data-start=\"132\" data-end=\"366\">Prince ha anunciado que financiar\u00e1 una nueva fuerza de seguridad privada para proteger a los cristianos del Estado Isl\u00e1mico en Nigeria, \u201cdonde este a\u00f1o ya han sido asesinados m\u00e1s de 7.000 creyentes por su fe\u201d, asegur\u00f3 el mercenario.<\/p>\n<p data-start=\"368\" data-end=\"512\">Por tal motivo, el exmarine ha solicitado al Santo Padre apoyo econ\u00f3mico para llevar a cabo su plan de defensa de las comunidades perseguidas.<\/p>\n<p data-start=\"514\" data-end=\"697\">D\u00edas atr\u00e1s, anunci\u00f3 que est\u00e1 construyendo una compa\u00f1\u00eda militar privada para proteger a los cristianos nigerianos del ISIS, para lo cual exige financiaci\u00f3n del Vaticano para hacerlo.<\/p>\n<p data-start=\"514\" data-end=\"697\"><a href=\"https:\/\/nuevaprensaamerica.com\/wp-content\/uploads\/2025\/10\/photo_2025-10-10_09-13-01.jpg\"><img loading=\"lazy\" decoding=\"async\" class=\"aligncenter size-full wp-image-97659\" src=\"https:\/\/nuevaprensaamerica.com\/wp-content\/uploads\/2025\/10\/photo_2025-10-10_09-13-01.jpg\" alt=\"\" width=\"1280\" height=\"851\" \/><\/a><\/p>\n<p data-start=\"152\" data-end=\"442\">\u00abSe\u00f1or, tengo una idea mejor: \u00bfpor qu\u00e9 no ayuda a mis compa\u00f1eros a proteger a los cristianos nigerianos de los musulmanes que los est\u00e1n masacrando?\u00bb, ha escrito Prince, dejando clara su intenci\u00f3n de implicar directamente al Vaticano en una misi\u00f3n de seguridad privada en el pa\u00eds africano.<\/p>\n<p data-start=\"444\" data-end=\"502\">\u2014\u201cQue se jodan los venezolanos\u201d, se le escuch\u00f3 susurrar.<\/p>\n<p data-start=\"504\" data-end=\"691\">\u2014\u201cEl Vaticano dispone de infinitos recursos econ\u00f3micos y una membres\u00eda m\u00e1s numerosa\u201d, comentaba mientras se fumaba un exquisito puro <em data-start=\"637\" data-end=\"654\">Romeo y Julieta<\/em>, cuya unidad cuesta casi 30 euros.<\/p>\n<p data-start=\"693\" data-end=\"861\">Prince sostiene que las comunidades perseguidas necesitan \u201cuna defensa organizada y profesional\u201d, no s\u00f3lo oraciones y comunicados de prensa, \u201c\u00bfy qui\u00e9n mejor que yo?\u201d.<\/p>\n<h2 data-start=\"693\" data-end=\"861\">EXTREMISMO CRISTIANO<\/h2>\n<p><a href=\"https:\/\/nuevaprensaamerica.com\/wp-content\/uploads\/2025\/10\/photo_2025-10-10_09-13-50.jpg\"><img loading=\"lazy\" decoding=\"async\" class=\"aligncenter size-full wp-image-97664\" src=\"https:\/\/nuevaprensaamerica.com\/wp-content\/uploads\/2025\/10\/photo_2025-10-10_09-13-50.jpg\" alt=\"\" width=\"1280\" height=\"716\" \/><\/a><\/p>\n<p data-start=\"173\" data-end=\"746\">Nigeria, el pa\u00eds m\u00e1s poblado de \u00c1frica, se ha convertido en el epicentro mundial de la persecuci\u00f3n religiosa. Diversas organizaciones denuncian que all\u00ed se produce la mayor\u00eda de los asesinatos de cristianos del planeta. La <em data-start=\"396\" data-end=\"434\">Lista Mundial de la Persecuci\u00f3n 2025<\/em>, elaborada por <em data-start=\"450\" data-end=\"462\">Open Doors<\/em>, documenta que entre octubre de 2023 y septiembre de 2024, el 69% de los homicidios por motivos religiosos tuvieron lugar en territorio nigeriano. Adem\u00e1s de los asesinatos, los ataques incluyen secuestros, destrucci\u00f3n de templos y el desplazamiento forzoso de millones de personas.<\/p>\n<p data-start=\"748\" data-end=\"1227\">Prince, antiguo miembro de los <em data-start=\"779\" data-end=\"790\">Navy SEAL<\/em> estadounidenses, fund\u00f3 <em data-start=\"814\" data-end=\"826\">Blackwater<\/em> en 1997, una empresa que se hizo c\u00e9lebre por su participaci\u00f3n en Irak y Afganist\u00e1n durante las guerras de las \u00faltimas d\u00e9cadas. Desde entonces, ha defendido el uso de contratistas privados como complemento o sustituto de las fuerzas armadas tradicionales en escenarios de conflicto. Ahora quiere aplicar ese mismo modelo para crear un escudo de protecci\u00f3n para los cristianos perseguidos en Nigeria.<\/p>\n<p data-start=\"1229\" data-end=\"1829\">Las agresiones contra esta comunidad se concentran en las regiones central y septentrional del pa\u00eds, donde grupos yihadistas como el Estado Isl\u00e1mico en \u00c1frica Occidental (<em data-start=\"1400\" data-end=\"1407\">ISWAP<\/em>), filial del <em data-start=\"1421\" data-end=\"1427\">ISIS<\/em>, act\u00faan con total impunidad. Las t\u00e1cticas que emplean \u2014masacres, ataques suicidas, secuestros masivos o incendios de aldeas\u2014 han sido calificadas como un aut\u00e9ntico genocidio por distintas ONG internacionales. Seg\u00fan los informes m\u00e1s recientes, m\u00e1s de 50.000 cristianos han muerto en los \u00faltimos catorce a\u00f1os a manos de milicianos islamistas, lo que refleja la magnitud y persistencia de la violencia.<\/p>\n<p data-start=\"1831\" data-end=\"1987\">\u00abEl objetivo no es promover la guerra, sino garantizar la supervivencia de quienes son perseguidos por su fe\u00bb, dijo Prince en privado a sus colaboradores.<\/p>\n<p data-start=\"1989\" data-end=\"2089\">En el sombr\u00edo mundo de la guerra privada, incluso lo sagrado se convierte en un mercado potencial.<\/p>\n<p data-start=\"2096\" data-end=\"2244\" data-is-last-node=\"\" data-is-only-node=\"\"><a href=\"https:\/\/nuevaprensaamerica.com\/wp-content\/uploads\/2025\/10\/photo_2025-10-10_09-16-47.jpg\"><img loading=\"lazy\" decoding=\"async\" class=\"aligncenter size-full wp-image-97668\" src=\"https:\/\/nuevaprensaamerica.com\/wp-content\/uploads\/2025\/10\/photo_2025-10-10_09-16-47.jpg\" alt=\"\" width=\"1280\" height=\"870\" \/><\/a><\/p>\n<p data-start=\"164\" data-end=\"223\"><strong data-start=\"164\" data-end=\"221\">El discurso: Protecci\u00f3n divina para obtener ganancias<\/strong><\/p>\n<p data-start=\"225\" data-end=\"531\">En un mundo donde los contratistas militares privados se han convertido en herramientas del arte de gobernar y de la pol\u00edtica corporativa, surge una propuesta propia de este enajenado mental: que el Vaticano financie un ej\u00e9rcito privado para proteger a los cristianos nigerianos de extremistas violentos.<\/p>\n<p data-start=\"533\" data-end=\"656\">Hist\u00f3ricamente, dicha idea no es nueva. El Vaticano financi\u00f3 guerras y ej\u00e9rcitos durante la Edad Media y el Renacimiento.<\/p>\n<p><a href=\"https:\/\/www.eldiario.es\/spin\/origen-guardia-suiza-mercenarios-reconvertidos-llevan-500-anos-defendiendo-papa-vaticano-pm_1_12240084.html\">https:\/\/www.eldiario.es\/spin\/origen-guardia-suiza-mercenarios-reconvertidos-llevan-500-anos-defendiendo-papa-vaticano-pm_1_12240084.html<\/a><\/p>\n<p data-start=\"148\" data-end=\"250\">Prince trata de valerse de su actual proximidad al poder de Donald Trump para extender sus negocios.<\/p>\n<p data-start=\"252\" data-end=\"712\">Erik Prince ha expandido agresivamente sus operaciones militares privadas en zonas de conflicto, desde Ucrania hasta Hait\u00ed. Previamente, propuso desplegar \u201ccontratistas\u201d extranjeros en Nigeria para combatir a Boko Haram. Su modelo de negocio identifica constantemente las regiones en crisis como oportunidades de mercado, posicionando a su red de antiguos operadores de las fuerzas especiales como soluciones integrales para problemas de seguridad complejos.<\/p>\n<p data-start=\"719\" data-end=\"787\"><strong data-start=\"719\" data-end=\"785\">El manual del pr\u00edncipe: una historia de la guerra como negocio<\/strong><\/p>\n<p data-start=\"789\" data-end=\"1202\">Para comprender c\u00f3mo podr\u00eda desarrollarse una propuesta de este tipo, basta con examinar las t\u00e1cticas empresariales documentadas de Prince y su enfoque filos\u00f3fico ante los conflictos. El exoficial de los <em data-start=\"993\" data-end=\"1004\">Navy SEAL<\/em> ha dedicado d\u00e9cadas a perfeccionar un controvertido modelo de negocio que identifica vac\u00edos de seguridad y posiciona a sus empresas como soluciones, a menudo con m\u00ednima supervisi\u00f3n gubernamental.<\/p>\n<p data-start=\"137\" data-end=\"269\">La trayectoria profesional del Pr\u00edncipe demuestra un patr\u00f3n consistente de explotaci\u00f3n de zonas de conflicto para obtener ganancias:<\/p>\n<p><a href=\"https:\/\/es.wikipedia.org\/wiki\/Constellis\">https:\/\/es.wikipedia.org\/wiki\/Constellis<\/a><\/p>\n<p data-start=\"161\" data-end=\"244\"><strong data-start=\"161\" data-end=\"242\">El genocidio de los cristianos en Nigeria: el \u00faltimo emprendimiento de Prince<\/strong><\/p>\n<p data-start=\"246\" data-end=\"584\">En varias regiones de Nigeria, especialmente en el centro y norte del pa\u00eds, las comunidades cristianas sufren ataques sistem\u00e1ticos que incluyen asesinatos, secuestros, destrucci\u00f3n de iglesias y robo de propiedades. Estos ataques han desplazado a millones de personas y han provocado una creciente inseguridad en zonas rurales y urbanas.<\/p>\n<p data-start=\"586\" data-end=\"852\">El genocidio es llevado a cabo por grupos terroristas como el Estado Isl\u00e1mico en \u00c1frica Occidental (<em data-start=\"686\" data-end=\"693\">ISWAP<\/em>), una filial del Estado Isl\u00e1mico (<em data-start=\"728\" data-end=\"734\">ISIS<\/em>) en la regi\u00f3n, que utiliza t\u00e1cticas extremistas como atentados suicidas, emboscadas, masacres y secuestros masivos.<\/p>\n<p data-start=\"854\" data-end=\"1245\">Seg\u00fan informes de diversas organizaciones internacionales, m\u00e1s de 7.000 cristianos han sido asesinados en Nigeria en lo que va de 2025, un a\u00f1o en el que se ha producido un fuerte aumento de la persecuci\u00f3n religiosa. Adem\u00e1s, se estima que m\u00e1s de 50.000 han muerto en los \u00faltimos 14 a\u00f1os, lo que refleja la gravedad de la situaci\u00f3n en el pa\u00eds africano y la violencia del terrorismo isl\u00e1mico.<\/p>\n<p data-start=\"854\" data-end=\"1245\"><a href=\"https:\/\/nuevaprensaamerica.com\/wp-content\/uploads\/2025\/10\/photo_2025-10-10_09-25-39.jpg\"><img loading=\"lazy\" decoding=\"async\" class=\"aligncenter size-full wp-image-97684\" src=\"https:\/\/nuevaprensaamerica.com\/wp-content\/uploads\/2025\/10\/photo_2025-10-10_09-25-39.jpg\" alt=\"\" width=\"738\" height=\"415\" \/><\/a><\/p>\n","protected":false},"excerpt":{"rendered":"<p>Especial JC.- Hasta el conocido estafador serial Erik Prince \u201cle sac\u00f3 el culo\u201d a Mar\u00eda Corina Machado. Aqu\u00ed se cumple lo del c\u00e9lebre refr\u00e1n \u201cpor [&hellip;]<\/p>\n","protected":false},"author":1,"featured_media":7352,"comment_status":"open","ping_status":"open","sticky":false,"template":"","format":"standard","meta":{"h5ap_radio_sources":[],"_FSMCFIC_featured_image_caption":"","_FSMCFIC_featured_image_nocaption":"","_FSMCFIC_featured_image_hide":"","_jetpack_memberships_contains_paid_content":false,"footnotes":""},"categories":[2],"tags":[],"class_list":["post-7343","post","type-post","status-publish","format-standard","has-post-thumbnail","hentry","category-venezuela"],"aioseo_notices":[],"jetpack_featured_media_url":"https:\/\/nuevaprensaamerica.com\/wp-content\/uploads\/2025\/10\/photo_2025-10-10_09-26-15.jpg","jetpack_sharing_enabled":true,"_links":{"self":[{"href":"https:\/\/nuevaprensaamerica.com\/index.php\/wp-json\/wp\/v2\/posts\/7343","targetHints":{"allow":["GET"]}}],"collection":[{"href":"https:\/\/nuevaprensaamerica.com\/index.php\/wp-json\/wp\/v2\/posts"}],"about":[{"href":"https:\/\/nuevaprensaamerica.com\/index.php\/wp-json\/wp\/v2\/types\/post"}],"author":[{"embeddable":true,"href":"https:\/\/nuevaprensaamerica.com\/index.php\/wp-json\/wp\/v2\/users\/1"}],"replies":[{"embeddable":true,"href":"https:\/\/nuevaprensaamerica.com\/index.php\/wp-json\/wp\/v2\/comments?post=7343"}],"version-history":[{"count":1,"href":"https:\/\/nuevaprensaamerica.com\/index.php\/wp-json\/wp\/v2\/posts\/7343\/revisions"}],"predecessor-version":[{"id":7351,"href":"https:\/\/nuevaprensaamerica.com\/index.php\/wp-json\/wp\/v2\/posts\/7343\/revisions\/7351"}],"wp:featuredmedia":[{"embeddable":true,"href":"https:\/\/nuevaprensaamerica.com\/index.php\/wp-json\/wp\/v2\/media\/7352"}],"wp:attachment":[{"href":"https:\/\/nuevaprensaamerica.com\/index.php\/wp-json\/wp\/v2\/media?parent=7343"}],"wp:term":[{"taxonomy":"category","embeddable":true,"href":"https:\/\/nuevaprensaamerica.com\/index.php\/wp-json\/wp\/v2\/categories?post=7343"},{"taxonomy":"post_tag","embeddable":true,"href":"https:\/\/nuevaprensaamerica.com\/index.php\/wp-json\/wp\/v2\/tags?post=7343"}],"curies":[{"name":"wp","href":"https:\/\/api.w.org\/{rel}","templated":true}]}}