{"id":7393,"date":"2025-10-11T23:48:57","date_gmt":"2025-10-11T23:48:57","guid":{"rendered":"https:\/\/nuevaprensaamerica.com\/?p=7393"},"modified":"2025-10-11T23:48:57","modified_gmt":"2025-10-11T23:48:57","slug":"sus-seres-queridos-lamentan-fallecimiento-de-gabriel-pulgar-salerno-honran-su-memoria-y-se-unen-en-oracion-por-su-paz-eterna","status":"publish","type":"post","link":"https:\/\/nuevaprensaamerica.com\/index.php\/2025\/10\/11\/sus-seres-queridos-lamentan-fallecimiento-de-gabriel-pulgar-salerno-honran-su-memoria-y-se-unen-en-oracion-por-su-paz-eterna\/","title":{"rendered":"Sus seres queridos lamentan fallecimiento de Gabriel Pulgar Salerno, honran su memoria y se unen en oraci\u00f3n por su paz eterna"},"content":{"rendered":"<p>Con el coraz\u00f3n lleno de tristeza, sus familiares y amigos\u00a0lamentan\u00a0la partida del querido\u00a0<strong>Gabriel Pulgar Salerno<\/strong>, un ser especial cuya memoria vivir\u00e1 por siempre entre ellos.<\/p>\n<p>En estos momentos de profundo dolor, extienden su m\u00e1s sincero abrazo a su padre Miguel y a toda la familia Pulgar Salerno. Comparten su pena y los acompa\u00f1an en cada oraci\u00f3n para que encuentren consuelo en el amor de Dios.<\/p>\n<p>Piden\u00a0al Padre Celestial que reciba a Gabriel en su santa gloria y le conceda la paz eterna.<\/p>\n<p><a href=\"https:\/\/nuevaprensaamerica.com\/wp-content\/uploads\/2025\/10\/Pulgar-Salerno3.jpg\"><img loading=\"lazy\" decoding=\"async\" class=\"aligncenter size-full wp-image-97759\" src=\"https:\/\/nuevaprensaamerica.com\/wp-content\/uploads\/2025\/10\/Pulgar-Salerno3.jpg\" alt=\"\" width=\"1200\" height=\"800\" \/><\/a><\/p>\n<p style=\"text-align: center;\"><strong>Que el alma de Gabriel, por la misericordia de Dios, descanse en paz.<\/strong><br \/>\n<strong>Y que la luz perpetua lo ilumine por siempre.<\/strong><br \/>\n<strong>Am\u00e9n.<\/strong><\/p>\n<p>En su memoria, sus seres queridos se congregaron en un solemne acto de fe el pasado s\u00e1bado, 11 de octubre. A las 5 p.m., en la Catedral de Barcelona, se unieron en oraci\u00f3n durante la misa celebrada por su eterno descanso, compartiendo el consuelo y la esperanza.<\/p>\n<p>Con todo su afecto y apoyo incondicional y el m\u00e1s sentido p\u00e9same:<\/p>\n<p><strong>Familiares y amigos<\/strong>.<\/p>\n","protected":false},"excerpt":{"rendered":"<p>Con el coraz\u00f3n lleno de tristeza, sus familiares y amigos\u00a0lamentan\u00a0la partida del querido\u00a0Gabriel Pulgar Salerno, un ser especial cuya memoria vivir\u00e1 por siempre entre ellos. [&hellip;]<\/p>\n","protected":false},"author":4,"featured_media":7396,"comment_status":"open","ping_status":"open","sticky":false,"template":"","format":"standard","meta":{"h5ap_radio_sources":[],"_FSMCFIC_featured_image_caption":"","_FSMCFIC_featured_image_nocaption":"","_FSMCFIC_featured_image_hide":"","_jetpack_memberships_contains_paid_content":false,"footnotes":""},"categories":[2],"tags":[],"class_list":["post-7393","post","type-post","status-publish","format-standard","has-post-thumbnail","hentry","category-venezuela"],"aioseo_notices":[],"jetpack_featured_media_url":"https:\/\/nuevaprensaamerica.com\/wp-content\/uploads\/2025\/10\/Pulgar-Salerno2.jpg","jetpack_sharing_enabled":true,"_links":{"self":[{"href":"https:\/\/nuevaprensaamerica.com\/index.php\/wp-json\/wp\/v2\/posts\/7393","targetHints":{"allow":["GET"]}}],"collection":[{"href":"https:\/\/nuevaprensaamerica.com\/index.php\/wp-json\/wp\/v2\/posts"}],"about":[{"href":"https:\/\/nuevaprensaamerica.com\/index.php\/wp-json\/wp\/v2\/types\/post"}],"author":[{"embeddable":true,"href":"https:\/\/nuevaprensaamerica.com\/index.php\/wp-json\/wp\/v2\/users\/4"}],"replies":[{"embeddable":true,"href":"https:\/\/nuevaprensaamerica.com\/index.php\/wp-json\/wp\/v2\/comments?post=7393"}],"version-history":[{"count":2,"href":"https:\/\/nuevaprensaamerica.com\/index.php\/wp-json\/wp\/v2\/posts\/7393\/revisions"}],"predecessor-version":[{"id":7397,"href":"https:\/\/nuevaprensaamerica.com\/index.php\/wp-json\/wp\/v2\/posts\/7393\/revisions\/7397"}],"wp:featuredmedia":[{"embeddable":true,"href":"https:\/\/nuevaprensaamerica.com\/index.php\/wp-json\/wp\/v2\/media\/7396"}],"wp:attachment":[{"href":"https:\/\/nuevaprensaamerica.com\/index.php\/wp-json\/wp\/v2\/media?parent=7393"}],"wp:term":[{"taxonomy":"category","embeddable":true,"href":"https:\/\/nuevaprensaamerica.com\/index.php\/wp-json\/wp\/v2\/categories?post=7393"},{"taxonomy":"post_tag","embeddable":true,"href":"https:\/\/nuevaprensaamerica.com\/index.php\/wp-json\/wp\/v2\/tags?post=7393"}],"curies":[{"name":"wp","href":"https:\/\/api.w.org\/{rel}","templated":true}]}}