{"id":7602,"date":"2025-10-28T08:08:35","date_gmt":"2025-10-28T08:08:35","guid":{"rendered":"https:\/\/nuevaprensaamerica.com\/?p=7602"},"modified":"2025-10-28T08:08:35","modified_gmt":"2025-10-28T08:08:35","slug":"diosdado-por-que-no-nos-explicas-cuando-nelson-moreno-contrato-a-henry-lopez","status":"publish","type":"post","link":"https:\/\/nuevaprensaamerica.com\/index.php\/2025\/10\/28\/diosdado-por-que-no-nos-explicas-cuando-nelson-moreno-contrato-a-henry-lopez\/","title":{"rendered":"DIOSDADO, \u00bfPOR QU\u00c9 NO NOS EXPLICAS CU\u00c1NDO NELSON MORENO CONTRAT\u00d3 A HENRY L\u00d3PEZ?"},"content":{"rendered":"<p data-start=\"87\" data-end=\"107\"><strong data-start=\"87\" data-end=\"107\">Por Jorge Castro<\/strong><\/p>\n<p data-start=\"109\" data-end=\"125\"><strong data-start=\"109\" data-end=\"125\">PUNTO PREVIO<\/strong><\/p>\n<p data-start=\"127\" data-end=\"149\"><strong data-start=\"127\" data-end=\"147\">Ricardo Guanipa:<\/strong><\/p>\n<p data-start=\"127\" data-end=\"149\"><a href=\"https:\/\/nuevaprensaamerica.com\/wp-content\/uploads\/2025\/10\/photo_2025-10-28_08-44-51.jpg\"><img loading=\"lazy\" decoding=\"async\" class=\"aligncenter size-full wp-image-98449\" src=\"https:\/\/nuevaprensaamerica.com\/wp-content\/uploads\/2025\/10\/photo_2025-10-28_08-44-51.jpg\" alt=\"\" width=\"558\" height=\"549\" \/><\/a><\/p>\n<article class=\"text-token-text-primary w-full focus:outline-none [--shadow-height:45px] has-data-writing-block:pointer-events-none has-data-writing-block:-mt-(--shadow-height) has-data-writing-block:pt-(--shadow-height) [&amp;:has([data-writing-block])&gt;*]:pointer-events-auto [content-visibility:auto] supports-[content-visibility:auto]:[contain-intrinsic-size:auto_100lvh] scroll-mt-[calc(var(--header-height)+min(200px,max(70px,20svh)))]\" dir=\"auto\" tabindex=\"-1\" data-turn-id=\"request-WEB:6e8e522e-5ca0-409b-b8aa-8c268de70da1-5\" data-testid=\"conversation-turn-12\" data-scroll-anchor=\"true\" data-turn=\"assistant\">\n<div class=\"text-base my-auto mx-auto pb-10 [--thread-content-margin:--spacing(4)] thread-sm:[--thread-content-margin:--spacing(6)] thread-lg:[--thread-content-margin:--spacing(16)] px-(--thread-content-margin)\">\n<div class=\"[--thread-content-max-width:40rem] thread-lg:[--thread-content-max-width:48rem] mx-auto max-w-(--thread-content-max-width) flex-1 group\/turn-messages focus-visible:outline-hidden relative flex w-full min-w-0 flex-col agent-turn\" tabindex=\"-1\">\n<div class=\"flex max-w-full flex-col grow\">\n<div class=\"min-h-8 text-message relative flex w-full flex-col items-end gap-2 text-start break-words whitespace-normal [.text-message+&amp;]:mt-1\" dir=\"auto\" data-message-author-role=\"assistant\" data-message-id=\"f32fe6cc-6409-49e2-8c7a-23d039e3ed70\" data-message-model-slug=\"gpt-5\">\n<div class=\"flex w-full flex-col gap-1 empty:hidden first:pt-[1px]\">\n<div class=\"markdown prose dark:prose-invert w-full break-words light markdown-new-styling\">\n<p data-start=\"124\" data-end=\"335\"><strong data-start=\"124\" data-end=\"335\">Ma\u00f1ana continuaremos refrescando y actualizando las informaciones relacionadas con los graves delitos cometidos por el pr\u00f3fugo de la justicia Jos\u00e9 Luis Parada, en detrimento de PDVSA y del Estado venezolano.<\/strong><\/p>\n<p data-start=\"337\" data-end=\"505\">Cuando revisamos minuciosamente internet, comprobamos que el periodista Ricardo Guanipa ha publicado los mejores reportajes sobre este y otros temas vinculados a PDVSA.<\/p>\n<p data-start=\"507\" data-end=\"822\">No me une ning\u00fan lazo amistoso con Guanipa, ni siquiera lo conozco personalmente, pero sus investigaciones est\u00e1n elaboradas en estricto apego a las normas \u00e9ticas que rigen el periodismo, y su metodolog\u00eda de investigaci\u00f3n period\u00edstica responde al m\u00e9todo cient\u00edfico: sistem\u00e1tico, riguroso y verificable en los hechos.<\/p>\n<p data-start=\"824\" data-end=\"1030\">Otro punto que lo convierte en una fuente de consulta segura es que, con el paso de los a\u00f1os, sus publicaciones permanecen inmutables en internet, lo que demuestra que no responde a intereses cremat\u00edsticos.<\/p>\n<p data-start=\"1032\" data-end=\"1166\">Su ejercicio period\u00edstico es impecable. La ant\u00edtesis de las pr\u00e1cticas que llevan a cabo las mafias que operan en el sur de la Florida.<\/p>\n<hr data-start=\"1168\" data-end=\"1171\" \/>\n<p data-start=\"1173\" data-end=\"1187\" data-is-last-node=\"\" data-is-only-node=\"\"><strong data-start=\"1173\" data-end=\"1187\" data-is-last-node=\"\">EL VILLANO<\/strong><\/p>\n<\/div>\n<\/div>\n<\/div>\n<\/div>\n<div class=\"z-0 flex min-h-[46px] justify-start\"><a href=\"https:\/\/nuevaprensaamerica.com\/wp-content\/uploads\/2025\/10\/photo_2025-10-28_08-45-44.jpg\"><img loading=\"lazy\" decoding=\"async\" class=\"aligncenter size-full wp-image-98452\" src=\"https:\/\/nuevaprensaamerica.com\/wp-content\/uploads\/2025\/10\/photo_2025-10-28_08-45-44.jpg\" alt=\"\" width=\"516\" height=\"387\" \/><\/a><\/div>\n<\/div>\n<\/div>\n<\/article>\n<div><\/div>\n<div>\n<article class=\"text-token-text-primary w-full focus:outline-none [--shadow-height:45px] has-data-writing-block:pointer-events-none has-data-writing-block:-mt-(--shadow-height) has-data-writing-block:pt-(--shadow-height) [&amp;:has([data-writing-block])&gt;*]:pointer-events-auto [content-visibility:auto] supports-[content-visibility:auto]:[contain-intrinsic-size:auto_100lvh] scroll-mt-[calc(var(--header-height)+min(200px,max(70px,20svh)))]\" dir=\"auto\" tabindex=\"-1\" data-turn-id=\"request-WEB:6e8e522e-5ca0-409b-b8aa-8c268de70da1-6\" data-testid=\"conversation-turn-14\" data-scroll-anchor=\"true\" data-turn=\"assistant\">\n<div class=\"text-base my-auto mx-auto pb-10 [--thread-content-margin:--spacing(4)] thread-sm:[--thread-content-margin:--spacing(6)] thread-lg:[--thread-content-margin:--spacing(16)] px-(--thread-content-margin)\">\n<div class=\"[--thread-content-max-width:40rem] thread-lg:[--thread-content-max-width:48rem] mx-auto max-w-(--thread-content-max-width) flex-1 group\/turn-messages focus-visible:outline-hidden relative flex w-full min-w-0 flex-col agent-turn\" tabindex=\"-1\">\n<div class=\"flex max-w-full flex-col grow\">\n<div class=\"min-h-8 text-message relative flex w-full flex-col items-end gap-2 text-start break-words whitespace-normal [.text-message+&amp;]:mt-1\" dir=\"auto\" data-message-author-role=\"assistant\" data-message-id=\"29ab24db-db00-4838-b391-16e8ae89fab9\" data-message-model-slug=\"gpt-5\">\n<div class=\"flex w-full flex-col gap-1 empty:hidden first:pt-[1px]\">\n<div class=\"markdown prose dark:prose-invert w-full break-words light markdown-new-styling\">\n<p data-start=\"137\" data-end=\"421\"><strong data-start=\"137\" data-end=\"198\">Form\u00e9 parte de la Promoci\u00f3n de Agentes de la DISIP 01-90.<\/strong> El Director General de dicha instituci\u00f3n era <strong data-start=\"244\" data-end=\"267\">Pedro Torres Agudo.<\/strong> Fue de las \u00faltimas promociones que egresaron de la Academia, cuando a\u00fan funcionaba en la sede de Campo Alegre. Posteriormente, la mudaron al Helicoide.<\/p>\n<p data-start=\"423\" data-end=\"731\">Est\u00e1bamos completamente hacinados: ten\u00edamos all\u00ed las tres \u201ccuadras\u201d para los cadetes, comedor, barber\u00eda, aulas y oficinas. Las mismas aulas eran empleadas en las noches para un \u201cparasistema\u201d, donde los funcionarios que a\u00fan no se hab\u00edan graduado de bachilleres pudieran continuar sus estudios y concluirlos.<\/p>\n<p data-start=\"733\" data-end=\"1274\">Deb\u00ed abandonar los estudios de Derecho, que retom\u00e9 pocos a\u00f1os despu\u00e9s, tan pronto ingres\u00e9 a la Academia. \u00c9ramos aproximadamente 80 alumnos (entre ellos, menos de 10 mujeres). Est\u00e1bamos compuestos por funcionarios administrativos, funcionarios regionales, funcionarios de seguridad interna y algunos pocos, como yo, que hab\u00edamos iniciado estudios universitarios y no ten\u00edamos ninguna experiencia previa en ninguna instituci\u00f3n policial. Dentro del grupo tambi\u00e9n hab\u00eda exfuncionarios de la extinta Polic\u00eda Metropolitana y polic\u00edas regionales.<\/p>\n<hr data-start=\"1276\" data-end=\"1279\" \/>\n<p data-start=\"1281\" data-end=\"1297\" data-is-last-node=\"\" data-is-only-node=\"\"><strong data-start=\"1281\" data-end=\"1297\" data-is-last-node=\"\">CONVOCATORIA<\/strong><\/p>\n<\/div>\n<\/div>\n<\/div>\n<\/div>\n<div class=\"z-0 flex min-h-[46px] justify-start\"><a href=\"https:\/\/nuevaprensaamerica.com\/wp-content\/uploads\/2025\/10\/photo_2025-10-28_08-46-33.jpg\"><img loading=\"lazy\" decoding=\"async\" class=\"aligncenter size-full wp-image-98456\" src=\"https:\/\/nuevaprensaamerica.com\/wp-content\/uploads\/2025\/10\/photo_2025-10-28_08-46-33.jpg\" alt=\"\" width=\"415\" height=\"257\" \/><\/a><\/div>\n<\/div>\n<\/div>\n<\/article>\n<\/div>\n<div><\/div>\n<div><\/div>\n<div>\n<p data-start=\"142\" data-end=\"624\">Nos convocaron un d\u00eda domingo, y las actividades acad\u00e9micas iniciaban al d\u00eda siguiente. Ese d\u00eda nos asignaban litera, locker, s\u00e1banas, mantas, una gorra y un par de botas militares. Previamente, nos hab\u00edan entregado una lista de art\u00edculos que deb\u00edamos disponer cada uno al momento del ingreso: tres jeans, tres franelas azules de algod\u00f3n, medias blancas deportivas, pantalones cortos azules (para deportes), zapatos deportivos, alguna chaqueta oscura y art\u00edculos de aseo personal.<\/p>\n<p data-start=\"626\" data-end=\"799\">Mi madre, una vez m\u00e1s, hizo un gran esfuerzo y me entreg\u00f3 el dinero necesario para comprar mi \u201ccanastilla\u201d en una sucursal de la \u201cQuinta Leonor\u201d, ubicada cerca de mi casa.<\/p>\n<p data-start=\"801\" data-end=\"1162\">La gran mayor\u00eda de los alumnos proven\u00edan de los estratos sociales y econ\u00f3micos m\u00e1s bajos. Los que eran de clase media eran mal vistos, sometidos a <em data-start=\"948\" data-end=\"958\">bullying<\/em> y obligados a renunciar y abandonar. Durante seis meses soport\u00e9 el acoso en contra del \u201cburguesito del Para\u00edso\u201d, en referencia a la zona donde resid\u00eda en Caracas. \u00bfY cu\u00e1l fue mi respuesta? Resiliencia.<\/p>\n<p data-start=\"1164\" data-end=\"1675\">Al terminar, fui el primero en orden de m\u00e9ritos de dicha promoci\u00f3n. Me toc\u00f3 escribir y leer, ante el p\u00fablico asistente al acto de graduaci\u00f3n, el discurso en representaci\u00f3n de mis compa\u00f1eros. Se lo dediqu\u00e9 a nuestros instructores del \u201cGrupo de Intervenci\u00f3n\u201d, que hab\u00edan sido disminuidos a su m\u00ednima expresi\u00f3n luego del cambio de gobierno y como consecuencia del esc\u00e1ndalo generado en la opini\u00f3n p\u00fablica nacional e internacional por los supuestos enfrentamientos con guerrilleros en El Amparo y los \u201camparitos\u201d.<\/p>\n<p data-start=\"1677\" data-end=\"2362\">Torres Agudo ten\u00eda una pol\u00edtica: los cinco primeros \u2014en orden de m\u00e9rito\u2014 pod\u00edan decidir a cu\u00e1l divisi\u00f3n integrarse. Yo ten\u00eda claro que quer\u00eda trabajar en la Direcci\u00f3n de Inteligencia. El organigrama interno de la DISIP era como dos instituciones bajo un mando \u00fanico: la Direcci\u00f3n General de Inteligencia (inteligencia interior, exterior, b\u00fasqueda y seguimiento, operaciones t\u00e9cnicas, contrainteligencia, inteligencia financiera, an\u00e1lisis de inteligencia y telefon\u00eda) y la Direcci\u00f3n de Polic\u00eda General, conformada por todos aquellos que trabajaban de manera abierta, p\u00fablica y plenamente identificados (patrullaje vehicular y motorizados, explosivos, comandos, investigaciones, etc.).<\/p>\n<p data-start=\"2364\" data-end=\"2613\">Yo decid\u00ed incorporarme a la Direcci\u00f3n de Operaciones T\u00e9cnicas, cuyo jefe en ese momento era el Comisario \u201cMitchell\u201d Homero S\u00e1nchez Araujo, quien creo que a\u00fan permanece preso por su participaci\u00f3n en la muerte de la joven estudiante Eslaida V\u00e1squez.<\/p>\n<p data-start=\"153\" data-end=\"249\"><span style=\"color: #008080;\"><strong data-start=\"153\" data-end=\"247\">\u201c30 a\u00f1os de c\u00e1rcel para exfuncionario de la DISIP por la muerte de una estudiante en 1973\u201d<\/strong><\/span><\/p>\n<p data-start=\"251\" data-end=\"654\"><span style=\"color: #008080;\"><strong data-start=\"251\" data-end=\"276\">(Nota de prensa MP).\u2013<\/strong> Ante la contundencia de la acusaci\u00f3n presentada por el Ministerio P\u00fablico, fue condenado a 30 a\u00f1os de prisi\u00f3n el comisario general jubilado de la extinta Direcci\u00f3n General de Polic\u00eda (DISIP), <strong data-start=\"469\" data-end=\"499\">Homero S\u00e1nchez Araujo (64)<\/strong>, por su responsabilidad en la muerte de la joven estudiante <strong data-start=\"560\" data-end=\"579\">Eslaida V\u00e1squez<\/strong>, ocurrida el <strong data-start=\"593\" data-end=\"616\">29 de julio de 1973<\/strong>, en <strong data-start=\"621\" data-end=\"651\">Tinaquillo, estado Cojedes<\/strong>.<\/span><\/p>\n<p data-start=\"656\" data-end=\"1062\"><span style=\"color: #008080;\">Durante el juicio oral y p\u00fablico, los fiscales nacionales 39\u00ba (auxiliar) y 80\u00ba, <strong data-start=\"736\" data-end=\"794\">Juan Carlos Tabares, H\u00e9ctor Alvarado y Elvis Rodr\u00edguez<\/strong>, respectivamente, ratificaron la acusaci\u00f3n contra el sexagenario por los delitos de <strong data-start=\"879\" data-end=\"935\">homicidio calificado con alevos\u00eda y por motivo f\u00fatil<\/strong>, <strong data-start=\"937\" data-end=\"1021\">quebrantamiento de pactos y convenios internacionales suscritos por la Rep\u00fablica<\/strong>, y <strong data-start=\"1025\" data-end=\"1059\">uso indebido de arma de guerra<\/strong>.<\/span><\/p>\n<p data-start=\"1064\" data-end=\"1317\"><span style=\"color: #008080;\">Una vez evaluadas las pruebas presentadas por los representantes del Ministerio P\u00fablico, el <strong data-start=\"1156\" data-end=\"1192\">Tribunal 2\u00ba de Juicio de Cojedes<\/strong> dict\u00f3 la referida condena contra el comisario general, quien permanecer\u00e1 recluido en el <strong data-start=\"1281\" data-end=\"1314\">Internado Judicial de Barinas<\/strong>.<\/span><\/p>\n<p data-start=\"1319\" data-end=\"1546\"><span style=\"color: #008080;\">En julio de 1973, <strong data-start=\"1337\" data-end=\"1355\">S\u00e1nchez Araujo<\/strong>, acompa\u00f1ado de funcionarios de la DISIP, se present\u00f3 en la residencia de <strong data-start=\"1429\" data-end=\"1440\">V\u00e1squez<\/strong>, ubicada en Tinaquillo, y <strong data-start=\"1467\" data-end=\"1543\">le dispar\u00f3 sin mediar palabras, caus\u00e1ndole la muerte de manera inmediata<\/strong>.<\/span><\/p>\n<p data-start=\"1548\" data-end=\"1857\"><span style=\"color: #008080;\">Luego de varios procedimientos coordinados por el Ministerio P\u00fablico, el exfuncionario fue detenido por efectivos de la <strong data-start=\"1668\" data-end=\"1700\">Guardia Nacional Bolivariana<\/strong> el <strong data-start=\"1704\" data-end=\"1727\">1\u00ba de marzo de 2013<\/strong>, en los <strong data-start=\"1736\" data-end=\"1770\">Valles del Tuy, estado Miranda<\/strong>, ante la orden de aprehensi\u00f3n acordada por el <strong data-start=\"1817\" data-end=\"1854\">Tribunal 1\u00b0 de Control de Cojedes<\/strong>.<\/span><\/p>\n<article class=\"text-token-text-primary w-full focus:outline-none [--shadow-height:45px] has-data-writing-block:pointer-events-none has-data-writing-block:-mt-(--shadow-height) has-data-writing-block:pt-(--shadow-height) [&amp;:has([data-writing-block])&gt;*]:pointer-events-auto [content-visibility:auto] supports-[content-visibility:auto]:[contain-intrinsic-size:auto_100lvh] scroll-mt-[calc(var(--header-height)+min(200px,max(70px,20svh)))]\" dir=\"auto\" tabindex=\"-1\" data-turn-id=\"request-WEB:6e8e522e-5ca0-409b-b8aa-8c268de70da1-9\" data-testid=\"conversation-turn-20\" data-scroll-anchor=\"true\" data-turn=\"assistant\">\n<div class=\"text-base my-auto mx-auto pb-10 [--thread-content-margin:--spacing(4)] thread-sm:[--thread-content-margin:--spacing(6)] thread-lg:[--thread-content-margin:--spacing(16)] px-(--thread-content-margin)\">\n<div class=\"[--thread-content-max-width:40rem] thread-lg:[--thread-content-max-width:48rem] mx-auto max-w-(--thread-content-max-width) flex-1 group\/turn-messages focus-visible:outline-hidden relative flex w-full min-w-0 flex-col agent-turn\" tabindex=\"-1\">\n<div class=\"flex max-w-full flex-col grow\">\n<div class=\"min-h-8 text-message relative flex w-full flex-col items-end gap-2 text-start break-words whitespace-normal [.text-message+&amp;]:mt-1\" dir=\"auto\" data-message-author-role=\"assistant\" data-message-id=\"326846ad-f5b7-4143-b95a-c8ba8d2beab3\" data-message-model-slug=\"gpt-5\">\n<div class=\"flex w-full flex-col gap-1 empty:hidden first:pt-[1px]\">\n<div class=\"markdown prose dark:prose-invert w-full break-words light markdown-new-styling\">\n<p data-start=\"139\" data-end=\"325\">Es oportuno destacar que este es uno de los casos investigados por el Ministerio P\u00fablico, relacionados con las violaciones de derechos humanos ocurridas entre los a\u00f1os <strong data-start=\"307\" data-end=\"322\">1958 y 1998<\/strong>.<\/p>\n<p data-start=\"327\" data-end=\"819\">Vale recordar que la <strong data-start=\"348\" data-end=\"401\">fiscal general de la Rep\u00fablica, Luisa Ortega D\u00edaz<\/strong>, constituy\u00f3 una comisi\u00f3n dirigida por la <strong data-start=\"443\" data-end=\"542\">directora de Protecci\u00f3n de Derechos Fundamentales del Ministerio P\u00fablico, Mar\u00eda Mercedes Berth\u00e9<\/strong>, y conformada por fiscales de esa dependencia, asesores y expertos de la <strong data-start=\"616\" data-end=\"678\">Direcci\u00f3n de Asesor\u00eda T\u00e9cnico-Cient\u00edfica e Investigaciones<\/strong> y de la <strong data-start=\"687\" data-end=\"760\">Unidad Criminal\u00edstica contra la Vulneraci\u00f3n de Derechos Fundamentales<\/strong>, quienes fortalecen las investigaciones en dichos casos.<\/p>\n<p data-start=\"327\" data-end=\"819\"><a href=\"https:\/\/nuevaprensaamerica.com\/wp-content\/uploads\/2025\/10\/photo_2025-10-28_08-48-45.jpg\"><img loading=\"lazy\" decoding=\"async\" class=\"aligncenter size-full wp-image-98462\" src=\"https:\/\/nuevaprensaamerica.com\/wp-content\/uploads\/2025\/10\/photo_2025-10-28_08-48-45.jpg\" alt=\"\" width=\"300\" height=\"400\" \/><\/a><\/p>\n<\/div>\n<p data-start=\"140\" data-end=\"641\">La inteligencia interior estaba mayoritariamente controlada y dirigida por los llamados <strong data-start=\"228\" data-end=\"242\">\u201cdoblados\u201d<\/strong>. Exguerrilleros de distintos movimientos de izquierda (<strong data-start=\"298\" data-end=\"358\">Bandera Roja, Punto Cero, Tercer Camino, Liga Socialista<\/strong>, etc.) que hab\u00edan participado en la llamada <strong data-start=\"403\" data-end=\"432\">lucha armada o guerrillas<\/strong> (sabotajes, colocaci\u00f3n de explosivos, secuestros, asaltos a bancos, homicidios, etc.) y posteriormente hab\u00edan sido reclutados, despu\u00e9s de traicionar a sus compa\u00f1eros. Algunos, incluso, formados en <strong data-start=\"630\" data-end=\"638\">Cuba<\/strong>.<\/p>\n<p data-start=\"132\" data-end=\"423\">Ser\u00eda interesante que <strong data-start=\"154\" data-end=\"166\">Diosdado<\/strong> le aclarara a su audiencia por qu\u00e9 el hoy condenado <strong data-start=\"219\" data-end=\"244\">Homero S\u00e1nchez Araujo<\/strong> trabaj\u00f3 para el gobierno de <strong data-start=\"273\" data-end=\"288\">Hugo Ch\u00e1vez<\/strong> al principio de su gesti\u00f3n, as\u00ed como por qu\u00e9 y para qu\u00e9 lo enviaron a <strong data-start=\"359\" data-end=\"367\">Cuba<\/strong> para recibir un curso de actualizaci\u00f3n con el <strong data-start=\"414\" data-end=\"420\">G2<\/strong>.<\/p>\n<p data-start=\"425\" data-end=\"875\">Tambi\u00e9n ser\u00eda bueno que reconociera ante los venezolanos que uno de los primeros actos de gobierno de <strong data-start=\"527\" data-end=\"544\">Nelson Moreno<\/strong> (el de la mandarina en el <strong data-start=\"571\" data-end=\"586\">Paseo Col\u00f3n<\/strong>), cuando asumi\u00f3 el cargo de alcalde y design\u00f3 a <strong data-start=\"635\" data-end=\"654\">Antonio Brice\u00f1o<\/strong> y <strong data-start=\"657\" data-end=\"680\">Emilio Guzm\u00e1n Rojas<\/strong> al frente de la <strong data-start=\"697\" data-end=\"750\">Polic\u00eda Municipal de Puerto La Cruz (POLISOTILLO)<\/strong>, fue aprobar la realizaci\u00f3n de un curso que les dict\u00f3 <strong data-start=\"805\" data-end=\"826\">Henry L\u00f3pez Sisco<\/strong> personalmente en la sede de dicha instituci\u00f3n.<\/p>\n<p data-start=\"137\" data-end=\"588\">En su gran mayor\u00eda, este grupo de comisarios se identific\u00f3 luego con el <strong data-start=\"209\" data-end=\"220\">MBR-200<\/strong> y hasta particip\u00f3 en las dos intentonas golpistas. El presidente <strong data-start=\"286\" data-end=\"309\">Carlos Andr\u00e9s P\u00e9rez<\/strong> se cre\u00eda un l\u00edder mundial y estaba seguro de que el pueblo lo amaba, por lo que \u2014seg\u00fan \u00e9l\u2014 ninguna conspiraci\u00f3n en su contra prosperar\u00eda. P\u00fablica y privadamente, P\u00e9rez insist\u00eda en que la izquierda armada hab\u00eda desaparecido y que dentro de las <strong data-start=\"553\" data-end=\"560\">FAN<\/strong> \u201ctodo estaba controlado\u201d.<\/p>\n<p data-start=\"590\" data-end=\"1174\">En esos d\u00edas, mencionar, tener alguna relaci\u00f3n, v\u00ednculo y, lo que era peor, recomendaci\u00f3n de <strong data-start=\"683\" data-end=\"704\">Henry L\u00f3pez Sisco<\/strong> pod\u00eda hacer que te expulsaran de la <strong data-start=\"741\" data-end=\"750\">DISIP<\/strong>. Mis padres ten\u00edan una cercana relaci\u00f3n amistosa y pr\u00e1cticamente familiar con su hermano <strong data-start=\"840\" data-end=\"862\">Freddy L\u00f3pez Sisco<\/strong>. Hab\u00edan pertenecido al grupo fundador del partido <strong data-start=\"913\" data-end=\"920\">FDP<\/strong>. Precisamente esa cercan\u00eda y admiraci\u00f3n fue la que me condujo a tomar la decisi\u00f3n de formar parte de la DISIP. En futuras entregas les revelar\u00e9 sucesos hist\u00f3ricos que me toc\u00f3 presenciar personalmente durante el tiempo que <strong data-start=\"1143\" data-end=\"1158\">L\u00f3pez Sisco<\/strong> estuvo preso.<\/p>\n<p data-start=\"1176\" data-end=\"1502\">Llegu\u00e9 solo, nadie me llev\u00f3. El \u00fanico apoyo que recib\u00ed me lo dio el comisario y piloto <strong data-start=\"1263\" data-end=\"1303\">Miguel Eduardo Poleo Palacios (QEPD)<\/strong>, cuyo padre fue propietario de los mejores restaurantes de carne de Caracas, a los cuales bautiz\u00f3 con los nombres de sus caballos de paso fino campeones: <strong data-start=\"1458\" data-end=\"1494\">El Alaz\u00e1n, El Paso, El Campanero<\/strong>, etc.<\/p>\n<p data-start=\"1176\" data-end=\"1502\"><a href=\"https:\/\/nuevaprensaamerica.com\/wp-content\/uploads\/2025\/10\/photo_2025-10-28_08-53-52.jpg\"><img loading=\"lazy\" decoding=\"async\" class=\"aligncenter size-full wp-image-98467\" src=\"https:\/\/nuevaprensaamerica.com\/wp-content\/uploads\/2025\/10\/photo_2025-10-28_08-53-52.jpg\" alt=\"\" width=\"447\" height=\"447\" \/><\/a><\/p>\n<\/div>\n<figure id=\"attachment_98469\" aria-describedby=\"caption-attachment-98469\" style=\"width: 719px\" class=\"wp-caption aligncenter\"><a href=\"https:\/\/nuevaprensaamerica.com\/wp-content\/uploads\/2025\/10\/photo_2025-10-28_08-54-09.jpg\"><img loading=\"lazy\" decoding=\"async\" class=\"size-full wp-image-98469\" src=\"https:\/\/nuevaprensaamerica.com\/wp-content\/uploads\/2025\/10\/photo_2025-10-28_08-54-09.jpg\" alt=\"\" width=\"719\" height=\"718\" \/><\/a><figcaption id=\"caption-attachment-98469\" class=\"wp-caption-text\">Comisario General y piloto Miguel Eduardo Poleo Palacios (Q. E. P. D.)<\/figcaption><\/figure>\n<article class=\"text-token-text-primary w-full focus:outline-none [--shadow-height:45px] has-data-writing-block:pointer-events-none has-data-writing-block:-mt-(--shadow-height) has-data-writing-block:pt-(--shadow-height) [&amp;:has([data-writing-block])&gt;*]:pointer-events-auto [content-visibility:auto] supports-[content-visibility:auto]:[contain-intrinsic-size:auto_100lvh] scroll-mt-[calc(var(--header-height)+min(200px,max(70px,20svh)))]\" dir=\"auto\" tabindex=\"-1\" data-turn-id=\"request-WEB:4d7ea1a6-586a-4411-9a2a-ca939c976b65-2\" data-testid=\"conversation-turn-6\" data-scroll-anchor=\"true\" data-turn=\"assistant\">\n<div class=\"text-base my-auto mx-auto pb-10 [--thread-content-margin:--spacing(4)] thread-sm:[--thread-content-margin:--spacing(6)] thread-lg:[--thread-content-margin:--spacing(16)] px-(--thread-content-margin)\">\n<div class=\"[--thread-content-max-width:40rem] thread-lg:[--thread-content-max-width:48rem] mx-auto max-w-(--thread-content-max-width) flex-1 group\/turn-messages focus-visible:outline-hidden relative flex w-full min-w-0 flex-col agent-turn\" tabindex=\"-1\">\n<div class=\"flex max-w-full flex-col grow\">\n<div class=\"min-h-8 text-message relative flex w-full flex-col items-end gap-2 text-start break-words whitespace-normal [.text-message+&amp;]:mt-1\" dir=\"auto\" data-message-author-role=\"assistant\" data-message-id=\"1e685aab-4f5b-437c-aeff-af1aa43365f5\" data-message-model-slug=\"gpt-5\">\n<div class=\"flex w-full flex-col gap-1 empty:hidden first:pt-[1px]\">\n<div class=\"markdown prose dark:prose-invert w-full break-words light markdown-new-styling\">\n<p data-start=\"0\" data-end=\"448\" data-is-last-node=\"\" data-is-only-node=\"\">Nuestro \u201ccomando\u201d era una \u201cbase de inteligencia\u201d que funcionaba en una quinta ubicada en la parte alta de la urbanizaci\u00f3n Altamira, tan secreta que estaba situada exactamente frente a la casa del banquero Carlos Bern\u00e1rdez. Cuando Henry L\u00f3pez acud\u00eda a reunirse para coordinar las acciones de guerra sucia en contra de Orlando Castro, por el control accionario del Banco de Venezuela, nos saludaba desde la sala, pues sab\u00eda que lo est\u00e1bamos espiando.<\/p>\n<\/div>\n<\/div>\n<\/div>\n<\/div>\n<div class=\"z-0 flex min-h-[46px] justify-start\">\n<article class=\"text-token-text-primary w-full focus:outline-none [--shadow-height:45px] has-data-writing-block:pointer-events-none has-data-writing-block:-mt-(--shadow-height) has-data-writing-block:pt-(--shadow-height) [&amp;:has([data-writing-block])&gt;*]:pointer-events-auto [content-visibility:auto] supports-[content-visibility:auto]:[contain-intrinsic-size:auto_100lvh] scroll-mt-[calc(var(--header-height)+min(200px,max(70px,20svh)))]\" dir=\"auto\" tabindex=\"-1\" data-turn-id=\"request-WEB:4d7ea1a6-586a-4411-9a2a-ca939c976b65-3\" data-testid=\"conversation-turn-8\" data-scroll-anchor=\"true\" data-turn=\"assistant\">\n<div class=\"text-base my-auto mx-auto pb-10 [--thread-content-margin:--spacing(4)] thread-sm:[--thread-content-margin:--spacing(6)] thread-lg:[--thread-content-margin:--spacing(16)] px-(--thread-content-margin)\">\n<div class=\"[--thread-content-max-width:40rem] thread-lg:[--thread-content-max-width:48rem] mx-auto max-w-(--thread-content-max-width) flex-1 group\/turn-messages focus-visible:outline-hidden relative flex w-full min-w-0 flex-col agent-turn\" tabindex=\"-1\">\n<div class=\"flex max-w-full flex-col grow\">\n<div class=\"min-h-8 text-message relative flex w-full flex-col items-end gap-2 text-start break-words whitespace-normal [.text-message+&amp;]:mt-1\" dir=\"auto\" data-message-author-role=\"assistant\" data-message-id=\"543ae21b-165c-4ba2-bfee-49faee287adc\" data-message-model-slug=\"gpt-5\">\n<div class=\"flex w-full flex-col gap-1 empty:hidden first:pt-[1px]\">\n<div class=\"markdown prose dark:prose-invert w-full break-words light markdown-new-styling\">\n<p data-start=\"0\" data-end=\"598\">En la base laboraba junto a nosotros un funcionario al que todos identific\u00e1bamos \u00fanicamente con el alias de \u201cMartell\u201d (como el brandy). Su nombre real es Itamar Ram\u00edrez. Su sueldo quincenal le llegaba en un sobre y en efectivo. No ten\u00eda credenciales de la DISIP; portaba unas de la Polic\u00eda Metropolitana de Caracas. Se hab\u00eda especializado en el manejo de un veh\u00edculo \u201cespecial\u201d que ten\u00edamos, dotado de tecnolog\u00eda para tomar fotograf\u00edas sin ser detectado, escuchar y grabar conversaciones telef\u00f3nicas en el sitio donde estuviera ubicado, y todo cuanto se hablara dentro de un inmueble determinado.<\/p>\n<p data-start=\"600\" data-end=\"812\">\u201cMartell\u201d viv\u00eda all\u00ed, y los fines de semana viajaba al interior para pasarlos junto a su familia. Al final del d\u00eda se duchaba, cambiaba de ropa y sal\u00eda a trabajar en un taxi de su propiedad hasta la medianoche.<\/p>\n<p data-start=\"814\" data-end=\"1057\">Conmigo se comport\u00f3 siempre como un caballero. No dud\u00f3 ni un segundo cuando me tom\u00e9 el atrevimiento de pedirle prestado \u2014mi primer d\u00eda de trabajo\u2014 dinero para comprar mi primer portacredenciales y la primera funda para mi arma de reglamento.<\/p>\n<p data-start=\"1059\" data-end=\"1486\" data-is-last-node=\"\" data-is-only-node=\"\">Yo no entend\u00eda su situaci\u00f3n y empec\u00e9 a indagar con el paso del tiempo. No comprend\u00eda por qu\u00e9 repudiaba tanto a L\u00f3pez Sisco. Me contaron que hab\u00eda pagado una condena de casi 10 a\u00f1os en la desaparecida C\u00e1rcel Modelo de Caracas. La \u00fanica bebida alcoh\u00f3lica que a veces consum\u00eda era brandy Martell y, para mantenerse sano, se dedic\u00f3 al levantamiento de pesas durante su condena, lo que lo llev\u00f3 a desarrollar notablemente su cuerpo.<\/p>\n<\/div>\n<\/div>\n<\/div>\n<\/div>\n<div class=\"z-0 flex min-h-[46px] justify-start\"><\/div>\n<\/div>\n<\/div>\n<\/article>\n<div class=\"pointer-events-none h-px w-px\" aria-hidden=\"true\" data-edge=\"true\">\n<figure id=\"attachment_98473\" aria-describedby=\"caption-attachment-98473\" style=\"width: 259px\" class=\"wp-caption aligncenter\"><a href=\"https:\/\/nuevaprensaamerica.com\/wp-content\/uploads\/2025\/10\/photo_2025-10-28_09-03-21.jpg\"><img loading=\"lazy\" decoding=\"async\" class=\"size-full wp-image-98473\" src=\"https:\/\/nuevaprensaamerica.com\/wp-content\/uploads\/2025\/10\/photo_2025-10-28_09-03-21.jpg\" alt=\"\" width=\"259\" height=\"141\" \/><\/a><figcaption id=\"caption-attachment-98473\" class=\"wp-caption-text\">Carcel Modelo Caracas<\/figcaption><\/figure>\n<article class=\"text-token-text-primary w-full focus:outline-none [--shadow-height:45px] has-data-writing-block:pointer-events-none has-data-writing-block:-mt-(--shadow-height) has-data-writing-block:pt-(--shadow-height) [&amp;:has([data-writing-block])&gt;*]:pointer-events-auto [content-visibility:auto] supports-[content-visibility:auto]:[contain-intrinsic-size:auto_100lvh] scroll-mt-[calc(var(--header-height)+min(200px,max(70px,20svh)))]\" dir=\"auto\" tabindex=\"-1\" data-turn-id=\"request-WEB:4d7ea1a6-586a-4411-9a2a-ca939c976b65-4\" data-testid=\"conversation-turn-10\" data-scroll-anchor=\"true\" data-turn=\"assistant\">\n<div class=\"text-base my-auto mx-auto pb-10 [--thread-content-margin:--spacing(4)] thread-sm:[--thread-content-margin:--spacing(6)] thread-lg:[--thread-content-margin:--spacing(16)] px-(--thread-content-margin)\">\n<div class=\"[--thread-content-max-width:40rem] thread-lg:[--thread-content-max-width:48rem] mx-auto max-w-(--thread-content-max-width) flex-1 group\/turn-messages focus-visible:outline-hidden relative flex w-full min-w-0 flex-col agent-turn\" tabindex=\"-1\">\n<div class=\"flex max-w-full flex-col grow\">\n<div class=\"min-h-8 text-message relative flex w-full flex-col items-end gap-2 text-start break-words whitespace-normal [.text-message+&amp;]:mt-1\" dir=\"auto\" data-message-author-role=\"assistant\" data-message-id=\"f7b1fdc0-fda5-4843-9b52-09af70e9cff1\" data-message-model-slug=\"gpt-5\">\n<div class=\"flex w-full flex-col gap-1 empty:hidden first:pt-[1px]\">\n<div class=\"markdown prose dark:prose-invert w-full break-words light markdown-new-styling\">\n<p data-start=\"0\" data-end=\"59\">Ahora bien, \u00bfcu\u00e1l era su historia? \u00bfPor qu\u00e9 estuvo preso?<\/p>\n<p data-start=\"61\" data-end=\"91\">As\u00ed me lo contaron entonces:<\/p>\n<p data-start=\"93\" data-end=\"403\">\u201cLa DISIP hab\u00eda detenido el 23 de julio de 1976 a Jorge Antonio Rodr\u00edguez, fundador de la Liga Socialista, por su participaci\u00f3n en el secuestro de William Frank Niehous, y lo traslad\u00f3 a una celda en la sede de la polic\u00eda pol\u00edtica, ubicada en la urbanizaci\u00f3n Los Chaguaramos, edificio Las Brisas, en Caracas.\u201d<\/p>\n<p data-start=\"405\" data-end=\"547\">\u201cL\u00f3pez Sisco se present\u00f3 en las celdas y sostuvo una discusi\u00f3n verbal con Rodr\u00edguez, quien lo ret\u00f3 a enfrentarse a golpes como dos varones.\u201d<\/p>\n<p data-start=\"549\" data-end=\"716\">\u201cL\u00f3pez Sisco acept\u00f3 el reto e ingres\u00f3 a la celda, donde Rodr\u00edguez \u2014quien practicaba judo\u2014 le propin\u00f3 una paliza. Los funcionarios debieron ingresar para separarlos.\u201d<\/p>\n<p data-start=\"718\" data-end=\"956\">Henry L\u00f3pez no pudo soportar semejante humillaci\u00f3n, por lo que orden\u00f3 a los funcionarios de guardia golpear con rigor exagerado a Rodr\u00edguez. A los funcionarios, encabezados por el propio Henry L\u00f3pez, se les \u2018pas\u00f3 la mano\u2019 y lo mataron.\u201d<\/p>\n<p data-start=\"958\" data-end=\"1121\">\u201cConvencieron a los funcionarios de que nada les pasar\u00eda legalmente. Les ordenaron elaborar la respectiva acta policial para justificar las causas de su muerte.\u201d<\/p>\n<p data-start=\"1123\" data-end=\"1162\" data-is-last-node=\"\" data-is-only-node=\"\">El 25 de julio fue anunciada su muerte.<\/p>\n<\/div>\n<\/div>\n<\/div>\n<\/div>\n<div class=\"z-0 flex min-h-[46px] justify-start\">\n<figure id=\"attachment_98476\" aria-describedby=\"caption-attachment-98476\" style=\"width: 576px\" class=\"wp-caption aligncenter\"><a href=\"https:\/\/nuevaprensaamerica.com\/wp-content\/uploads\/2025\/10\/photo_2025-10-28_09-04-17.jpg\"><img loading=\"lazy\" decoding=\"async\" class=\"size-full wp-image-98476\" src=\"https:\/\/nuevaprensaamerica.com\/wp-content\/uploads\/2025\/10\/photo_2025-10-28_09-04-17.jpg\" alt=\"\" width=\"576\" height=\"477\" \/><\/a><figcaption id=\"caption-attachment-98476\" class=\"wp-caption-text\">Jorge Rodr\u00edguez (padre)<\/figcaption><\/figure>\n<p data-start=\"151\" data-end=\"428\">En 1980, el Juzgado XII Superior condena a 9 a\u00f1os, 6 meses y 15 d\u00edas de prisi\u00f3n a los exfuncionarios de la DISIP Braulio Gudi\u00f1o, Guillermo Zambrano, Itamar Ram\u00edrez y Juan \u00c1lvarez, acusados de torturar y asesinar al dirigente de la Liga Socialista <strong data-start=\"398\" data-end=\"425\">Jorge Rodr\u00edguez (padre)<\/strong>.<\/p>\n<p data-start=\"430\" data-end=\"869\">\u201cPor el asesinato fueron condenados: Juan \u00c1lvarez, alias <em data-start=\"487\" data-end=\"496\">Charles<\/em>, quien era comisario general y ocupaba el cargo de jefe de la Regi\u00f3n Cuatro, con sede en Valencia; Guillermo Jos\u00e9 Zambrano Salazar, alias <em data-start=\"635\" data-end=\"645\">Mosquito<\/em> o <em data-start=\"648\" data-end=\"657\">Guarapo<\/em>, con rango de inspector jefe y destacado en inteligencia interior; Itamar Ram\u00edrez, alias <em data-start=\"747\" data-end=\"756\">Martell<\/em>, inspector jefe miembro de la Brigada Territorial en San Juan de los Morros; y Braulio Enrique Gudi\u00f1o Lacruz.\u201d<\/p>\n<p data-start=\"871\" data-end=\"963\">\u201cSu muerte fue ocasionada por las siguientes causas, seg\u00fan diagn\u00f3stico del m\u00e9dico forense:<\/p>\n<ul data-start=\"965\" data-end=\"1411\">\n<li data-start=\"965\" data-end=\"989\">\n<p data-start=\"967\" data-end=\"989\">Estallido del h\u00edgado<\/p>\n<\/li>\n<li data-start=\"990\" data-end=\"1059\">\n<p data-start=\"992\" data-end=\"1059\">Fractura de la tercera hasta la d\u00e9cima costilla derecha, en total<\/p>\n<\/li>\n<li data-start=\"1060\" data-end=\"1086\">\n<p data-start=\"1062\" data-end=\"1086\">Mordedura de la lengua<\/p>\n<\/li>\n<li data-start=\"1087\" data-end=\"1104\">\n<p data-start=\"1089\" data-end=\"1104\">Hemoperitoneo<\/p>\n<\/li>\n<li data-start=\"1105\" data-end=\"1155\">\n<p data-start=\"1107\" data-end=\"1155\">Hemorragia de la capa del epipl\u00f3n (mesenterio)<\/p>\n<\/li>\n<li data-start=\"1156\" data-end=\"1288\">\n<p data-start=\"1158\" data-end=\"1288\">Equimosis y hematomas del hemit\u00f3rax derecho, desde la piel hasta la serosa peritoneal y los m\u00fasculos intercostales y abdominales<\/p>\n<\/li>\n<li data-start=\"1289\" data-end=\"1348\">\n<p data-start=\"1291\" data-end=\"1348\">Petequias subperic\u00e1rdicas, subpleurales y mediast\u00ednicas<\/p>\n<\/li>\n<li data-start=\"1349\" data-end=\"1411\">\n<p data-start=\"1351\" data-end=\"1411\">Fractura del ment\u00f3n y excoriaciones en mu\u00f1ecas y rodillas\u201d<\/p>\n<\/li>\n<\/ul>\n<p data-start=\"1413\" data-end=\"1755\">La \u00faltima vez que vi a \u201cMartell\u201d fue a principios del segundo gobierno de Rafael Caldera, en el Helicoide. Esperaba su turno para que lo recibiera una junta evaluadora. Le iban a reconocer su antig\u00fcedad, otorgarle la jerarqu\u00eda que le correspond\u00eda y designarlo jefe de una Brigada Territorial. Lo felicit\u00e9 y le di un fuerte apret\u00f3n de manos.<\/p>\n<p data-start=\"1757\" data-end=\"1977\">Por su parte, <strong data-start=\"1771\" data-end=\"1786\">L\u00f3pez Sisco<\/strong> sigue jodiendo, buscando siempre centimetraje para alimentar su adicci\u00f3n al protagonismo. A sus 80 a\u00f1os deber\u00eda estar confinado en una instituci\u00f3n geri\u00e1trica y con asistencia psiqui\u00e1trica.<\/p>\n<p data-start=\"1979\" data-end=\"2264\">Cuando yo fui atacado por los \u201cGuaid\u00f3 Lovers\u201d, Ra\u00fal Gorr\u00edn y Ramiro Helmeyer \u2014quien cre\u00f3 50 p\u00e1ginas en internet para destruirme moral y reputacionalmente\u2014 me dijo:<br data-start=\"2142\" data-end=\"2145\" \/>\u2014\u201cYo soy amigo de Ramiro.\u201d<br data-start=\"2171\" data-end=\"2174\" \/>Le respond\u00ed:<br data-start=\"2186\" data-end=\"2189\" \/>\u2014\u201c\u00a1Qu\u00e9 bolas, no joda! Despu\u00e9s que te cansaste de hablarme mierda de \u00e9l.\u201d<\/p>\n<p data-start=\"2266\" data-end=\"2532\">Posteriormente se molestaron a\u00fan m\u00e1s cuando critiqu\u00e9 p\u00fablicamente la presencia del \u201cnazi\u201d \u00c1rp\u00e1d Bango como asesor de seguridad de Mar\u00eda Corina Machado. Y Henry aspira regresar en pocos d\u00edas, cuando \u201cEdmundo asuma el poder\u201d. <strong data-start=\"2490\" data-end=\"2530\">Preso deber\u00eda estar, por terrorista.<\/strong><\/p>\n<p data-start=\"2534\" data-end=\"2577\">El autor intelectual nunca fue castigado.<\/p>\n<p data-start=\"2579\" data-end=\"2751\">Seg\u00fan se dice, el autor intelectual del asesinato de Jorge Rodr\u00edguez fue, para entonces, el ministro del Interior del gobierno de Carlos Andr\u00e9s P\u00e9rez, <strong data-start=\"2730\" data-end=\"2748\">Octavio Lepage<\/strong>.<\/p>\n<p data-start=\"2753\" data-end=\"2891\">\u00bfPor qu\u00e9 Henry L\u00f3pez Sisco nunca fue mencionado, investigado o imputado por este caso? \u00bfFue mentira lo que me cont\u00f3 el propio \u201cMartell\u201d?<\/p>\n<p data-start=\"2893\" data-end=\"3276\">Aqu\u00ed sucede algo similar a lo que pas\u00f3 con los oficiales de la Guardia Nacional implicados en el <strong data-start=\"2990\" data-end=\"3005\">Caso RECADI<\/strong>: se burlaron de la justicia, no hubo pena ni certeza del castigo, se impuso la impunidad y el sistema los protegi\u00f3. Los mismos oficiales, meses despu\u00e9s, se ven envueltos en la llamada \u201cOperaci\u00f3n Norte\u201d y las \u201centregas controladas\u201d. As\u00ed nace el <strong data-start=\"3250\" data-end=\"3273\">Cartel de los Soles<\/strong>.<\/p>\n<p data-start=\"3278\" data-end=\"3457\">Los supuestos causantes de la muerte de Jorge Rodr\u00edguez fueron condenados y pagaron su pena, aunque los que dieron las \u00f3rdenes se han burlado de la justicia hasta el d\u00eda de hoy.<\/p>\n<p data-start=\"3459\" data-end=\"3755\">Seguramente ese traum\u00e1tico evento marc\u00f3 de tal manera a los hermanos <strong data-start=\"3528\" data-end=\"3555\">Delcy y Jorge Rodr\u00edguez<\/strong> que se convirtieron en los c\u00ednicos y perversos monstruos que vemos ahora. Esas son las consecuencias de las exenciones de condenas en contra de aquellos que violan las leyes dentro de una sociedad.<\/p>\n<p data-start=\"3757\" data-end=\"4126\">\u00bfQu\u00e9 nos espera para las pr\u00f3ximas generaciones y la sed de venganza, despu\u00e9s de que decenas de personas han muerto de forma tan o m\u00e1s siniestra que la de Jorge Rodr\u00edguez, a manos de una dictadura oprobiosa que ha violado de manera desmedida los derechos humanos, donde no existe un registro fidedigno del n\u00famero de v\u00edctimas y en donde muchas muertes quedar\u00e1n impunes?<\/p>\n<p data-start=\"4128\" data-end=\"4163\"><strong data-start=\"4128\" data-end=\"4163\">Tardaremos d\u00e9cadas en curarnos.<\/strong><\/p>\n<p data-start=\"172\" data-end=\"430\">Dejemos algo claro: todos estos hechos son actos de terrorismo cometidos por unos y otros, sin justificaci\u00f3n alguna. Y lo que es peor: estos asesinos pretenden seguirnos gobernando infinitamente, nos exigen silencio c\u00f3mplice y a\u00fan quieren darnos lecciones.<\/p>\n<p data-start=\"432\" data-end=\"543\">Una sociedad enferma y herida en lo m\u00e1s profundo de sus entra\u00f1as. Heridas que tardar\u00e1n d\u00e9cadas en cicatrizar.<\/p>\n<p data-start=\"545\" data-end=\"855\">\u201cCarlos Andr\u00e9s P\u00e9rez hab\u00eda resultado electo para un segundo gobierno. A\u00fan no hab\u00eda tomado posesi\u00f3n. Como sol\u00edan hacerlo los pol\u00edticos en esos d\u00edas, para medir su grado de aceptaci\u00f3n y popularidad, asisti\u00f3 a una corrida de toros en el Nuevo Circo de Caracas. No recuerdo si era la de la PTJ o la de la Prensa.<\/p>\n<p data-start=\"857\" data-end=\"1030\">P\u00e9rez fue vitoreado por los presentes, como si se tratara del emperador C\u00f3modo en el Coliseo romano, luego de imponerse en la arena, donde luchaba junto a los gladiadores.<\/p>\n<p data-start=\"1032\" data-end=\"1391\">S\u00fabitamente hizo acto de presencia la ex Miss Universo Irene S\u00e1ez, quien se acerc\u00f3 al palco del presidente electo, a quien no le dio tiempo de levantarse. Irene le coloc\u00f3 su pelvis lo m\u00e1s cerca posible de la cara de Carlos Andr\u00e9s y le pregunt\u00f3:<br data-start=\"1276\" data-end=\"1279\" \/>\u2014\u201c\u00bfQu\u00e9 cargo le vas a dar a mi hermano Alfredo en tu gobierno?\u201d<br data-start=\"1342\" data-end=\"1345\" \/>\u201cDile que me llame ma\u00f1ana\u201d, respondi\u00f3 P\u00e9rez.<\/p>\n<p data-start=\"1393\" data-end=\"1663\">El general (r) Ra\u00fal Jim\u00e9nez Gainza fue designado como director de la DISIP y Alfredo S\u00e1ez Conde, subdirector. A partir de ese momento se inici\u00f3 una de las etapas m\u00e1s oscuras de la polic\u00eda pol\u00edtica, donde participaron directamente en el tr\u00e1fico internacional de drogas.<\/p>\n<p data-start=\"1665\" data-end=\"2006\">Este nuevo cartel cont\u00f3 con la participaci\u00f3n del periodista Arturo Vilar (asociado a Antonio Ledezma y a los hermanos Gaspard Morell), y empezaron las actividades de narcoterroristas como Ramiro Helmeyer, Alexander del Nogal, Danilo D\u00edazgranados, Ronald Moret, Thor Halvorssen Hellum y el exfuncionario de la DISIP Rafael Iraz\u00e1bal Aular&#8230;<\/p>\n<p data-start=\"2008\" data-end=\"2025\"><strong data-start=\"2008\" data-end=\"2023\">Continuar\u00e1\u2026<\/strong><\/p>\n<p data-start=\"2008\" data-end=\"2025\"><a href=\"https:\/\/nuevaprensaamerica.com\/wp-content\/uploads\/2025\/10\/photo_2025-10-28_09-05-25.jpg\"><img loading=\"lazy\" decoding=\"async\" class=\"aligncenter size-full wp-image-98480\" src=\"https:\/\/nuevaprensaamerica.com\/wp-content\/uploads\/2025\/10\/photo_2025-10-28_09-05-25.jpg\" alt=\"\" width=\"562\" height=\"355\" \/><\/a><\/p>\n<\/div>\n<\/div>\n<\/div>\n<\/article>\n<\/div>\n<\/div>\n<\/div>\n<\/div>\n<\/article>\n<\/div>\n<\/div>\n<div class=\"z-0 flex min-h-[46px] justify-start\"><\/div>\n<\/div>\n<\/div>\n<\/article>\n<\/div>\n","protected":false},"excerpt":{"rendered":"<p>Por Jorge Castro PUNTO PREVIO Ricardo Guanipa: Ma\u00f1ana continuaremos refrescando y actualizando las informaciones relacionadas con los graves delitos cometidos por el pr\u00f3fugo de la [&hellip;]<\/p>\n","protected":false},"author":1,"featured_media":7613,"comment_status":"open","ping_status":"open","sticky":false,"template":"","format":"standard","meta":{"h5ap_radio_sources":[],"_FSMCFIC_featured_image_caption":"","_FSMCFIC_featured_image_nocaption":"","_FSMCFIC_featured_image_hide":"","_jetpack_memberships_contains_paid_content":false,"footnotes":""},"categories":[2],"tags":[],"class_list":["post-7602","post","type-post","status-publish","format-standard","has-post-thumbnail","hentry","category-venezuela"],"aioseo_notices":[],"jetpack_featured_media_url":"https:\/\/nuevaprensaamerica.com\/wp-content\/uploads\/2025\/10\/photo_2025-10-28_09-07-54.jpg","jetpack_sharing_enabled":true,"_links":{"self":[{"href":"https:\/\/nuevaprensaamerica.com\/index.php\/wp-json\/wp\/v2\/posts\/7602","targetHints":{"allow":["GET"]}}],"collection":[{"href":"https:\/\/nuevaprensaamerica.com\/index.php\/wp-json\/wp\/v2\/posts"}],"about":[{"href":"https:\/\/nuevaprensaamerica.com\/index.php\/wp-json\/wp\/v2\/types\/post"}],"author":[{"embeddable":true,"href":"https:\/\/nuevaprensaamerica.com\/index.php\/wp-json\/wp\/v2\/users\/1"}],"replies":[{"embeddable":true,"href":"https:\/\/nuevaprensaamerica.com\/index.php\/wp-json\/wp\/v2\/comments?post=7602"}],"version-history":[{"count":1,"href":"https:\/\/nuevaprensaamerica.com\/index.php\/wp-json\/wp\/v2\/posts\/7602\/revisions"}],"predecessor-version":[{"id":7612,"href":"https:\/\/nuevaprensaamerica.com\/index.php\/wp-json\/wp\/v2\/posts\/7602\/revisions\/7612"}],"wp:featuredmedia":[{"embeddable":true,"href":"https:\/\/nuevaprensaamerica.com\/index.php\/wp-json\/wp\/v2\/media\/7613"}],"wp:attachment":[{"href":"https:\/\/nuevaprensaamerica.com\/index.php\/wp-json\/wp\/v2\/media?parent=7602"}],"wp:term":[{"taxonomy":"category","embeddable":true,"href":"https:\/\/nuevaprensaamerica.com\/index.php\/wp-json\/wp\/v2\/categories?post=7602"},{"taxonomy":"post_tag","embeddable":true,"href":"https:\/\/nuevaprensaamerica.com\/index.php\/wp-json\/wp\/v2\/tags?post=7602"}],"curies":[{"name":"wp","href":"https:\/\/api.w.org\/{rel}","templated":true}]}}