{"id":7684,"date":"2025-10-31T18:32:46","date_gmt":"2025-10-31T18:32:46","guid":{"rendered":"https:\/\/nuevaprensaamerica.com\/?p=7684"},"modified":"2025-10-31T18:32:46","modified_gmt":"2025-10-31T18:32:46","slug":"lucha-contra-el-comercio-ilicito-de-alcohol-expertos-alertan-sobre-grave-problematica-en-colombia","status":"publish","type":"post","link":"https:\/\/nuevaprensaamerica.com\/index.php\/2025\/10\/31\/lucha-contra-el-comercio-ilicito-de-alcohol-expertos-alertan-sobre-grave-problematica-en-colombia\/","title":{"rendered":"Lucha contra el comercio il\u00edcito de alcohol: Expertos alertan sobre grave problem\u00e1tica en Colombia"},"content":{"rendered":"<p data-start=\"188\" data-end=\"474\">En una jornada desarrollada en la sede de <strong data-start=\"230\" data-end=\"247\">Caracol Radio<\/strong>, con el apoyo de <strong data-start=\"265\" data-end=\"289\">PRISA Media Colombia<\/strong> y <strong data-start=\"292\" data-end=\"306\">Prolicores<\/strong>, se llev\u00f3 a cabo un encuentro para analizar las consecuencias del comercio il\u00edcito y el crimen organizado en el pa\u00eds, con especial \u00e9nfasis en el mercado del alcohol.<\/p>\n<p data-start=\"188\" data-end=\"474\"><!--more--><\/p>\n<p data-start=\"476\" data-end=\"805\">El evento, liderado por <strong data-start=\"500\" data-end=\"530\">Juan Carlos Buitrago Arias<\/strong>, cont\u00f3 con la participaci\u00f3n de destacados directivos, periodistas y expertos como <strong data-start=\"613\" data-end=\"637\">Carolina Soto Castro<\/strong> y <strong data-start=\"640\" data-end=\"658\">Daniel M. Rico<\/strong> de <strong data-start=\"662\" data-end=\"679\">Strategos BIP<\/strong>, quienes aportaron su conocimiento sobre los efectos negativos de las reformas tributarias y las din\u00e1micas del contrabando.<\/p>\n<p data-start=\"807\" data-end=\"1139\">Durante la sesi\u00f3n, se revel\u00f3 una preocupante cifra: en Colombia, <strong data-start=\"872\" data-end=\"929\">el 22.4% del licor comercializado tiene origen ilegal<\/strong>, ya sea producto del contrabando o de la adulteraci\u00f3n. Este fen\u00f3meno no solo afecta la econom\u00eda formal, sino que tambi\u00e9n representa un riesgo grave para la salud p\u00fablica, pues se trata de \u201calcohol que mata\u201d.<\/p>\n<p data-start=\"1141\" data-end=\"1352\">La jornada concluy\u00f3 con un llamado a fortalecer la cooperaci\u00f3n entre el sector privado, las autoridades y los medios de comunicaci\u00f3n, para combatir el comercio ilegal y proteger la vida y la econom\u00eda del pa\u00eds.<\/p>\n<hr data-start=\"1354\" data-end=\"1357\" \/>\n<p data-start=\"1359\" data-end=\"1491\" data-is-last-node=\"\" data-is-only-node=\"\">\n","protected":false},"excerpt":{"rendered":"<p>En una jornada desarrollada en la sede de Caracol Radio, con el apoyo de PRISA Media Colombia y Prolicores, se llev\u00f3 a cabo un encuentro [&hellip;]<\/p>\n","protected":false},"author":1,"featured_media":7686,"comment_status":"open","ping_status":"open","sticky":false,"template":"","format":"standard","meta":{"h5ap_radio_sources":[],"_FSMCFIC_featured_image_caption":"","_FSMCFIC_featured_image_nocaption":"","_FSMCFIC_featured_image_hide":"","_jetpack_memberships_contains_paid_content":false,"footnotes":""},"categories":[12],"tags":[],"class_list":["post-7684","post","type-post","status-publish","format-standard","has-post-thumbnail","hentry","category-colombia"],"aioseo_notices":[],"jetpack_featured_media_url":"https:\/\/nuevaprensaamerica.com\/wp-content\/uploads\/2025\/10\/Captura-de-pantalla-2025-10-31-a-las-19.32.36.png","jetpack_sharing_enabled":true,"_links":{"self":[{"href":"https:\/\/nuevaprensaamerica.com\/index.php\/wp-json\/wp\/v2\/posts\/7684","targetHints":{"allow":["GET"]}}],"collection":[{"href":"https:\/\/nuevaprensaamerica.com\/index.php\/wp-json\/wp\/v2\/posts"}],"about":[{"href":"https:\/\/nuevaprensaamerica.com\/index.php\/wp-json\/wp\/v2\/types\/post"}],"author":[{"embeddable":true,"href":"https:\/\/nuevaprensaamerica.com\/index.php\/wp-json\/wp\/v2\/users\/1"}],"replies":[{"embeddable":true,"href":"https:\/\/nuevaprensaamerica.com\/index.php\/wp-json\/wp\/v2\/comments?post=7684"}],"version-history":[{"count":1,"href":"https:\/\/nuevaprensaamerica.com\/index.php\/wp-json\/wp\/v2\/posts\/7684\/revisions"}],"predecessor-version":[{"id":7685,"href":"https:\/\/nuevaprensaamerica.com\/index.php\/wp-json\/wp\/v2\/posts\/7684\/revisions\/7685"}],"wp:featuredmedia":[{"embeddable":true,"href":"https:\/\/nuevaprensaamerica.com\/index.php\/wp-json\/wp\/v2\/media\/7686"}],"wp:attachment":[{"href":"https:\/\/nuevaprensaamerica.com\/index.php\/wp-json\/wp\/v2\/media?parent=7684"}],"wp:term":[{"taxonomy":"category","embeddable":true,"href":"https:\/\/nuevaprensaamerica.com\/index.php\/wp-json\/wp\/v2\/categories?post=7684"},{"taxonomy":"post_tag","embeddable":true,"href":"https:\/\/nuevaprensaamerica.com\/index.php\/wp-json\/wp\/v2\/tags?post=7684"}],"curies":[{"name":"wp","href":"https:\/\/api.w.org\/{rel}","templated":true}]}}