{"id":7687,"date":"2025-11-01T09:53:43","date_gmt":"2025-11-01T09:53:43","guid":{"rendered":"https:\/\/nuevaprensaamerica.com\/?p=7687"},"modified":"2025-11-01T09:53:43","modified_gmt":"2025-11-01T09:53:43","slug":"edmundo-gonzalez-urrutia-saco-a-pasear-su-ignorancia-sin-bozal-en-entrevista-concedida-a-sebastiana-barraez-para-infobae","status":"publish","type":"post","link":"https:\/\/nuevaprensaamerica.com\/index.php\/2025\/11\/01\/edmundo-gonzalez-urrutia-saco-a-pasear-su-ignorancia-sin-bozal-en-entrevista-concedida-a-sebastiana-barraez-para-infobae\/","title":{"rendered":"EDMUNDO GONZ\u00c1LEZ URRUTIA SAC\u00d3 A PASEAR SU IGNORANCIA \u2014SIN BOZAL\u2014 EN ENTREVISTA CONCEDIDA A SEBASTIANA BARR\u00c1EZ PARA INFOBAE"},"content":{"rendered":"<p data-start=\"178\" data-end=\"390\"><strong data-start=\"178\" data-end=\"390\">Este es el problema de esta oposici\u00f3n: solo sirve para la politiquer\u00eda. Imag\u00ednense lo que significar\u00eda salir del r\u00e9gimen y su destrucci\u00f3n para entrar en un gobierno que no sabe d\u00f3nde est\u00e1 parado. \u00a1Santo Dios!<\/strong><\/p>\n<p data-start=\"392\" data-end=\"448\">Sr. Edmundo Gonz\u00e1lez Urrutia, no estamos para tonter\u00edas.<\/p>\n<p data-start=\"450\" data-end=\"746\">Que una persona ajena a la comprensi\u00f3n de lo que significa lo com\u00fan para la construcci\u00f3n del Estado diga \u201clas Fuerzas Armadas deben ser apol\u00edticas\u201d es comprensible. Pero que lo haga quien pretende ser su Comandante en Jefe, que adem\u00e1s tiene que levantar una Rep\u00fablica, es un rebuzne imperdonable.<\/p>\n<p data-start=\"748\" data-end=\"955\">Es aterrador escuchar a los elegidos como alternativa de r\u00e9gimen decir \u201clas Fuerzas Armadas deben ser apol\u00edticas\u201d, como si se tratase de una vulgar ingenuidad que se da cuando se procura un discurso neutral.<\/p>\n<p data-start=\"748\" data-end=\"955\"><!--more--><\/p>\n<p data-start=\"957\" data-end=\"1176\">No, Sr. Edmundo: la defensa de la Rep\u00fablica es, por definici\u00f3n, <strong data-start=\"1021\" data-end=\"1041\">UN ACTO POL\u00cdTICO<\/strong>. \u00bfSab\u00eda usted eso? \u00bfAlguno de los mequetrefes que lo asesoran sab\u00eda eso? \u00bfO solo creen que la pol\u00edtica es el pragmatismo de las putas?<\/p>\n<p data-start=\"1178\" data-end=\"1369\">Proteger el orden constitucional, garantizar la continuidad del cuerpo pol\u00edtico y resguardar la soberan\u00eda no son tareas t\u00e9cnicas ni administrativas: son funciones esencialmente <strong data-start=\"1355\" data-end=\"1368\">POL\u00cdTICAS<\/strong>.<\/p>\n<p data-start=\"1371\" data-end=\"1558\">Lo que las Fuerzas Armadas no deben tener es <strong data-start=\"1416\" data-end=\"1441\">MILITANCIA PARTIDISTA<\/strong>, pues ello las somete a los intereses particulares de un grupo y destruye su legitimidad ante el cuerpo ciudadano.<\/p>\n<p data-start=\"1560\" data-end=\"1730\">Pero exigirles ser \u201capol\u00edticas\u201d equivale a pedirles que ignoren la sustancia misma de su raz\u00f3n de ser: la preservaci\u00f3n del <strong data-start=\"1683\" data-end=\"1701\">ORDEN POL\u00cdTICO<\/strong> que da forma a la comunidad.<\/p>\n<p data-start=\"1732\" data-end=\"1965\">Maquiavelo, en <em data-start=\"1747\" data-end=\"1800\">Los discursos sobre la primera d\u00e9cada de Tito Livio<\/em>, lo dice con la crudeza del que comprende lo real: toda rep\u00fablica necesita de ciudadanos dispuestos a defenderla, y ninguna libertad se sostiene sin virtud militar.<\/p>\n<p data-start=\"1967\" data-end=\"2153\">El soldado republicano no es un mercenario ni un servidor del pr\u00edncipe; es un <strong data-start=\"2045\" data-end=\"2057\">CUSTODIO<\/strong> del espacio <strong data-start=\"2070\" data-end=\"2082\">POL\u00cdTICO<\/strong>, consciente de que la fuerza tiene sentido solo cuando protege la ley.<\/p>\n<p data-start=\"2155\" data-end=\"2460\">Del mismo modo, Cicer\u00f3n recordaba que la <em data-start=\"2196\" data-end=\"2209\">res publica<\/em> es \u201cla cosa del pueblo\u201d (<em data-start=\"2235\" data-end=\"2247\">res populi<\/em>), y que quienes portan las armas deben hacerlo en nombre del bien com\u00fan, no de la ambici\u00f3n de facciones. En parte de su obra tambi\u00e9n advierte que la justicia y la fidelidad a la ley son el alma del deber militar.<\/p>\n<p data-start=\"2462\" data-end=\"2593\">Cito estos dos autores porque ser\u00eda bueno que alguno de sus asesores los leyera, para que al menos evite que diga tama\u00f1a estupidez.<\/p>\n<p data-start=\"2595\" data-end=\"2781\">Incluso pensadores liberales posteriores, como Montesquieu, entendieron tambi\u00e9n que la fuerza armada deb\u00eda estar subordinada al poder civil, pero no despojada de <strong data-start=\"2757\" data-end=\"2780\">CONCIENCIA POL\u00cdTICA<\/strong>.<\/p>\n<p data-start=\"2783\" data-end=\"3013\">De hecho, su disciplina y su lealtad solo tienen sentido si comprenden la legitimidad del orden que defienden. Un ej\u00e9rcito sin conciencia pol\u00edtica es f\u00e1cilmente manipulable; uno con conciencia partidista, peligrosamente corruptor.<\/p>\n<p data-start=\"3015\" data-end=\"3159\">Un soldado que no piensa pol\u00edticamente \u2014que no se pregunta por el sentido de la ley que obedece o el poder que ejecuta\u2014 es un instrumento ciego.<\/p>\n<p data-start=\"3161\" data-end=\"3398\">La neutralidad pol\u00edtica absoluta no existe. Y en el caso de la Fuerza Armada, no debe existir. Su compromiso no es con un partido, sino con la Rep\u00fablica; no con un l\u00edder, sino con el orden constitucional que encarna la libertad de todos.<\/p>\n<p data-start=\"3400\" data-end=\"3591\">Ser \u201capol\u00edtico\u201d en un r\u00e9gimen totalitario es aceptar el sometimiento; ser pol\u00edtico, en sentido republicano, es comprender que la defensa de la ley y la libertad exige virtud, juicio y coraje.<\/p>\n<p data-start=\"3593\" data-end=\"3731\">Dicho esto, Sr. Gonz\u00e1lez, trate la pr\u00f3xima vez de no evidenciar tanto la mediocridad que tiene para los asuntos pol\u00edticos trascendentales.<\/p>\n<hr data-start=\"3733\" data-end=\"3736\" \/>\n<p data-start=\"3738\" data-end=\"3860\"><strong data-start=\"3738\" data-end=\"3767\">Edmundo Gonz\u00e1lez Urrutia:<\/strong> \u201cMe gustar\u00eda una Fuerza Armada apol\u00edtica y dedicada a resguardar la soberan\u00eda de Venezuela.\u201d<\/p>\n<p data-start=\"169\" data-end=\"369\">En entrevista exclusiva con <em data-start=\"197\" data-end=\"206\">Infobae<\/em>, el presidente electo dijo que, una vez asuma el poder, su gobierno fortalecer\u00e1 a las tropas para que cumplan con las funciones establecidas en la Constituci\u00f3n.<\/p>\n<p data-start=\"371\" data-end=\"862\">La primera impresi\u00f3n es la de un abuelo de rostro sereno y ojos de imperturbable candor, que se encontr\u00f3 en la posici\u00f3n pol\u00edtica que otros hombres buscan toda la vida: es Edmundo Gonz\u00e1lez Urrutia, quien lleva sobre sus hombros los votos de casi siete millones y medio de venezolanos, lo que considera \u201cun orgullo y un honor\u201d, destacando la confianza de mucha gente \u201cque en esta oportunidad s\u00ed podemos salir de este atolladero, que vamos por el camino correcto y vamos a enderezar el pa\u00eds\u201d.<\/p>\n<p data-start=\"864\" data-end=\"1133\">No lo dice con fingido entusiasmo, como nada de lo expresado en esta entrevista que concedi\u00f3 en exclusiva para <em data-start=\"975\" data-end=\"984\">Infobae<\/em>, donde incluso hubo risas ante la sorpresa que le causa el afiche de recompensa, por 100 mil d\u00f3lares, colocado en todos los cuarteles venezolanos.<\/p>\n<p data-start=\"1135\" data-end=\"1400\">Gonz\u00e1lez Urrutia transmite serenidad. Es consciente de por qu\u00e9 su triunfo, no reconocido por el organismo electoral, hace temblar al poder en Venezuela y explica el doloroso episodio de sufrir, desde el 7 de enero de 2025, el secuestro de su yerno Rafael Tudares.<\/p>\n<p data-start=\"1402\" data-end=\"1630\">Apuesta a que, en su gobierno, fortalecer\u00e1 a la Fuerza Armada para que cumpla con la funci\u00f3n establecida en la Constituci\u00f3n, bajo el principio de ser \u201crespetuosa y subordinada al poder civil\u201d, como caracteriza a la democracia.<\/p>\n<p data-start=\"1632\" data-end=\"1764\">Ante la pregunta de si alguna vez, durante su carrera, caus\u00f3 alg\u00fan incidente diplom\u00e1tico, sonr\u00ede mientras dice tajante: \u201cNinguno\u201d.<\/p>\n<p data-start=\"1766\" data-end=\"2098\">Cataloga de \u201crealmente impresionante\u201d lo que contienen los programas de gobierno del equipo de Mar\u00eda Corina Machado. \u201cAh\u00ed est\u00e1 detallado todo lo que se va a hacer desde el d\u00eda D: c\u00f3mo manejar temas tan complejos y dif\u00edciles como la deuda, por ejemplo, c\u00f3mo llevar adelante y conciliar posiciones para reinstitucionalizar el pa\u00eds.\u201d<\/p>\n<p data-start=\"2100\" data-end=\"2412\">Sin pensarlo, responde a la pregunta:<br data-start=\"2137\" data-end=\"2140\" \/>\u2014\u00bfC\u00f3mo describe a Mar\u00eda Corina Machado?<br data-start=\"2179\" data-end=\"2182\" \/>\u201cUna mujer en\u00e9rgica. Creo tener capacidad de trabajo, pero realmente yo admiro en Mar\u00eda Corina esa capacidad que tiene de pasar 24 horas trabajando. Yo creo que, durmiendo, est\u00e1 pensando en lo que har\u00e1 el d\u00eda siguiente.\u201d (risas)<\/p>\n<p data-start=\"2414\" data-end=\"2667\">Mientras narraba momentos en que acompa\u00f1aba \u201ca Mar\u00eda Corina en estos avatares\u201d, enfatiza: \u201cPorque nunca pens\u00e9 en tener en mis hombros la representaci\u00f3n del voto de siete millones y medio de venezolanos, lo cual es un orgullo y un honor, por supuesto.\u201d<\/p>\n<p data-start=\"2669\" data-end=\"2762\">\u2014\u00bfNo le da cierto <em data-start=\"2687\" data-end=\"2696\">miedito<\/em> eso?<br data-start=\"2701\" data-end=\"2704\" \/>\u201cCreo que ya perd\u00ed el miedo a todas esas cosas.\u201d (risas)<\/p>\n<p data-start=\"2764\" data-end=\"3097\">\u2014Es una enorme responsabilidad. No es una historia que se va a quedar en su casa; es un hito que quedar\u00e1 en las p\u00e1ginas de la historia.<br data-start=\"2899\" data-end=\"2902\" \/>\u201cPor supuesto que s\u00ed. Pero hay mucha gente que est\u00e1 confiada en que, en esta oportunidad, s\u00ed podemos salir de este atolladero, que vamos por el camino correcto y que vamos a enderezar el pa\u00eds.\u201d<\/p>\n<p data-start=\"3099\" data-end=\"3583\">\u2014\u00bfDe qu\u00e9 Fuerza Armada le gustar\u00eda a usted ser el Comandante en Jefe en Venezuela?<br data-start=\"3181\" data-end=\"3184\" \/>\u201cUna Fuerza Armada institucional, que se gu\u00ede en su actuaci\u00f3n por los principios que est\u00e1n establecidos en la Constituci\u00f3n Nacional; una Fuerza Armada apol\u00edtica y que est\u00e9 dedicada a resguardar la soberan\u00eda nacional. Eso ser\u00eda, fundamentalmente, lo que yo aspirar\u00eda de una Fuerza Armada: respetuosa, por supuesto, disciplinada, bien entrenada y que est\u00e9 para garantizar la soberan\u00eda de Venezuela.\u201d<\/p>\n<p data-start=\"3585\" data-end=\"3829\">\u2014\u00bfEs decir, usted contribuir\u00eda a fortalecer a la Fuerza Armada como instituci\u00f3n necesaria en un pa\u00eds democr\u00e1tico?<br data-start=\"3698\" data-end=\"3701\" \/>\u201cClaro que s\u00ed. Claro que s\u00ed, para garantizar los principios fundamentales que est\u00e1n establecidos en la Constituci\u00f3n Nacional.\u201d<\/p>\n<p data-start=\"3831\" data-end=\"4126\">\u2014Hay quienes aseguran que uno de los grandes problemas que habr\u00e1 en Venezuela, despu\u00e9s de la transici\u00f3n, es el de los grupos irregulares, la politizaci\u00f3n de la Fuerza Armada, incluso con sectores extremistas, por lo que es muy dif\u00edcil lograr la paz en esas condiciones. \u00bfUsted piensa lo mismo?<\/p>\n<p data-start=\"157\" data-end=\"579\">\u201cEso va a ser un proceso. Todo eso es un proceso de decantaci\u00f3n, de reinstitucionalizaci\u00f3n. Tenemos que empezar por reconstruir ese tejido que ha sido deshilachado en los \u00faltimos 26 a\u00f1os y, entre esos, est\u00e1 el papel de la Fuerza Armada, establecido en la Constituci\u00f3n, nada m\u00e1s. No se est\u00e1 inventando nada distinto y, por supuesto, respetuosa y subordinada al poder civil, que es la norma de oro en las Fuerzas Armadas.\u201d<\/p>\n<p data-start=\"581\" data-end=\"758\">\u2014\u00bfPor qu\u00e9 cree que el r\u00e9gimen venezolano coloca en todos los cuarteles un afiche con su fotograf\u00eda ofreciendo una recompensa de 100 mil d\u00f3lares si dan informaci\u00f3n sobre usted?<\/p>\n<p data-start=\"760\" data-end=\"1125\">(risas) \u201cEs una barbaridad. Primero, desconoc\u00eda que hubiese un afiche m\u00edo con una recompensa de ese monto; creo que es el monto m\u00e1s alto. Ah, \u00bf100 mil d\u00f3lares nada m\u00e1s? Bueno, estoy devaluado entonces (risas). Pero debe ser alguno que quiso ganarse indulgencia con sus superiores, creyendo que de esa manera puede. Yo no le hago caso a eso, eso no tiene sentido.\u201d<\/p>\n<p data-start=\"1127\" data-end=\"1279\">\u2014\u00bfSer\u00e1 que el r\u00e9gimen venezolano trata internamente de desprestigiarlo en la Fuerza Armada porque lo ven como un riesgo al ser un hombre de consensos?<\/p>\n<p data-start=\"1281\" data-end=\"1512\">\u201cSe pueden dar muchas interpretaciones; no entro a especular sobre eso, porque, honestamente, no me quita el sue\u00f1o. Obviamente me parece una tonter\u00eda poner una foto m\u00eda y una recompensa de 100 mil. Yo cre\u00ed que val\u00eda m\u00e1s (risas).\u201d<\/p>\n<p data-start=\"1514\" data-end=\"1632\">\u2014Adem\u00e1s, pretenden se\u00f1alarlo de cosas como el caso de los sacerdotes asesinados en El Salvador en noviembre de 1989.<\/p>\n<p data-start=\"1634\" data-end=\"2038\">\u201cEso se cae por su propio peso. El episodio del asesinato de los sacerdotes de la universidad ocurri\u00f3 mucho despu\u00e9s de que yo llegara.\u201d <em data-start=\"1770\" data-end=\"1924\">(Edmundo Gonz\u00e1lez estuvo en El Salvador entre 1981 y 1983. Cuando ocurre el caso de los sacerdotes, el diplom\u00e1tico ten\u00eda ya dos a\u00f1os en el Reino Unido.)<\/em> \u201cYo llegu\u00e9 a El Salvador mucho antes de ese episodio, que ocurri\u00f3 a\u00f1os despu\u00e9s. La mentira tiene patas cortas.\u201d<\/p>\n<p data-start=\"2040\" data-end=\"2435\">\u2014La gran mayor\u00eda de los venezolanos tiene fe y espera con ansiedad que en Venezuela haya un cambio, y asume que todas estas operaciones de Estados Unidos en el Caribe, la presi\u00f3n internacional y el apoyo que usted ha recibido de muchos pa\u00edses contribuyan a que se vaya la camarilla que est\u00e1 en el poder en Venezuela. \u00bfQu\u00e9 le dice a los venezolanos, especialmente a esos que est\u00e1n en Venezuela?<\/p>\n<p data-start=\"2437\" data-end=\"2922\">\u201cHemos dicho que el conflicto venezolano lo vamos a resolver entre los venezolanos, y de eso no nos apartamos. Somos los que vamos a poner el pa\u00eds en orden, los que vamos a trabajar para recuperar la institucionalidad en Venezuela. Hemos recibido muchas manifestaciones a favor de Venezuela; tenemos un registro de las personas y de los gobiernos que han enviado mensajes de felicitaci\u00f3n, de \u00e9xito por la gesti\u00f3n, buenos deseos. Ahora, sobre eso otro, no me voy a meter a calificar.\u201d<\/p>\n<hr data-start=\"2924\" data-end=\"2927\" \/>\n<p data-start=\"2929\" data-end=\"3230\">Fuente: <a class=\"decorated-link\" href=\"https:\/\/www.infobae.com\/venezuela\/2025\/10\/30\/edmundo-gonzalez-urrutia-me-gustaria-una-fuerza-armada-apolitica-y-dedicada-a-resguardar-la-soberania-de-venezuela\/\" target=\"_new\" rel=\"noopener\" data-start=\"2937\" data-end=\"3228\">Infobae &#8211; Edmundo Gonz\u00e1lez Urrutia: \u201cMe gustar\u00eda una Fuerza Armada apol\u00edtica y dedicada a resguardar la soberan\u00eda de Venezuela\u201d<\/a><\/p>\n","protected":false},"excerpt":{"rendered":"<p>Este es el problema de esta oposici\u00f3n: solo sirve para la politiquer\u00eda. Imag\u00ednense lo que significar\u00eda salir del r\u00e9gimen y su destrucci\u00f3n para entrar en [&hellip;]<\/p>\n","protected":false},"author":1,"featured_media":7689,"comment_status":"open","ping_status":"open","sticky":false,"template":"","format":"standard","meta":{"h5ap_radio_sources":[],"_FSMCFIC_featured_image_caption":"","_FSMCFIC_featured_image_nocaption":"","_FSMCFIC_featured_image_hide":"","_jetpack_memberships_contains_paid_content":false,"footnotes":""},"categories":[2],"tags":[],"class_list":["post-7687","post","type-post","status-publish","format-standard","has-post-thumbnail","hentry","category-venezuela"],"aioseo_notices":[],"jetpack_featured_media_url":"https:\/\/nuevaprensaamerica.com\/wp-content\/uploads\/2025\/11\/photo_2025-11-01_10-52-56.jpg","jetpack_sharing_enabled":true,"_links":{"self":[{"href":"https:\/\/nuevaprensaamerica.com\/index.php\/wp-json\/wp\/v2\/posts\/7687","targetHints":{"allow":["GET"]}}],"collection":[{"href":"https:\/\/nuevaprensaamerica.com\/index.php\/wp-json\/wp\/v2\/posts"}],"about":[{"href":"https:\/\/nuevaprensaamerica.com\/index.php\/wp-json\/wp\/v2\/types\/post"}],"author":[{"embeddable":true,"href":"https:\/\/nuevaprensaamerica.com\/index.php\/wp-json\/wp\/v2\/users\/1"}],"replies":[{"embeddable":true,"href":"https:\/\/nuevaprensaamerica.com\/index.php\/wp-json\/wp\/v2\/comments?post=7687"}],"version-history":[{"count":2,"href":"https:\/\/nuevaprensaamerica.com\/index.php\/wp-json\/wp\/v2\/posts\/7687\/revisions"}],"predecessor-version":[{"id":7690,"href":"https:\/\/nuevaprensaamerica.com\/index.php\/wp-json\/wp\/v2\/posts\/7687\/revisions\/7690"}],"wp:featuredmedia":[{"embeddable":true,"href":"https:\/\/nuevaprensaamerica.com\/index.php\/wp-json\/wp\/v2\/media\/7689"}],"wp:attachment":[{"href":"https:\/\/nuevaprensaamerica.com\/index.php\/wp-json\/wp\/v2\/media?parent=7687"}],"wp:term":[{"taxonomy":"category","embeddable":true,"href":"https:\/\/nuevaprensaamerica.com\/index.php\/wp-json\/wp\/v2\/categories?post=7687"},{"taxonomy":"post_tag","embeddable":true,"href":"https:\/\/nuevaprensaamerica.com\/index.php\/wp-json\/wp\/v2\/tags?post=7687"}],"curies":[{"name":"wp","href":"https:\/\/api.w.org\/{rel}","templated":true}]}}