{"id":779,"date":"2023-12-02T00:49:17","date_gmt":"2023-12-02T00:49:17","guid":{"rendered":"https:\/\/nuevaprensaamerica.com\/?p=779"},"modified":"2023-12-02T00:50:04","modified_gmt":"2023-12-02T00:50:04","slug":"cuando-pablo-escobar-me-presento-en-madrid-a-felipe-gonzalez-el-dia-que-gano-las-elecciones","status":"publish","type":"post","link":"https:\/\/nuevaprensaamerica.com\/index.php\/2023\/12\/02\/cuando-pablo-escobar-me-presento-en-madrid-a-felipe-gonzalez-el-dia-que-gano-las-elecciones\/","title":{"rendered":"\u201cCuando Pablo Escobar me present\u00f3 en Madrid a Felipe Gonz\u00e1lez el d\u00eda que gan\u00f3 las elecciones\u201d: La artiller\u00eda de la libertad"},"content":{"rendered":"<p><i><span style=\"font-weight: 400;\">Fragmento del cap\u00edtulo <\/span><\/i><span style=\"font-weight: 400;\">Pol\u00edtica y delito<\/span><i><span style=\"font-weight: 400;\"> del nuevo libro de <\/span><\/i><b><i>Gonzalo Guill\u00e9n<\/i><\/b><i><span style=\"font-weight: 400;\">: <\/span><\/i><b>La artiller\u00eda de la libertad<\/b><i><span style=\"font-weight: 400;\">. Se encuentra en todas las librer\u00edas de Colombia, Buscalibre y Amazon.<\/span><\/i><\/p>\n<hr \/>\n<p style=\"text-align: right;\"><i><span style=\"font-weight: 400;\">\u00abSi no quieres que se sepa, no lo hagas.\u00bb<\/span><\/i><\/p>\n<p style=\"text-align: right;\"><strong>Proverbio chino.<\/strong><\/p>\n<hr \/>\n<p><span style=\"font-weight: 400;\">Conoci\u00f3 a Pablo Escobar Gaviria en el oto\u00f1o de 1982. Aconteci\u00f3 volando a Madrid, Espa\u00f1a, en la estancia VIP en el segundo piso del primer avi\u00f3n jumbo Boeing 747 que tuvo Avianca. \u00c9l acud\u00eda como invitado especial a presenciar las elecciones que le dieron el triunfo por mayor\u00eda absoluta al carism\u00e1tico sevillano, licenciado en derecho, Felipe Gonz\u00e1lez, secretario general del Partido Socialista Obrero Espa\u00f1ol, PSOE, quien gobern\u00f3 Espa\u00f1a hasta 1996, para muchos es uno de los periodos m\u00e1s pr\u00f3speros vividos por ese pa\u00eds durante su historia contempor\u00e1nea.\u00a0<\/span><\/p>\n<p><span style=\"font-weight: 400;\">La cabina VIP entonces no ten\u00eda sillas de viaje sino mesas para comer y una barra de bar, sentado a la cual charle\u0301 generalidades durante horas con aquel hombre de hablar de guas\u00f3n antioque\u00f1o, mirada ladina, zapatos tenis, bluy\u00edn y camisa de seda con estampados estrafalarios. Era raro que aquel pasajero con porte de holgaz\u00e1n viajara en una comitiva oficial y en el bienestar y la abundancia de la primera clase.\u00a0<\/span><\/p>\n<p><span style=\"font-weight: 400;\">Llevaba en la mu\u00f1eca del brazo izquierdo un reloj de doble tablero con veinticuatro diamantes que representaban las horas del d\u00edaen ambos: doce en uno y doce en otro.\u00a0<\/span><\/p>\n<p><span style=\"font-weight: 400;\">\u2014Es para tener la hora de Colombia y de Espa\u00f1a \u2014aclaro\u0301 Escobar.\u00a0<\/span><\/p>\n<p><span style=\"font-weight: 400;\">El avi\u00f3n hab\u00eda despegado en Bogot\u00e1 a las seis de la tarde y volaba estable, como una alfombra m\u00e1gica, a trav\u00e9s de la noche, rumbo a San Juan de Puerto Rico para una escala t\u00e9cnica. De all\u00ed continuo\u0301 derecho a Espa\u00f1a. Me dijo que trabajaba en el Congreso con \u00abel doctor [Alberto] Santofimio\u00bb, un senador pasado de kilos que en ese momento resollaba dormido en su cama de primera clase y que por entonces se abr\u00eda campo a grandes pasos en la pol\u00edtica colombiana, apoyado en su astucia y su fant\u00e1stica capacidad para pronunciar discursos torrenciales durante horas sin concretar nada.\u00a0<\/span><\/p>\n<p><span style=\"font-weight: 400;\">A Santofimio, por mi parte, en 1976 lo hab\u00eda conocido en el diario <\/span><i><span style=\"font-weight: 400;\">El Tiempo<\/span><\/i><span style=\"font-weight: 400;\">, de Bogot\u00e1, cuando apareci\u00f3 una tarde, acompa\u00f1ado por Felipe Gonz\u00e1lez para una visita protocolaria que al d\u00eda siguiente fue reportada con fotograf\u00edas y textos desplegados en primera p\u00e1gina. Por esos d\u00edas, el pol\u00edtico espa\u00f1ol despertaba tanta simpat\u00eda en Colombia como su compatriota, el bolerista de actualidad, Julio Iglesias.\u00a0<\/span><\/p>\n<p><span style=\"font-weight: 400;\">El d\u00eda de la visita Santofimio era el presidente de la C\u00e1mara de Representantes y al dejar el cargo, en 1978, cayo\u0301 preso, acusado por peculado y falsedad en documentos p\u00fablicos debido a que habr\u00eda falseado con \u00e1cidos un juego de microfilmes que conten\u00edan manejos irregulares de cuentas bancarias oficiales y, absuelto, recupero\u0301 la libertad en junio de 1979. Comenzaba una carrera criminal que habr\u00eda de ser inspiradora para otros muchos colombianos especializados en mezclar la pol\u00edtica con el delito.\u00a0<\/span><\/p>\n<p><span style=\"font-weight: 400;\">Escobar viajo\u0301 a Madrid acompa\u00f1ado por Santofimio Botero y Jairo Ortega, tambi\u00e9n congresista, a quienes financiaba sus campa\u00f1as pol\u00edticas y aprovechaba como consejeros. Gracias a ellos logro\u0301 \u00e9l mismo convertirse en representante a la C\u00e1mara. Era la primera vez que el jefe de un cartel de la coca\u00edna recib\u00eda la investidura de legislador. Con el correr del tiempo se hizo costumbre.\u00a0<\/span><\/p>\n<p><span style=\"font-weight: 400;\">No volv\u00ed a tener noticia del individuo del reloj de doble cara sino tres d\u00edas m\u00e1s tarde, el memorable jueves en que Felipe Gonz\u00e1lez gano\u0301 por abrumadora mayor\u00eda. Ya hab\u00edan sido cerradas las urnas y contados los votos cuando fui, en la noche, a buscar informaciones y declaraciones en el legendario hotel Palace, situado en el distrito Col\u00f3n de Madrid, calle de San Jer\u00f3nimo, en donde la militancia del PSOE se aglomero\u0301 para celebrar el triunfo.\u00a0<\/span><\/p>\n<p><span style=\"font-weight: 400;\">En el fondo de la multitud, que se apretujaba en un mezanine del hotel, reconoc\u00ed\u0301 a Escobar. Me hizo se\u00f1ales con el brazo derecho para que subiera, me abri\u00f3 paso y me llevo\u0301 por entre la concurrencia hasta donde estaba el triunfador, al lado del cual permanecimos hasta cuando dejo\u0301 de abrazar a una fila extensa de seguidores y dio la oportunidad de saludarlo.\u00a0<\/span><\/p>\n<p><span style=\"font-weight: 400;\">\u2014Doctor, le presento a un ilustre periodista colombiano \u2014solt\u00f3 Escobar con una adornada genuflexi\u00f3n colombiana y sin siquiera saber mi nombre. Felipe Gonz\u00e1lez fue cort\u00e9s y era evidente que no sab\u00eda qui\u00e9n era Escobar en medio de la marejada de partidarios que se esforzaban por estrecharle la mano. Tome\u0301 un par de declaraciones someras del triunfador, que a esa hora no lograba ocultar su cansancio, y sal\u00ed del hotel corriendo por las calles hasta el centro de prensa que el gobierno espa\u00f1ol hab\u00eda habilitado para los periodistas extranjeros. Envi\u00e9 por t\u00e9lex una noticia simple basada en las escuetas expresiones que le saque\u0301 a Gonz\u00e1lez. Para entonces yo trabajaba en la recientemente fundada agencia de noticias <\/span><i><span style=\"font-weight: 400;\">Colprensa<\/span><\/i><span style=\"font-weight: 400;\">, creada en Bogot\u00e1 por los principales peri\u00f3dicos de la provincia y la secta cristiana Opus Dei.<\/span><\/p>\n","protected":false},"excerpt":{"rendered":"<p>Fragmento del cap\u00edtulo Pol\u00edtica y delito del nuevo libro de Gonzalo Guill\u00e9n: La artiller\u00eda de la libertad. Se encuentra en todas las librer\u00edas de Colombia, [&hellip;]<\/p>\n","protected":false},"author":1,"featured_media":787,"comment_status":"open","ping_status":"open","sticky":false,"template":"","format":"standard","meta":{"h5ap_radio_sources":[],"_FSMCFIC_featured_image_caption":"","_FSMCFIC_featured_image_nocaption":"","_FSMCFIC_featured_image_hide":"","_jetpack_memberships_contains_paid_content":false,"footnotes":""},"categories":[12],"tags":[],"class_list":["post-779","post","type-post","status-publish","format-standard","has-post-thumbnail","hentry","category-colombia"],"aioseo_notices":[],"jetpack_featured_media_url":"https:\/\/nuevaprensaamerica.com\/wp-content\/uploads\/2023\/12\/La-artilleria-de-la-libertad-pablo-escobar-felipe-gonzez-1.jpg","jetpack_sharing_enabled":true,"_links":{"self":[{"href":"https:\/\/nuevaprensaamerica.com\/index.php\/wp-json\/wp\/v2\/posts\/779","targetHints":{"allow":["GET"]}}],"collection":[{"href":"https:\/\/nuevaprensaamerica.com\/index.php\/wp-json\/wp\/v2\/posts"}],"about":[{"href":"https:\/\/nuevaprensaamerica.com\/index.php\/wp-json\/wp\/v2\/types\/post"}],"author":[{"embeddable":true,"href":"https:\/\/nuevaprensaamerica.com\/index.php\/wp-json\/wp\/v2\/users\/1"}],"replies":[{"embeddable":true,"href":"https:\/\/nuevaprensaamerica.com\/index.php\/wp-json\/wp\/v2\/comments?post=779"}],"version-history":[{"count":8,"href":"https:\/\/nuevaprensaamerica.com\/index.php\/wp-json\/wp\/v2\/posts\/779\/revisions"}],"predecessor-version":[{"id":788,"href":"https:\/\/nuevaprensaamerica.com\/index.php\/wp-json\/wp\/v2\/posts\/779\/revisions\/788"}],"wp:featuredmedia":[{"embeddable":true,"href":"https:\/\/nuevaprensaamerica.com\/index.php\/wp-json\/wp\/v2\/media\/787"}],"wp:attachment":[{"href":"https:\/\/nuevaprensaamerica.com\/index.php\/wp-json\/wp\/v2\/media?parent=779"}],"wp:term":[{"taxonomy":"category","embeddable":true,"href":"https:\/\/nuevaprensaamerica.com\/index.php\/wp-json\/wp\/v2\/categories?post=779"},{"taxonomy":"post_tag","embeddable":true,"href":"https:\/\/nuevaprensaamerica.com\/index.php\/wp-json\/wp\/v2\/tags?post=779"}],"curies":[{"name":"wp","href":"https:\/\/api.w.org\/{rel}","templated":true}]}}