{"id":7799,"date":"2025-11-10T09:22:17","date_gmt":"2025-11-10T09:22:17","guid":{"rendered":"https:\/\/nuevaprensaamerica.com\/?p=7799"},"modified":"2025-11-10T09:22:17","modified_gmt":"2025-11-10T09:22:17","slug":"resurge-en-holanda-el-vita-el-yate-que-llevo-a-mexico-el-tesoro-espanol-expoliado-en-1939","status":"publish","type":"post","link":"https:\/\/nuevaprensaamerica.com\/index.php\/2025\/11\/10\/resurge-en-holanda-el-vita-el-yate-que-llevo-a-mexico-el-tesoro-espanol-expoliado-en-1939\/","title":{"rendered":"Resurge en Holanda el &#8216;Vita&#8217;, el yate que llev\u00f3 a M\u00e9xico el tesoro espa\u00f1ol expoliado en 1939"},"content":{"rendered":"<p>El 24 de julio de 1970 el fiscal general de la Audiencia de Bilbao, Fernando Barrilero Turel, se desplaz\u00f3 a unos 60 km hasta Lekeito para tomar declaraci\u00f3n a Jos\u00e9 Lucio\u00a0<strong>Ordorica<\/strong>\u00a0Ruiz de Asua. El fiscal hab\u00eda aprovechado la presencia &#8220;accidental&#8221; de Ordorica en la localidad vizca\u00edna para\u00a0<strong>abrir un expediente en la Causa General franquista<\/strong>, concluida pr\u00e1cticamente en 1956, 14 a\u00f1os antes. Entre la Isla de San Nicol\u00e1s y la r\u00eda de Leia de la todav\u00eda villa pesquera, el<a href=\"https:\/\/www.elconfidencial.com\/alma-corazon-vida\/2025-09-18\/1qrt-chase-hughes-antiguo-jefe-de-la-marina-eeuu_4210742\/\" target=\"_self\">\u00a0antiguo capit\u00e1n de la marina<\/a>\u00a0mercante de 74 a\u00f1os de edad y residente en ese momento en\u00a0<strong>M\u00e9xico<\/strong>\u00a0relat\u00f3 a Barrilero Turel que &#8220;hacia Marzo de 1939 en los puertos de Nantes y\u00a0<strong>El Havre<\/strong>, recibi\u00f3 orden de embarcar unas ciento sesenta maletas y cuatro cajas ignorando peso y contenido, sin conocimiento de embarque y sin manifiesto de carga, siendo entregada esta carga por un se\u00f1or del que solo sabe que se llamaba Lozano que cree representaba al\u00a0<strong>Ministerio de Hacienda<\/strong>\u00a0de Madrid&#8221;, tal y como consta en la declaraci\u00f3n incluida en una de las piezas de la Causa General y conservada en el\u00a0<a href=\"https:\/\/www.elconfidencial.com\/cultura\/2024-06-21\/historiadores-ante-la-fundacion-francisco-franco_3907358\/\" target=\"_self\">Archivo Hist\u00f3rico Nacional.<\/a><\/p>\n<div class=\"revUnit\"><\/div>\n<p><!--more--><\/p>\n<p>Ordorica, que hab\u00eda sido requerido en su visita veraniega a Espa\u00f1a para aclarar los aspectos de ese viaje que se inici\u00f3 en El Havre, Francia el 15 de febrero de 1939, explic\u00f3 entonces al fiscal que las 160 maletas\u00a0<a href=\"https:\/\/www.superyachttimes.com\/yacht-news\/argossy-yacht-feadship-makkum-refit\" target=\"_blank\" rel=\"nofollow noopener\">hab\u00edan sido embarcadas en el yate \u2018Vita\u2019<\/a>, del que era capit\u00e1n en ese momento, con destino al puerto de\u00a0<strong>Veracruz<\/strong>\u00a0<strong>Tampico<\/strong>, M\u00e9xico. Ahora, hace apenas tres semanas, se avistaba el desvencijado s\u00faper yate\u00a0<strong>Argossy<\/strong>, remolcado hasta all\u00ed seg\u00fan la informaci\u00f3n firmada por Sophie Spicknell en el Super Yatch Times del 15 de octubre; &#8220;El yate cl\u00e1sico Argossy de 71,5 metros ha sido visto esta semana siendo transportado por Harlingen, en los Pa\u00edses Bajos, mientras se dirige a las instalaciones de\u00a0<strong>Feadship<\/strong>\u00a0en Makkum. Anteriormente conocido como\u00a0<em><strong>Rossy One<\/strong><\/em>\u00a0y lanzado originalmente como\u00a0<strong>Argosy<\/strong>\u00a0en 1931, se encuentra en un estado de abandono tras a\u00f1os de trabajos de restauraci\u00f3n intermitentes&#8221; .<\/p>\n<p>&nbsp;<\/p>\n<p>La nota publicada en la p\u00e1gina web dedicada a los<a href=\"https:\/\/www.superyachttimes.com\/yacht-news\/argossy-yacht-feadship-makkum-refit\" target=\"_self\" rel=\"nofollow\">\u00a0yates de lujo<\/a>\u00a0continuaba trazando\u00a0<strong>la historia de casi un siglo de la embarcaci\u00f3n<\/strong>, desde su botadura en 1931 por el astillero Krupp Germania Werft, en Kiel, Alemania, para el millonario de la industria el\u00e9ctrica Charles A. Stone de Nueva York, y su venta en 1934 a Sir Thomas Sopwith cuando fue rebautizado como\u00a0<em>Vita,<\/em>\u00a0hasta 2007 como\u00a0<em>Rossy One:<\/em>\u00a0&#8220;despu\u00e9s de varios cambios de propietario y un per\u00edodo sirviendo como peque\u00f1o ferry entre Capri y N\u00e1poles bajo el nombre\u00a0<em>Santa Maria Del Mare<\/em>, pas\u00f3 a llamarse\u00a0<em>Rossy One\u00a0<\/em>en 2007. Sin embargo los trabajos de restauraci\u00f3n que hab\u00edan comenzado en N\u00e1poles bajo la direcci\u00f3n del dise\u00f1ador italiano Luca Dini, se detuvieron y el proyecto fue abandonado&#8221;. Desde entonces, salvo alg\u00fan que otro breve avistamiento en 2022, siempre a remolque, el yate parec\u00eda haber puesto punto final a su incre\u00edble singladura.<\/p>\n<p>Fue precisamente en uno de esos cambios de propietario a los que sucintamente se refer\u00eda la nota, acaecido en febrero de 1939, cuando el empresario vasco afincado en\u00a0<strong>Islas Filipinas<\/strong>,\u00a0<strong>Marino Gamboa lo puso a su nombre tras comprarlo con fondos del gobierno de la Rep\u00fablica<\/strong>\u00a0para entrar de lleno en la\u00a0<strong><a href=\"https:\/\/www.elconfidencial.com\/alma-corazon-vida\/2025-08-02\/traiciones-1898-encrucijada-destruyo-impero-espanol_4183700\/\" target=\"_self\">Historia de Espa\u00f1a<\/a><\/strong>. El viejo\u00a0<em>Argossy<\/em>\u00a0de Makkum que parece que volver\u00e1 de nuevo a la vida en el astillero de Feadship no es otro que el mismo\u00a0<em>Vita<\/em>\u00a0en el que el capit\u00e1n vizca\u00edno\u00a0<strong>Jos\u00e9 Luis Ordorica<\/strong>\u00a0hab\u00eda embarcado en El Havre las 160 maletas y cajas por orden del\u00a0<strong>gobierno de la Rep\u00fablica<\/strong>\u00a0de Negr\u00edn para llevarlas a M\u00e9xico.<\/p>\n<p>\u00bfY qu\u00e9 conten\u00edan? Un heterog\u00e9neo tesoro que incluir\u00eda,\u00a0<strong>seg\u00fan el inventario de Amaro del Rosal<\/strong>, perteneciente al consejo ejecutivo del\u00a0<strong>Servicio de Evacuaci\u00f3n de los Refugiados Espa\u00f1oles<\/strong>, &#8220;las joyas de la capilla del\u00a0<strong>Palacio Real de Madrid<\/strong>\u00a0pertenecientes al\u00a0<strong>Tesoro Art\u00edstico Nacional<\/strong>, parte del tesoro de la catedral de Tortosa, ropajes y objetos religiosos incautados en la\u00a0<strong>catedral de Toledo<\/strong>, incluido el \u00abManto de las cincuenta mil perlas de la Virgen del Sagrario\u00bb y las piezas del monetario del\u00a0<strong>Museo Arqueol\u00f3gico Nacional<\/strong>, descritas en el \u00fanico inventario que se conoce como &#8220;<strong>ejemplares \u00fanicos de incalculable valor hist\u00f3rico<\/strong>&#8221; y que no ser\u00edan las \u00fanicas monedas con\u00a0<strong>valor hist\u00f3rico<\/strong>\u00a0transportadas, puesto que tambi\u00e9n se hace referencia a\u00a0<strong>monedas de oro de gran valor numism\u00e1tico<\/strong>\u00a0procedentes del Ministerio de Hacienda y la\u00a0<strong>Casa de la Moneda de Madrid<\/strong>&#8220;, tal y como explican\u00a0<strong>Francisco Gracia Alonso<\/strong>\u00a0y\u00a0<strong>Gloria Munilla<\/strong>\u00a0en<a href=\"https:\/\/www.amazon.es\/Tesoro-delVita-Biblioteca-Universit%C3%A0ria-Francisco\/dp\/8447537617\/ref=sr_1_1?tag=elconfi-21\" target=\"_blank\" rel=\"nofollow noopener sponsored\">\u00a0<em>El Tesoro del Vita<\/em><\/a><em>,\u00a0<\/em>aunque su composici\u00f3n exacta no se conozca con total seguridad ya que no se hizo un inventario a su llegada en M\u00e9xico por las evidentes implicaciones.<\/p>\n<p>&nbsp;<\/p>\n<p>En definitiva,\u00a0<strong>un tesoro patrimonial de enorme importancia hist\u00f3rico-art\u00edstica y de gran valor<\/strong>\u00a0en el que estar\u00eda\u00a0<strong>la parte de la colecci\u00f3n de monedas del Museo Arqueol\u00f3gico Nacional desaparecidas durante la guerra<\/strong>\u00a0y que en marzo de 1939, cuando la Rep\u00fablica estaba a punto de perder la guerra, se embarcar\u00eda en El Havre, Francia, con destino a M\u00e9xico para cambiarlo por dinero que pudiera pagar la estancia de los exiliados. Un cargamento al que habr\u00eda que a\u00f1adir los\u00a0<strong>dep\u00f3sitos particulares de las cajas de seguridad del Banco de Espa\u00f1a y los objetos de valor<\/strong>, tambi\u00e9n de particulares, dejados en dep\u00f3sito en el\u00a0<strong><a href=\"https:\/\/www.elconfidencial.com\/espana\/andalucia\/2025-05-09\/cortijo-lorca-busca-alternativa-turismo-sol-playa-almeria_4115110\/\" target=\"_self\">Monte de Piedad de Madrid<\/a><\/strong>\u00a0e incautados por el\u00a0<strong>gobierno de la II Rep\u00fablica<\/strong>\u00a0en noviembre de 1936 y que no discute nadie a diferencia de los tesoros art\u00edsticos que algunos historiadores ponen en duda.<\/p>\n<p>El tesoro suscit\u00f3 adem\u00e1s a su llegada a M\u00e9xico\u00a0<strong>la disputa por su control entre el que fuera \u00faltimo presidente del Gobierno de la Rep\u00fablica Juan Negr\u00edn<\/strong>, que es quien hab\u00eda ordenado su traslado e\u00a0<strong><a href=\"https:\/\/www.elconfidencial.com\/cultura\/2020-09-30\/largo-caballero-indalecio-prieto-y-ls-atrocidades-de-la-guerra-civil_2768231\/\" target=\"_self\">Indalecio Prieto<\/a><\/strong>, sin contar con la del propio presidente de M\u00e9xico,\u00a0<strong>L\u00e1zaro C\u00e1rdenas<\/strong>\u00a0que acept\u00f3 recibir el patrimonio art\u00edstico para su transformaci\u00f3n monetaria no sin intentar sacar provecho de \u00e9l. Una disputa por el tesoro del que acabar\u00eda disponiendo el exministro socialista Prieto, enfrentado en el exilio a Negr\u00edn.<\/p>\n<p>&nbsp;<\/p>\n<p>El origen del expolio ocurrido durante la\u00a0<strong>Guerra Civil<\/strong>\u00a0y mucho menos conocido que el del c\u00e9lebre\u00a0<a href=\"https:\/\/www.elconfidencial.com\/economia\/2025-10-02\/oro-dispara-reservas-divisas_4220180\/\" target=\"_self\">oro del Banco de Espa\u00f1a\u00a0<\/a>enajenado en Mosc\u00fa, se encuentra en los comienzos de la Guerra Civil, entre septiembre y noviembre de 1936, cuando las tropas rebeldes del general\u00a0<strong>Francisco Franco<\/strong>\u00a0avanzaron hasta Madrid y la asediaron. Para entonces, el gobierno de la II Rep\u00fablica hab\u00eda creado ya dos organismos que resultar\u00edan claves en la incautaci\u00f3n de este patrimonio de\u00a0<strong>propiedad estatal<\/strong>:\u00a0<strong>la Junta de Protecci\u00f3n de Tesoros Art\u00edsticos y la Caja de Reparaciones de Guerra<\/strong>. La primera destinada con el objetivo te\u00f3rico de salvaguardar el arte de la acci\u00f3n b\u00e9lica y la segunda como medio de obtenci\u00f3n de medios de financiaci\u00f3n para la lucha contra el otro bando.<\/p>\n<div class=\"revUnit\"><\/div>\n<p>As\u00ed como en el caso de la colecci\u00f3n pict\u00f3rica del\u00a0<strong>Museo del Prado<\/strong>\u00a0la\u00a0<strong>Junta<\/strong>\u00a0de Protecci\u00f3n de Tesoros &#8220;contribuy\u00f3 indudablemente al salvamento de una parte esencial del\u00a0<strong>Patrimonio Art\u00edstico espa\u00f1ol<\/strong>,&#8221; seg\u00fan explican Francisco Gracia Alonso y Gloria Munilla, &#8220;puesto que las principales obras del\u00a0<a href=\"https:\/\/www.elconfidencial.com\/tags\/lugares\/museo-del-prado-8282\/\" target=\"_self\">Museo del Prado<\/a>\u00a0emprendieron viaje desde Madrid hasta recalar en Ginebra, donde quedaron bajo la protecci\u00f3n de la\u00a0<strong>Sociedad de Naciones<\/strong>\u00a0antes de su entrega al\u00a0<strong>gobierno de Burgos<\/strong>&#8220;, existe otra parte de esa Junta &#8220;menos vistosa, m\u00e1s oscura, dif\u00edcil de aquilatar en su justa medida (&#8230;) \u00bfEs l\u00edcito considerar la\u00a0<strong>incautaci\u00f3n de objetos de arte<\/strong>\u00a0aunque sean propiedad particular de individuos o instituciones que, como en el caso de la\u00a0<strong>Iglesia cat\u00f3lica<\/strong>, daban apoyo a los sublevados y transformarlos en dinero? \u00bfPuede defenderse la misma idea cuando los bienes requisados forman parte de las\u00a0<strong>colecciones estatales<\/strong>? Se preguntan los autores.<\/p>\n<p>El caso de las monedas del Museo Arqueol\u00f3gico Nacional que acabar\u00edan en M\u00e9xico es especialmente ilustrativo de un\u00a0<strong><a href=\"https:\/\/www.elconfidencial.com\/tags\/lugares\/nueva-york-4724\/\" target=\"_blank\" rel=\"noopener\">expolio de tesoros art\u00edsticos\u00a0<\/a>de propiedad estatal<\/strong>\u00a0disfrazado de\u00a0<strong>incautaci\u00f3n para su supuesta protecci\u00f3n<\/strong>, ya que todos los documentos y testimonios sobre las acciones llevadas a cabo durante la guerra indican &#8220;sin lugar a dudas que\u00a0<strong>su requisa estaba destinada a poner todos los objetos de oro y metales preciosos existentes en el museo bajo el control de la Caja<\/strong>, no de la Junta como se ha cre\u00eddo y argumentado en algunas ocasiones&#8221;, tal y como concluyen Francisco Gracia Alonso y Gloria Munilla.<\/p>\n<p>&nbsp;<\/p>\n<p class=\"bodyObject bodyBlockquote\">El caso de las monedas del MAN que acabar\u00edan en M\u00e9xico es especialmente ilustrativo de un expolio de tesoros art\u00edsticos de propiedad estatal<\/p>\n<p>&nbsp;<\/p>\n<p>As\u00ed, el 2 de noviembre de 1936 subsecretario del\u00a0<strong>Ministerio de Instrucci\u00f3n P\u00fablica y Bellas Artes<\/strong>,\u00a0<strong>Wenceslao Roces<\/strong>, emit\u00eda la siguiente orden:<\/p>\n<p>&nbsp;<\/p>\n<p>&#8220;En virtud de las circunstancias actuales es\u00a0<strong>absolutamente necesario que todos los efectos de valor<\/strong>,\u00a0<strong>oro<\/strong>,\u00a0<strong>o plata y tesoros que forman las valiosas colecciones que se hallan en el<\/strong><a href=\"https:\/\/www.elconfidencial.com\/cultura\/2024-04-03\/museo-arqueologico-aniversario-reforma-museo_3858205\/\" target=\"_self\">\u00a0Museo Arqueol\u00f3gico Nacional,\u00a0<\/a><strong>sean colocados convenientemente en disposici\u00f3n de transporte<\/strong>\u00a0y trasladados a este ministerio de d\u00f3nde pasaran al lugar que se designe para su\u00a0<strong>definitiva custodia<\/strong>&#8221; \u2013<strong>Archivo de la Real Academia Espa\u00f1ola<\/strong>\u2013.<\/p>\n<p>&nbsp;<\/p>\n<p>Se trataba de poner en marcha el plan que el entonces ministro de Hacienda\u00a0<strong>Juan Negr\u00edn<\/strong>\u00a0hab\u00eda dispuesto en septiembre destinada a recoger \u00ababsolutamente todas las piezas de oro y plata\u00bb con destino al ministerio y, por l\u00f3gica, a la\u00a0<strong>Caja de Reparaciones<\/strong>. Es decir, que no hab\u00eda ninguna intenci\u00f3n de proteger las monedas de la colecci\u00f3n del\u00a0<strong>MAN<\/strong>, sino simplemente la de proseguir el proceso de\u00a0<strong>capitalizaci\u00f3n de la Rep\u00fablica<\/strong>, para el\u00a0<strong>esfuerzo b\u00e9lico<\/strong>, plan que se incrustar\u00eda en el de la disposici\u00f3n de las\u00a0<strong>reservas de oro<\/strong>,\u00a0<strong>plata y metales preciosos<\/strong>\u00a0del\u00a0<strong>Banco de Espa\u00f1a<\/strong>, conocido habitualmente como el\u00a0<a href=\"https:\/\/www.elconfidencial.com\/cultura\/2019-12-31\/ii-republica-guerra-civil-negrin-oro-de-moscu_2386216\/\" target=\"_self\">\u2018oro de Mosc\u00fa\u2019,<\/a>\u00a0con la salvedad de constituir en este caso adem\u00e1s un conjunto de\u00a0<strong>valor art\u00edstico e hist\u00f3rico<\/strong>.<\/p>\n<p>Las monedas del MAN, junto con otros\u00a0<strong>tesoros requisados<\/strong>, adem\u00e1s de los objetos de valor de las\u00a0<strong>cajas de seguridad<\/strong>\u00a0del Banco de Espa\u00f1a retiradas tambi\u00e9n en noviembre de 1936 y las\u00a0<strong>divisas y oro<\/strong>\u00a0entregadas por particulares a la Caja de Reparaci\u00f3n, acabar\u00edan en\u00a0<strong>Par\u00eds<\/strong>\u00a0despu\u00e9s de que Negr\u00edn diera la orden, ante la inminente\u00a0<strong>ca\u00edda de Catalu\u00f1a<\/strong>\u00a0en diciembre de 1938 de sacar de Espa\u00f1a todos los\u00a0<strong>bienes convertibles<\/strong>\u00a0que a\u00fan se conservasen en los\u00a0<strong>territorios a\u00fan controlados por la Rep\u00fablica<\/strong>. Previamente, se hab\u00eda constituido adem\u00e1s en Par\u00eds un\u00a0<strong>fondo de contingencia<\/strong>\u00a0con lo que hab\u00eda en la Caja de Reparaciones para\u00a0<strong>gestionar el exilio<\/strong>\u00a0a nombre de particulares con la expresa intenci\u00f3n de que no pudieran ser reclamados por el\u00a0<strong>Gobierno de Burgos<\/strong>.<\/p>\n<p>&nbsp;<\/p>\n<p>El destino final de todos esos bienes era M\u00e9xico, seg\u00fan las negociaciones que hab\u00eda llevado a cabo\u00a0<a href=\"https:\/\/www.elconfidencial.com\/cultura\/2022-09-03\/tren-negrin-trabajos-forzados-segunda-republica_3484315\/\" target=\"_self\">Juan Negr\u00edn<\/a>\u00a0con\u00a0<strong>L\u00e1zaro Cardenas<\/strong>, para lo cual se pens\u00f3 en un modo de transporte que no fue otro que el yate \u2018Vita\u2019 comprado en\u00a0<strong>Southampton<\/strong>\u00a0a instancias de Negr\u00edn por el empresario\u00a0<strong>Marino Gamboa<\/strong>, un emigrado vasco en\u00a0<strong>Filipinas<\/strong>\u00a0simpatizante del\u00a0<strong>PNV<\/strong>. Seg\u00fan le contar\u00eda en 2019 su hija Tere Gamboa a I\u00f1aki Anasagasti, ex portavoz del PNV en el\u00a0<strong>Congreso de los Diputados<\/strong>:<\/p>\n<div>\n<p>&#8220;El yate \u00abVita\u00bb se compr\u00f3 por orden del\u00a0<strong>Gobierno de Euzkadi<\/strong>\u00a0en colaboraci\u00f3n con el\u00a0<strong>Gobierno de la Rep\u00fablica<\/strong>. Estaba a nombre de mi padre y ten\u00eda\u00a0<strong>bandera norteamericana<\/strong>. Me acuerdo c\u00f3mo hicimos un viaje, toda la familia, hacia 1938 o 1939, antes de la guerra mundial. Llegamos hasta\u00a0<strong>Holanda y B\u00e9lgica<\/strong>, teniendo que volver antes de lo previsto por la\u00a0<strong>situaci\u00f3n preb\u00e9lica de Europa<\/strong>. Este barco tuvo mucha historia. En \u00e9l se embarc\u00f3 en El Havre 120 maletas que conten\u00edan objetos incautados por la\u00a0<strong>Caja General de Reparaciones<\/strong>\u00a0durante\u00a0<a href=\"https:\/\/www.elconfidencial.com\/alma-corazon-vida\/2019-05-02\/guerra-civil-fin-1952-1939_1963378\/\" target=\"_self\">la guerra civil\u00a0<\/a>y otros de diversas procedencias y objetos de valor en febrero de 1939 llevando un grupo de\u00a0<strong>carabineros espa\u00f1oles leales<\/strong>\u00a0al\u00a0<strong>presidente del gobierno republicano<\/strong>, Juan Negr\u00edn. El\u00a0<strong>Vita lleg\u00f3 a Veracruz<\/strong>\u00a0un mes despu\u00e9s y por carambolas del destino todo ese valios\u00edsimo cargamento pas\u00f3 a manos de Indalecio Prieto con lo que el enfrentamiento entre los dos pol\u00edticos espa\u00f1oles fue terrible&#8221;.<\/p>\n<p class=\"bodyObject bodyBlockquote\">&#8220;El Vita lleg\u00f3 a Veracruz un mes despu\u00e9s y por carambolas del destino todo ese valios\u00edsimo cargamento pas\u00f3 a manos de Indalecio Prieto&#8221;<\/p>\n<p>Es un buen resumen. Gamboa, que era due\u00f1o de la\u00a0<strong>empresa naviera Mid-Atlantic<\/strong>, se avino a colaborar con el\u00a0<strong>gobierno de Negr\u00edn<\/strong>\u00a0poniendo el barco a su nombre, no sin que antes el\u00a0<strong>embajador republicano en Londres<\/strong>, Pablo de Azc\u00e1rate estableciera un\u00a0<strong>contrato de alquiler del barco<\/strong>\u00a0desde el 9 febrero hasta el 10 de mayo, que cubriera el periodo del viaje, para que efectivamente la carga estuviera bajo control del todav\u00eda gobierno de la Rep\u00fablica. Gamboa intentar\u00eda a finales del mismo mes de febrero rescindir ese contrato en lo que se ha interpretado alternativamente como un intento por colaborar con la\u00a0<strong>Comisi\u00f3n de Recuperaci\u00f3n de Bienes Espa\u00f1oles en el Extranjero<\/strong>\u00a0del gobierno de Burgos que ya estaba en Par\u00eds o de ayuda en las\u00a0<strong>maniobras del PNV<\/strong>\u00a0por hacerse con el cargamento. Ser\u00eda una constante:\u00a0<strong>c\u00f3mo quedarse con el tesoro del Vita<\/strong>.<\/p>\n<p>Finalmente el barco capitaneado por el\u00a0<strong>capit\u00e1n Jos\u00e9 Lucio Ordorica<\/strong>\u00a0que hab\u00eda sido contratado por Marino Gamboa parti\u00f3 de El Havre como declarar\u00eda a\u00f1os despu\u00e9s en\u00a0<strong>Lekeitio<\/strong>\u00a0ante el\u00a0<strong>fiscal Barrilero Turiel<\/strong>\u00a0y llegar\u00eda primero a Veracruz, y despu\u00e9s a Tampico, M\u00e9xico en donde comenzar\u00edan otra serie de intrigas y tramas por el control del cargamento. B\u00e1sicamente, las disputas entre el\u00a0<strong>SERE<\/strong>, el\u00a0<strong>Servicio de Emigraci\u00f3n de Republicanos Espa\u00f1oles<\/strong>, que patrocinaba Juan Negr\u00edn y el\u00a0<strong>JARE<\/strong>, la\u00a0<strong>Junta de Auxilio a los Republicanos Espa\u00f1oles<\/strong>, de Indalecio Prieto que hab\u00eda salido del gobierno republicano en 1938 y estaba totalmente enfrentado a\u00a0<a href=\"https:\/\/blogs.elconfidencial.com\/economia\/el-disparate-economico\/2017-07-10\/negrin-y-azana-acabar-de-raiz-con-los-separatistas_1412170\/\" target=\"_self\">Juan Negr\u00edn<\/a>\u00a0y el\u00a0<strong>partido comunista<\/strong>. Se trataba sencillamente de\u00a0<strong>controlar los fondos del exilio a costa del patrimonio art\u00edstico incautado en Espa\u00f1a<\/strong>, que al final lograr\u00eda Prieto.<\/p>\n<div class=\"revUnit\"><\/div>\n<p>El cargamento con las monedas del MAN acabar\u00eda siendo r\u00e1pidamente transformado en M\u00e9xico: desengaste y venta de todas las joyas, algunas sin desmontar provenientes de las cajas de seguridad, fundici\u00f3n de\u00a0<a href=\"https:\/\/www.superyachttimes.com\/yacht-news\/argossy-yacht-feadship-makkum-refit\" target=\"_blank\" rel=\"nofollow noopener\">metales preciosos,<\/a>\u00a0adem\u00e1s del oro amonedado y los lotes con las monedas hist\u00f3ricas del MAN que fueron adquiridos sin fundir por el\u00a0<strong>Banco de M\u00e9xico<\/strong>, si bien debieron serlo con posterioridad, seg\u00fan Gracia y Munilla, ya que &#8220;que ninguna pieza hist\u00f3rico-arqueol\u00f3gica ha sido identificada con posterioridad, y dicha transformaci\u00f3n \u2014obligada por las implicaciones pol\u00edticas que se derivar\u00edan de su conservaci\u00f3n\u2014&#8221;. En definitiva el\u00a0<strong>tesoro del Vita<\/strong>\u00a0fue totalmente enajenado y su contrapartida monetaria gestionada por el\u00a0<strong>JARE de Indalecio Prieto<\/strong>\u00a0con las subsiguientes historias paralelas del exilio por la asignaci\u00f3n de los fondos. Da para muchas historias, una reciente novela\u00a0<em><strong>El secreto del Vita,<\/strong><\/em>\u00a0por ejemplo, parte sobre la base de los acontecimientos para la ficci\u00f3n.<\/p>\n<p>Queda el propio relato del viejo yate Argosy, botado en\u00a0<strong>Kiel en 1931<\/strong>\u00a0y que reaparece ahora en\u00a0<strong>Holanda<\/strong>; si acaso m\u00e1s interesante a\u00fan que el del destino en M\u00e9xico del tesoro que alberg\u00f3. Despu\u00e9s del periplo de\u00a0<strong>Veracruz y Tampico<\/strong>\u00a0Gamboa traspas\u00f3 la propiedad a Ordorica que a su vez lo puso en manos de Indalecio Prieto al reconocerse que se hab\u00eda adquirido con fondos de la\u00a0<strong>Rep\u00fablica<\/strong>. Se renombr\u00f3 en Panam\u00e1 como\u00a0<em><strong>Abril<\/strong><\/em>, y Prieto lo vendi\u00f3 en\u00a0<strong>Cuba<\/strong>\u00a0al\u00a0<strong>Marina de EEUU<\/strong>\u00a0que a su vez le cambi\u00f3 el nombre por\u00a0<em><strong>Cythera<\/strong>\u00a0<\/em>para convertirlo en patrullero, labor que llev\u00f3 a cabo durante la\u00a0<strong>Segunda Guerra Mundial<\/strong>.<\/p>\n<div class=\"revUnit\"><\/div>\n<p>En\u00a0<strong>1946<\/strong>\u00a0despu\u00e9s de ser dado de baja por la\u00a0<strong>marina estadounidense<\/strong>\u00a0fue adquirido por un<a href=\"https:\/\/www.elconfidencial.com\/tags\/lugares\/nueva-york-4724\/\" target=\"_blank\" rel=\"noopener\">\u00a0lobby jud\u00edo en Nueva York<\/a>\u00a0que bajo el nombre de\u00a0<em><strong>Ben Hecht<\/strong><\/em>\u00a0lo emple\u00f3 desde\u00a0<strong>Marsella<\/strong>\u00a0para llevar jud\u00edos a\u00a0<strong>Palestina<\/strong>\u00a0al igual que el famoso\u00a0<em><strong>Exodus<\/strong><\/em>. Interceptado por el buque brit\u00e1nico HMS\u00a0<em>Chieftain<\/em>\u00a0y remolcado al puerto de\u00a0<strong>Haifa<\/strong>, tras la\u00a0<strong>independencia de Israel en 1948<\/strong>\u00a0se convirti\u00f3 en el ca\u00f1onero de la armada israel\u00ed\u00a0<em>Ins Maoz,\u00a0<strong>K-24<\/strong>.<\/em>\u00a0Sigui\u00f3 en servicio hasta 1956 cuando se vendi\u00f3 a la compa\u00f1\u00eda italiana Navigazione Libera del Golfo, que lo destin\u00f3 como ferry entre N\u00e1poles y la isla de Capri bajo el nuevo nombre de\u00a0<em>Santa Mar\u00eda del Mare,<\/em>\u00a0que lo retirar\u00eda posteriormente. En\u00a0<strong>2002<\/strong>\u00a0comenz\u00f3 el proyecto de restauraci\u00f3n de\u00a0<strong>Lucio Dina<\/strong>\u00a0para el\u00a0<em>Rossy One<\/em>\u00a0que fue abandonado y ahora, el Argossy con una \u2018s\u2019 m\u00e1s en su nombre, adem\u00e1s de unos cuantos a\u00f1os, podr\u00eda regresar a la acci\u00f3n.<\/p>\n<p><a href=\"https:\/\/www.elconfidencial.com\/amp\/cultura\/2025-11-09\/aparece-holanda-vita-yate-mexico-tesoro-espanol_4242892\/\">FUENTE<\/a><\/p>\n<\/div>\n","protected":false},"excerpt":{"rendered":"<p>El 24 de julio de 1970 el fiscal general de la Audiencia de Bilbao, Fernando Barrilero Turel, se desplaz\u00f3 a unos 60 km hasta Lekeito [&hellip;]<\/p>\n","protected":false},"author":1,"featured_media":7801,"comment_status":"open","ping_status":"open","sticky":false,"template":"","format":"standard","meta":{"h5ap_radio_sources":[],"_FSMCFIC_featured_image_caption":"","_FSMCFIC_featured_image_nocaption":"","_FSMCFIC_featured_image_hide":"","_jetpack_memberships_contains_paid_content":false,"footnotes":""},"categories":[5],"tags":[],"class_list":["post-7799","post","type-post","status-publish","format-standard","has-post-thumbnail","hentry","category-internacionales"],"aioseo_notices":[],"jetpack_featured_media_url":"https:\/\/nuevaprensaamerica.com\/wp-content\/uploads\/2025\/11\/f.elconfidencial.com_original_152_909_6d3_1529096d3ff37e528e8ed4b6ee9a2f06.jpg","jetpack_sharing_enabled":true,"_links":{"self":[{"href":"https:\/\/nuevaprensaamerica.com\/index.php\/wp-json\/wp\/v2\/posts\/7799","targetHints":{"allow":["GET"]}}],"collection":[{"href":"https:\/\/nuevaprensaamerica.com\/index.php\/wp-json\/wp\/v2\/posts"}],"about":[{"href":"https:\/\/nuevaprensaamerica.com\/index.php\/wp-json\/wp\/v2\/types\/post"}],"author":[{"embeddable":true,"href":"https:\/\/nuevaprensaamerica.com\/index.php\/wp-json\/wp\/v2\/users\/1"}],"replies":[{"embeddable":true,"href":"https:\/\/nuevaprensaamerica.com\/index.php\/wp-json\/wp\/v2\/comments?post=7799"}],"version-history":[{"count":1,"href":"https:\/\/nuevaprensaamerica.com\/index.php\/wp-json\/wp\/v2\/posts\/7799\/revisions"}],"predecessor-version":[{"id":7800,"href":"https:\/\/nuevaprensaamerica.com\/index.php\/wp-json\/wp\/v2\/posts\/7799\/revisions\/7800"}],"wp:featuredmedia":[{"embeddable":true,"href":"https:\/\/nuevaprensaamerica.com\/index.php\/wp-json\/wp\/v2\/media\/7801"}],"wp:attachment":[{"href":"https:\/\/nuevaprensaamerica.com\/index.php\/wp-json\/wp\/v2\/media?parent=7799"}],"wp:term":[{"taxonomy":"category","embeddable":true,"href":"https:\/\/nuevaprensaamerica.com\/index.php\/wp-json\/wp\/v2\/categories?post=7799"},{"taxonomy":"post_tag","embeddable":true,"href":"https:\/\/nuevaprensaamerica.com\/index.php\/wp-json\/wp\/v2\/tags?post=7799"}],"curies":[{"name":"wp","href":"https:\/\/api.w.org\/{rel}","templated":true}]}}