{"id":7805,"date":"2025-11-10T09:32:12","date_gmt":"2025-11-10T09:32:12","guid":{"rendered":"https:\/\/nuevaprensaamerica.com\/?p=7805"},"modified":"2025-11-10T09:32:12","modified_gmt":"2025-11-10T09:32:12","slug":"vicky-davila-denuncia-nexos-entre-abelardo-de-la-espriella-y-el-entorno-de-alex-saab","status":"publish","type":"post","link":"https:\/\/nuevaprensaamerica.com\/index.php\/2025\/11\/10\/vicky-davila-denuncia-nexos-entre-abelardo-de-la-espriella-y-el-entorno-de-alex-saab\/","title":{"rendered":"Vicky D\u00e1vila denuncia nexos entre Abelardo de la Espriella y el entorno de Alex Saab"},"content":{"rendered":"<p data-start=\"145\" data-end=\"487\">La periodista <strong data-start=\"159\" data-end=\"175\">Vicky D\u00e1vila<\/strong> public\u00f3 en su cuenta de X una serie de se\u00f1alamientos sobre la relaci\u00f3n entre el abogado y candidato <strong data-start=\"276\" data-end=\"304\">Abelardo de la Espriella<\/strong> y <strong data-start=\"307\" data-end=\"330\">Daniel Pe\u00f1arredonda<\/strong>, exsubdirector de su firma De La Espriella Lawyers. Seg\u00fan D\u00e1vila, Pe\u00f1arredonda mantiene v\u00ednculos estrechos con <strong data-start=\"442\" data-end=\"455\">Alex Saab<\/strong> y su esposa <strong data-start=\"468\" data-end=\"484\">Camila Fabri<\/strong>.<\/p>\n<p data-start=\"145\" data-end=\"487\"><!--more--><\/p>\n<p data-start=\"489\" data-end=\"675\">La comunicadora tambi\u00e9n mencion\u00f3 que <strong data-start=\"526\" data-end=\"549\">Andrea Pe\u00f1arredonda<\/strong>, hermana de Daniel, ser\u00eda mano derecha de Fabri y habr\u00eda trabajado con ella durante la detenci\u00f3n de Saab en Estados Unidos.<\/p>\n<p data-start=\"677\" data-end=\"860\">D\u00e1vila cuestion\u00f3 p\u00fablicamente a De la Espriella sobre la naturaleza de su relaci\u00f3n con los hermanos Pe\u00f1arredonda y con el entorno de Saab, se\u00f1alado testaferro de <strong data-start=\"839\" data-end=\"857\">Nicol\u00e1s Maduro<\/strong>.<\/p>\n","protected":false},"excerpt":{"rendered":"<p>La periodista Vicky D\u00e1vila public\u00f3 en su cuenta de X una serie de se\u00f1alamientos sobre la relaci\u00f3n entre el abogado y candidato Abelardo de la [&hellip;]<\/p>\n","protected":false},"author":1,"featured_media":7807,"comment_status":"open","ping_status":"open","sticky":false,"template":"","format":"standard","meta":{"h5ap_radio_sources":[],"_FSMCFIC_featured_image_caption":"","_FSMCFIC_featured_image_nocaption":"","_FSMCFIC_featured_image_hide":"","_jetpack_memberships_contains_paid_content":false,"footnotes":""},"categories":[12],"tags":[],"class_list":["post-7805","post","type-post","status-publish","format-standard","has-post-thumbnail","hentry","category-colombia"],"aioseo_notices":[],"jetpack_featured_media_url":"https:\/\/nuevaprensaamerica.com\/wp-content\/uploads\/2025\/11\/Captura-de-pantalla-2025-11-10-a-las-10.31.44.png","jetpack_sharing_enabled":true,"_links":{"self":[{"href":"https:\/\/nuevaprensaamerica.com\/index.php\/wp-json\/wp\/v2\/posts\/7805","targetHints":{"allow":["GET"]}}],"collection":[{"href":"https:\/\/nuevaprensaamerica.com\/index.php\/wp-json\/wp\/v2\/posts"}],"about":[{"href":"https:\/\/nuevaprensaamerica.com\/index.php\/wp-json\/wp\/v2\/types\/post"}],"author":[{"embeddable":true,"href":"https:\/\/nuevaprensaamerica.com\/index.php\/wp-json\/wp\/v2\/users\/1"}],"replies":[{"embeddable":true,"href":"https:\/\/nuevaprensaamerica.com\/index.php\/wp-json\/wp\/v2\/comments?post=7805"}],"version-history":[{"count":1,"href":"https:\/\/nuevaprensaamerica.com\/index.php\/wp-json\/wp\/v2\/posts\/7805\/revisions"}],"predecessor-version":[{"id":7806,"href":"https:\/\/nuevaprensaamerica.com\/index.php\/wp-json\/wp\/v2\/posts\/7805\/revisions\/7806"}],"wp:featuredmedia":[{"embeddable":true,"href":"https:\/\/nuevaprensaamerica.com\/index.php\/wp-json\/wp\/v2\/media\/7807"}],"wp:attachment":[{"href":"https:\/\/nuevaprensaamerica.com\/index.php\/wp-json\/wp\/v2\/media?parent=7805"}],"wp:term":[{"taxonomy":"category","embeddable":true,"href":"https:\/\/nuevaprensaamerica.com\/index.php\/wp-json\/wp\/v2\/categories?post=7805"},{"taxonomy":"post_tag","embeddable":true,"href":"https:\/\/nuevaprensaamerica.com\/index.php\/wp-json\/wp\/v2\/tags?post=7805"}],"curies":[{"name":"wp","href":"https:\/\/api.w.org\/{rel}","templated":true}]}}