{"id":7840,"date":"2025-11-10T09:47:42","date_gmt":"2025-11-10T09:47:42","guid":{"rendered":"https:\/\/nuevaprensaamerica.com\/?p=7840"},"modified":"2025-11-10T09:47:42","modified_gmt":"2025-11-10T09:47:42","slug":"sentencia-de-dos-de-los-coacusados-del-caso-de-wanda-vazquez-podria-ser-en-enero","status":"publish","type":"post","link":"https:\/\/nuevaprensaamerica.com\/index.php\/2025\/11\/10\/sentencia-de-dos-de-los-coacusados-del-caso-de-wanda-vazquez-podria-ser-en-enero\/","title":{"rendered":"Sentencia de dos de los coacusados del caso de Wanda V\u00e1zquez podr\u00eda ser en enero"},"content":{"rendered":"<p data-mrf-recirculation=\"PrimeraHora - Article Body\">La\u00a0<b>Fiscal\u00eda federal<\/b>, junto a la defensa de dos de los coacusados del caso criminal contra el exgobernadora<b>\u00a0Wanda V\u00e1zquez Garced<\/b>, solicitaron a la corte cambiar la fecha de la vista de sentencia del 10 de diciembre para finales de enero.<\/p>\n<p data-mrf-recirculation=\"PrimeraHora - Article Body\">La petici\u00f3n surge de mociones conjuntas radicadas en los expedientes del banquero\u00a0<b>Julio Herrera Velutini\u00a0<\/b>y del exagente federal\u00a0<b>Mark Rossini<\/b>. Ambos documentos aluden a los mismos argumentos para el cambio de fecha, que es que\u00a0<b>sus abogados no estar\u00e1n disponibles para el pr\u00f3ximo 10 de diciembre<\/b>.<\/p>\n<p data-mrf-recirculation=\"PrimeraHora - Article Body\">\u201cLas partes solicitan respetuosamente a este Tribunal que admita la presente moci\u00f3n conjunta y aplace la audiencia de sentencia del 10 de diciembre de 2025 al\u00a0<b>27, 28 o 29 de enero de 2026, o a cualquier fecha posterior\u00a0<\/b>que el Tribunal considere apropiada\u201d, dicen ambas mociones.<\/p>\n<p data-mrf-recirculation=\"PrimeraHora - Article Body\"><!--more--><\/p>\n<p><main class=\"u-section--noticias\"><\/p>\n<div class=\"ArticleFrame--padding\">\n<section class=\"ArticleBody\">\n<p data-mrf-recirculation=\"PrimeraHora - Article Body\">Los documentos judiciales tambi\u00e9n aluden que diciembre y enero tienen fechas festivas, por lo que no podr\u00edan acordar una fecha anterior a las propuestas.<\/p>\n<div class=\"ArticleBodyVideo\">\n<div class=\"VideoPlayer u-theme--brand VideoPlayer--is-large\">\n<div>\n<div class=\"gfr-player-floater gfr-player-floater-configForVideo292910920479303\" data-placeholder-bg-color=\"black\">\n<div id=\"videoPlayer_292910\" class=\"gfr-floating-player gfrplayer-rendered\" data-player-instance=\"GFRPlayerInstance218515\">\n<div id=\"videoPlayer_292910configForVideo292910920479303\" class=\"gfrvideo-player vjs-default-skin video-js gfr-video-player-container gfr-video-player-container-videoPlayer_292910 vjs-paused vjs-fluid videoPlayer_292910configForVideo292910920479303-dimensions vjs-controls-enabled vjs-workinghover vjs-v7 vjs-user-active vjs-share vjs-videojs-share\" lang=\"es\" tabindex=\"-1\" role=\"region\" translate=\"no\" aria-label=\"Video Player\" data-compass-listening=\"true\">\n<div class=\"vjs-poster\" tabindex=\"-1\" aria-disabled=\"false\"><\/div>\n<div class=\"vjs-text-track-display\" translate=\"yes\" aria-live=\"off\" aria-atomic=\"true\">\n<div><\/div>\n<\/div>\n<p><button class=\"vjs-big-play-button\" title=\"Play Video\" type=\"button\" aria-disabled=\"false\"><span class=\"vjs-control-text\" aria-live=\"polite\">Play Video<\/span><\/button><\/p>\n<div><\/div>\n<\/div>\n<\/div>\n<\/div>\n<\/div>\n<\/div>\n<\/div>\n<p data-mrf-recirculation=\"PrimeraHora - Article Body\">\u201cLos meses de diciembre y enero incluyen varios d\u00edas festivos federales y locales que limitan significativamente la disponibilidad del abogado defensor, lo cual justifica a\u00fan m\u00e1s la fijaci\u00f3n de una fecha para finales de enero para garantizar una preparaci\u00f3n adecuada y una representaci\u00f3n efectiva en la audiencia de sentencia\u201d, se indic\u00f3.<\/p>\n<p data-mrf-recirculation=\"PrimeraHora - Article Body\"><b>Mientras, la vista de sentencia de Wanda V\u00e1zquez Garced contin\u00faa pautada para el 4 de diciembre a las 9:30 a.m.<\/b><\/p>\n<p data-mrf-recirculation=\"PrimeraHora - Article Body\">Los tres coacusados ser\u00e1n sentenciados por la jueza federal Silvia Carre\u00f1o Coll.<\/p>\n<p data-mrf-recirculation=\"PrimeraHora - Article Body\">Trasciende del expediente de la exgobernadora que la jueza le dio hasta el 17 de noviembre para rebatir la recomendaci\u00f3n de la Fiscal\u00eda federal de que cumpla un a\u00f1o en prisi\u00f3n.<\/p>\n<p data-mrf-recirculation=\"PrimeraHora - Article Body\">Este caso federal contra la exgobernadora data de agosto de 2022.<\/p>\n<p data-mrf-recirculation=\"PrimeraHora - Article Body\">La acusaci\u00f3n federal contra V\u00e1zquez Garced expone que Herrera Velutini y Rossini, presuntamente, le prometieron apoyo financiero para su campa\u00f1a pol\u00edtica del 2020, a cambio de que ella utilizara su influencia pol\u00edtica para destituir y reemplazar al entonces comisionado de la OCIF, George Joyner Kelly, pues el organismo regulador realizaba una investigaci\u00f3n en contra de Bancr\u00e9dito, el banco de Herrera Velutini.<\/p>\n<p data-mrf-recirculation=\"PrimeraHora - Article Body\">En febrero de 2020, Joyner Kelly present\u00f3 su renuncia, supuestamente, bajo presiones.<\/p>\n<p data-mrf-recirculation=\"PrimeraHora - Article Body\">Entonces, la exgobernadora nombr\u00f3 como su reemplazo a V\u00edctor Rodr\u00edguez Bonilla, quien se alega hab\u00eda sido recomendado por Herrera Velutini para que asumiera la direcci\u00f3n de OCIF. Supuestamente, V\u00e1zquez Garced recibi\u00f3 un soborno de $300,000, que consisti\u00f3 en un estudio o encuesta sobre la campa\u00f1a, por facilitar esa gesti\u00f3n de cambio de mando.<\/p>\n<div data-lazy=\"intxtad\" data-threshold=\"1.5\"><\/div>\n<p data-mrf-recirculation=\"PrimeraHora - Article Body\">La acusaci\u00f3n no lleg\u00f3 a juicio, dado a que la exmandataria, Herrera Velutini y Rossini se declararon culpables por una violaci\u00f3n a leyes electorales. Espec\u00edficamente, se le imput\u00f3 haber violado el T\u00edtulo 52 del C\u00f3digo de los Estados Unidos, secci\u00f3n 30121, de la Ley Federal de Campa\u00f1as Electorales (FECA, por sus siglas en ingl\u00e9s). Esta secci\u00f3n 30121 lo que dispone es que est\u00e1 prohibido que corporaciones y sindicatos hagan contribuciones o gastos en efectivo, bienes o servicios a campa\u00f1as federales o a partidos pol\u00edticos para prop\u00f3sitos de una elecci\u00f3n.<\/p>\n<p data-mrf-recirculation=\"PrimeraHora - Article Body\">Como parte de este caso, tambi\u00e9n fueron acusados Frances D\u00edaz, presidenta de Bancr\u00e9dito, y John Blakeman, exasesor pol\u00edtico de V\u00e1zquez Garced. Ambos hicieron alegaci\u00f3n de culpabilidad y colaboraron con las autoridades federales. No han sido sentenciados.<\/p>\n<p data-mrf-recirculation=\"PrimeraHora - Article Body\"><a href=\"https:\/\/www.primerahora.com\/noticias\/policia-tribunales\/notas\/sentencia-de-dos-de-los-coacusados-del-caso-de-wanda-vazquez-podria-ser-en-enero\/\">Fuente<\/a><\/p>\n<\/section>\n<\/div>\n<p><\/main><\/p>\n","protected":false},"excerpt":{"rendered":"<p>La\u00a0Fiscal\u00eda federal, junto a la defensa de dos de los coacusados del caso criminal contra el exgobernadora\u00a0Wanda V\u00e1zquez Garced, solicitaron a la corte cambiar la [&hellip;]<\/p>\n","protected":false},"author":1,"featured_media":7844,"comment_status":"open","ping_status":"open","sticky":false,"template":"","format":"standard","meta":{"h5ap_radio_sources":[],"_FSMCFIC_featured_image_caption":"","_FSMCFIC_featured_image_nocaption":"","_FSMCFIC_featured_image_hide":"","_jetpack_memberships_contains_paid_content":false,"footnotes":""},"categories":[5],"tags":[],"class_list":["post-7840","post","type-post","status-publish","format-standard","has-post-thumbnail","hentry","category-internacionales"],"aioseo_notices":[],"jetpack_featured_media_url":"https:\/\/nuevaprensaamerica.com\/wp-content\/uploads\/2025\/11\/Captura-de-pantalla-2025-11-10-a-las-10.46.42.png","jetpack_sharing_enabled":true,"_links":{"self":[{"href":"https:\/\/nuevaprensaamerica.com\/index.php\/wp-json\/wp\/v2\/posts\/7840","targetHints":{"allow":["GET"]}}],"collection":[{"href":"https:\/\/nuevaprensaamerica.com\/index.php\/wp-json\/wp\/v2\/posts"}],"about":[{"href":"https:\/\/nuevaprensaamerica.com\/index.php\/wp-json\/wp\/v2\/types\/post"}],"author":[{"embeddable":true,"href":"https:\/\/nuevaprensaamerica.com\/index.php\/wp-json\/wp\/v2\/users\/1"}],"replies":[{"embeddable":true,"href":"https:\/\/nuevaprensaamerica.com\/index.php\/wp-json\/wp\/v2\/comments?post=7840"}],"version-history":[{"count":5,"href":"https:\/\/nuevaprensaamerica.com\/index.php\/wp-json\/wp\/v2\/posts\/7840\/revisions"}],"predecessor-version":[{"id":7846,"href":"https:\/\/nuevaprensaamerica.com\/index.php\/wp-json\/wp\/v2\/posts\/7840\/revisions\/7846"}],"wp:featuredmedia":[{"embeddable":true,"href":"https:\/\/nuevaprensaamerica.com\/index.php\/wp-json\/wp\/v2\/media\/7844"}],"wp:attachment":[{"href":"https:\/\/nuevaprensaamerica.com\/index.php\/wp-json\/wp\/v2\/media?parent=7840"}],"wp:term":[{"taxonomy":"category","embeddable":true,"href":"https:\/\/nuevaprensaamerica.com\/index.php\/wp-json\/wp\/v2\/categories?post=7840"},{"taxonomy":"post_tag","embeddable":true,"href":"https:\/\/nuevaprensaamerica.com\/index.php\/wp-json\/wp\/v2\/tags?post=7840"}],"curies":[{"name":"wp","href":"https:\/\/api.w.org\/{rel}","templated":true}]}}