{"id":7847,"date":"2025-11-11T08:32:23","date_gmt":"2025-11-11T08:32:23","guid":{"rendered":"https:\/\/nuevaprensaamerica.com\/?p=7847"},"modified":"2025-11-11T08:32:23","modified_gmt":"2025-11-11T08:32:23","slug":"cesar-gaviria-sepulturero-del-liberalismo-colombiano","status":"publish","type":"post","link":"https:\/\/nuevaprensaamerica.com\/index.php\/2025\/11\/11\/cesar-gaviria-sepulturero-del-liberalismo-colombiano\/","title":{"rendered":"C\u00e9sar Gaviria, sepulturero del liberalismo colombiano"},"content":{"rendered":"<p><strong>E<\/strong>l Partido Liberal colombiano, fundado por Ezequiel Roja en 1848, transform\u00f3 a Colombia al abrir caminos hacia las libertades, la educaci\u00f3n p\u00fablica y el progreso social. Hoy, es una tienda de barrio moribunda, expendedora de avales y dedicada de manera especial a conseguirles puestos p\u00fablicos a la esposa y los ineptos hijos de C\u00e9sar Gaviria.<\/p>\n<p><!--more--><\/p>\n<p>Antes de seguir, aclaro que nunca he sido ni ser\u00e9 del Partido Liberal ni de ning\u00fan otro. He caminado solo toda mi vida del lado de las ideas progresistas que empujan al mundo hacia adelante.<\/p>\n<p>El liberalismo ha sido una de las corrientes pol\u00edticas y filos\u00f3ficas m\u00e1s influyentes en la construcci\u00f3n de las democracias modernas. Desde el siglo XVII, pensadores y l\u00edderes liberales han defendido principios como la libertad individual, la separaci\u00f3n de poderes, la igualdad ante la ley y el respeto a los derechos civiles, bases que transformaron a m\u00faltiples naciones y dieron forma a sistemas pol\u00edticos contempor\u00e1neos.<\/p>\n<p>A nivel mundial, nombres como John Locke, considerado el \u201cpadre del liberalismo\u201d, marcaron un cambio de \u00e9poca con sus ideas sobre el contrato social y los derechos naturales. M\u00e1s tarde, John Stuart Mill profundiz\u00f3 en la libertad de expresi\u00f3n, la igualdad y el papel limitado del Estado. En el campo econ\u00f3mico, Adam Smith sent\u00f3 las bases del libre mercado, mientras que l\u00edderes pol\u00edticos como Franklin D. Roosevelt promovieron el liberalismo social a trav\u00e9s de un conjunto de pol\u00edticas econ\u00f3micas y sociales conocido en Estados Unidos como New Deal, incorporando la justicia social como parte del pensamiento liberal.<\/p>\n<p>En Colombia, el liberalismo tom\u00f3 forma organizada en 1848 y desde entonces tuvo figuras determinantes para la vida pol\u00edtica y las reformas sociales del pa\u00eds. Entre sus grandes l\u00edderes sobresalen Jos\u00e9 Hilario L\u00f3pez, recordado por abolir la esclavitud, y Alfonso L\u00f3pez Pumarejo, cuyo gobierno transformador, conocido como la \u201cRevoluci\u00f3n en Marcha\u201d, moderniz\u00f3 el Estado y ampli\u00f3 derechos sociales y laborales.<\/p>\n<p>Otras figuras emblem\u00e1ticas del liberalismo colombiano fueron Jorge Eli\u00e9cer Gait\u00e1n, l\u00edder popular que reivindic\u00f3 la justicia social y la inclusi\u00f3n de los sectores marginados, convirti\u00e9ndose en un s\u00edmbolo moral del partido tras su asesinato en 1948. Gabriel Turbay, liberal de izquierda, un dem\u00f3crata y visionario que entendi\u00f3 que el progreso solo es aut\u00e9ntico cuando se construye con igualdad y libertad.<\/p>\n<p>En d\u00e9cadas m\u00e1s recientes est\u00e1n dirigentes como Alberto Lleras Camargo, estadista progresista que defendi\u00f3 la democracia, la justicia social y las libertades p\u00fablicas como pilares de la naci\u00f3n y, mal que bien, Carlos Lleras Restrepo.<\/p>\n<p>Tanto en Colombia como en el resto del mundo, el legado liberal contin\u00faa vigente como una defensa de los derechos fundamentales, la democracia y las libertades civiles. Aunque ha evolucionado y se ha diversificado \u2014desde el liberalismo cl\u00e1sico hasta el social y el progresista\u2014 su influencia sigue siendo central en el debate pol\u00edtico y en la construcci\u00f3n de sociedades m\u00e1s libres, igualitarias y respetuosas de la diversidad, menos en Colombia.<\/p>\n<p>El valor y la presencia hist\u00f3ricos del liberalismo en Colombia est\u00e1n muy bien expuestos en obras como\u00a0<em>El poder Pol\u00edtico en Colombia<\/em>, de Fernando Guill\u00e9n Mart\u00ednez o\u00a0<em>Las ideas liberales en Colombia<\/em>, de Gerardo Molina.<\/p>\n<p>Hoy, las ideas liberales en Colombia ya no existen en la pr\u00e1ctica pol\u00edtica y menos todav\u00eda dentro del marginal Partido Liberal, convertido en una tienda de esquina que administran C\u00e9sar Gaviria Trujillo y sus hijos Sim\u00f3n y Mar\u00eda Paz. Se limitan a buscar puestos en la burocracia y expender los avales que necesita la delincuencia para poder participar y ganar las elecciones.<\/p>\n<p>Hasta ah\u00ed llegaron los alcances y los aportes hist\u00f3ricos del liberalismo. Hoy es una congregaci\u00f3n conservadora, confesional, retr\u00f3grada, ambivalente, corrupta y decadente. Empez\u00f3 a apagarse del todo cuando los narcotraficantes (liderados por el fauno y narcotraficante Julio C\u00e9sar Turbay Ayala) se apoderaron del partido, pusieron de congresista a Pablo Escobar en 1982 y el cartel de Medell\u00edn comenz\u00f3 a adiestrar a \u00c1lvaro Uribe V\u00e9lez para ponerlo en la Presidencia de la Rep\u00fablica y convertir al pa\u00eds en la caleta m\u00e1s grande del mundo que es hoy.<\/p>\n<p>A Luis Carlos Gal\u00e1n Sarmiento lo asesinaron y a la Uni\u00f3n Patri\u00f3tica la exterminaron los narcotraficantes, aliados con el estado, por oponerse al plan de Pablo Escobar con su pupilo Uribe V\u00e9lez y su cartel de Medell\u00edn como puntas de lanza. Al ministro de Justicia Rodrigo Lara Bonilla esos mismos tambi\u00e9n lo sacrificaron por atreverse a desmantelar en los llanos del Yar\u00ed la ciudadela industrial de la coca\u00edna m\u00e1s grande de todos los tiempo en el planeta Tierra. Produc\u00eda 80 toneladas por mes y all\u00ed estaba, entre canecas de precursores qu\u00edmicos y toneladas de base de coca para procesar, el helic\u00f3ptero de los hermanos Uribe V\u00e9lez, herencia de su padre, el narcotraficante Alberto Uribe Sierra. Helic\u00f3ptero al que \u00c1lvaro Uribe le otorg\u00f3 las licencias de operaci\u00f3n cuando era el director de la Aerocivil en los d\u00edas sangrientos, de barbarie y latrocinio, de Turbay Ayala.<\/p>\n<p>Aquel emporio del narcotr\u00e1fico mundial, desmantelado por Lara Bonilla, se llamaba Tranquilandia \u00a0y Villa Coca. El helic\u00f3ptero de los hermanos Uribe V\u00e9lez era usado para transportar coca\u00edna y movilizar narcotraficantes (recomiendo leer el cap\u00edtulo\u00a0<em>Pol\u00edtica y delito<\/em>, de mi libro\u00a0<em>La Artiller\u00eda de la libertad<\/em>\u201d). A\u00f1os despu\u00e9s, la justicia, corrompida por esas fuerzas del crimen, devolvi\u00f3 el helic\u00f3ptero con el desvergonzado argumento de que no hab\u00eda evidencias de que hubiera estado ligado a la industria de la coca\u00edna. M\u00e1s adelante volvi\u00f3 a caer en Medell\u00edn con un cargamento de coca\u00edna y hoy no se sabe d\u00f3nde est\u00e9 operando.<\/p>\n<p><img decoding=\"async\" src=\"https:\/\/nuevaprensaamerica.com\/wp-content\/uploads\/2025\/11\/helic.jpg\" alt=\"\" \/><\/p>\n<p>&nbsp;<\/p>\n<p>Tambi\u00e9n asesinaron al periodista Guillermo Cano, director y m\u00e1rtir del anterior \u201c<em>El Espectador\u201d,\u00a0<\/em>cuyo postulado fue\u00a0<em>\u201dtrabajar en bien de la patria con criterio liberal y en bien de los principios liberales con criterio patri\u00f3tico.&#8221;<\/em><\/p>\n<p>Las ideas liberales en Colombia, que alguna vez inspiraron profundas transformaciones pol\u00edticas y sociales, ahora son vestigios arqueol\u00f3gicos. Sus principios \u2014antes sin\u00f3nimo de modernizaci\u00f3n, progreso y ampliaci\u00f3n de derechos\u2014 hoy recordados de manera fragmentaria en discursos r\u00fasticos de miras cortas. Lo que fue un proyecto intelectual con fuerza \u00e9tica e imaginativa se ha convertido en un repertorio de consignas desgastadas, sin relaci\u00f3n con los desaf\u00edos contempor\u00e1neos.<\/p>\n<p>El liberalismo actual, nido inveterado del narcotr\u00e1fico, puso a Uribe en la Presidencia y a Duque con votos que le compr\u00f3 el narcotraficante \u00d1e\u00f1e Hern\u00e1ndez. En 2022 fracasaron al tratar de encaramar a alias \u201cFico\u201d y ahora intentan escoger a su candidato para 2026 de una amplia baraja de rufianes y rufianas. Pondr\u00e1n al que conceda plenas garant\u00edas de conservar la corrupci\u00f3n estatal y judicial y de volver a usar la fuerza p\u00fablica como banda sicarial. Ese candidato deber\u00e1 ser del agrado, adem\u00e1s, de las iglesias cristianas, el Clan del Golfo, Pap\u00e1 Pitufo, Donald Trump, Netanyahu, Chiquito Malo y otros.<\/p>\n<p>La \u00faltima noticia del extinto liberalismo fue la de Gaviria que lleg\u00f3 renqueando con un bast\u00f3n hasta una de las narco-haciendas de El Matarife y se dej\u00f3 caer ante \u00e9l en una genuflexi\u00f3n vergonzosa, con sus rodillas maltrechas, para ofrecer en ese gesto final de humillaci\u00f3n la rendici\u00f3n que su voz, afectada por los analg\u00e9sicos, ya no pod\u00eda pronunciar.<\/p>\n<p>&nbsp;<\/p>\n","protected":false},"excerpt":{"rendered":"<p>El Partido Liberal colombiano, fundado por Ezequiel Roja en 1848, transform\u00f3 a Colombia al abrir caminos hacia las libertades, la educaci\u00f3n p\u00fablica y el progreso [&hellip;]<\/p>\n","protected":false},"author":1,"featured_media":7850,"comment_status":"open","ping_status":"open","sticky":false,"template":"","format":"standard","meta":{"h5ap_radio_sources":[],"_FSMCFIC_featured_image_caption":"","_FSMCFIC_featured_image_nocaption":"","_FSMCFIC_featured_image_hide":"","_jetpack_memberships_contains_paid_content":false,"footnotes":""},"categories":[12],"tags":[],"class_list":["post-7847","post","type-post","status-publish","format-standard","has-post-thumbnail","hentry","category-colombia"],"aioseo_notices":[],"jetpack_featured_media_url":"https:\/\/nuevaprensaamerica.com\/wp-content\/uploads\/2025\/11\/044f5e2581f803ef74e3e67dcc235a32_L.jpg","jetpack_sharing_enabled":true,"_links":{"self":[{"href":"https:\/\/nuevaprensaamerica.com\/index.php\/wp-json\/wp\/v2\/posts\/7847","targetHints":{"allow":["GET"]}}],"collection":[{"href":"https:\/\/nuevaprensaamerica.com\/index.php\/wp-json\/wp\/v2\/posts"}],"about":[{"href":"https:\/\/nuevaprensaamerica.com\/index.php\/wp-json\/wp\/v2\/types\/post"}],"author":[{"embeddable":true,"href":"https:\/\/nuevaprensaamerica.com\/index.php\/wp-json\/wp\/v2\/users\/1"}],"replies":[{"embeddable":true,"href":"https:\/\/nuevaprensaamerica.com\/index.php\/wp-json\/wp\/v2\/comments?post=7847"}],"version-history":[{"count":1,"href":"https:\/\/nuevaprensaamerica.com\/index.php\/wp-json\/wp\/v2\/posts\/7847\/revisions"}],"predecessor-version":[{"id":7849,"href":"https:\/\/nuevaprensaamerica.com\/index.php\/wp-json\/wp\/v2\/posts\/7847\/revisions\/7849"}],"wp:featuredmedia":[{"embeddable":true,"href":"https:\/\/nuevaprensaamerica.com\/index.php\/wp-json\/wp\/v2\/media\/7850"}],"wp:attachment":[{"href":"https:\/\/nuevaprensaamerica.com\/index.php\/wp-json\/wp\/v2\/media?parent=7847"}],"wp:term":[{"taxonomy":"category","embeddable":true,"href":"https:\/\/nuevaprensaamerica.com\/index.php\/wp-json\/wp\/v2\/categories?post=7847"},{"taxonomy":"post_tag","embeddable":true,"href":"https:\/\/nuevaprensaamerica.com\/index.php\/wp-json\/wp\/v2\/tags?post=7847"}],"curies":[{"name":"wp","href":"https:\/\/api.w.org\/{rel}","templated":true}]}}