{"id":8080,"date":"2025-12-01T08:30:57","date_gmt":"2025-12-01T08:30:57","guid":{"rendered":"https:\/\/nuevaprensaamerica.com\/?p=8080"},"modified":"2025-12-01T08:30:57","modified_gmt":"2025-12-01T08:30:57","slug":"un-ex-oficial-venezolano-viajara-a-espana-para-reabrir-la-causa-que-conecta-a-eta-y-las-farc","status":"publish","type":"post","link":"https:\/\/nuevaprensaamerica.com\/index.php\/2025\/12\/01\/un-ex-oficial-venezolano-viajara-a-espana-para-reabrir-la-causa-que-conecta-a-eta-y-las-farc\/","title":{"rendered":"Un ex oficial venezolano viajar\u00e1 a Espa\u00f1a para reabrir la causa que conecta a ETA y las FARC"},"content":{"rendered":"<p>Milton Revilla es\u00a0<a href=\"https:\/\/www.vozpopuli.com\/espana\/presiones-academicos-eta.html\">la clave que\u00a0<\/a><strong><a href=\"https:\/\/www.vozpopuli.com\/espana\/presiones-academicos-eta.html\">conecta a ETA<\/a>\u00a0y las FARC<\/strong>. Su historia, como oficial del Ej\u00e9rcito venezolano, se escribe en la frontera entre su pa\u00eds y Colombia; entre presiones, denuncias por torturas y su determinaci\u00f3n a declarar en Espa\u00f1a para reabrir la investigaci\u00f3n que vincula a las dos organizaciones. Porque en octubre del a\u00f1o 2000, cuando estaba destinado en el puesto de Catatumbo, registr\u00f3 la entrada en territorio colombiano de los etarras Jos\u00e9 Arturo Cubillas e I\u00f1aki de Juana Chaos, a quienes atribuye la instrucci\u00f3n de\u00a0los guerrilleros en t\u00e9cnicas terroristas.<\/p>\n<div id=\"roba_movil_1\"><\/div>\n<p><!--more--><\/p>\n<p>El pasado 10 de marzo, siendo testigo protegido en el caso que se instru\u00eda en Espa\u00f1a,\u00a0<strong>Milton Revilla<\/strong>\u00a0remiti\u00f3 un escrito -al que ha tenido acceso\u00a0<em>Vozp\u00f3puli<\/em>\u2013 al Juzgado Central de Instrucci\u00f3n n\u00famero seis de la Audiencia Nacional prest\u00e1ndose a declarar y facilitar toda la informaci\u00f3n que ten\u00eda en sus manos sobre ETA y las FARC.<\/p>\n<p>&nbsp;<\/p>\n<p>La asociaci\u00f3n Dignidad y Justicia trata de reabrir la causa, recogida en el sumario 75\/09, pero la Fiscal\u00eda se opuso y el juez sigui\u00f3 el mismo criterio. Seg\u00fan ha podido saber este diario, Milton Revilla prepara un\u00a0<strong>inminente viaje a Espa\u00f1a<\/strong>. Este ex oficial venezolano es la prueba viviente de la conexi\u00f3n entre las dos organizaciones terroristas. Y su testimonio ser\u00eda un elemento clave para que la Justicia espa\u00f1ola siguiera investigando los v\u00ednculos entre ETA y las FARC.<\/p>\n<div id=\"roba_movil_2\"><\/div>\n<h2>El paso fronterizo de Catatumbo<\/h2>\n<p>Nos remontamos a agosto del a\u00f1o 2000. Milton Revilla, que formaba parte del\u00a0<strong>Ej\u00e9rcito venezolano\u00a0<\/strong>desde 1989, fue destinado a la base de protecci\u00f3n fronteriza Teniente Rafael Moros, en la zona de Catatumbo, uno de los principales pasos entre Venezuela y Colombia. Se trata de una zona monta\u00f1osa, de vegetaci\u00f3n densa; el tr\u00e1nsito era principalmente de embarcaciones por el r\u00edo o de personas que cruzaban a pie.<\/p>\n<div id=\"roba_movil_3\"><\/div>\n<p>Era una zona estrat\u00e9gica para la seguridad regional, toda vez que en las inmediaciones operaban los guerrilleros del\u00a0<strong>Ej\u00e9rcito de Liberaci\u00f3n Nacional (ELN)<\/strong>\u00a0y del frente 33 de las\u00a0<a href=\"https:\/\/www.vozpopuli.com\/espana\/farc-abalos-delcygate-colombia_0_1408659126.html\"><strong>Fuerzas Armadas Revolucionarias de Colombia (FARC)<\/strong><\/a>. La unidad de la que formaba parte Milton Revilla cumpl\u00eda misiones de defensa de la frontera, operaciones contra organizaciones subversivas, narcotr\u00e1fico, contrabando de armas o terrorismo, adem\u00e1s de vigilar la inmigraci\u00f3n ilegal.<\/p>\n<div id=\"roba_movil_4\"><\/div>\n<p><img decoding=\"async\" src=\"https:\/\/d30gl8nkrjm6kp.cloudfront.net\/articulos\/articulos-446978.jpg\" alt=\"El etarra De Juana Chaos es una de los miembros m\u00e1s representativos de la colonia etarra en Venezuela\" \/><\/p>\n<div id=\"roba_movil_5\"><\/div>\n<p>Seg\u00fan defiende este ex oficial venezolano en el escrito que remiti\u00f3 a la Audiencia Nacional, entre octubre y noviembre del a\u00f1o 2000 -cuando apenas llevaba unas semanas desempe\u00f1\u00e1ndose en el paso de Catatumbo- registr\u00f3 el paso de<strong>\u00a0Arturo Cubillas<\/strong>\u00a0e\u00a0<strong>I\u00f1aki de Juana Chaos<\/strong>, dos miembros de ETA que encontraron cobijo en Venezuela.<\/p>\n<div id=\"roba_movil_6\"><\/div>\n<p>El primero fue deportado desde Argelia al pa\u00eds caribe\u00f1o en 1989. Obtuvo la\u00a0<strong>nacionalidad venezolana\u00a0<\/strong>y un puesto en la administraci\u00f3n p\u00fablica. La Justicia espa\u00f1ola ha reclamado su extradici\u00f3n para que aclarase sus presuntos v\u00ednculos con las FARC, pero las tensiones diplom\u00e1ticas entre Caracas y Madrid han impedido que la petici\u00f3n fuera atendida.<\/p>\n<div id=\"roba_movil_7\"><\/div>\n<p>El historial de I\u00f1aki de Juana Chaos se sostiene entre bombas, asesinatos y extorsi\u00f3n, como miembro del sanguinario comando Madrid. Ha sido condenado a casi 3.000 a\u00f1os de prisi\u00f3n por su participaci\u00f3n en 25 cr\u00edmenes. Huido de la Justicia, la periodista \u00c1ngeles Escriv\u00e1 lo localiz\u00f3 en 2015 en la localidad venezolana de Chichiriveche, donde regentaba una licorer\u00eda.<\/p>\n<div id=\"roba_movil_8\"><\/div>\n<h2>\u00abLabores de inteligencia\u00bb<\/h2>\n<p>Milton Revilla sostiene que Cubillas y De Juana Chaos cruzaron la frontera acompa\u00f1ados de un comisario de Contra Inteligencia Militar de Venezuela y dos miembros de las FARC, en direcci\u00f3n al campamento del Frente 33 del grupo terrorista colombiano.<\/p>\n<div id=\"roba_movil_9\"><\/div>\n<p>El ex oficial venezolano detalla en su escrito que, de acuerdo a\u00a0<strong>\u201clabores de inteligencia\u201d<\/strong>, pudo constatar que Cubillas y De Juana Chaos participaron en intercambios de instrucci\u00f3n, entrenando a miembros de la guerrilla colombiana en la elaboraci\u00f3n y uso de explosivos. En concreto, en el empleo de bombas lapa que se habr\u00edan utilizado en una bater\u00eda de atentados en Bogot\u00e1. Tambi\u00e9n sostiene que los dos terroristas espa\u00f1oles empleaban identificaciones oficiales de Venezuela para eludir el control de las autoridades.<\/p>\n<p><img decoding=\"async\" src=\"https:\/\/d30gl8nkrjm6kp.cloudfront.net\/articulos\/articulos-2565361.jpg\" alt=\"Catatumbo, frontera entre Venezuela y Colombia\" \/><\/p>\n<p>Milton Revilla asegura que puso toda esta informaci\u00f3n en conocimiento de sus superiores, entre los que figuraban altos funcionarios de los Ministerios de Defensa y del Interior, as\u00ed como de Presidencia de la Rep\u00fablica. Y que la\u00a0<strong>Direcci\u00f3n General de Contra Inteligencia Militar de Venezuela (DGCIM)<\/strong>\u00a0puso la documentaci\u00f3n a resguardo.<\/p>\n<h2>\u00abTorturado\u00bb<\/h2>\n<p>Una denuncia que le condujo por los caminos m\u00e1s oscuros. \u201cMiembros de la DGCIM, bajo el mando del\u00a0<a href=\"https:\/\/www.vozpopuli.com\/espana\/audiencia-garantias-pollo-carvajal.html\">general de divisi\u00f3n\u00a0<strong>Hugo Carvajal Barrios<\/strong><\/a>\u00a0[\u2026], obraron para mi detenci\u00f3n arbitraria, procesamiento judicial fraudulento y torturas a los efectos de \u2018desacreditarme\u2019 como testigo [en la investigaci\u00f3n que se desarrollaba en Espa\u00f1a sobre los v\u00ednculos entre ETA y las FARC]\u201d, denuncia en el escrito que remiti\u00f3 en marzo a la Audiencia Nacional.<\/p>\n<p>Asegura que se present\u00f3 con su estatus de testigo protegido en la\u00a0<strong>embajada de Espa\u00f1a en Caracas<\/strong>, pero que no encontr\u00f3 refugio ni atenci\u00f3n. Y que posteriormente fue procesado en Venezuela \u201cpara evitar mi comparecencia\u201d en Espa\u00f1a y \u201ctorturado\u201d para lograr \u201cuna confesi\u00f3n que conllevara a mi desacreditaci\u00f3n\u201d.<\/p>\n<blockquote>\n<div class=\"blockquote-icon\"><\/div>\n<div class=\"blockquote-content\">\n<p>Dirig\u00ed comunicaciones a la Audiencia Nacional de Espa\u00f1a y a la Fiscal\u00eda General de Espa\u00f1a, ninguna de mis solicitudes fueron respondidas<\/p>\n<\/div>\n<\/blockquote>\n<p>Una vez qued\u00f3 en libertad, present\u00f3 denuncias ante varias instancias: \u201cNinguna autoridad del poder p\u00fablico en Venezuela ha realizado acci\u00f3n alguna para determinar las responsabilidades sobre los hechos relatados\u201d. Afirma que el Ministerio de Defensa venezolano mantiene bajo nivel de clasificaci\u00f3n de seguridad los informes sobre la actividad de los miembros de ETA.<\/p>\n<p>\u201cCabe resaltar que, durante el transcurso de estos a\u00f1os, 2011 al 2022, dirig\u00ed comunicaciones a la\u00a0<strong>Audiencia Nacional de Espa\u00f1a<\/strong>\u00a0y a la Fiscal\u00eda General de Espa\u00f1a, ninguna de mis solicitudes fueron respondidas\u201d, concluye Milton Revilla en su escrito.<\/p>\n<p>Y ahora prepara un viaje inminente a Espa\u00f1a con el objetivo de reabrir la causa entre ETA y las FARC, dispuesto a facilitar toda la informaci\u00f3n que tiene en sus manos sobre el paso de De Juan Chaos y Cubillas a territorio colombiano, as\u00ed como se\u00f1alar los documentos clasificados que cabr\u00eda requerir ante las autoridades venezolanas y colombianas para demostrar las actividades de miembros de ETA en Am\u00e9rica Latina.<\/p>\n<p>La decisi\u00f3n final depende\u00a0ahora de la Justicia espa\u00f1ola.<\/p>\n<p>Fuente<a href=\"http:\/\/:%20https\/\/www.vozpopuli.com\/tribunales\/un-ex-oficial-venezolano-viajara-a-espana-para-reabrir-la-causa-que-conecta-a-eta-y-las-farc.html\">: https:\/\/www.vozpopuli.com\/tribunales\/un-ex-oficial-venezolano-viajara-a-espana-para-reabrir-la-causa-que-conecta-a-eta-y-las-farc.html<\/a><\/p>\n","protected":false},"excerpt":{"rendered":"<p>Milton Revilla es\u00a0la clave que\u00a0conecta a ETA\u00a0y las FARC. Su historia, como oficial del Ej\u00e9rcito venezolano, se escribe en la frontera entre su pa\u00eds y [&hellip;]<\/p>\n","protected":false},"author":1,"featured_media":8082,"comment_status":"open","ping_status":"open","sticky":false,"template":"","format":"standard","meta":{"h5ap_radio_sources":[],"_FSMCFIC_featured_image_caption":"","_FSMCFIC_featured_image_nocaption":"","_FSMCFIC_featured_image_hide":"","_jetpack_memberships_contains_paid_content":false,"footnotes":""},"categories":[2],"tags":[],"class_list":["post-8080","post","type-post","status-publish","format-standard","has-post-thumbnail","hentry","category-venezuela"],"aioseo_notices":[],"jetpack_featured_media_url":"https:\/\/nuevaprensaamerica.com\/wp-content\/uploads\/2025\/12\/Captura-de-pantalla-2025-11-30-a-las-23.55.31.png","jetpack_sharing_enabled":true,"_links":{"self":[{"href":"https:\/\/nuevaprensaamerica.com\/index.php\/wp-json\/wp\/v2\/posts\/8080","targetHints":{"allow":["GET"]}}],"collection":[{"href":"https:\/\/nuevaprensaamerica.com\/index.php\/wp-json\/wp\/v2\/posts"}],"about":[{"href":"https:\/\/nuevaprensaamerica.com\/index.php\/wp-json\/wp\/v2\/types\/post"}],"author":[{"embeddable":true,"href":"https:\/\/nuevaprensaamerica.com\/index.php\/wp-json\/wp\/v2\/users\/1"}],"replies":[{"embeddable":true,"href":"https:\/\/nuevaprensaamerica.com\/index.php\/wp-json\/wp\/v2\/comments?post=8080"}],"version-history":[{"count":1,"href":"https:\/\/nuevaprensaamerica.com\/index.php\/wp-json\/wp\/v2\/posts\/8080\/revisions"}],"predecessor-version":[{"id":8081,"href":"https:\/\/nuevaprensaamerica.com\/index.php\/wp-json\/wp\/v2\/posts\/8080\/revisions\/8081"}],"wp:featuredmedia":[{"embeddable":true,"href":"https:\/\/nuevaprensaamerica.com\/index.php\/wp-json\/wp\/v2\/media\/8082"}],"wp:attachment":[{"href":"https:\/\/nuevaprensaamerica.com\/index.php\/wp-json\/wp\/v2\/media?parent=8080"}],"wp:term":[{"taxonomy":"category","embeddable":true,"href":"https:\/\/nuevaprensaamerica.com\/index.php\/wp-json\/wp\/v2\/categories?post=8080"},{"taxonomy":"post_tag","embeddable":true,"href":"https:\/\/nuevaprensaamerica.com\/index.php\/wp-json\/wp\/v2\/tags?post=8080"}],"curies":[{"name":"wp","href":"https:\/\/api.w.org\/{rel}","templated":true}]}}