{"id":8232,"date":"2025-12-17T16:22:56","date_gmt":"2025-12-17T16:22:56","guid":{"rendered":"https:\/\/nuevaprensaamerica.com\/?p=8232"},"modified":"2025-12-17T16:22:56","modified_gmt":"2025-12-17T16:22:56","slug":"graduacion-de-la-segunda-cohorte-del-palem-2025-liderazgo-estrategico-para-los-desafios-del-presente","status":"publish","type":"post","link":"https:\/\/nuevaprensaamerica.com\/index.php\/2025\/12\/17\/graduacion-de-la-segunda-cohorte-del-palem-2025-liderazgo-estrategico-para-los-desafios-del-presente\/","title":{"rendered":"Graduaci\u00f3n de la Segunda Cohorte del PALEM 2025: liderazgo estrat\u00e9gico para los desaf\u00edos del presente"},"content":{"rendered":"<div class=\"flex flex-col text-sm pb-25\">\n<article class=\"text-token-text-primary w-full focus:outline-none [--shadow-height:45px] has-data-writing-block:pointer-events-none has-data-writing-block:-mt-(--shadow-height) has-data-writing-block:pt-(--shadow-height) [&amp;:has([data-writing-block])&gt;*]:pointer-events-auto scroll-mt-[calc(var(--header-height)+min(200px,max(70px,20svh)))]\" dir=\"auto\" tabindex=\"-1\" data-turn-id=\"request-WEB:ae77c230-e4f5-4b83-99d2-db3cf713fe01-1\" data-testid=\"conversation-turn-4\" data-scroll-anchor=\"true\" data-turn=\"assistant\">\n<div class=\"text-base my-auto mx-auto pb-10 [--thread-content-margin:--spacing(4)] @w-sm\/main:[--thread-content-margin:--spacing(6)] @w-lg\/main:[--thread-content-margin:--spacing(16)] px-(--thread-content-margin)\">\n<div class=\"[--thread-content-max-width:40rem] @w-lg\/main:[--thread-content-max-width:48rem] mx-auto max-w-(--thread-content-max-width) flex-1 group\/turn-messages focus-visible:outline-hidden relative flex w-full min-w-0 flex-col agent-turn\" tabindex=\"-1\">\n<div class=\"flex max-w-full flex-col grow\">\n<div class=\"min-h-8 text-message relative flex w-full flex-col items-end gap-2 text-start break-words whitespace-normal [.text-message+&amp;]:mt-1\" dir=\"auto\" data-message-author-role=\"assistant\" data-message-id=\"40f686fe-8301-4515-a63f-b5e0b0845d50\" data-message-model-slug=\"gpt-5-2\">\n<div class=\"flex w-full flex-col gap-1 empty:hidden first:pt-[1px]\">\n<div class=\"markdown prose dark:prose-invert w-full break-words light markdown-new-styling\">\n<p data-start=\"107\" data-end=\"495\">La Universidad Militar Nueva Granada celebr\u00f3 la graduaci\u00f3n de la <strong data-start=\"172\" data-end=\"264\">Segunda Cohorte del Programa de Alto Liderazgo Estrat\u00e9gico Multidimensional (PALEM 2025)<\/strong>, un espacio acad\u00e9mico orientado a la formaci\u00f3n de l\u00edderes con visi\u00f3n integral, capacidad estrat\u00e9gica y comprensi\u00f3n de entornos complejos. El acto marc\u00f3 el cierre de un ciclo de investigaci\u00f3n y capacitaci\u00f3n ejecutiva de alto nivel.<\/p>\n<\/div>\n<\/div>\n<\/div>\n<\/div>\n<\/div>\n<\/div>\n<\/article>\n<\/div>\n<p><!--more--><\/p>\n<p data-start=\"497\" data-end=\"968\">El programa cont\u00f3 con el liderazgo del <strong data-start=\"536\" data-end=\"587\">Mayor General Javier Alberto Ayala Amaya, Ph.D.<\/strong>, rector de la Universidad, y la participaci\u00f3n de autoridades institucionales, directivos universitarios y representantes del sector defensa. La conferencia central estuvo a cargo del <strong data-start=\"771\" data-end=\"805\">Dr. Gabriel Echavarr\u00eda Obreg\u00f3n<\/strong>, presidente de <strong data-start=\"821\" data-end=\"885\">COMPAS \u2013 Compa\u00f1\u00eda de Puertos Asociados (Organizaci\u00f3n Corona)<\/strong>, quien aport\u00f3 una perspectiva estrat\u00e9gica desde el \u00e1mbito empresarial y portuario.<\/p>\n<p data-start=\"970\" data-end=\"1394\" data-is-last-node=\"\" data-is-only-node=\"\">En esta cohorte participaron <strong data-start=\"999\" data-end=\"1019\">24 profesionales<\/strong> provenientes del sector privado, la seguridad y defensa, la academia y organizaciones sociales, consolidando un enfoque verdaderamente multidimensional del liderazgo. La Universidad anunci\u00f3 que la <strong data-start=\"1217\" data-end=\"1246\">Tercera Cohorte del PALEM<\/strong> se abrir\u00e1 en el <strong data-start=\"1263\" data-end=\"1291\">segundo semestre de 2026<\/strong>, reafirmando su compromiso con la formaci\u00f3n de l\u00edderes preparados para los retos del pa\u00eds y la regi\u00f3n.<\/p>\n<p><img decoding=\"async\" src=\"https:\/\/nuevaprensaamerica.com\/wp-content\/uploads\/2025\/12\/Captura-de-pantalla-2025-12-17-a-las-17.22.03.png\" \/><\/p>\n","protected":false},"excerpt":{"rendered":"<p>La Universidad Militar Nueva Granada celebr\u00f3 la graduaci\u00f3n de la Segunda Cohorte del Programa de Alto Liderazgo Estrat\u00e9gico Multidimensional (PALEM 2025), un espacio acad\u00e9mico orientado [&hellip;]<\/p>\n","protected":false},"author":1,"featured_media":8234,"comment_status":"open","ping_status":"open","sticky":false,"template":"","format":"standard","meta":{"h5ap_radio_sources":[],"_FSMCFIC_featured_image_caption":"","_FSMCFIC_featured_image_nocaption":"","_FSMCFIC_featured_image_hide":"","_jetpack_memberships_contains_paid_content":false,"footnotes":""},"categories":[12],"tags":[],"class_list":["post-8232","post","type-post","status-publish","format-standard","has-post-thumbnail","hentry","category-colombia"],"aioseo_notices":[],"jetpack_featured_media_url":"https:\/\/nuevaprensaamerica.com\/wp-content\/uploads\/2025\/12\/Captura-de-pantalla-2025-12-17-a-las-17.20.33.png","jetpack_sharing_enabled":true,"_links":{"self":[{"href":"https:\/\/nuevaprensaamerica.com\/index.php\/wp-json\/wp\/v2\/posts\/8232","targetHints":{"allow":["GET"]}}],"collection":[{"href":"https:\/\/nuevaprensaamerica.com\/index.php\/wp-json\/wp\/v2\/posts"}],"about":[{"href":"https:\/\/nuevaprensaamerica.com\/index.php\/wp-json\/wp\/v2\/types\/post"}],"author":[{"embeddable":true,"href":"https:\/\/nuevaprensaamerica.com\/index.php\/wp-json\/wp\/v2\/users\/1"}],"replies":[{"embeddable":true,"href":"https:\/\/nuevaprensaamerica.com\/index.php\/wp-json\/wp\/v2\/comments?post=8232"}],"version-history":[{"count":2,"href":"https:\/\/nuevaprensaamerica.com\/index.php\/wp-json\/wp\/v2\/posts\/8232\/revisions"}],"predecessor-version":[{"id":8236,"href":"https:\/\/nuevaprensaamerica.com\/index.php\/wp-json\/wp\/v2\/posts\/8232\/revisions\/8236"}],"wp:featuredmedia":[{"embeddable":true,"href":"https:\/\/nuevaprensaamerica.com\/index.php\/wp-json\/wp\/v2\/media\/8234"}],"wp:attachment":[{"href":"https:\/\/nuevaprensaamerica.com\/index.php\/wp-json\/wp\/v2\/media?parent=8232"}],"wp:term":[{"taxonomy":"category","embeddable":true,"href":"https:\/\/nuevaprensaamerica.com\/index.php\/wp-json\/wp\/v2\/categories?post=8232"},{"taxonomy":"post_tag","embeddable":true,"href":"https:\/\/nuevaprensaamerica.com\/index.php\/wp-json\/wp\/v2\/tags?post=8232"}],"curies":[{"name":"wp","href":"https:\/\/api.w.org\/{rel}","templated":true}]}}