{"id":8258,"date":"2025-12-18T13:34:34","date_gmt":"2025-12-18T13:34:34","guid":{"rendered":"https:\/\/nuevaprensaamerica.com\/?p=8258"},"modified":"2025-12-18T13:34:34","modified_gmt":"2025-12-18T13:34:34","slug":"ronald-hicks-nuevo-arzobispo-de-nueva-york-cercano-a-cardenal-cupich","status":"publish","type":"post","link":"https:\/\/nuevaprensaamerica.com\/index.php\/2025\/12\/18\/ronald-hicks-nuevo-arzobispo-de-nueva-york-cercano-a-cardenal-cupich\/","title":{"rendered":"Ronald Hicks, nuevo arzobispo de Nueva York, cercano a cardenal Cupich"},"content":{"rendered":"<h2>El nombramiento en Nueva York se produce tras un importante acuerdo en relaci\u00f3n con al menos mil 300 denuncias de abuso sexual por parte del clero.<\/h2>\n<p>El cardenal Timothy Dolan, a\u00fan arzobispo de Nueva York, cumpli\u00f3 75 a\u00f1os el 6 de febrero, mientras que Hicks, su relevo, cumpli\u00f3 58 en agosto.<\/p>\n<p><b>Por Rodolfo Soriano-N\u00fa\u00f1ez<\/b><\/p>\n<p>La tarde del lunes se conoci\u00f3 la noticia del nombramiento del nuevo arzobispo de Nueva York, una importante sede de la Iglesia Cat\u00f3lica en Estados Unidos.<\/p>\n<p><!--more--><\/p>\n<p>El obispo\u00a0<a href=\"https:\/\/www.catholic-hierarchy.org\/bishop\/bhicks.html\" target=\"_blank\" rel=\"noopener\"><b>Ronald Aldon Hicks<\/b><\/a>, actualmente en la peque\u00f1a di\u00f3cesis de Joliet, Illinois, est\u00e1 a punto de ser nombrado por el papa\u00a0<b>Le\u00f3n XIV<\/b>\u00a0como nuevo arzobispo de Nueva York, en sustituci\u00f3n del cardenal\u00a0<a href=\"https:\/\/www.catholic-hierarchy.org\/bishop\/bdolan.html\" target=\"_blank\" rel=\"noopener\"><b>Timothy Dolan<\/b><\/a>, quien envi\u00f3 su carta de renuncia al papa Francisco al cumplir 75 a\u00f1os en febrero de este a\u00f1o.<\/p>\n<p>Este fin de semana, la arquidi\u00f3cesis lleg\u00f3 a un acuerdo con sobrevivientes de abuso sexual por parte del clero, lo que oblig\u00f3 a Dolan a anunciar la venta de la propiedad ubicada en el n\u00famero 455 de la avenida Madison, que actualmente renta el Hotel Lotte New York Palace, a menos de una cuadra de la catedral de San Patricio, en Manhattan.<\/p>\n<p>Se espera que la venta de la propiedad permita que la arquidi\u00f3cesis obtenga 300 millones de d\u00f3lares para resolver un total de mil 300 denuncias (<a href=\"https:\/\/www.amny.com\/law\/ny-archdiocese-sell-property-sex-abuse\/\" target=\"_blank\" rel=\"noopener\">contenido en ingl\u00e9s<\/a>) de abuso sexual por parte del clero a manos de un n\u00famero indeterminado de cl\u00e9rigos cat\u00f3licos que se remontan a la d\u00e9cada de los setenta.<\/p>\n<figure class=\"article--middle-image\"><img decoding=\"async\" title=\"Una de las entradas al Hotel Lotte de Manhattan. Captura de pantalla de Google Maps.\" src=\"https:\/\/nuevaprensaamerica.com\/wp-content\/uploads\/2025\/12\/hotel-lotte-mpaIKnPVu.jpg\" alt=\"Una de las entradas al Hotel Lotte de Manhattan. Captura de pantalla de Google Maps.\" width=\"100%\" \/><figcaption>Una de las entradas al Hotel Lotte de Manhattan. Captura de pantalla de Google Maps.El mandato de Dolan en Nueva York se ha visto empa\u00f1ado por su enfoque en la crisis de abusos en general, incluyendo la investigaci\u00f3n de alto perfil que la Santa Sede le encarg\u00f3 supervisar como metropolitano sobre las acusaciones contra el antiguo obispo de Brooklyn, Nueva York,\u00a0<b>Nicholas Anthony DiMarzio<\/b>. DiMarzio finalmente renunci\u00f3 en septiembre de 2021, tras un prolongado esc\u00e1ndalo.<\/p>\n<p>La investigaci\u00f3n de DiMarzio coincidi\u00f3 con la entonces en curso sobre el ahora finado depredador sexual\u00a0<b>Theodore McCarrick<\/b>, en la que Dolan tambi\u00e9n particip\u00f3.<\/p>\n<p>Los a\u00f1os de mayor crisis para ambas investigaciones abarcan desde 2017 hasta 2021. Fue un per\u00edodo en el que la jerarqu\u00eda cat\u00f3lica estadounidense estuvo bajo m\u00e1ximo escrutinio, se publicaron importantes informes y se llevaron a cabo investigaciones, con Dolan como un protagonista en ambas.<\/p>\n<p>La participaci\u00f3n de McCarrick en la arquidi\u00f3cesis de Nueva York se remonta a su etapa como seminarista, sacerdote y obispo auxiliar, desde los cincuenta hasta 1981, cuando el papa\u00a0<b>Juan Pablo II<\/b>\u00a0lo nombr\u00f3 obispo de Metuchen, Nueva Jersey.<\/p>\n<p>Las acusaciones contra Dolan han empa\u00f1ado su carrera desde sus d\u00edas como director del seminario y obispo auxiliar en San Luis, Misuri, y posteriormente, cuando fue nombrado arzobispo de Milwaukee, Wisconsin, en 2002. All\u00ed, lidi\u00f3 de forma muy opaca con la investigaci\u00f3n de m\u00e1s de 200 casos de abuso sexual en el Colegio para Sordos de Saint John (<a href=\"https:\/\/en.wikipedia.org\/wiki\/St._John%27s_School_for_the_Deaf\" target=\"_blank\" rel=\"noopener\">contenido en ingl\u00e9s<\/a>), donde finalmente hizo cumplir la decisi\u00f3n de\u00a0<b>Joseph Ratzinger<\/b>\u00a0de evitar que el sacerdote depredador Lawrence Murphy fuera juzgado can\u00f3nicamente por su estado de salud.<\/p>\n<p>Durante sus a\u00f1os en Nueva York, Dolan tuvo que lidiar con las consecuencias de varios casos de abuso sexual por parte del clero en la arquidi\u00f3cesis y sus di\u00f3cesis sufrag\u00e1neas: Albany, Brooklyn, B\u00fafalo, Ogdensburg, Rochester, Rockville Centre y Syracuse, en el estado de Nueva York.<\/p>\n<p>Dolan fue uno de los l\u00edderes religiosos que asistieron a la toma de posesi\u00f3n de\u00a0<b>Donald Trump<\/b>. En aquel momento, dirigi\u00f3 una de las oraciones durante los primeros momentos de la toma de posesi\u00f3n en el Capitolio, en Washington, DC.<\/p>\n<p>Dolan se hizo famoso tras la elecci\u00f3n de\u00a0<b>Robert Prevost<\/b>\u00a0como Le\u00f3n XIV en el C\u00f3nclave a principios de mayo de este a\u00f1o, por su inter\u00e9s en presentarse como una suerte de \u201carquitecto\u201d de la elecci\u00f3n del papa, al insinuar que, de alguna manera, Prevost deb\u00eda su elecci\u00f3n a la habilidad de Dolan para conseguirle votos.<\/p>\n<p>Adem\u00e1s, Dolan era uno de los pocos prelados, a escala global, que ya en febrero de este a\u00f1o enviaba memorandos a sus subordinados en la curia de la arquidi\u00f3cesis bajo su cuidado para instruirles sobre c\u00f3mo deb\u00edan gestionar los funerales de un papa que, aunque enfermo e internado en el Hospital Gemelli, segu\u00eda vivo y tomaba decisiones y nombramientos por su cuenta, como demuestra el PDF despu\u00e9s de este p\u00e1rrafo.<\/p>\n<p>&nbsp;<\/p>\n<p>&nbsp;<\/p>\n<div class=\"doom-pdf\"><iframe loading=\"lazy\" src=\"https:\/\/docs.google.com\/gview?url=https:\/\/losangelespress.org\/core\/lapress\/assets\/pdfs\/2025\/12\/16\/dolan-on-pope-francis-dead-march-2025-archive-4giblebhs-JpTnpjTGj.pdf&amp;embedded=true\" width=\"100%\" height=\"350\" frameborder=\"0\" data-mce-fragment=\"1\"><\/iframe><\/div>\n<p>&nbsp;<\/p>\n<p>&nbsp;<\/p>\n<p>Para algunos observadores, la decisi\u00f3n de Dolan de emitir memorandos sobre c\u00f3mo abordar la muerte del papa Francisco fue una se\u00f1al de los conflictos que el papa argentino tuvo durante su mandato, pero tambi\u00e9n un presagio de la lucha de poder que finalmente se desat\u00f3 tras su muerte.<\/p>\n<p>Cabe se\u00f1alar que, al menos durante los \u00faltimos 15 a\u00f1os, la informaci\u00f3n sobre estos nombramientos suele publicarse a trav\u00e9s del Bolet\u00edn de la Santa Sede, el resumen diario de las actividades del Papa en ejercicio, disponible en el sitio web de la Santa Sede.<\/p>\n<p>Este lunes, el\u00a0<a href=\"https:\/\/press.vatican.va\/content\/salastampa\/en\/bollettino\/pubblico\/2025\/12.html\" target=\"_blank\" rel=\"noopener\"><em>Bollettino<\/em><\/a>\u00a0no se public\u00f3. La noticia provino, curiosamente, de\u00a0<a href=\"https:\/\/www.religiondigital.org\/america\/joliet-manhattan-leon-xiv-pone_1_1436856.html\" target=\"_blank\" rel=\"noopener\"><em>Religi\u00f3n Digital<\/em><\/a>, un medio hispanohablante con sede en Espa\u00f1a, y, desde all\u00ed, se extendi\u00f3 a otros medios, tanto en ingl\u00e9s como en espa\u00f1ol.<\/p>\n<p>No est\u00e1 claro en este momento por qu\u00e9 la Santa Sede rompi\u00f3 a\u00f1os de protocolo al gestionar el nombramiento, pero tan pronto como se supo la noticia, funcionarios del Vaticano estuvieron dispuestos a confirmarlo bajo condici\u00f3n de anonimato.<\/p>\n<p>La noticia coincidi\u00f3 con el intenso debate sobre la gesti\u00f3n de la administraci\u00f3n Trump de las consecuencias del asesinato del director de cine\u00a0<b>Rob Reiner<\/b>\u00a0y su esposa, un evento que Trump explot\u00f3 desde la ma\u00f1ana del lunes para alimentar la guerra cultural que asola los medios estadounidenses.<\/p>\n<p>El nombramiento de Hicks es una victoria para el cardenal de Chicago,\u00a0<a href=\"https:\/\/www.catholic-hierarchy.org\/bishop\/bcupich.html\" target=\"_blank\" rel=\"noopener\"><b>Blase Cupich<\/b><\/a>, uno de los obispos y cardenales m\u00e1s leales del bando de Francisco durante el mandato del papa argentino. Cabe destacar que Cupich ya tiene 76 a\u00f1os, cumplir\u00e1 77 el pr\u00f3ximo marzo, y no hay indicios del nombramiento de su sucesor en Chicago.<\/p>\n<p>Cupich busc\u00f3 sin \u00e9xito el liderazgo de la Conferencia de Obispos Cat\u00f3licos de los Estados Unidos y tambi\u00e9n intent\u00f3 promover cambios en las prioridades de ese organismo para alinearlas con las del finado papa Francisco en temas como el calentamiento global y la pobreza.<\/p>\n<p>Aunque Dolan nunca ret\u00f3 p\u00fablicamente al papa Francisco, nunca se le consider\u00f3 tampoco cercano a\u00a0<b>Jorge Mario Bergoglio<\/b>, mientras que en diferentes momentos insinu\u00f3, al menos, cierta voluntad de mostrarse cercano, en cambio, a Donald Trump. \u00c9l fue uno de los l\u00edderes religiosos que bendijo a Trump en su ceremonia de toma de poesi\u00f3n, como lo prueba el v\u00eddeo que aparece despu\u00e9s de este p\u00e1rrafo.<\/p>\n<p>&nbsp;<\/p>\n<p>&nbsp;<\/p>\n<div>\n<div id=\"yt-47\" class=\"doom-youtube\" data-id=\"Kx00o54CNyM\"><iframe loading=\"lazy\" src=\"https:\/\/www.youtube.com\/embed\/Kx00o54CNyM\" width=\"560\" height=\"315\" frameborder=\"0\" allowfullscreen=\"allowfullscreen\" data-mce-fragment=\"1\"><\/iframe><\/div>\n<\/div>\n<p><em>Audio en ingl\u00e9s. Es posible obtener subt\u00edtulos desde el Panel de Control de YouTube.<\/em><\/p>\n<p>&nbsp;<\/p>\n<p>Hicks tiene 58 a\u00f1os, por lo que podr\u00eda tener una larga trayectoria en Nueva York. El papa Francisco lo nombr\u00f3 originalmente auxiliar de Cupich en Chicago en 2018. Permaneci\u00f3 dos a\u00f1os all\u00ed, ya que en julio de 2020, el papa Bergoglio lo envi\u00f3 a Joliet, una di\u00f3cesis sufrag\u00e1nea de Chicago.<\/p>\n<p>Normalmente, el arzobispo de Nueva York se convierte en cardenal en alg\u00fan momento de su carrera. El hecho de que Hicks sea tan &#8220;joven&#8221; aumenta las posibilidades de que eventualmente se convierta en cardenal.<\/p>\n<figure class=\"article--middle-image\"><img decoding=\"async\" title=\"El obispo Hicks durante una reuni\u00f3n con laicos de su di\u00f3cesis de Joliet, Illinois, 22 de mayo de 2024. De las redes sociales de su di\u00f3cesis.\" src=\"https:\/\/nuevaprensaamerica.com\/wp-content\/uploads\/2025\/12\/hicks-2-nwKU2hO4E.jpg\" alt=\"El obispo Hicks durante una reuni\u00f3n con laicos de su di\u00f3cesis de Joliet, Illinois, 22 de mayo de 2024. De las redes sociales de su di\u00f3cesis.\" width=\"100%\" \/><figcaption>El obispo Hicks durante una reuni\u00f3n con laicos de su di\u00f3cesis de Joliet, Illinois, 22 de mayo de 2024. De las redes sociales de su di\u00f3cesis.<\/figcaption><\/figure>\n<p>&nbsp;<\/p>\n<p>En la ma\u00f1ana del martes 16 de diciembre, el\u00a0<a href=\"https:\/\/press.vatican.va\/content\/salastampa\/es\/bollettino\/pubblico\/2025\/12\/15.html\" target=\"_blank\" rel=\"noopener\"><em>Bollettino<\/em><\/a>\u00a0public\u00f3 una edici\u00f3n fechada el lunes 15, sin la secci\u00f3n de Renuncias y nombramientos que frecuentemente aparece. Dicha secci\u00f3n para la edici\u00f3n del 16 de diciembre s\u00f3lo incluye un nombramiento para la di\u00f3cesis de Anuradhapura, Sri Lanka. (Historia en desarrollo. La modificaci\u00f3n m\u00e1s reciente se hizo el martes, 16 de diciembre de 2025 a las 15:57 de Roma, 9:57 del Este de Estados Unidos).<\/p>\n<p><a href=\"https:\/\/losangelespress.org\/estados-unidos\/2025\/dec\/15\/ronald-hicks-nuevo-arzobispo-de-nueva-york-cercano-a-cardenal-cupich-13843.html\">FUENTE<\/a><\/p>\n<\/figcaption><\/figure>\n","protected":false},"excerpt":{"rendered":"<p>El nombramiento en Nueva York se produce tras un importante acuerdo en relaci\u00f3n con al menos mil 300 denuncias de abuso sexual por parte del [&hellip;]<\/p>\n","protected":false},"author":1,"featured_media":8262,"comment_status":"open","ping_status":"open","sticky":false,"template":"","format":"standard","meta":{"h5ap_radio_sources":[],"_FSMCFIC_featured_image_caption":"","_FSMCFIC_featured_image_nocaption":"","_FSMCFIC_featured_image_hide":"","_jetpack_memberships_contains_paid_content":false,"footnotes":""},"categories":[5],"tags":[],"class_list":["post-8258","post","type-post","status-publish","format-standard","has-post-thumbnail","hentry","category-internacionales"],"aioseo_notices":[],"jetpack_featured_media_url":"https:\/\/nuevaprensaamerica.com\/wp-content\/uploads\/2025\/12\/hicks-1-CZxKaQQY4.webp","jetpack_sharing_enabled":true,"_links":{"self":[{"href":"https:\/\/nuevaprensaamerica.com\/index.php\/wp-json\/wp\/v2\/posts\/8258","targetHints":{"allow":["GET"]}}],"collection":[{"href":"https:\/\/nuevaprensaamerica.com\/index.php\/wp-json\/wp\/v2\/posts"}],"about":[{"href":"https:\/\/nuevaprensaamerica.com\/index.php\/wp-json\/wp\/v2\/types\/post"}],"author":[{"embeddable":true,"href":"https:\/\/nuevaprensaamerica.com\/index.php\/wp-json\/wp\/v2\/users\/1"}],"replies":[{"embeddable":true,"href":"https:\/\/nuevaprensaamerica.com\/index.php\/wp-json\/wp\/v2\/comments?post=8258"}],"version-history":[{"count":2,"href":"https:\/\/nuevaprensaamerica.com\/index.php\/wp-json\/wp\/v2\/posts\/8258\/revisions"}],"predecessor-version":[{"id":8263,"href":"https:\/\/nuevaprensaamerica.com\/index.php\/wp-json\/wp\/v2\/posts\/8258\/revisions\/8263"}],"wp:featuredmedia":[{"embeddable":true,"href":"https:\/\/nuevaprensaamerica.com\/index.php\/wp-json\/wp\/v2\/media\/8262"}],"wp:attachment":[{"href":"https:\/\/nuevaprensaamerica.com\/index.php\/wp-json\/wp\/v2\/media?parent=8258"}],"wp:term":[{"taxonomy":"category","embeddable":true,"href":"https:\/\/nuevaprensaamerica.com\/index.php\/wp-json\/wp\/v2\/categories?post=8258"},{"taxonomy":"post_tag","embeddable":true,"href":"https:\/\/nuevaprensaamerica.com\/index.php\/wp-json\/wp\/v2\/tags?post=8258"}],"curies":[{"name":"wp","href":"https:\/\/api.w.org\/{rel}","templated":true}]}}