{"id":8300,"date":"2025-12-22T16:05:10","date_gmt":"2025-12-22T16:05:10","guid":{"rendered":"https:\/\/nuevaprensaamerica.com\/?p=8300"},"modified":"2025-12-22T16:05:10","modified_gmt":"2025-12-22T16:05:10","slug":"la-justicia-espanola-reabre-la-investigacion-sobre-el-rescate-de-plus-ultra","status":"publish","type":"post","link":"https:\/\/nuevaprensaamerica.com\/index.php\/2025\/12\/22\/la-justicia-espanola-reabre-la-investigacion-sobre-el-rescate-de-plus-ultra\/","title":{"rendered":"La justicia espa\u00f1ola reabre la investigaci\u00f3n sobre el rescate de Plus Ultra"},"content":{"rendered":"<div class=\"flex flex-col text-sm pb-25\">\n<article class=\"text-token-text-primary w-full focus:outline-none [--shadow-height:45px] has-data-writing-block:pointer-events-none has-data-writing-block:-mt-(--shadow-height) has-data-writing-block:pt-(--shadow-height) [&amp;:has([data-writing-block])&gt;*]:pointer-events-auto [content-visibility:auto] supports-[content-visibility:auto]:[contain-intrinsic-size:auto_100lvh] scroll-mt-[calc(var(--header-height)+min(200px,max(70px,20svh)))]\" dir=\"auto\" tabindex=\"-1\" data-turn-id=\"request-WEB:eb1542aa-8518-4c56-a079-e8a9be8339c7-0\" data-testid=\"conversation-turn-2\" data-scroll-anchor=\"true\" data-turn=\"assistant\">\n<div class=\"text-base my-auto mx-auto pb-10 [--thread-content-margin:--spacing(4)] @w-sm\/main:[--thread-content-margin:--spacing(6)] @w-lg\/main:[--thread-content-margin:--spacing(16)] px-(--thread-content-margin)\">\n<div class=\"[--thread-content-max-width:40rem] @w-lg\/main:[--thread-content-max-width:48rem] mx-auto max-w-(--thread-content-max-width) flex-1 group\/turn-messages focus-visible:outline-hidden relative flex w-full min-w-0 flex-col agent-turn\" tabindex=\"-1\">\n<div class=\"flex max-w-full flex-col grow\">\n<div class=\"min-h-8 text-message relative flex w-full flex-col items-end gap-2 text-start break-words whitespace-normal [.text-message+&amp;]:mt-1\" dir=\"auto\" data-message-author-role=\"assistant\" data-message-id=\"71489aa9-0410-4a7e-ba27-016a61919ef2\" data-message-model-slug=\"gpt-5-2\">\n<div class=\"flex w-full flex-col gap-1 empty:hidden first:pt-[1px]\">\n<div class=\"markdown prose dark:prose-invert w-full break-words light markdown-new-styling\">\n<p data-start=\"81\" data-end=\"382\">La Audiencia Nacional de Espa\u00f1a ha reactivado una investigaci\u00f3n penal relacionada con el rescate de la aerol\u00ednea Plus Ultra, tras la apertura de una pieza separada bajo secreto de sumario en el Juzgado de Instrucci\u00f3n n\u00famero 15 de Madrid, seg\u00fan informaci\u00f3n conocida en actuaciones judiciales recientes.<\/p>\n<\/div>\n<\/div>\n<\/div>\n<\/div>\n<\/div>\n<\/div>\n<\/article>\n<\/div>\n<p><!--more--><\/p>\n<div class=\"flex max-w-full flex-col grow\">\n<div class=\"min-h-8 text-message relative flex w-full flex-col items-end gap-2 text-start break-words whitespace-normal [.text-message+&amp;]:mt-1\" dir=\"auto\" data-message-author-role=\"assistant\" data-message-id=\"71489aa9-0410-4a7e-ba27-016a61919ef2\" data-message-model-slug=\"gpt-5-2\">\n<div class=\"flex w-full flex-col gap-1 empty:hidden first:pt-[1px]\">\n<div class=\"markdown prose dark:prose-invert w-full break-words light markdown-new-styling\">\n<p data-start=\"384\" data-end=\"731\">La causa se centra en presuntos delitos de pertenencia a organizaci\u00f3n criminal, blanqueo de capitales y apropiaci\u00f3n indebida vinculados al rescate p\u00fablico concedido a la compa\u00f1\u00eda a\u00e9rea. La investigaci\u00f3n examina posibles flujos financieros internacionales y el uso de sociedades instrumentales para canalizar fondos de origen presuntamente il\u00edcito.<\/p>\n<p data-start=\"733\" data-end=\"1186\">Entre los nombres que figuran en el procedimiento se encuentra el empresario venezolano Danilo D\u00edaz Granados Ma\u00f1ani, se\u00f1alado en documentaci\u00f3n judicial como una de las figuras clave del entramado financiero investigado. De acuerdo con fuentes del caso, D\u00edaz Granados habr\u00eda mantenido v\u00ednculos con operaciones financieras anteriores relacionadas con corrupci\u00f3n administrativa venezolana y con otros empresarios ya investigados en Europa y Am\u00e9rica Latina.<\/p>\n<p data-start=\"1188\" data-end=\"1529\">La jueza Esperanza Collazos, titular del juzgado instructor, orden\u00f3 la reapertura de diligencias sobre personas cuyas causas hab\u00edan sido previamente sobrese\u00eddas, tras la aparici\u00f3n de nuevos elementos probatorios. La pieza separada permanece bajo secreto para evitar la fuga de informaci\u00f3n y posibles riesgos de elusi\u00f3n de la acci\u00f3n judicial.<\/p>\n<p data-start=\"1531\" data-end=\"1876\">Las actuaciones tambi\u00e9n analizan la posible utilizaci\u00f3n de Plus Ultra como veh\u00edculo para legitimar capitales procedentes de operaciones irregulares, incluidos fondos presuntamente vinculados a programas estatales venezolanos y a la comercializaci\u00f3n internacional de bienes de alto valor, como relojes de lujo, para sortear controles financieros.<\/p>\n<p data-start=\"1878\" data-end=\"2162\">Fuentes cercanas a la investigaci\u00f3n se\u00f1alan que varias de las personas investigadas residen fuera de Espa\u00f1a, por lo que no se descarta la emisi\u00f3n de \u00f3rdenes de localizaci\u00f3n a trav\u00e9s de mecanismos de cooperaci\u00f3n internacional, como Europol o Interpol, en fases posteriores del proceso.<\/p>\n<p data-start=\"2164\" data-end=\"2441\" data-is-last-node=\"\" data-is-only-node=\"\">El caso ha adquirido relevancia pol\u00edtica y judicial por el uso de fondos p\u00fablicos en el rescate de la aerol\u00ednea y por las conexiones transnacionales del entramado bajo investigaci\u00f3n, mientras la justicia espa\u00f1ola contin\u00faa recabando informaci\u00f3n de otras jurisdicciones europeas.<\/p>\n<\/div>\n<\/div>\n<\/div>\n<\/div>\n<div class=\"z-0 flex min-h-[46px] justify-start\"><\/div>\n<div><\/div>\n<p><iframe loading=\"lazy\" title=\"\u26a0\ufe0f\u00a1SE REVELA!: La red oculta de PLUS ULTRA y el saqueo desde Espa\u00f1a \ud83c\uddea\ud83c\uddf8\u2708\ufe0f\" src=\"https:\/\/www.youtube.com\/embed\/O17QEq10d-A\" width=\"1512\" height=\"649\" frameborder=\"0\" allowfullscreen=\"allowfullscreen\" data-mce-fragment=\"1\"><\/iframe><\/p>\n","protected":false},"excerpt":{"rendered":"<p>La Audiencia Nacional de Espa\u00f1a ha reactivado una investigaci\u00f3n penal relacionada con el rescate de la aerol\u00ednea Plus Ultra, tras la apertura de una pieza [&hellip;]<\/p>\n","protected":false},"author":1,"featured_media":8302,"comment_status":"open","ping_status":"open","sticky":false,"template":"","format":"standard","meta":{"h5ap_radio_sources":[],"_FSMCFIC_featured_image_caption":"","_FSMCFIC_featured_image_nocaption":"","_FSMCFIC_featured_image_hide":"","_jetpack_memberships_contains_paid_content":false,"footnotes":""},"categories":[1],"tags":[],"class_list":["post-8300","post","type-post","status-publish","format-standard","has-post-thumbnail","hentry","category-uncategorized"],"aioseo_notices":[],"jetpack_featured_media_url":"https:\/\/nuevaprensaamerica.com\/wp-content\/uploads\/2025\/12\/thumbnail-4.jpeg","jetpack_sharing_enabled":true,"_links":{"self":[{"href":"https:\/\/nuevaprensaamerica.com\/index.php\/wp-json\/wp\/v2\/posts\/8300","targetHints":{"allow":["GET"]}}],"collection":[{"href":"https:\/\/nuevaprensaamerica.com\/index.php\/wp-json\/wp\/v2\/posts"}],"about":[{"href":"https:\/\/nuevaprensaamerica.com\/index.php\/wp-json\/wp\/v2\/types\/post"}],"author":[{"embeddable":true,"href":"https:\/\/nuevaprensaamerica.com\/index.php\/wp-json\/wp\/v2\/users\/1"}],"replies":[{"embeddable":true,"href":"https:\/\/nuevaprensaamerica.com\/index.php\/wp-json\/wp\/v2\/comments?post=8300"}],"version-history":[{"count":1,"href":"https:\/\/nuevaprensaamerica.com\/index.php\/wp-json\/wp\/v2\/posts\/8300\/revisions"}],"predecessor-version":[{"id":8301,"href":"https:\/\/nuevaprensaamerica.com\/index.php\/wp-json\/wp\/v2\/posts\/8300\/revisions\/8301"}],"wp:featuredmedia":[{"embeddable":true,"href":"https:\/\/nuevaprensaamerica.com\/index.php\/wp-json\/wp\/v2\/media\/8302"}],"wp:attachment":[{"href":"https:\/\/nuevaprensaamerica.com\/index.php\/wp-json\/wp\/v2\/media?parent=8300"}],"wp:term":[{"taxonomy":"category","embeddable":true,"href":"https:\/\/nuevaprensaamerica.com\/index.php\/wp-json\/wp\/v2\/categories?post=8300"},{"taxonomy":"post_tag","embeddable":true,"href":"https:\/\/nuevaprensaamerica.com\/index.php\/wp-json\/wp\/v2\/tags?post=8300"}],"curies":[{"name":"wp","href":"https:\/\/api.w.org\/{rel}","templated":true}]}}