{"id":8309,"date":"2025-12-24T16:13:37","date_gmt":"2025-12-24T16:13:37","guid":{"rendered":"https:\/\/nuevaprensaamerica.com\/?p=8309"},"modified":"2025-12-24T16:13:37","modified_gmt":"2025-12-24T16:13:37","slug":"exmilitar-venezolano-solicita-derecho-a-replica-en-medio-de-polemica-mediatica","status":"publish","type":"post","link":"https:\/\/nuevaprensaamerica.com\/index.php\/2025\/12\/24\/exmilitar-venezolano-solicita-derecho-a-replica-en-medio-de-polemica-mediatica\/","title":{"rendered":"Exmilitar venezolano solicita derecho a r\u00e9plica en medio de pol\u00e9mica medi\u00e1tica"},"content":{"rendered":"<div class=\"flex flex-col text-sm pb-25\">\n<article class=\"text-token-text-primary w-full focus:outline-none [--shadow-height:45px] has-data-writing-block:pointer-events-none has-data-writing-block:-mt-(--shadow-height) has-data-writing-block:pt-(--shadow-height) [&amp;:has([data-writing-block])&gt;*]:pointer-events-auto [content-visibility:auto] supports-[content-visibility:auto]:[contain-intrinsic-size:auto_100lvh] scroll-mt-[calc(var(--header-height)+min(200px,max(70px,20svh)))]\" dir=\"auto\" tabindex=\"-1\" data-turn-id=\"request-WEB:7911bcea-32a4-4d14-aa88-05479e47484f-0\" data-testid=\"conversation-turn-2\" data-scroll-anchor=\"true\" data-turn=\"assistant\">\n<div class=\"text-base my-auto mx-auto pb-10 [--thread-content-margin:--spacing(4)] @w-sm\/main:[--thread-content-margin:--spacing(6)] @w-lg\/main:[--thread-content-margin:--spacing(16)] px-(--thread-content-margin)\">\n<div class=\"[--thread-content-max-width:40rem] @w-lg\/main:[--thread-content-max-width:48rem] mx-auto max-w-(--thread-content-max-width) flex-1 group\/turn-messages focus-visible:outline-hidden relative flex w-full min-w-0 flex-col agent-turn\" tabindex=\"-1\">\n<div class=\"flex max-w-full flex-col grow\">\n<div class=\"min-h-8 text-message relative flex w-full flex-col items-end gap-2 text-start break-words whitespace-normal [.text-message+&amp;]:mt-1\" dir=\"auto\" data-message-author-role=\"assistant\" data-message-id=\"a1a64dee-2330-48f3-bdf9-86a058bf6f49\" data-message-model-slug=\"gpt-5-2\">\n<div class=\"flex w-full flex-col gap-1 empty:hidden first:pt-[1px]\">\n<div class=\"markdown prose dark:prose-invert w-full break-words light markdown-new-styling\">\n<p data-start=\"248\" data-end=\"550\">Un exmilitar venezolano, Milton Revilla Soto, solicit\u00f3 ejercer su derecho a r\u00e9plica tras considerar inexactas y ofensivas varias afirmaciones realizadas sobre su persona durante un programa period\u00edstico transmitido desde Estados Unidos, seg\u00fan se expuso durante una emisi\u00f3n difundida el 23 de diciembre.<\/p>\n<\/div>\n<\/div>\n<\/div>\n<\/div>\n<\/div>\n<\/div>\n<\/article>\n<\/div>\n<p><!--more--><\/p>\n<div class=\"flex max-w-full flex-col grow\">\n<div class=\"min-h-8 text-message relative flex w-full flex-col items-end gap-2 text-start break-words whitespace-normal [.text-message+&amp;]:mt-1\" dir=\"auto\" data-message-author-role=\"assistant\" data-message-id=\"a1a64dee-2330-48f3-bdf9-86a058bf6f49\" data-message-model-slug=\"gpt-5-2\">\n<div class=\"flex w-full flex-col gap-1 empty:hidden first:pt-[1px]\">\n<div class=\"markdown prose dark:prose-invert w-full break-words light markdown-new-styling\">\n<p data-start=\"552\" data-end=\"933\">El espacio fue abierto por el conductor del programa en cumplimiento del principio period\u00edstico del derecho a r\u00e9plica, con el objetivo de permitir a Revilla aclarar se\u00f1alamientos relacionados con su trayectoria profesional y su presunta vinculaci\u00f3n pol\u00edtica. El periodista subray\u00f3 que la participaci\u00f3n del exmilitar no implicaba validaci\u00f3n ni juicio previo sobre sus declaraciones.<\/p>\n<p data-start=\"935\" data-end=\"1284\">Revilla rechaz\u00f3 ser calificado como \u201cchavista\u201d y neg\u00f3 haber pertenecido a la Casa Militar o a estructuras pol\u00edticas del oficialismo venezolano. Afirm\u00f3 que su actuaci\u00f3n se limit\u00f3 estrictamente a funciones profesionales dentro de las Fuerzas Armadas, de las cuales asegur\u00f3 haberse retirado formalmente a\u00f1os antes de los hechos que hoy se le atribuyen.<\/p>\n<p data-start=\"1286\" data-end=\"1728\">Durante el intercambio, tambi\u00e9n se abordaron discrepancias sobre testimonios publicados en medios espa\u00f1oles en relaci\u00f3n con presuntos v\u00ednculos entre actores del Estado venezolano, grupos armados irregulares y organizaciones terroristas extranjeras. Revilla sostuvo que parte de la informaci\u00f3n difundida fue tergiversada por los medios y defendi\u00f3 la veracidad de documentos que, seg\u00fan indic\u00f3, constan en expedientes judiciales internacionales.<\/p>\n<p data-start=\"1730\" data-end=\"2118\" data-is-last-node=\"\" data-is-only-node=\"\">El periodista invitado en el programa reconoci\u00f3 que una expresi\u00f3n utilizada previamente para descalificar a Revilla fue inapropiada y ofreci\u00f3 disculpas p\u00fablicas, las cuales fueron aceptadas. El conductor cerr\u00f3 el segmento reiterando su compromiso de corregir errores y de mantener abiertos los espacios para el contraste de versiones, en apego a los principios del ejercicio period\u00edstico.<\/p>\n<div class=\"jetpack-video-wrapper\">\n<div style=\"max-width: 1707px;\">\n<div style=\"left: 0; width: 100%; height: 0; position: relative; padding-bottom: 56.25%;\"><iframe title=\"EXMILITAR  ME PIDE DERECHO A R\u00c9PLICA!\" src=\"\/\/if-cdn.com\/WULD8QCH?maxheight=960\" style=\"top: 0; left: 0; width: 100%; height: 100%; position: absolute; border: 0;\" allowfullscreen scrolling=\"no\" allow=\"accelerometer *; clipboard-write *; encrypted-media *; gyroscope *; picture-in-picture *; web-share *;\"><\/iframe><\/div>\n<\/div>\n<p><script type=\"text\/javascript\">window.addEventListener(\"message\",function(e){\n                window.parent.postMessage(e.data,\"*\");\n            },false);<\/script><\/div>\n<\/div>\n<\/div>\n<\/div>\n<\/div>\n","protected":false},"excerpt":{"rendered":"<p>Un exmilitar venezolano, Milton Revilla Soto, solicit\u00f3 ejercer su derecho a r\u00e9plica tras considerar inexactas y ofensivas varias afirmaciones realizadas sobre su persona durante un [&hellip;]<\/p>\n","protected":false},"author":1,"featured_media":8313,"comment_status":"open","ping_status":"open","sticky":false,"template":"","format":"standard","meta":{"h5ap_radio_sources":[],"_FSMCFIC_featured_image_caption":"","_FSMCFIC_featured_image_nocaption":"","_FSMCFIC_featured_image_hide":"","_jetpack_memberships_contains_paid_content":false,"footnotes":""},"categories":[2],"tags":[],"class_list":["post-8309","post","type-post","status-publish","format-standard","has-post-thumbnail","hentry","category-venezuela"],"aioseo_notices":[],"jetpack_featured_media_url":"https:\/\/nuevaprensaamerica.com\/wp-content\/uploads\/2025\/12\/maxresdefault-8.jpg","jetpack_sharing_enabled":true,"_links":{"self":[{"href":"https:\/\/nuevaprensaamerica.com\/index.php\/wp-json\/wp\/v2\/posts\/8309","targetHints":{"allow":["GET"]}}],"collection":[{"href":"https:\/\/nuevaprensaamerica.com\/index.php\/wp-json\/wp\/v2\/posts"}],"about":[{"href":"https:\/\/nuevaprensaamerica.com\/index.php\/wp-json\/wp\/v2\/types\/post"}],"author":[{"embeddable":true,"href":"https:\/\/nuevaprensaamerica.com\/index.php\/wp-json\/wp\/v2\/users\/1"}],"replies":[{"embeddable":true,"href":"https:\/\/nuevaprensaamerica.com\/index.php\/wp-json\/wp\/v2\/comments?post=8309"}],"version-history":[{"count":3,"href":"https:\/\/nuevaprensaamerica.com\/index.php\/wp-json\/wp\/v2\/posts\/8309\/revisions"}],"predecessor-version":[{"id":8312,"href":"https:\/\/nuevaprensaamerica.com\/index.php\/wp-json\/wp\/v2\/posts\/8309\/revisions\/8312"}],"wp:featuredmedia":[{"embeddable":true,"href":"https:\/\/nuevaprensaamerica.com\/index.php\/wp-json\/wp\/v2\/media\/8313"}],"wp:attachment":[{"href":"https:\/\/nuevaprensaamerica.com\/index.php\/wp-json\/wp\/v2\/media?parent=8309"}],"wp:term":[{"taxonomy":"category","embeddable":true,"href":"https:\/\/nuevaprensaamerica.com\/index.php\/wp-json\/wp\/v2\/categories?post=8309"},{"taxonomy":"post_tag","embeddable":true,"href":"https:\/\/nuevaprensaamerica.com\/index.php\/wp-json\/wp\/v2\/tags?post=8309"}],"curies":[{"name":"wp","href":"https:\/\/api.w.org\/{rel}","templated":true}]}}