{"id":8315,"date":"2025-12-24T20:14:33","date_gmt":"2025-12-24T20:14:33","guid":{"rendered":"https:\/\/nuevaprensaamerica.com\/?p=8315"},"modified":"2025-12-24T20:14:33","modified_gmt":"2025-12-24T20:14:33","slug":"la-mafia-de-bernal-al-descubierto-oro-gasolina-y-otros-negocios","status":"publish","type":"post","link":"https:\/\/nuevaprensaamerica.com\/index.php\/2025\/12\/24\/la-mafia-de-bernal-al-descubierto-oro-gasolina-y-otros-negocios\/","title":{"rendered":"\u00a1LA MAFIA DE BERNAL AL DESCUBIERTO! Oro, Gasolina y otros negocios"},"content":{"rendered":"<p data-start=\"286\" data-end=\"602\">Una denuncia p\u00fablica expuso la presunta existencia de una red de corrupci\u00f3n y negocios il\u00edcitos vinculados al gobernador del estado T\u00e1chira, Freddy Bernal, que abarcar\u00eda actividades como contrabando de gasolina, explotaci\u00f3n de minerales, operaciones empresariales irregulares y posibles v\u00ednculos con el narcotr\u00e1fico.<\/p>\n<p data-start=\"604\" data-end=\"1001\"><!--more--><\/p>\n<p data-start=\"604\" data-end=\"1001\">Seg\u00fan lo expuesto, la estructura se habr\u00eda consolidado a partir del control pol\u00edtico y administrativo de la regi\u00f3n fronteriza, apoy\u00e1ndose en un grupo de empresarios y exfuncionarios que previamente habr\u00edan sido beneficiados con contratos p\u00fablicos en \u00e1reas como salud, construcci\u00f3n, transporte y suministro de insumos m\u00e9dicos. Parte de estas adjudicaciones se habr\u00edan concentrado entre 2013 y 2018.<\/p>\n<p data-start=\"1003\" data-end=\"1380\">La denuncia se\u00f1ala que el negocio del combustible en la frontera colombo-venezolana estar\u00eda bajo control directo de esta red, operando al margen de los canales formales de la estatal petrolera. De acuerdo con la informaci\u00f3n difundida, la distribuci\u00f3n y fijaci\u00f3n de precios se realizar\u00edan de manera discrecional, beneficiando a grupos armados irregulares y redes de contrabando.<\/p>\n<p data-start=\"1382\" data-end=\"1714\">Asimismo, se mencion\u00f3 la participaci\u00f3n de empresas dedicadas a la extracci\u00f3n y comercializaci\u00f3n de minerales, incluidos oro y tierras raras, con operaciones en estados del sur de Venezuela. Estas actividades habr\u00edan sido facilitadas por permisos especiales y protecci\u00f3n pol\u00edtica, permitiendo la exportaci\u00f3n de recursos estrat\u00e9gicos.<\/p>\n<p data-start=\"1716\" data-end=\"2022\">La presunta trama tambi\u00e9n tendr\u00eda proyecci\u00f3n internacional. Parte de los implicados aparecer\u00edan vinculados a sociedades mercantiles y actividades comerciales en Estados Unidos, especialmente en Florida, donde operar\u00edan negocios relacionados con la compraventa de veh\u00edculos de alta gama y otras inversiones.<\/p>\n<p data-start=\"2024\" data-end=\"2355\" data-is-last-node=\"\" data-is-only-node=\"\">Las acusaciones forman parte de una denuncia en desarrollo y no constituyen sentencias judiciales. Se reiter\u00f3 que corresponde a las autoridades competentes investigar los hechos y determinar posibles responsabilidades en lo que se describe como una de las redes de poder econ\u00f3mico m\u00e1s extendidas en la regi\u00f3n fronteriza venezolana.<\/p>\n<div class=\"jetpack-video-wrapper\">\n<div style=\"max-width: 1707px;\">\n<div style=\"left: 0; width: 100%; height: 0; position: relative; padding-bottom: 56.25%;\"><iframe title=\"\ud83d\udd25\u00a1LA MAFIA DE BERNAL AL DESCUBIERTO! Oro, Gasolina y otros negocios \ud83d\udea8 \ud83c\uddfb\ud83c\uddea\" src=\"\/\/if-cdn.com\/KxVtVD6S?maxheight=960\" style=\"top: 0; left: 0; width: 100%; height: 100%; position: absolute; border: 0;\" allowfullscreen scrolling=\"no\" allow=\"accelerometer *; clipboard-write *; encrypted-media *; gyroscope *; picture-in-picture *; web-share *;\"><\/iframe><\/div>\n<\/div>\n<p><script type=\"text\/javascript\">window.addEventListener(\"message\",function(e){\n                window.parent.postMessage(e.data,\"*\");\n            },false);<\/script><\/div>\n<p>&nbsp;<\/p>\n","protected":false},"excerpt":{"rendered":"<p>Una denuncia p\u00fablica expuso la presunta existencia de una red de corrupci\u00f3n y negocios il\u00edcitos vinculados al gobernador del estado T\u00e1chira, Freddy Bernal, que abarcar\u00eda [&hellip;]<\/p>\n","protected":false},"author":1,"featured_media":8316,"comment_status":"open","ping_status":"open","sticky":false,"template":"","format":"standard","meta":{"h5ap_radio_sources":[],"_FSMCFIC_featured_image_caption":"","_FSMCFIC_featured_image_nocaption":"","_FSMCFIC_featured_image_hide":"","_jetpack_memberships_contains_paid_content":false,"footnotes":""},"categories":[2],"tags":[],"class_list":["post-8315","post","type-post","status-publish","format-standard","has-post-thumbnail","hentry","category-venezuela"],"aioseo_notices":[],"jetpack_featured_media_url":"https:\/\/nuevaprensaamerica.com\/wp-content\/uploads\/2025\/12\/maxresdefault-9.jpg","jetpack_sharing_enabled":true,"_links":{"self":[{"href":"https:\/\/nuevaprensaamerica.com\/index.php\/wp-json\/wp\/v2\/posts\/8315","targetHints":{"allow":["GET"]}}],"collection":[{"href":"https:\/\/nuevaprensaamerica.com\/index.php\/wp-json\/wp\/v2\/posts"}],"about":[{"href":"https:\/\/nuevaprensaamerica.com\/index.php\/wp-json\/wp\/v2\/types\/post"}],"author":[{"embeddable":true,"href":"https:\/\/nuevaprensaamerica.com\/index.php\/wp-json\/wp\/v2\/users\/1"}],"replies":[{"embeddable":true,"href":"https:\/\/nuevaprensaamerica.com\/index.php\/wp-json\/wp\/v2\/comments?post=8315"}],"version-history":[{"count":1,"href":"https:\/\/nuevaprensaamerica.com\/index.php\/wp-json\/wp\/v2\/posts\/8315\/revisions"}],"predecessor-version":[{"id":8317,"href":"https:\/\/nuevaprensaamerica.com\/index.php\/wp-json\/wp\/v2\/posts\/8315\/revisions\/8317"}],"wp:featuredmedia":[{"embeddable":true,"href":"https:\/\/nuevaprensaamerica.com\/index.php\/wp-json\/wp\/v2\/media\/8316"}],"wp:attachment":[{"href":"https:\/\/nuevaprensaamerica.com\/index.php\/wp-json\/wp\/v2\/media?parent=8315"}],"wp:term":[{"taxonomy":"category","embeddable":true,"href":"https:\/\/nuevaprensaamerica.com\/index.php\/wp-json\/wp\/v2\/categories?post=8315"},{"taxonomy":"post_tag","embeddable":true,"href":"https:\/\/nuevaprensaamerica.com\/index.php\/wp-json\/wp\/v2\/tags?post=8315"}],"curies":[{"name":"wp","href":"https:\/\/api.w.org\/{rel}","templated":true}]}}