{"id":8324,"date":"2025-12-25T20:25:38","date_gmt":"2025-12-25T20:25:38","guid":{"rendered":"https:\/\/nuevaprensaamerica.com\/?p=8324"},"modified":"2025-12-25T20:25:38","modified_gmt":"2025-12-25T20:25:38","slug":"hija-del-banquero-julio-herrera-velutini-dono-2-5-millones-a-maga-inc-a-finales-del-2024","status":"publish","type":"post","link":"https:\/\/nuevaprensaamerica.com\/index.php\/2025\/12\/25\/hija-del-banquero-julio-herrera-velutini-dono-2-5-millones-a-maga-inc-a-finales-del-2024\/","title":{"rendered":"Hija del banquero Julio Herrera Velutini don\u00f3 $2.5 millones a MAGA Inc. a finales del 2024"},"content":{"rendered":"<p>La consultora financiera<b>\u00a0Isabela Herrera<\/b>, hija del convicto banquero venezolano\u00a0<a title=\"https:\/\/www.elnuevodia.com\/topicos\/julio-herrera-velutini\/\" href=\"https:\/\/www.elnuevodia.com\/topicos\/julio-herrera-velutini\/\" target=\"_self\" rel=\"\" data-mrf-link=\"https:\/\/www.elnuevodia.com\/topicos\/julio-herrera-velutini\/\"><b>Julio Herrera Velutini<\/b><\/a>, due\u00f1o de\u00a0<a href=\"https:\/\/www.elnuevodia.com\/topicos\/bancredito-international-bank-trust-corporation\/\" rel=\"\" data-mrf-link=\"https:\/\/www.elnuevodia.com\/topicos\/bancredito-international-bank-trust-corporation\/\"><b>Bancr\u00e9dito International Bank &amp; Trust Corporation<\/b><\/a>, don\u00f3\u00a0<b>$2.5 millones<\/b>\u00a0al comit\u00e9 de acci\u00f3n pol\u00edtica llamado MAGA Inc. a finales del a\u00f1o pasado.<\/p>\n<p><!--more--><\/p>\n<div class=\"content-elements text\">\n<p class=\"content-element\" data-mrf-recirculation=\"Links art\u00edculos\"><a title=\"https:\/\/www.elnuevodia.com\/noticias\/estados-unidos\/notas\/division-en-maga-se-agrava-de-cara-a-las-elecciones-de-medio-termino-en-2026\/\" href=\"https:\/\/www.elnuevodia.com\/noticias\/estados-unidos\/notas\/division-en-maga-se-agrava-de-cara-a-las-elecciones-de-medio-termino-en-2026\/\" target=\"_self\" rel=\"\" data-mrf-link=\"https:\/\/www.elnuevodia.com\/noticias\/estados-unidos\/notas\/division-en-maga-se-agrava-de-cara-a-las-elecciones-de-medio-termino-en-2026\/\"><b>Maga Inc. (Make America Great Again)<\/b><\/a>\u00a0fue creado, en 2022, por aliados del presidente de\u00a0<a title=\"https:\/\/www.elnuevodia.com\/noticias\/estados-unidos\/\" href=\"https:\/\/www.elnuevodia.com\/noticias\/estados-unidos\/\" target=\"_self\" rel=\"\" data-mrf-link=\"https:\/\/www.elnuevodia.com\/noticias\/estados-unidos\/\"><b>Estados Unidos<\/b><\/a>,\u00a0<a title=\"https:\/\/www.elnuevodia.com\/topicos\/donald-trump\/\" href=\"https:\/\/www.elnuevodia.com\/topicos\/donald-trump\/\" target=\"_self\" rel=\"\" data-mrf-link=\"https:\/\/www.elnuevodia.com\/topicos\/donald-trump\/\"><b>Donald Trump<\/b><\/a>, para recaudar fondos para sus actividades y las del Partido Republicano, de cara a la campa\u00f1a que lo trajo de vuelta a la\u00a0<a title=\"https:\/\/www.elnuevodia.com\/topicos\/casa-blanca\/\" href=\"https:\/\/www.elnuevodia.com\/topicos\/casa-blanca\/\" target=\"_self\" rel=\"\" data-mrf-link=\"https:\/\/www.elnuevodia.com\/topicos\/casa-blanca\/\"><b>Casa Blanca<\/b><\/a>.<\/p>\n<\/div>\n<div class=\"content-elements text\">\n<p class=\"content-element\" data-mrf-recirculation=\"Links art\u00edculos\">El donativo se recibi\u00f3 el\u00a0<b>31 de diciembre de 2024<\/b>, seg\u00fan un documento publicado en la plataforma digital de la<b>\u00a0<\/b><a title=\"https:\/\/www.usa.gov\/es\/agencias\/comision-de-elecciones-federales\" href=\"https:\/\/www.usa.gov\/es\/agencias\/comision-de-elecciones-federales\" target=\"_self\" rel=\"\" data-mrf-link=\"https:\/\/www.usa.gov\/es\/agencias\/comision-de-elecciones-federales\"><b>Comisi\u00f3n de Elecciones Federales (FEC, por sus siglas en ingl\u00e9s)<\/b><\/a>, entidad en la que deben registrarse los comit\u00e9s de acci\u00f3n pol\u00edtica y reportar sus donativos.<\/p>\n<\/div>\n<div class=\"content-elements text\">\n<p class=\"content-element\" data-mrf-recirculation=\"Links art\u00edculos\">La informaci\u00f3n sali\u00f3 a relucir en una investigaci\u00f3n publicada por\u00a0<a title=\"https:\/\/www.elnuevodia.com\/topicos\/the-new-york-times\/\" href=\"https:\/\/www.elnuevodia.com\/topicos\/the-new-york-times\/\" target=\"_self\" rel=\"\" data-mrf-link=\"https:\/\/www.elnuevodia.com\/topicos\/the-new-york-times\/\"><i><b>The New York Times<\/b><\/i><\/a>, que revel\u00f3 que, desde que Trump fue elegido por segunda vez a la presidencia, \u00e9l y sus aliados han recaudado casi $2,000 millones para las causas pol\u00edticas que defienden.<\/p>\n<\/div>\n<div id=\"scroller\"><\/div>\n<div class=\"content-elements text\">\n<p class=\"content-element\" data-mrf-recirculation=\"Links art\u00edculos\">El\u00a0<a title=\"https:\/\/www.nytimes.com\/interactive\/2025\/12\/22\/us\/politics\/trump-donors-fundraising-benefits.html\" href=\"https:\/\/www.nytimes.com\/interactive\/2025\/12\/22\/us\/politics\/trump-donors-fundraising-benefits.html\" target=\"_self\" rel=\"\" data-mrf-link=\"https:\/\/www.nytimes.com\/interactive\/2025\/12\/22\/us\/politics\/trump-donors-fundraising-benefits.html\"><b>reportaje -publicado por el medio estadounidense el lunes<\/b><\/a>&#8211; indica que se rastre\u00f3 una gran parte de los fondos recaudados -espec\u00edficamente m\u00e1s de $500 millones- hasta 346 donantes que dieron, al menos, $250,000 cada uno.<\/p>\n<\/div>\n<div class=\"content-elements text\">\n<p class=\"content-element\" data-mrf-recirculation=\"Links art\u00edculos\">Adem\u00e1s, la investigaci\u00f3n period\u00edstica encontr\u00f3 que m\u00e1s de la mitad de los donantes se han beneficiado, o est\u00e1n involucrados en industrias que se han beneficiado, de las acciones o declaraciones del presidente estadounidense, la Casa Blanca o agencias federales.<\/p>\n<\/div>\n<div class=\"content-elements text\">\n<p class=\"content-element\" data-mrf-recirculation=\"Links art\u00edculos\">No obstante, un portavoz del\u00a0<a title=\"https:\/\/www.elnuevodia.com\/topicos\/departamento-de-justicia-de-estados-unidos\/\" href=\"https:\/\/www.elnuevodia.com\/topicos\/departamento-de-justicia-de-estados-unidos\/\" target=\"_self\" rel=\"\" data-mrf-link=\"https:\/\/www.elnuevodia.com\/topicos\/departamento-de-justicia-de-estados-unidos\/\"><b>Departamento de Justicia federal (DOJ, en ingl\u00e9s)<\/b><\/a>\u00a0neg\u00f3 que el donativo de $2.5 millones estuviera vinculado al acuerdo alcanzado en el caso por el cual Herrera Velutini se declar\u00f3 culpable por un delito electoral junto a la exgobernadora\u00a0<a title=\"https:\/\/www.elnuevodia.com\/topicos\/wanda-vazquez-garced\/\" href=\"https:\/\/www.elnuevodia.com\/topicos\/wanda-vazquez-garced\/\" target=\"_self\" rel=\"\" data-mrf-link=\"https:\/\/www.elnuevodia.com\/topicos\/wanda-vazquez-garced\/\"><b>Wanda V\u00e1zquez Garced<\/b><\/a>\u00a0y el exagente del\u00a0<a title=\"https:\/\/www.elnuevodia.com\/topicos\/fbi\/\" href=\"https:\/\/www.elnuevodia.com\/topicos\/fbi\/\" target=\"_self\" rel=\"\" data-mrf-link=\"https:\/\/www.elnuevodia.com\/topicos\/fbi\/\"><b>Negociado Federal de Investigaciones (FBI)<\/b><\/a>\u00a0y asesor financiero,\u00a0<a title=\"https:\/\/www.elnuevodia.com\/topicos\/Mark-Rossini\/\" href=\"https:\/\/www.elnuevodia.com\/topicos\/Mark-Rossini\/\" target=\"_self\" rel=\"\" data-mrf-link=\"https:\/\/www.elnuevodia.com\/topicos\/Mark-Rossini\/\"><b>Mark Rossini<\/b><\/a>. \u201cLa decisi\u00f3n de resolver este caso se tom\u00f3 a trav\u00e9s de los canales apropiados y no estuvo influenciada por ninguna donaci\u00f3n a MAGA Inc.\u201d, indic\u00f3 el portavoz al medio.<\/p>\n<\/div>\n<div class=\"content-elements image\">\n<figure class=\"content-element\"><picture class=\"ResponsiveImage\"><source srcset=\"https:\/\/www.elnuevodia.com\/resizer\/v2\/HSX42YEUH5G6LNTOEZZWJ45IVE.png?auth=f4041f98c8e63f398110af62830e188b210254780a41b00606a5ef555239d902&amp;quality=75&amp;width=327&amp;height=327&amp;smart=true, https:\/\/www.elnuevodia.com\/resizer\/v2\/HSX42YEUH5G6LNTOEZZWJ45IVE.png?auth=f4041f98c8e63f398110af62830e188b210254780a41b00606a5ef555239d902&amp;quality=75&amp;width=654&amp;height=654&amp;smart=true 2x\" media=\"(max-width: 375px)\" \/><source srcset=\"https:\/\/www.elnuevodia.com\/resizer\/v2\/HSX42YEUH5G6LNTOEZZWJ45IVE.png?auth=f4041f98c8e63f398110af62830e188b210254780a41b00606a5ef555239d902&amp;quality=75&amp;width=719&amp;smart=true, https:\/\/www.elnuevodia.com\/resizer\/v2\/HSX42YEUH5G6LNTOEZZWJ45IVE.png?auth=f4041f98c8e63f398110af62830e188b210254780a41b00606a5ef555239d902&amp;quality=75&amp;width=1438&amp;smart=true 2x\" media=\"(max-width: 767px)\" \/><source srcset=\"https:\/\/www.elnuevodia.com\/resizer\/v2\/HSX42YEUH5G6LNTOEZZWJ45IVE.png?auth=f4041f98c8e63f398110af62830e188b210254780a41b00606a5ef555239d902&amp;quality=75&amp;width=873&amp;smart=true, https:\/\/www.elnuevodia.com\/resizer\/v2\/HSX42YEUH5G6LNTOEZZWJ45IVE.png?auth=f4041f98c8e63f398110af62830e188b210254780a41b00606a5ef555239d902&amp;quality=75&amp;width=1746&amp;smart=true 2x\" media=\"(max-width: 1023px)\" \/><source srcset=\"https:\/\/www.elnuevodia.com\/resizer\/v2\/HSX42YEUH5G6LNTOEZZWJ45IVE.png?auth=f4041f98c8e63f398110af62830e188b210254780a41b00606a5ef555239d902&amp;quality=75&amp;width=829&amp;smart=true, https:\/\/www.elnuevodia.com\/resizer\/v2\/HSX42YEUH5G6LNTOEZZWJ45IVE.png?auth=f4041f98c8e63f398110af62830e188b210254780a41b00606a5ef555239d902&amp;quality=75&amp;width=1658&amp;smart=true 2x\" \/><img decoding=\"async\" class=\"ResponsiveImage__img\" src=\"https:\/\/www.elnuevodia.com\/resizer\/v2\/HSX42YEUH5G6LNTOEZZWJ45IVE.png?auth=f4041f98c8e63f398110af62830e188b210254780a41b00606a5ef555239d902&amp;quality=75&amp;width=829&amp;smart=true\" alt=\"Isabela Herrera, hija del convicto banquero venezolano Julio Herrera Velutini, don\u00f3 $2.5 millones a Maga Inc.\" \/><\/picture><figcaption class=\"main-asset-caption\">Isabela Herrera, hija del convicto banquero venezolano Julio Herrera Velutini, don\u00f3 $2.5 millones a Maga Inc.\u00a0(Federal Election Commission)<\/figcaption><\/figure>\n<\/div>\n<div class=\"content-elements text\">\n<p class=\"content-element\" data-mrf-recirculation=\"Links art\u00edculos\">Sin embargo,\u00a0<b>John D. Keller<\/b>, quien supervis\u00f3 la divisi\u00f3n del DOJ que manej\u00f3 el caso, dijo en una entrevista que la diferencia entre el acuerdo y los m\u00e1s de 20 a\u00f1os de prisi\u00f3n que Herrera Velutini podr\u00eda haber enfrentado si se le hubieran probado los cargos originales era\u00a0<b>\u201cimpactante\u201d,<\/b>\u00a0seg\u00fan\u00a0<i>The New York Times<\/i>.<\/p>\n<\/div>\n<div class=\"content-elements text\">\n<p class=\"content-element\" data-mrf-recirculation=\"Links art\u00edculos\">Keller, quien renunci\u00f3 en se\u00f1al de protesta cuando los designados por Trump presuntamente le ordenaron abandonar un proceso judicial pol\u00edticamente delicado,\u00a0<b>afirm\u00f3 que el caso de Herrera Velutini \u201cparece ser otro ejemplo de consideraciones pol\u00edticas que dictan el resultado de un caso penal individual\u201d.<\/b><\/p>\n<div class=\"content-elements header\">\n<h4 class=\"content-element__header\"><b>El tracto del caso en Puerto Rico<\/b><\/h4>\n<\/div>\n<div class=\"content-elements text\">\n<p class=\"content-element\" data-mrf-recirculation=\"Links art\u00edculos\">En agosto de 2022, Herrera Velutini, as\u00ed como V\u00e1zquez Garced y Rossini, fueron acusados por un gran jurado por un supuesto esquema de soborno que involucra su campa\u00f1a electoral en 2020.<\/p>\n<\/div>\n<div class=\"content-elements text\">\n<p class=\"content-element\" data-mrf-recirculation=\"Links art\u00edculos\">En resumen, todos los acusados enfrentaban cargos por conspiraci\u00f3n, soborno en programas federales y fraude electr\u00f3nico por servicios honestos. Sin embargo, Herrera Velutini tambi\u00e9n enfrentaba cargos que se relacionaban con un esquema de soborno distinto.<\/p>\n<\/div>\n<div class=\"content-elements text\">\n<p class=\"content-element\" data-mrf-recirculation=\"Links art\u00edculos\">Para enfrentar este proceso judicial, Herrera Velutini contrat\u00f3 a una bater\u00eda de abogados, entre los que se distingue\u00a0<b>Christopher Kise<\/b>, uno de los principales representantes legales de Trump, quien represent\u00f3 al presidente estadounidense en el desestimado caso criminal por el manejo ilegal de documentos clasificados, as\u00ed como en el caso civil por fraude al que se enfrent\u00f3 en Nueva York, relacionado con sus compa\u00f1\u00edas.<\/p>\n<\/div>\n<div class=\"content-elements text\">\n<p class=\"content-element\" data-mrf-recirculation=\"Links art\u00edculos\">No obstante, tras una reuni\u00f3n con altos funcionarios del DOJ en Washington D.C., en mayo de este a\u00f1o, los coacusados y la Fiscal\u00eda federal alcanzaron un acuerdo para evitar el juicio, pautado para el mes de agosto.<\/p>\n<\/div>\n<div class=\"content-elements text\">\n<p class=\"content-element\" data-mrf-recirculation=\"Links art\u00edculos\">Como resultado, se present\u00f3 una nueva acusaci\u00f3n que comprende un solo cargo por un delito menor bajo la\u00a0<a title=\"https:\/\/www.elnuevodia.com\/noticias\/tribunales\/notas\/ante-la-justicia-wanda-vazquez-sera-la-primera-exgobernadora-en-declararse-culpable\/\" href=\"https:\/\/www.elnuevodia.com\/noticias\/tribunales\/notas\/ante-la-justicia-wanda-vazquez-sera-la-primera-exgobernadora-en-declararse-culpable\/\" rel=\"\" data-mrf-link=\"https:\/\/www.elnuevodia.com\/noticias\/tribunales\/notas\/ante-la-justicia-wanda-vazquez-sera-la-primera-exgobernadora-en-declararse-culpable\/\"><b>Ley federal de Campa\u00f1as Electorales<\/b><\/a>\u00a0(FECA, en ingl\u00e9s), relacionado, presuntamente,\u00a0<b>con la aceptaci\u00f3n y\/o promesa de aportaciones de un extranjero para una campa\u00f1a pol\u00edtica en Estados Unidos.<\/b><\/p>\n<\/div>\n<div class=\"content-elements text\">\n<p class=\"content-element\" data-mrf-recirculation=\"Links art\u00edculos\">A ra\u00edz de esta nueva acusaci\u00f3n, los coacusados se declararon culpables, en agosto, ante la jueza federal Silvia Carre\u00f1o Coll. Actualmente, esperan por las vistas de sentencias, que est\u00e1n pautadas para el 2026.<\/p>\n<\/div>\n<div class=\"content-elements text\">\n<p class=\"content-element\" data-mrf-recirculation=\"Links art\u00edculos\">\u201cDe manera sorprendente, la pena por violar la Secci\u00f3n 30121 de la Ley FECA es una mera palmadita en la mano en comparaci\u00f3n con las sentencias que hubiesen enfrentado de haber sido encontrados culpables mediante el pliego original\u201d, dijo Carre\u00f1o Coll en una orden de cuatro p\u00e1ginas que emiti\u00f3 en julio.<\/p>\n<\/div>\n<div class=\"content-elements text\">\n<p class=\"content-element\" data-mrf-recirculation=\"Links art\u00edculos\">\u201cPero la decisi\u00f3n del gobierno de cambiar el rumbo en el \u00faltimo momento est\u00e1 permitida porque, en \u00faltima instancia, es el gobierno quien decide c\u00f3mo va a ejercer su discreci\u00f3n procesal\u201d, agreg\u00f3 la togada, quien mencion\u00f3 que\u00a0<b>\u201cse presume\u201d que el acuerdo se alcanz\u00f3 \u201csiguiendo directrices emitidas por el Departamento de Justicia de Estados Unidos\u201d.<\/b><\/p>\n<div class=\"content-elements text\">\n<p class=\"content-element\" data-mrf-recirculation=\"Links art\u00edculos\">No obstante, la defensa de V\u00e1zquez Garced radic\u00f3, en agosto, una moci\u00f3n en la que<b>\u00a0<\/b>afirm\u00f3 que el acuerdo alcanzado con la Fiscal\u00eda federal\u00a0<a title=\"https:\/\/www.elnuevodia.com\/noticias\/tribunales\/notas\/defensa-de-wanda-vazquez-atribuye-acuerdo-federal-a-nueva-evidencia-y-niega-presiones-politicas\/\" href=\"https:\/\/www.elnuevodia.com\/noticias\/tribunales\/notas\/defensa-de-wanda-vazquez-atribuye-acuerdo-federal-a-nueva-evidencia-y-niega-presiones-politicas\/\" target=\"_self\" rel=\"\" data-mrf-link=\"https:\/\/www.elnuevodia.com\/noticias\/tribunales\/notas\/defensa-de-wanda-vazquez-atribuye-acuerdo-federal-a-nueva-evidencia-y-niega-presiones-politicas\/\">respond\u00eda a la existencia de \u201cnueva evidencia contundente y exculpatoria\u201d y no a \u201cpresiones pol\u00edticas\u201d<\/a>.<\/p>\n<\/div>\n<div class=\"content-elements text\">\n<p class=\"content-element\" data-mrf-recirculation=\"Links art\u00edculos\">\u201cDurante todo el proceso, el gobierno nunca sugiri\u00f3 presi\u00f3n externa ni capitulaci\u00f3n renuente. En cambio, sus escritos describen consistentemente negociaciones voluntarias y profesionales -un lenguaje fundamentalmente incompatible con cualquier sugerencia de \u00f3rdenes desde Washington\u201d, a\u00f1adi\u00f3 la defensa de la exgobernadora en aquel momento.<\/p>\n<\/div>\n<div class=\"content-elements text\">\n<p class=\"content-element\" data-mrf-recirculation=\"Links art\u00edculos\">La acusaci\u00f3n inicial sosten\u00eda que, presuntamente, V\u00e1zquez Garced; Herrera Velutini, propietario de Bancr\u00e9dito; Rossini, y otras personas no acusadas formalmente participaron en un esquema de soborno mediante el cual la exgobernadora presuntamente reemplaz\u00f3 al jefe de la\u00a0<a href=\"https:\/\/www.elnuevodia.com\/topicos\/oficina-del-comisionado-de-instituciones-financieras\/\" rel=\"\" data-mrf-link=\"https:\/\/www.elnuevodia.com\/topicos\/oficina-del-comisionado-de-instituciones-financieras\/\"><b>Oficina del Comisionado de Instituciones Financieras<\/b><\/a>\u00a0(OCIF),<b>George Joyner<\/b>, por una persona elegida por Herrera Velutini a cambio de contribuciones pol\u00edticas y servicios de consultor\u00eda, seg\u00fan el documento judicial.<\/p>\n<\/div>\n<div class=\"content-elements text\">\n<p class=\"content-element\" data-mrf-recirculation=\"Links art\u00edculos\">Este cambio de personal supuestamente ocurri\u00f3 luego de investigaciones de la OCIF sobre posibles violaciones regulatorias por parte de Bancr\u00e9dito.<\/p>\n<p data-mrf-recirculation=\"Links art\u00edculos\"><a href=\"https:\/\/www.elnuevodia.com\/noticias\/estados-unidos\/notas\/hija-del-banquero-julio-herrera-velutini-dono-25-millones-a-maga-inc-a-finales-del-2024\/\">FUENTE<\/a><\/p>\n<\/div>\n<\/div>\n<\/div>\n","protected":false},"excerpt":{"rendered":"<p>La consultora financiera\u00a0Isabela Herrera, hija del convicto banquero venezolano\u00a0Julio Herrera Velutini, due\u00f1o de\u00a0Bancr\u00e9dito International Bank &amp; Trust Corporation, don\u00f3\u00a0$2.5 millones\u00a0al comit\u00e9 de acci\u00f3n pol\u00edtica llamado [&hellip;]<\/p>\n","protected":false},"author":1,"featured_media":8326,"comment_status":"open","ping_status":"open","sticky":false,"template":"","format":"standard","meta":{"h5ap_radio_sources":[],"_FSMCFIC_featured_image_caption":"","_FSMCFIC_featured_image_nocaption":"","_FSMCFIC_featured_image_hide":"","_jetpack_memberships_contains_paid_content":false,"footnotes":""},"categories":[2],"tags":[],"class_list":["post-8324","post","type-post","status-publish","format-standard","has-post-thumbnail","hentry","category-venezuela"],"aioseo_notices":[],"jetpack_featured_media_url":"https:\/\/nuevaprensaamerica.com\/wp-content\/uploads\/2025\/12\/IRY66MWXFVCWJEKN7GWFFNMUY4.jpg","jetpack_sharing_enabled":true,"_links":{"self":[{"href":"https:\/\/nuevaprensaamerica.com\/index.php\/wp-json\/wp\/v2\/posts\/8324","targetHints":{"allow":["GET"]}}],"collection":[{"href":"https:\/\/nuevaprensaamerica.com\/index.php\/wp-json\/wp\/v2\/posts"}],"about":[{"href":"https:\/\/nuevaprensaamerica.com\/index.php\/wp-json\/wp\/v2\/types\/post"}],"author":[{"embeddable":true,"href":"https:\/\/nuevaprensaamerica.com\/index.php\/wp-json\/wp\/v2\/users\/1"}],"replies":[{"embeddable":true,"href":"https:\/\/nuevaprensaamerica.com\/index.php\/wp-json\/wp\/v2\/comments?post=8324"}],"version-history":[{"count":2,"href":"https:\/\/nuevaprensaamerica.com\/index.php\/wp-json\/wp\/v2\/posts\/8324\/revisions"}],"predecessor-version":[{"id":8327,"href":"https:\/\/nuevaprensaamerica.com\/index.php\/wp-json\/wp\/v2\/posts\/8324\/revisions\/8327"}],"wp:featuredmedia":[{"embeddable":true,"href":"https:\/\/nuevaprensaamerica.com\/index.php\/wp-json\/wp\/v2\/media\/8326"}],"wp:attachment":[{"href":"https:\/\/nuevaprensaamerica.com\/index.php\/wp-json\/wp\/v2\/media?parent=8324"}],"wp:term":[{"taxonomy":"category","embeddable":true,"href":"https:\/\/nuevaprensaamerica.com\/index.php\/wp-json\/wp\/v2\/categories?post=8324"},{"taxonomy":"post_tag","embeddable":true,"href":"https:\/\/nuevaprensaamerica.com\/index.php\/wp-json\/wp\/v2\/tags?post=8324"}],"curies":[{"name":"wp","href":"https:\/\/api.w.org\/{rel}","templated":true}]}}