{"id":8383,"date":"2026-01-06T23:01:18","date_gmt":"2026-01-06T23:01:18","guid":{"rendered":"https:\/\/nuevaprensaamerica.com\/?p=8383"},"modified":"2026-01-06T23:01:18","modified_gmt":"2026-01-06T23:01:18","slug":"delcy-rodriguez-ordena-la-destitucion-y-arresto-del-general-marcano-tabata","status":"publish","type":"post","link":"https:\/\/nuevaprensaamerica.com\/index.php\/2026\/01\/06\/delcy-rodriguez-ordena-la-destitucion-y-arresto-del-general-marcano-tabata\/","title":{"rendered":"Delcy Rodr\u00edguez ordena la destituci\u00f3n y arresto del general Marcano T\u00e1bata"},"content":{"rendered":"<p data-start=\"298\" data-end=\"715\"><strong data-start=\"298\" data-end=\"330\">Caracas, 6 de enero de 2026.<\/strong><br data-start=\"330\" data-end=\"333\" \/>En un giro abrupto dentro de la c\u00fapula del poder venezolano, la presidenta encargada <strong data-start=\"418\" data-end=\"459\"><span class=\"hover:entity-accent entity-underline inline cursor-pointer align-baseline\"><span class=\"whitespace-normal\">Delcy Rodr\u00edguez<\/span><\/span><\/strong> orden\u00f3 este martes la destituci\u00f3n inmediata y el arresto del Mayor General <strong data-start=\"535\" data-end=\"576\"><span class=\"hover:entity-accent entity-underline inline cursor-pointer align-baseline\"><span class=\"whitespace-normal\">Javier Marcano T\u00e1bata<\/span><\/span><\/strong>, quien hasta ahora ejerc\u00eda el control de la Direcci\u00f3n General de Contrainteligencia Militar (DGCIM) y de la Guardia de Honor Presidencial.<\/p>\n<p data-start=\"298\" data-end=\"715\"><!--more--><\/p>\n<p data-start=\"717\" data-end=\"1098\">La medida, ejecutada desde el Palacio de Miraflores en <strong data-start=\"772\" data-end=\"813\"><span class=\"hover:entity-accent entity-underline inline cursor-pointer align-baseline\"><span class=\"whitespace-normal\">Caracas<\/span><\/span><\/strong>, marca uno de los movimientos m\u00e1s contundentes dentro del aparato de seguridad del Estado en los \u00faltimos a\u00f1os y es interpretada por analistas como el colapso definitivo del sistema de \u201clealtad absoluta\u201d que sostuvo al poder durante la era de <strong data-start=\"1056\" data-end=\"1097\"><span class=\"hover:entity-accent entity-underline inline cursor-pointer align-baseline\"><span class=\"whitespace-normal\">Nicol\u00e1s Maduro<\/span><\/span><\/strong>.<\/p>\n<h3 data-start=\"1100\" data-end=\"1157\">Un golpe directo al coraz\u00f3n de la seguridad del poder<\/h3>\n<p data-start=\"1159\" data-end=\"1556\">Marcano T\u00e1bata era considerado una de las figuras m\u00e1s influyentes del estamento militar, al concentrar el mando de la <strong data-start=\"1277\" data-end=\"1318\"><span class=\"hover:entity-accent entity-underline inline cursor-pointer align-baseline\"><span class=\"whitespace-normal\">Direcci\u00f3n General de Contrainteligencia Militar<\/span><\/span><\/strong> y de la unidad responsable de la seguridad directa del Ejecutivo. Su ca\u00edda representa no solo una destituci\u00f3n administrativa, sino una fractura profunda dentro del c\u00edrculo que hist\u00f3ricamente garantiz\u00f3 la estabilidad interna del chavismo.<\/p>\n<p data-start=\"1558\" data-end=\"1836\">De acuerdo con versiones extraoficiales, la orden de arresto habr\u00eda sido ejecutada por unidades especiales sin previo anuncio p\u00fablico, lo que sugiere una operaci\u00f3n dise\u00f1ada para evitar resistencias internas o reacciones en cadena dentro de la Fuerza Armada Nacional Bolivariana.<\/p>\n<p data-start=\"1558\" data-end=\"1836\"><a href=\"https:\/\/nuevaprensaamerica.com\/wp-content\/uploads\/2026\/01\/WhatsApp-Image-2026-01-06-at-23.50.30.jpg\"><img loading=\"lazy\" decoding=\"async\" class=\"aligncenter size-full wp-image-99548\" src=\"https:\/\/nuevaprensaamerica.com\/wp-content\/uploads\/2026\/01\/WhatsApp-Image-2026-01-06-at-23.50.30.jpg\" alt=\"\" width=\"720\" height=\"1600\" \/><\/a><\/p>\n","protected":false},"excerpt":{"rendered":"<p>Caracas, 6 de enero de 2026.En un giro abrupto dentro de la c\u00fapula del poder venezolano, la presidenta encargada Delcy Rodr\u00edguez orden\u00f3 este martes la [&hellip;]<\/p>\n","protected":false},"author":1,"featured_media":8386,"comment_status":"open","ping_status":"open","sticky":false,"template":"","format":"standard","meta":{"h5ap_radio_sources":[],"_FSMCFIC_featured_image_caption":"","_FSMCFIC_featured_image_nocaption":"","_FSMCFIC_featured_image_hide":"","_jetpack_memberships_contains_paid_content":false,"footnotes":""},"categories":[2],"tags":[],"class_list":["post-8383","post","type-post","status-publish","format-standard","has-post-thumbnail","hentry","category-venezuela"],"aioseo_notices":[],"jetpack_featured_media_url":"https:\/\/nuevaprensaamerica.com\/wp-content\/uploads\/2026\/01\/19.Javier-Jose-MARCANO-TABATA-e1643899394878.png","jetpack_sharing_enabled":true,"_links":{"self":[{"href":"https:\/\/nuevaprensaamerica.com\/index.php\/wp-json\/wp\/v2\/posts\/8383","targetHints":{"allow":["GET"]}}],"collection":[{"href":"https:\/\/nuevaprensaamerica.com\/index.php\/wp-json\/wp\/v2\/posts"}],"about":[{"href":"https:\/\/nuevaprensaamerica.com\/index.php\/wp-json\/wp\/v2\/types\/post"}],"author":[{"embeddable":true,"href":"https:\/\/nuevaprensaamerica.com\/index.php\/wp-json\/wp\/v2\/users\/1"}],"replies":[{"embeddable":true,"href":"https:\/\/nuevaprensaamerica.com\/index.php\/wp-json\/wp\/v2\/comments?post=8383"}],"version-history":[{"count":2,"href":"https:\/\/nuevaprensaamerica.com\/index.php\/wp-json\/wp\/v2\/posts\/8383\/revisions"}],"predecessor-version":[{"id":8387,"href":"https:\/\/nuevaprensaamerica.com\/index.php\/wp-json\/wp\/v2\/posts\/8383\/revisions\/8387"}],"wp:featuredmedia":[{"embeddable":true,"href":"https:\/\/nuevaprensaamerica.com\/index.php\/wp-json\/wp\/v2\/media\/8386"}],"wp:attachment":[{"href":"https:\/\/nuevaprensaamerica.com\/index.php\/wp-json\/wp\/v2\/media?parent=8383"}],"wp:term":[{"taxonomy":"category","embeddable":true,"href":"https:\/\/nuevaprensaamerica.com\/index.php\/wp-json\/wp\/v2\/categories?post=8383"},{"taxonomy":"post_tag","embeddable":true,"href":"https:\/\/nuevaprensaamerica.com\/index.php\/wp-json\/wp\/v2\/tags?post=8383"}],"curies":[{"name":"wp","href":"https:\/\/api.w.org\/{rel}","templated":true}]}}