{"id":8441,"date":"2026-01-18T16:07:24","date_gmt":"2026-01-18T16:07:24","guid":{"rendered":"https:\/\/nuevaprensaamerica.com\/?p=8441"},"modified":"2026-01-18T16:07:24","modified_gmt":"2026-01-18T16:07:24","slug":"acuerdo-es-altamente-estrategico-para-paraguay-eeuu-y-la-region","status":"publish","type":"post","link":"https:\/\/nuevaprensaamerica.com\/index.php\/2026\/01\/18\/acuerdo-es-altamente-estrategico-para-paraguay-eeuu-y-la-region\/","title":{"rendered":"\u201cAcuerdo es altamente estrat\u00e9gico para Paraguay, EEUU y la regi\u00f3n\u201d"},"content":{"rendered":"<h2 class=\"Page-subHeadline\">El experto colombiano en Seguridad Juan Carlos Buitrago analiz\u00f3 el convenio firmado por el pa\u00eds sobre el Estatus de las Fuerzas (SOFA) firmado en Washington que el Congreso deber\u00e1 estudiar.<\/h2>\n<p><!--more--><\/p>\n<p>En contacto con \u00daH, el experto colombiano en Seguridad general, brigadier en situaci\u00f3n de retiro Juan Carlos Buitrago, analiz\u00f3 el Acuerdo sobre el Estatus de las Fuerzas (SOFA, por sus siglas en ingl\u00e9s) firmado en Washington por el jefe de la diplomacia estadounidense, Marco Rubio, y su hom\u00f3logo paraguayo, Rub\u00e9n Ram\u00edrez Lezcano, el pasado lunes 15 de este mes.<br \/>\n\u201cEs altamente estrat\u00e9gico para Paraguay, Estados Unidos y la regi\u00f3n, la firma de este acuerdo de cooperaci\u00f3n en seguridad, en raz\u00f3n a que, primero, Paraguay sigue en la senda de cooperar con el bloque de pa\u00edses que prevalece la seguridad y lucha contra el crimen como prerrequisito para fortalecer el desarrollo, la econom\u00eda y la confianza inversionista\u201d, expres\u00f3.<\/p>\n<p>En segundo lugar, Buitrago sostuvo que con dicho acuerdo habr\u00e1 un salto cualitativo en la formaci\u00f3n t\u00e9cnica y especializada de las Fuerzas de Seguridad en temas de inteligencia, investigaci\u00f3n e interdicci\u00f3n de las econom\u00edas criminales, la corrupci\u00f3n y el terrorismo.<\/p>\n<p>\u201cEl intercambio de informaci\u00f3n ser\u00e1 clave para desarticular las grandes mafias que acechan la regi\u00f3n. Particularmente las asentadas en la frontera tripartita\u201d, indic\u00f3.<\/p>\n<p>Agreg\u00f3 que, tal como ocurri\u00f3 con el Plan Colombia y ahora el Plan Ecuador, la cooperaci\u00f3n de Estados Unidos se traducir\u00e1 en mayor fortaleza institucional en materia de justicia, polic\u00eda, transparencia, integridad y respeto por los derechos humanos y la democracia.<\/p>\n<div class=\"whatsapp_content\">\n<div class=\"whatsapp_message\">\n<div class=\"whatsapp_main_content\">\n<div class=\"Page-articleBody\">\n<div class=\"RichTextArticleBody RichTextBody\">\n<p>\u201cEl nuevo ordenamiento pol\u00edtico en la regi\u00f3n demanda una mayor integraci\u00f3n de los Estados para cooperar contra las m\u00e1s serias amenazas que a\u00fan tienen vigencia, entre estas, los reg\u00edmenes dictatoriales como el de Venezuela, y otros gobiernos muy proclives a aliarse con el mal y el crimen organizado; cuando la posici\u00f3n correcta es estar luchando hombro a hombro con los gobiernos que se esfuerzan para que haya mayor libertad, seguridad, democracia y justicia\u201d, manifest\u00f3 el ex general brigadier de la Polic\u00eda Nacional de Colombia.<\/p>\n<p>Concluy\u00f3 indicando que Paraguay debe superar los graves fen\u00f3menos de corrupci\u00f3n, fragilidad institucional y de econom\u00edas criminales que afectan a toda la sociedad y cooperar con los Estados Unidos en un marco de confianza, reciprocidad y efectividad. Sostuvo que esa es la llave maestra para avanzar significativamente.<\/p>\n<p>El citado acuerdo firmado con los EEUU ser\u00e1 remitido al Congreso Nacional para su estudio y consideraci\u00f3n.<\/p>\n<div class=\"Enhancement\" data-align-fullwidth=\"\">\n<div class=\"Enhancement-item\">\n<figure class=\"Figure\"><a id=\"image-fe0000\" class=\"AnchorLink\" name=\"image-fe0000\" data-cms-ai=\"0\"><\/a><picture><source srcset=\"https:\/\/grupovierci.brightspotcdn.com\/dims4\/default\/40fd2c4\/2147483647\/strip\/true\/crop\/568x528+0+0\/resize\/1440x1339!\/format\/webp\/quality\/90\/?url=https%3A%2F%2Fk2-prod-grupo-vierci.s3.us-east-1.amazonaws.com%2Fbrightspot%2F5b%2Fd1%2F9bd8c4cc4065a8b1ce6c4e7b1937%2Fbuitrago-53069043.jpg 1x,https:\/\/grupovierci.brightspotcdn.com\/dims4\/default\/09334b1\/2147483647\/strip\/true\/crop\/568x528+0+0\/resize\/2880x2678!\/format\/webp\/quality\/90\/?url=https%3A%2F%2Fk2-prod-grupo-vierci.s3.us-east-1.amazonaws.com%2Fbrightspot%2F5b%2Fd1%2F9bd8c4cc4065a8b1ce6c4e7b1937%2Fbuitrago-53069043.jpg 2x\" type=\"image\/webp\" \/><source srcset=\"https:\/\/nuevaprensaamerica.com\/wp-content\/uploads\/2026\/01\/urlhttps3A2F2Fk2-prod-grupo-vierci.s3.us-east-1.amazonaws.com2Fbrightspot2F5b2Fd12F9bd8c4cc4065a8b1ce6c4e7b19372Fbuitrago-53069043.jpg\" \/><img loading=\"lazy\" decoding=\"async\" class=\"Image\" src=\"https:\/\/nuevaprensaamerica.com\/wp-content\/uploads\/2026\/01\/urlhttps3A2F2Fk2-prod-grupo-vierci.s3.us-east-1.amazonaws.com2Fbrightspot2F5b2Fd12F9bd8c4cc4065a8b1ce6c4e7b19372Fbuitrago-53069043.jpg\" srcset=\"https:\/\/nuevaprensaamerica.com\/wp-content\/uploads\/2026\/01\/urlhttps3A2F2Fk2-prod-grupo-vierci.s3.us-east-1.amazonaws.com2Fbrightspot2F5b2Fd12F9bd8c4cc4065a8b1ce6c4e7b19372Fbuitrago-53069043.jpg 1x,https:\/\/nuevaprensaamerica.com\/wp-content\/uploads\/2026\/01\/1_urlhttps3A2F2Fk2-prod-grupo-vierci.s3.us-east-1.amazonaws.com2Fbrightspot2F5b2Fd12F9bd8c4cc4065a8b1ce6c4e7b19372Fbuitrago-53069043.jpg 2x\" alt=\"buitrago_53069043.jpg\" width=\"1440\" height=\"1339\" \/><\/picture>\n<div class=\"Figure-content\">\n<div class=\"Figure-content\"><\/div>\n<\/div><figcaption class=\"Figure-caption\">Paraguay debe superar fen\u00f3menos de corrupci\u00f3n, de fragilidad institucional y de econom\u00edas criminales.\u00a0<b>Juan Carlos Buitrago<\/b>, experto en Seguridad.<\/figcaption><\/figure>\n<\/div>\n<\/div>\n<p>&nbsp;<\/p>\n<\/div>\n<\/div>\n<div class=\"Page-actions-bottom\">\n<div class=\"Page-actions\">\n<div class=\"ActionBar\">\n<p><a href=\"https:\/\/www.ultimahora.com\/acuerdo-es-altamente-estrategico-para-paraguay-eeuu-y-la-region\">FUENTE<\/a><\/p>\n<\/div>\n<\/div>\n<\/div>\n<\/div>\n<\/div>\n<\/div>\n","protected":false},"excerpt":{"rendered":"<p>El experto colombiano en Seguridad Juan Carlos Buitrago analiz\u00f3 el convenio firmado por el pa\u00eds sobre el Estatus de las Fuerzas (SOFA) firmado en Washington [&hellip;]<\/p>\n","protected":false},"author":1,"featured_media":8445,"comment_status":"open","ping_status":"open","sticky":false,"template":"","format":"standard","meta":{"h5ap_radio_sources":[],"_FSMCFIC_featured_image_caption":"","_FSMCFIC_featured_image_nocaption":"","_FSMCFIC_featured_image_hide":"","_jetpack_memberships_contains_paid_content":false,"footnotes":""},"categories":[5],"tags":[],"class_list":["post-8441","post","type-post","status-publish","format-standard","has-post-thumbnail","hentry","category-internacionales"],"aioseo_notices":[],"jetpack_featured_media_url":"https:\/\/nuevaprensaamerica.com\/wp-content\/uploads\/2026\/01\/descarga.webp","jetpack_sharing_enabled":true,"_links":{"self":[{"href":"https:\/\/nuevaprensaamerica.com\/index.php\/wp-json\/wp\/v2\/posts\/8441","targetHints":{"allow":["GET"]}}],"collection":[{"href":"https:\/\/nuevaprensaamerica.com\/index.php\/wp-json\/wp\/v2\/posts"}],"about":[{"href":"https:\/\/nuevaprensaamerica.com\/index.php\/wp-json\/wp\/v2\/types\/post"}],"author":[{"embeddable":true,"href":"https:\/\/nuevaprensaamerica.com\/index.php\/wp-json\/wp\/v2\/users\/1"}],"replies":[{"embeddable":true,"href":"https:\/\/nuevaprensaamerica.com\/index.php\/wp-json\/wp\/v2\/comments?post=8441"}],"version-history":[{"count":1,"href":"https:\/\/nuevaprensaamerica.com\/index.php\/wp-json\/wp\/v2\/posts\/8441\/revisions"}],"predecessor-version":[{"id":8444,"href":"https:\/\/nuevaprensaamerica.com\/index.php\/wp-json\/wp\/v2\/posts\/8441\/revisions\/8444"}],"wp:featuredmedia":[{"embeddable":true,"href":"https:\/\/nuevaprensaamerica.com\/index.php\/wp-json\/wp\/v2\/media\/8445"}],"wp:attachment":[{"href":"https:\/\/nuevaprensaamerica.com\/index.php\/wp-json\/wp\/v2\/media?parent=8441"}],"wp:term":[{"taxonomy":"category","embeddable":true,"href":"https:\/\/nuevaprensaamerica.com\/index.php\/wp-json\/wp\/v2\/categories?post=8441"},{"taxonomy":"post_tag","embeddable":true,"href":"https:\/\/nuevaprensaamerica.com\/index.php\/wp-json\/wp\/v2\/tags?post=8441"}],"curies":[{"name":"wp","href":"https:\/\/api.w.org\/{rel}","templated":true}]}}