{"id":8533,"date":"2026-03-04T18:47:27","date_gmt":"2026-03-04T18:47:27","guid":{"rendered":"https:\/\/nuevaprensaamerica.com\/?p=8533"},"modified":"2026-03-04T18:47:27","modified_gmt":"2026-03-04T18:47:27","slug":"nace-iniciativa-para-prevenir-la-tentacion-del-autoritarismo-por-juan-carlos-buitrago-arias","status":"publish","type":"post","link":"https:\/\/nuevaprensaamerica.com\/index.php\/2026\/03\/04\/nace-iniciativa-para-prevenir-la-tentacion-del-autoritarismo-por-juan-carlos-buitrago-arias\/","title":{"rendered":"Nace iniciativa para prevenir la tentaci\u00f3n del autoritarismo &#8211; Por Juan Carlos Buitrago Arias"},"content":{"rendered":"<p>Esta semana en el Palacio Nacional de Guatemala, con la presencia del Dr. Bernardo Ar\u00e9valo presidente de la Rep\u00fablica, los expresidentes Carlos Alvarado de Costa Rica, Francisco Sagasti de Per\u00fa y Mark Shaw\u00a0 Director ejecutivo de la Iniciativa Global contra el Crimen Organizado GITAC, con base en Ginebra, se puso en marcha el Grupo Latinoamericano y del Caribe en Seguridad y Democracia GLACSED.<\/p>\n<p>Para el lanzamiento del mecanismo, se convocaron expertos en seguridad y democracia de la regi\u00f3n, representantes de la academia, la sociedad civil, autoridades nacionales y exmandatarios locales con experiencias exitosas en ciudades afectadas por la criminalidad y la violencia. Por Colombia se destaca la participaci\u00f3n del exalcalde de la ciudad de Palmira(C) quien comparti\u00f3 el modelo de gobierno desarrollado durante su mandato orientado a la\u00a0 reducci\u00f3n de la violencia, la tasa de homicidios, el trabajo con j\u00f3venes desadaptados y el control de los establecimientos penitenciarios.<\/p>\n<p>Como lo se\u00f1al\u00f3 acertadamente el expresidente de Costa Rica, sin seguridad no hay libertad, sin libertad no hay seguridad, y sin ambas, no hay democracia. Por esta raz\u00f3n el grupo\u00a0 busca integrar esfuerzos de expertos globales y regionales en sinergia con las autoridades y gobiernos. Por su parte, Mark Shaw enfatiz\u00f3 que la lucha contra el Crimen Organizado no solo requiere de un enfoque t\u00e9cnico, tambi\u00e9n pol\u00edtico, y evidenci\u00f3 el fen\u00f3meno creciente de los mercados criminales, as\u00ed como la cada vez mayor capacidad de resiliencia del crimen organizado, especialmente en pa\u00edses con reg\u00edmenes autoritarios, seg\u00fan el Index GITAC 2025.<\/p>\n<p><!--more--><\/p>\n<p class=\"has-medium-font-size\"><strong>Sin seguridad no hay libertad, sin libertad no hay seguridad, y sin ambas, no hay democracia<\/strong><\/p>\n<p>Marco Villeda ministro de Gobernaci\u00f3n de Guatemala y ex juez de extinci\u00f3n de dominio, candidato a Jefe del Ministerio P\u00fablico, indic\u00f3 que es necesario avanzar en el mejoramiento de la Capacidad, la coordinaci\u00f3n y la confianza, con resultados medibles y acciones basadas en evidencia. Tambi\u00e9n resalt\u00f3 la necesidad de desarticular el flujo de activos del crimen\u00a0 organizado, una tarea muy pendiente en la regi\u00f3n.<\/p>\n<p>El expresidente de Per\u00fa Francisco Sagasti, al tiempo que recib\u00eda la noticia de destituci\u00f3n del presidente de su pa\u00eds, resalt\u00f3 la importancia de construir seguridad pero no basada en el miedo, y enfatiz\u00f3 sobre las transformaciones del crimen organizado. Hizo referencia a la obra, \u00bfPodremos derrotar la hidra de mil cabezas? como ese monstruo que se alimenta de la corrupci\u00f3n y de las econom\u00edas il\u00edcitas en nuestras sociedades.<\/p>\n<p>Por su lado, el presidente Bernardo Ar\u00e9valo destac\u00f3 el alcance e importancia del Grupo de Trabajo. Se\u00f1alando al tiempo que durante el estado de sitio que acaba de culminar en Guatemala, se redujo el homicidio en un 50% gracias a las intervenciones realizadas en las c\u00e1rceles luego del asesinato de 8 polic\u00edas y la fuga de 23 integrantes de las pandillas. Agreg\u00f3 que es importante avanzar con un enfoque de prevenci\u00f3n y represi\u00f3n, que tenga en cuenta las causas estructurales de la violencia.<\/p>\n<div class=\"code-block code-block-6\"><a href=\"https:\/\/news.google.com\/publications\/CAAiEH3yuzHL1YX5U0kxouLnW84qFAgKIhB98rsxy9WF-VNJMaLi51vO?ceid=CO:es-419&amp;oc=3\" data-protected=\"true\"><img decoding=\"async\" title=\"Sigue a Las2orillas.co\" src=\"https:\/\/nuevaprensaamerica.com\/wp-content\/uploads\/2026\/03\/300x53-siguenos-l2o-gnews.jpg\" alt=\"Sigue a Las2orillas.co en Google News\" \/><\/a><\/div>\n<p>\u201cEl reto no es tener que escoger entre democracia y seguridad, sino construir un modelo efectivo de Seguridad\u00a0 Democr\u00e1tica\u201d. Resalt\u00f3 el fen\u00f3meno constante que amenaza nuestras democracias, debido a la tentaci\u00f3n del autoritarismo, que lleva impl\u00edcita una motivaci\u00f3n pol\u00edtica por cuestionar la seguridad, incidiendo seriamente en el aumento de la percepci\u00f3n de inseguridad.<\/p>\n<p>El GLACSED se potencia como una iniciativa inovadora, con enfoque accionable, que afiance la integraci\u00f3n regional de esfuerzos, las sinergias entre la sociedad civil, el sector privado y las autoridades en funci\u00f3n de fortalecer la seguridad y la democracia, sin autoritarismos y con visi\u00f3n preventiva, anticipativa y de respuesta a los m\u00e1s serios desaf\u00edos del crimen organizado en latinoamericana y el Caribe.<\/p>\n<div class=\"code-block code-block-2\"><\/div>\n<div><a href=\"https:\/\/www.las2orillas.co\/nace-iniciativa-para-prevenir-la-tentacion-del-autoritarismo\/\">FUENTE<\/a><\/div>\n","protected":false},"excerpt":{"rendered":"<p>Esta semana en el Palacio Nacional de Guatemala, con la presencia del Dr. Bernardo Ar\u00e9valo presidente de la Rep\u00fablica, los expresidentes Carlos Alvarado de Costa [&hellip;]<\/p>\n","protected":false},"author":1,"featured_media":0,"comment_status":"open","ping_status":"open","sticky":false,"template":"","format":"standard","meta":{"h5ap_radio_sources":[],"_FSMCFIC_featured_image_caption":"","_FSMCFIC_featured_image_nocaption":"","_FSMCFIC_featured_image_hide":"","_jetpack_memberships_contains_paid_content":false,"footnotes":""},"categories":[12],"tags":[],"class_list":["post-8533","post","type-post","status-publish","format-standard","hentry","category-colombia"],"aioseo_notices":[],"jetpack_featured_media_url":"","jetpack_sharing_enabled":true,"_links":{"self":[{"href":"https:\/\/nuevaprensaamerica.com\/index.php\/wp-json\/wp\/v2\/posts\/8533","targetHints":{"allow":["GET"]}}],"collection":[{"href":"https:\/\/nuevaprensaamerica.com\/index.php\/wp-json\/wp\/v2\/posts"}],"about":[{"href":"https:\/\/nuevaprensaamerica.com\/index.php\/wp-json\/wp\/v2\/types\/post"}],"author":[{"embeddable":true,"href":"https:\/\/nuevaprensaamerica.com\/index.php\/wp-json\/wp\/v2\/users\/1"}],"replies":[{"embeddable":true,"href":"https:\/\/nuevaprensaamerica.com\/index.php\/wp-json\/wp\/v2\/comments?post=8533"}],"version-history":[{"count":3,"href":"https:\/\/nuevaprensaamerica.com\/index.php\/wp-json\/wp\/v2\/posts\/8533\/revisions"}],"predecessor-version":[{"id":8537,"href":"https:\/\/nuevaprensaamerica.com\/index.php\/wp-json\/wp\/v2\/posts\/8533\/revisions\/8537"}],"wp:attachment":[{"href":"https:\/\/nuevaprensaamerica.com\/index.php\/wp-json\/wp\/v2\/media?parent=8533"}],"wp:term":[{"taxonomy":"category","embeddable":true,"href":"https:\/\/nuevaprensaamerica.com\/index.php\/wp-json\/wp\/v2\/categories?post=8533"},{"taxonomy":"post_tag","embeddable":true,"href":"https:\/\/nuevaprensaamerica.com\/index.php\/wp-json\/wp\/v2\/tags?post=8533"}],"curies":[{"name":"wp","href":"https:\/\/api.w.org\/{rel}","templated":true}]}}