{"id":8543,"date":"2026-03-05T17:15:22","date_gmt":"2026-03-05T17:15:22","guid":{"rendered":"https:\/\/nuevaprensaamerica.com\/?p=8543"},"modified":"2026-03-05T17:15:22","modified_gmt":"2026-03-05T17:15:22","slug":"prohibido-informar-la-orden-judicial-contra-sabrina-bacal-que-blinda-a-los-hermanos-carretero-napolitano","status":"publish","type":"post","link":"https:\/\/nuevaprensaamerica.com\/index.php\/2026\/03\/05\/prohibido-informar-la-orden-judicial-contra-sabrina-bacal-que-blinda-a-los-hermanos-carretero-napolitano\/","title":{"rendered":"Prohibido informar: la orden judicial contra Sabrina Bacal que blinda a los hermanos Carretero Napolitano"},"content":{"rendered":"<h5 class=\"fusion-responsive-typography-calculated\" data-fontsize=\"20\" data-lineheight=\"24px\"><strong>Una fiscal orden\u00f3 a la periodista Sabrina Bacal no publicar sobre los empresarios Roberto y Ram\u00f3n Carretero Napolitano, se\u00f1alados por contratos con el chavismo y sancionados por Estados Unidos. . El caso llegar\u00e1 a un juez de garant\u00edas en una audiencia por posible afectaci\u00f3n a la libertad de expresi\u00f3n.<\/strong><\/h5>\n<p>La periodista Sabrina Bacal pidi\u00f3 a un juez de garant\u00edas anular una orden de protecci\u00f3n que le proh\u00edbe informar sobre los empresarios Roberto Carretero Napolitano y Ram\u00f3n Carretero Napolitano. La medida fue dictada el 6 de noviembre por la fiscal adjunta Isela Mela Peralta, a solicitud de los hermanos, y ser\u00e1 revisada el 6 de marzo en una audiencia por posible afectaci\u00f3n a la libertad de expresi\u00f3n.<\/p>\n<p><!--more--><\/p>\n<p>Los Carretero son conocidos en Panam\u00e1 por su cercan\u00eda con el poder pol\u00edtico y por aparecer en investigaciones de corrupci\u00f3n y contrataci\u00f3n p\u00fablica, incluido el caso Odebrecht. En Venezuela, su nombre est\u00e1 ligado a millonarios contratos con el r\u00e9gimen de Nicol\u00e1s Maduro y a operaciones vinculadas al negocio petrolero estatal. Investigaciones period\u00edsticas se\u00f1alan que empresas del grupo firmaron contratos por unos 700 millones de d\u00f3lares para obras p\u00fablicas en ese pa\u00eds y que Ram\u00f3n Carretero particip\u00f3 en la comercializaci\u00f3n de crudo venezolano, con transacciones que habr\u00edan superado los 500 millones de d\u00f3lares.<\/p>\n<p>Esos v\u00ednculos llevaron a que el Departamento del Tesoro de Estados Unidos incluyera a los Carretero en la lista sancionatoria de la Oficina de Control de Activos en el Extranjero (OFAC), que proh\u00edbe a ciudadanos y empresas estadounidenses hacer negocios con ellos.<\/p>\n<p>La prohibici\u00f3n judicial no solo alcanza a Bacal. Tambi\u00e9n incluye al periodista Roberto Deniz, del portal Armando Info, querellado por calumnia e injuria por la defensa de los empresarios, que reclama una indemnizaci\u00f3n de un mill\u00f3n de d\u00f3lares.<\/p>\n<p>\u201cLa medida representa una grave e injustificada limitaci\u00f3n al derecho a informar y ser informado\u201d, advirti\u00f3 el abogado Eduardo Guevara, defensor de Bacal. No es una objeci\u00f3n menor: la libertad de expresi\u00f3n est\u00e1 protegida por el art\u00edculo 37 de la Constituci\u00f3n paname\u00f1a y por el art\u00edculo 13 de la Convenci\u00f3n Americana sobre Derechos Humanos. La Comisi\u00f3n Interamericana de Derechos Humanos (CIDH) la ha definido como \u201cpiedra angular de la democracia\u201d y proh\u00edbe la censura previa, salvo en circunstancias extremadamente limitadas.<\/p>\n<p>Seg\u00fan\u00a0<a href=\"https:\/\/www.prensa.com\/judiciales\/sabrina-vs-carretero-una-batalla-legal-por-el-derecho-a-informar\/\">inform\u00f3 La Prensa<\/a>,\u00a0<b>l<\/b><strong>a audiencia del viernes 6 ser\u00e1 un control judicial por afectaci\u00f3n de derechos fundamentales.<\/strong>\u00a0En ella, un juez de garant\u00edas deber\u00e1 decidir si la orden dictada por la fiscal Mela cumple con los est\u00e1ndares constitucionales y con los principios internacionales de libertad de expresi\u00f3n o si, por el contrario, debe dejarse sin efecto. El tribunal evaluar\u00e1 si una medida penal puede impedir que periodistas informen sobre empresarios involucrados en asuntos de inter\u00e9s p\u00fablico.<\/p>\n<p>Si la orden se mantiene, advierten juristas y expertos en Panam\u00e1, el precedente ser\u00eda delicado: bastar\u00eda una querella penal para intentar silenciar investigaciones period\u00edsticas sobre empresarios con poder pol\u00edtico y econ\u00f3mico. En otras palabras, no solo est\u00e1 en juego un reportaje, sino el derecho a informar y ser informado.<\/p>\n","protected":false},"excerpt":{"rendered":"<p>Una fiscal orden\u00f3 a la periodista Sabrina Bacal no publicar sobre los empresarios Roberto y Ram\u00f3n Carretero Napolitano, se\u00f1alados por contratos con el chavismo y [&hellip;]<\/p>\n","protected":false},"author":1,"featured_media":0,"comment_status":"open","ping_status":"open","sticky":false,"template":"","format":"standard","meta":{"h5ap_radio_sources":[],"_FSMCFIC_featured_image_caption":"","_FSMCFIC_featured_image_nocaption":"","_FSMCFIC_featured_image_hide":"","_jetpack_memberships_contains_paid_content":false,"footnotes":""},"categories":[4,2],"tags":[],"class_list":["post-8543","post","type-post","status-publish","format-standard","hentry","category-panama","category-venezuela"],"aioseo_notices":[],"jetpack_featured_media_url":"","jetpack_sharing_enabled":true,"_links":{"self":[{"href":"https:\/\/nuevaprensaamerica.com\/index.php\/wp-json\/wp\/v2\/posts\/8543","targetHints":{"allow":["GET"]}}],"collection":[{"href":"https:\/\/nuevaprensaamerica.com\/index.php\/wp-json\/wp\/v2\/posts"}],"about":[{"href":"https:\/\/nuevaprensaamerica.com\/index.php\/wp-json\/wp\/v2\/types\/post"}],"author":[{"embeddable":true,"href":"https:\/\/nuevaprensaamerica.com\/index.php\/wp-json\/wp\/v2\/users\/1"}],"replies":[{"embeddable":true,"href":"https:\/\/nuevaprensaamerica.com\/index.php\/wp-json\/wp\/v2\/comments?post=8543"}],"version-history":[{"count":2,"href":"https:\/\/nuevaprensaamerica.com\/index.php\/wp-json\/wp\/v2\/posts\/8543\/revisions"}],"predecessor-version":[{"id":8545,"href":"https:\/\/nuevaprensaamerica.com\/index.php\/wp-json\/wp\/v2\/posts\/8543\/revisions\/8545"}],"wp:attachment":[{"href":"https:\/\/nuevaprensaamerica.com\/index.php\/wp-json\/wp\/v2\/media?parent=8543"}],"wp:term":[{"taxonomy":"category","embeddable":true,"href":"https:\/\/nuevaprensaamerica.com\/index.php\/wp-json\/wp\/v2\/categories?post=8543"},{"taxonomy":"post_tag","embeddable":true,"href":"https:\/\/nuevaprensaamerica.com\/index.php\/wp-json\/wp\/v2\/tags?post=8543"}],"curies":[{"name":"wp","href":"https:\/\/api.w.org\/{rel}","templated":true}]}}