{"id":8567,"date":"2026-03-08T12:19:26","date_gmt":"2026-03-08T12:19:26","guid":{"rendered":"https:\/\/nuevaprensaamerica.com\/?p=8567"},"modified":"2026-03-08T12:19:26","modified_gmt":"2026-03-08T12:19:26","slug":"armando-info-el-cuentahabiente-despistado","status":"publish","type":"post","link":"https:\/\/nuevaprensaamerica.com\/index.php\/2026\/03\/08\/armando-info-el-cuentahabiente-despistado\/","title":{"rendered":"Armando Info: El cuentahabiente despistado"},"content":{"rendered":"<section id=\"section-21-212\" class=\" ct-section\">\n<div class=\"ct-section-inner-wrap\">\n<p><a href=\"https:\/\/armando.info\/el-cuentahabiente-despistado\/\">FUENTE<\/a><\/p>\n<p id=\"text_block-60-212\" class=\"ct-text-block excerpt\"><span id=\"span-61-15974\" class=\"ct-span\">Un empresario de Anzo\u00e1tegui, con un ascenso mete\u00f3rico a la sombra del chavismo, est\u00e1 en la mira de la fiscal\u00eda de Bulgaria por su presunta participaci\u00f3n en una trama que se teji\u00f3 alrededor del Investbank de ese pa\u00eds, donde se lavaron 500 millones de euros sustra\u00eddos de entidades estatales venezolanas. Aunque, por informaciones de far\u00e1ndula y litigios judiciales, los medios y el p\u00fablico ya lo conoc\u00edan como Gianfranco Rond\u00f3n, recientemente intercal\u00f3 el apellido paterno, Anzellini. Y s\u00ed: tiene una cuenta en el banco, pero dice no saber c\u00f3mo o por qu\u00e9 la implican.<\/span><\/p>\n<\/div>\n<\/section>\n<p><!--more--><\/p>\n<p>Tiene 28 compa\u00f1\u00edas entre Venezuela, Miami, Panam\u00e1 y Turqu\u00eda. Son 22 los a\u00f1os de su trayectoria empresarial, seg\u00fan los registros mercantiles. Y su nombre lleg\u00f3 hasta un documento judicial de envergadura en los Balcanes, que llam\u00f3 la atenci\u00f3n de Washington.<\/p>\n<p>Se trata de Gianfranco Anzellini Rond\u00f3n, uno de los dos ciudadanos venezolanos que integran la lista de personas y entidades que recibieron transferencias bancarias desde el Investbank de Bulgaria, parte de un entramado sospechoso de blanquear 500 millones de euros procedentes de entidades estatales de Venezuela.<\/p>\n<p>En un documento de junio de 2024, la\u00a0<a href=\"https:\/\/armando.info\/la-fiscalia-de-bulgaria-investiga-un-posible-lavado-de-dinero-de-maduro\/\">Fiscal\u00eda General de Bulgaria<\/a>\u00a0detect\u00f3 que 101 cuentas del Investbank estaban a nombre de un \u00fanico titular, el abogado de doble nacionalidad bulgaro-alemana, Tsvetan Georgiev Tsanev, que fueron utilizadas para recibir fondos de las estatales Pdvsa, Corpovex y el Banco de Desarrollo Econ\u00f3mico y Social de Venezuela (Bandes), en coordinaci\u00f3n con una firma suiza de servicios financieros llamada Swiss Latam AG.<\/p>\n<p>&#8220;En el proceso de instrucci\u00f3n (o investigaci\u00f3n preliminar) se ha establecido que, a trav\u00e9s de las cuentas bancarias de clientes procesadas a nombre del titular, el abogado Tsanev [<em>tambi\u00e9n escrito como Zanev<\/em>] realiz\u00f3 transferencias bancarias de cantidades e intensidad significativas hacia y desde los Estados Unidos\u201d, se lee en el documento de las autoridades b\u00falgaras. En la lista de recipientes, en segundo lugar, se menciona a Gianfranco Rond\u00f3n, sin el apellido paterno Anzellini, pero con su correspondiente fecha de nacimiento, lo que permite precisar de qui\u00e9n se trata.<\/p>\n<p>El empresario de 49 a\u00f1os, oriundo del estado Anzo\u00e1tegui, en el noreste de Venezuela, se ha promovido como un gerente exitoso en el \u00e1rea de salud que tambi\u00e9n auspicia programas de filantrop\u00eda a trav\u00e9s de la Fundaci\u00f3n RG en su tierra natal. Su carrera muestra una par\u00e1bola de superaci\u00f3n que tom\u00f3 velocidad mete\u00f3rica a la sombra del Estado venezolano. De llevar un negocio callejero de\u00a0<a href=\"https:\/\/www.facebook.com\/watch\/?v=762783709724124\" target=\"_blank\" rel=\"noopener\">venta de accesorios para celulares<\/a>\u00a0a convertirse en un potentado con empresas en Venezuela y otros tres pa\u00edses, Anzellini Rond\u00f3n presume en redes sociales de sus viajes al exterior, su jet privado, gustos lujosos y el crecimiento de sus empresas.<\/p>\n<p>\u201cTrabajo desde los 15 a\u00f1os. Fui buhonero. Eso es lo bello de Venezuela: si trabajas o te organizas, s\u00ed se pueden cumplir las metas\u201d, dijo hace diez a\u00f1os en una entrevista en Venevisi\u00f3n.<\/p>\n<h2 class=\"wp-block-heading\">Bulgar\u00eda s\u00ed, pero no tanto<\/h2>\n<p>En la misma entrevista con ese canal de televisi\u00f3n, Anzellini Rond\u00f3n aseguraba que comenz\u00f3 a emprender cuando era un quincea\u00f1ero, una vocaci\u00f3n que extendi\u00f3 su actividad empresarial mucho m\u00e1s all\u00e1 de la filantrop\u00eda.<\/p>\n<p>En cuesti\u00f3n de dos d\u00e9cadas, desde que formaliz\u00f3 su primera firma en 2004 hasta el presente, ha tejido una red de negocios que abarca Venezuela, Panam\u00e1, Estados Unidos y Turqu\u00eda. Ha incursionado en diversos sectores: desde la construcci\u00f3n, venta de tecnolog\u00eda GPS, suministro de armas y municiones, importaci\u00f3n y exportaci\u00f3n de electrodom\u00e9sticos, f\u00e1brica de camiones de basura, hasta hoteles\u00a0<em>boutique<\/em>, producci\u00f3n de espect\u00e1culos y un centro de asistencia m\u00e9dica con m\u00faltiples contrataciones con el Estado, seg\u00fan est\u00e1 asentado en el Registro Nacional de Contratistas (RNC). Alrededor de 2015 tom\u00f3 control del\u00a0<em>Diario Metropolitano<\/em>\u00a0de Barcelona, capital de Anzo\u00e1tegui, una cabecera que ha cambiado de manos varias veces a lo largo de dos d\u00e9cadas.<\/p>\n<p>&nbsp;<\/p>\n<div class=\"lazyblock-embed-script-Z1mFO5g wp-block-lazyblock-embed-script\">\n<div class=\"flourish-embed flourish-chart\" data-src=\"visualisation\/27878562\"><iframe title=\"Interactive or visual content\" src=\"https:\/\/flo.uri.sh\/visualisation\/27878562\/embed?auto=1\" frameborder=\"0\" scrolling=\"no\" sandbox=\"allow-same-origin allow-forms allow-scripts allow-downloads allow-popups allow-popups-to-escape-sandbox allow-top-navigation-by-user-activation\" data-mce-fragment=\"1\"><\/iframe><\/p>\n<div class=\"flourish-credit\">Made with Flourish\u00a0\u2022\u00a0<a href=\"https:\/\/flourish.studio\/visualisations\/line-bar-pie-charts\/?utm_source=showcase&amp;utm_campaign=visualisation\/27878562\" target=\"_blank\" rel=\"noopener noreferrer\" aria-label=\"Create a chart (opens in new tab)\">Create a chart<\/a><\/div>\n<\/div>\n<\/div>\n<p>&nbsp;<\/p>\n<p>Para el per\u00edodo en que se registraron las operaciones sospechosas en el sistema bancario b\u00falgaro que la fiscal\u00eda de ese pa\u00eds se\u00f1ala, Anzellini Rond\u00f3n ya contaba con 14 empresas registradas en Venezuela y dos jurisdicciones extranjeras, Panam\u00e1 y Estados Unidos. Entre ellas figuraban las dos m\u00e1s emblem\u00e1ticas, que act\u00faan en el negocio de la salud: RG Group C.A. y Centro de Especialidades M\u00e9dicas Colina C.A., tambi\u00e9n conocida como Cl\u00ednica Colina, ubicada en el sector Colinas del Never\u00ed de Barcelona. Con esta \u00faltima ha suscrito numerosas contrataciones con entidades p\u00fablicas, seg\u00fan el RNC.<\/p>\n<p>Si bien es cierto que el nombre de Gianfranco (Anzellini) Rond\u00f3n aparece en el informe de la Fiscal\u00eda b\u00falgara, no se conocen detalles de su participaci\u00f3n ni de los montos de las transferencias que recibi\u00f3. La omisi\u00f3n no es de extra\u00f1ar en una investigaci\u00f3n tan ardua que apenas ha logrado recuperar 46 millones de euros, menos de 10% de los fondos movilizados.<\/p>\n<p>A trav\u00e9s de varias comunicaciones por correo electr\u00f3nico con\u00a0<strong>Armando.Info<\/strong>, el empresario confirm\u00f3 que abri\u00f3 una cuenta en el Investbank de Bulgaria, a fin de asegurarse el acceso a euros en vista de las dificultades para hacerse de divisas en Venezuela por el control cambiario que por aquel entonces imperaba.<\/p>\n<p>A c\u00f3mo se enter\u00f3 de la entidad bancaria b\u00falgara y se convirti\u00f3 en cliente, en cambio, se refiri\u00f3 con ambig\u00fcedad. En un principio, afirm\u00f3 que supo del banco b\u00falgaro a trav\u00e9s de \u201cun paciente de la cl\u00ednica o un cliente de la droguer\u00eda\u201d. Luego, en un cuestionario m\u00e1s detallado, asegur\u00f3 que \u201cellos [<em>aludiendo al banco<\/em>] ten\u00edan una agente aqu\u00ed en Venezuela abriendo cuentas a empresas\u201d. Seguidamente, apunt\u00f3 que la cuenta no la abri\u00f3 en alguna sucursal en Venezuela o en Bulgaria, sino que viaj\u00f3 hasta una oficina en el cant\u00f3n italoparlante de Lugano, Suiza, \u201ca firmar la cuenta, lo que me hizo pensar que era una sucursal del banco en Suiza\u201d.<\/p>\n<p>Al ser consultado nuevamente para precisar si en definitiva hab\u00eda abierto la cuenta en Venezuela o en Suiza, as\u00ed como detalles de las actividades de sus empresas fuera del pa\u00eds, Anzellini Rond\u00f3n replic\u00f3 amablemente que ya no pod\u00eda responder m\u00e1s preguntas. Se le pregunt\u00f3 varias veces sobre su relaci\u00f3n o trato con el abogado Tsvetan Tzanev o la empresa Swiss Latam, pero sobre esto tampoco respondi\u00f3.<\/p>\n<p>&nbsp;<\/p>\n<div class=\"kb-gallery-wrap-id-97544_e665c8-32 alignnone wp-block-kadence-advancedgallery\">\n<div class=\"kb-gallery-ul kb-gallery-non-static kb-gallery-type-slider kb-gallery-id-97544_e665c8-32 kb-gallery-caption-style-below kb-gallery-filter-none kb-gallery-magnific-init kb-light-gallery-1\" data-image-filter=\"none\" data-lightbox-caption=\"true\">\n<div id=\"splide02\" class=\"kt-blocks-carousel splide kt-carousel-container-dotstyle-dark kt-carousel-arrowstyle-none kt-carousel-dotstyle-dark kb-slider-group-arrow kb-slider-arrow-position-center kb-splide splide-initialized splide-slider is-overflow splide--fade splide--ltr is-active is-initialized\" role=\"region\" data-slider-anim-speed=\"400\" data-slider-scroll=\"1\" data-slider-arrows=\"false\" data-slider-fade=\"true\" data-slider-dots=\"true\" data-slider-type=\"slider\" data-slider-hover-pause=\"false\" data-slider-auto=\"\" data-slider-speed=\"7000\" data-show-pause-button=\"false\" aria-roledescription=\"carrusel\">\n<div id=\"splide02-track\" class=\"splide__track splide__track--fade splide__track--ltr\" aria-live=\"polite\" aria-atomic=\"true\">\n<ul id=\"splide02-list\" class=\"kt-blocks-carousel-init kb-blocks-slider splide__list splide is-initialized\" role=\"presentation\">\n<li id=\"splide02-slide01\" class=\"kb-slide-item kb-gallery-slide-item splide__slide is-active is-visible\" role=\"tabpanel\" aria-roledescription=\"diapositiva\" aria-label=\"1 de 1\">\n<div class=\"kadence-blocks-gallery-item\">\n<div class=\"kadence-blocks-gallery-item-inner\">\n<figure class=\"kb-gallery-figure kb-gallery-item-has-link kadence-blocks-gallery-item-has-caption\">\n<div class=\"kb-gal-image-radius\">\n<div class=\"kb-gallery-image-contain kadence-blocks-gallery-intrinsic kb-gallery-image-ratio-inherit kb-has-image-ratio-inherit\"><picture><source srcset=\"https:\/\/armando.info\/wp-content\/uploads\/2026\/03\/Rondon-Socio-Colina_fotoAlFondo-Maduro-700x934.webp 700w,https:\/\/armando.info\/wp-content\/uploads\/2026\/03\/Rondon-Socio-Colina_fotoAlFondo-Maduro-768x1024.webp 768w,https:\/\/armando.info\/wp-content\/uploads\/2026\/03\/Rondon-Socio-Colina_fotoAlFondo-Maduro-1152x1536.webp 1152w,https:\/\/armando.info\/wp-content\/uploads\/2026\/03\/Rondon-Socio-Colina_fotoAlFondo-Maduro-1235x1647.webp 1235w,https:\/\/armando.info\/wp-content\/uploads\/2026\/03\/Rondon-Socio-Colina_fotoAlFondo-Maduro.webp 1280w\" type=\"image\/webp\" sizes=\"auto, (max-width: 700px) 100vw, 700px\" \/><img loading=\"lazy\" decoding=\"async\" class=\"wp-image-97569 skip-lazy sp-no-webp\" src=\"https:\/\/nuevaprensaamerica.com\/wp-content\/uploads\/2026\/03\/Rondon-Socio-Colina_fotoAlFondo-Maduro-700x934.jpg\" sizes=\"auto, (max-width: 700px) 100vw, 700px\" srcset=\"https:\/\/nuevaprensaamerica.com\/wp-content\/uploads\/2026\/03\/Rondon-Socio-Colina_fotoAlFondo-Maduro-700x934.jpg 700w, https:\/\/nuevaprensaamerica.com\/wp-content\/uploads\/2026\/03\/1_Rondon-Socio-Colina_fotoAlFondo-Maduro-768x1024.jpg 768w, https:\/\/nuevaprensaamerica.com\/wp-content\/uploads\/2026\/03\/1_Rondon-Socio-Colina_fotoAlFondo-Maduro-1152x1536.jpg 1152w, https:\/\/nuevaprensaamerica.com\/wp-content\/uploads\/2026\/03\/Rondon-Socio-Colina_fotoAlFondo-Maduro-1235x1647.jpg 1235w, https:\/\/nuevaprensaamerica.com\/wp-content\/uploads\/2026\/03\/Rondon-Socio-Colina_fotoAlFondo-Maduro.jpg 1280w\" alt=\"\" width=\"700\" height=\"934\" data-full-image=\"https:\/\/nuevaprensaamerica.com\/wp-content\/uploads\/2026\/03\/Rondon-Socio-Colina_fotoAlFondo-Maduro.jpg\" data-light-image=\"https:\/\/nuevaprensaamerica.com\/wp-content\/uploads\/2026\/03\/Rondon-Socio-Colina_fotoAlFondo-Maduro.jpg\" data-id=\"97569\" \/><\/picture><\/div>\n<\/div>\n<div class=\"kadence-blocks-gallery-item__caption\">Gianfranco Anzellini Rond\u00f3n recibe un reconocimiento del Fondo Autoadministrado de Salud del Ministerio de Energia Electrica junto a su socio de la Cl\u00ednica Colina, Vicente Alberto Salazar Oltra. En el centro, una foto junto a Nicolas Maduro. Cr\u00e9dito: IG @gianfrancoanzellinirondon<\/div>\n<\/figure>\n<\/div>\n<\/div>\n<\/li>\n<\/ul>\n<\/div>\n<\/div>\n<\/div>\n<\/div>\n<p>&nbsp;<\/p>\n<p>Cabe destacar que el nombre de Gianfranco Rond\u00f3n o su cuenta personal no aparecen en las listas de la investigaci\u00f3n b\u00falgara donde se detallan las cuentas que quedaron congeladas o puestas bajo vigilancia especial por la Agencia Estatal de Seguridad Nacional (DANS) de ese pa\u00eds y los tribunales b\u00falgaros. La menci\u00f3n a Rond\u00f3n se limita \u00fanicamente a la lista general de clientes vinculados a la red de transferencias.<\/p>\n<p>En cambio, fue literal y rotundo al negar que en esa cuenta haya recibido fondos de organismos del Estado venezolano. \u201cYo no trabajo ni con Bandes ni Corpovex. A Pdvsa le atiendo pacientes a trav\u00e9s de mi cl\u00ednica desde hace tres a\u00f1os y cancela en bol\u00edvares\u201d.<\/p>\n<p>Dijo desconocer por qu\u00e9 su nombre aparece en la lista de la trama de lavado de Bulgaria, y que tampoco ha recibido hasta el momento ninguna notificaci\u00f3n de las autoridades encargadas de la investigaci\u00f3n penal en ese pa\u00eds.<\/p>\n<p>En los documentos de la investigaci\u00f3n en Bulgaria, el empresario es identificado como Gianfranco Rond\u00f3n, a secas. Con ese nombre formaliz\u00f3 12 empresas en el RNC venezolano, de las que hoy algunas permanecen activas, mientras otras figuran como inhabilitadas. En su ficha del Instituto Venezolano de los Seguros Sociales (IVSS) aparece como empleado activo de Grupo de Inversiones Global C.A. desde junio de 2013. Una de sus compa\u00f1\u00edas matrices, RG Group C.A, lleva precisamente las iniciales de lo que podr\u00eda tomarse como nombre del grupo comercial.<\/p>\n<p>En Estados Unidos incorpor\u00f3 siete empresas entre 2009 y 2016, hoy en d\u00eda inactivas. Tambi\u00e9n su firma TAC Group, S. de R.L., fue inscrita en 2008 en Panam\u00e1 con el nombre Gianfranco Rond\u00f3n.<\/p>\n<p>Mientras, en la cuenta de redes sociales de su empresa m\u00e1s conocida por el p\u00fablico, Centro de Especialidades M\u00e9dicas Colina C.A., se le menciona como presidente fundador con dos apellidos. Asimismo, el bolet\u00edn de la C\u00e1mara de Comercio de Turqu\u00eda, de enero de 2020, certifica el cambio de direcci\u00f3n del presidente de la empresa\u00a0<a href=\"https:\/\/www.find.com.tr\/Company\/tacgroupsderlozelaraclarveguvenlikmalzemeleriithalatihracatsanayiticaretanonimsirketi\" target=\"_blank\" rel=\"noopener\">TAC Group Sderl<\/a>, Gianfranco Anzellini Rond\u00f3n, de Ankara a Estambul.<\/p>\n<div class=\"kb-gallery-wrap-id-97544_585a7b-42 alignnone wp-block-kadence-advancedgallery\">\n<div class=\"kb-gallery-ul kb-gallery-non-static kb-gallery-type-slider kb-gallery-id-97544_585a7b-42 kb-gallery-caption-style-below kb-gallery-filter-none kb-gallery-magnific-init kb-light-gallery-2\" data-image-filter=\"none\" data-lightbox-caption=\"true\">\n<div id=\"splide03\" class=\"kt-blocks-carousel splide kt-carousel-container-dotstyle-dark kt-carousel-arrowstyle-whiteondark kt-carousel-dotstyle-dark kb-slider-group-arrow kb-slider-arrow-position-center kb-splide splide-initialized splide-slider is-overflow splide--fade splide--ltr splide--draggable is-active is-initialized\" role=\"region\" data-slider-anim-speed=\"400\" data-slider-scroll=\"1\" data-slider-arrows=\"true\" data-slider-fade=\"true\" data-slider-dots=\"true\" data-slider-type=\"slider\" data-slider-hover-pause=\"false\" data-slider-auto=\"\" data-slider-speed=\"7000\" data-show-pause-button=\"false\" aria-roledescription=\"carrusel\">\n<div class=\"splide__arrows splide__arrows--ltr\"><\/div>\n<ul class=\"splide__pagination splide__pagination--ltr\" role=\"tablist\" aria-label=\"Selecciona una diapositiva para mostrar\">\n<li role=\"presentation\"><\/li>\n<li role=\"presentation\"><\/li>\n<\/ul>\n<\/div>\n<\/div>\n<\/div>\n<p>El empresario aclar\u00f3 a\u00a0<strong>Armando.Info<\/strong>\u00a0las razones del uso alternativo de sus apellidos paterno y materno. \u201cEsto ocurri\u00f3 porque hace unos a\u00f1os recuper\u00e9 mi apellido paterno con procesos legales y el reconocimiento de mis hermanos paternos para sacarme la residencia italiana. Todas mis empresas en Venezuela fueron actualizadas con los dos apellidos: Anzellini Rondon\u201d. Sin embargo, una revisi\u00f3n en el RNC indica que en sus empresas inscritas como proveedoras del Estado venezolano sigue apareciendo solo como Rond\u00f3n.<\/p>\n<h2 class=\"wp-block-heading\">Hoja de vida controversial<\/h2>\n<p>Algunas empresas de Anzellini Rond\u00f3n, como GPS M\u00f3vil de Venezuela 2012 C.A., registrada en Caracas en 2012, crecieron justo en los a\u00f1os en que Miguel Rodr\u00edguez Torres se desempe\u00f1\u00f3 como Ministro del Interior y Justicia (2013-2014). La coincidencia sugiere un v\u00ednculo entre el exoficial del Ej\u00e9rcito, que por mucho tiempo durante los gobiernos de Hugo Ch\u00e1vez dirigi\u00f3 la polic\u00eda pol\u00edtica del r\u00e9gimen, y Anzellini Rod\u00f3n, tal como recuerda el portal\u00a0<a href=\"https:\/\/www.instagram.com\/poderopediave\/?hl=es\" target=\"_blank\" rel=\"noopener\">Poderopedia<\/a>, cuyo enlace URL est\u00e1 roto, pero su contenido puede ser consultado en el archivo global del Organized Crime and Corruption Reporting Project (Occrp), del que\u00a0<strong>Armando.info<\/strong>\u00a0es miembro.<\/p>\n<p>Del general Rodr\u00edguez Torres, cuya cercan\u00eda a Ch\u00e1vez no le ahorr\u00f3 cinco a\u00f1os de prisi\u00f3n bajo Nicol\u00e1s Maduro, acusado de encabezar un complot contra el gobierno, y quien se encuentra exiliado en Espa\u00f1a desde 2023, distintas\u00a0<a href=\"https:\/\/www.elnuevoherald.com\/noticias\/america-latina\/venezuela-es\/article314649581.html\" target=\"_blank\" rel=\"noopener\">versiones de prensa<\/a>\u00a0aseguran que pronto pasar\u00e1 a tener responsabilidades en la administraci\u00f3n de la presidenta interina, Delcy Rodr\u00edguez.<\/p>\n<p>GPS M\u00f3vil de Venezuela 2012 C.A., hoy inhabilitada para contratar con el Estado, seg\u00fan su ficha del RNC, tuvo tiempo para suministrar motocicletas a la Polic\u00eda Nacional Bolivariana (PNB) y equipos de posicionamiento satelital para las cooperativas de transporte del pa\u00eds. Tambi\u00e9n distribuy\u00f3 equipos GPS para los autobuses chinos Yutong, carros de taxi y patrullas de la polic\u00eda del estado Bol\u00edvar.<\/p>\n<p>Tambi\u00e9n Poderopedia destaca que, mediante Soluciones Ambientales e Industriales (Solamin C.A.), Anzellini Rond\u00f3n obtuvo contratos con las alcald\u00edas de Carrizal (estado Miranda), Cede\u00f1o (Bol\u00edvar), San Fernando (Apure), Sotillo (Anzo\u00e1tegui), Tur\u00e9n (Portuguesa) y la Gobernaci\u00f3n de Barinas. A partir de 2009, pas\u00f3 a ser propietario de 50% de las acciones de esta empresa, dedicada a la fabricaci\u00f3n de camiones recolectores de basura.<\/p>\n<p>Hoy Anzellini Rondon desestima las versiones sobre el favoritismo que Rodr\u00edguez Torres le habr\u00eda prodigado. De hecho, afirma, fue lo contrario: \u201cEl contrato de GPS M\u00f3vil fue firmado con los sindicatos de transportistas de Caracas y supervisado\u00a0 por\u00a0 el\u00a0 911 de la capital. Cuando lleg\u00f3 ese se\u00f1or [<em>Rodr\u00edguez Torres<\/em>] no solo me quitaron mi permiso, sino que me decomisaron los GPS que eran para los autobuses. \u00c9l tom\u00f3 el control del monitoreo de los autobuses de las l\u00edneas de Caracas\u201d, respondi\u00f3 a\u00a0<strong>Armando.Info.<\/strong><\/p>\n<p>Pero ser\u00eda un\u00a0<a href=\"https:\/\/www.elnuevoherald.com\/noticias\/america-latina\/venezuela-es\/article314649581.html\" target=\"_blank\" rel=\"noopener\">pleito judicial<\/a>\u00a0en Miami el que expondr\u00eda a Gianfranco Anzellini Rond\u00f3n como figura p\u00fablica. El litigio, radicado por el propio empresario, lo enfrent\u00f3 a otro exproveedor del gobierno,\u00a0<a href=\"https:\/\/armando.info\/una-papa-caliente-con-altavoz\/\">Gianfranco Napolitano<\/a>. El 28 de mayo de 2015, demand\u00f3 ante la Corte del Distrito Sur de Florida por\u00a0<a href=\"https:\/\/www.courthousenews.com\/man-claims-he-was-targeted-for-extortion\/\" target=\"_blank\" rel=\"noopener\">supuesta extorsi\u00f3n<\/a>\u00a0al conglomerado\u00a0<em>Doral News<\/em>\u00a0(Doral Newspaper LLC, Doral News y Doral News TV, Inc), propiedad de Napolitano. La demanda abarc\u00f3 tambi\u00e9n a la periodista\u00a0<a href=\"https:\/\/maduradas.com\/enterate-acusan-a-patricia-poleo-de-participar-en-plan-de-extorsion-por-5-millones-de-dolares\/\" target=\"_blank\" rel=\"noopener\">Patricia Poleo<\/a>\u00a0y a Jonathan Le\u00f3n, empleado del canal, bajo la acusaci\u00f3n de una presunta extorsi\u00f3n por cinco millones de d\u00f3lares a cambio de no publicar un art\u00edculo que aseguraba que el empresario de Anzo\u00e1tegui era testaferro del presidente de la Asamblea Nacional de aquel entonces, Diosdado Cabello, a quien, por cierto, la corte de Florida lleg\u00f3 a citar para<a href=\"https:\/\/elpitazo.net\/sucesos\/corte-de-florida-cita-a-cabello-como-testigo-en-la-pelea-de-los-giafranco\/\" target=\"_blank\" rel=\"noopener\">\u00a0comparecer como testigo<\/a>. Patricia Poleo hab\u00eda asegurado adem\u00e1s en su espacio televisivo que Anzellini Rond\u00f3n, a quien tild\u00f3 de \u201c<a href=\"https:\/\/noticiasaldiayalahora.co\/entretenimiento\/el-arroz-con-mango-entre-empresario-que-se-caso-con-animadora-venezolana-rodriguez-torres-y-patricia-poleo\/\" target=\"_blank\" rel=\"noopener\">magnate chavista<\/a>\u201d y \u201cboliburgu\u00e9s\u201d, era familia de Cabello Rond\u00f3n y utilizaba su apellido como salvoconducto para gestionar negocios con el gobierno.<\/p>\n<p>Anzellini Rond\u00f3n tambi\u00e9n niega cualquier vinculaci\u00f3n, de parentesco o conocimiento, con el actual ministro de Interior y Justicia, convencionalmente considerado como el\u00a0<em>n\u00famero dos<\/em>\u00a0del chavismo. \u201cNo conozco al se\u00f1or Cabello, lo dije y lo demostr\u00e9 hace a\u00f1os, la periodista Poleo me mand\u00f3 un emisario a pagar un dinero, la demand\u00e9 y su arma fue Twitter\u201d, dijo a\u00a0<strong>Armando.Info<\/strong>. En septiembre de 2015, cuatro meses despu\u00e9s de presentar aquella querella en Miami, el caso fue descartado por falta de pruebas: \u201cYo demand\u00e9 por difamaci\u00f3n. Mi abogado me dijo que la juez lo desestim\u00f3, no quise seguir porque me costaba dinero\u201d. Pero en aquel momento del desenlace, Rond\u00f3n se mostr\u00f3 victorioso: \u201cHemos vencido con la verdad a quienes pretendieron\u00a0<a href=\"https:\/\/noticiasaldiayalahora.co\/entretenimiento\/el-arroz-con-mango-entre-empresario-que-se-caso-con-animadora-venezolana-rodriguez-torres-y-patricia-poleo\/\" target=\"_blank\" rel=\"noopener\">extorsionarnos y difamarnos<\/a>, ahora m\u00e1s que nunca seguiremos invirtiendo en Venezuela y en los Estados Unidos de Norteam\u00e9rica\u201d, proclam\u00f3 entonces en un comunicado.<\/p>\n<p>Apenas tres a\u00f1os despu\u00e9s, volvi\u00f3 a aparecer en medios de Miami, a prop\u00f3sito de la reclamaci\u00f3n por impagos de una hipoteca, o\u00a0<em>foreclosure,\u00a0<\/em><a href=\"https:\/\/therealdeal.com\/miami\/2018\/11\/04\/owner-of-south-beach-hotel-development-site-faces-foreclosure-suit\/\" target=\"_blank\" rel=\"noopener\">por 3,5 millones de d\u00f3lares\u00a0<\/a>en relaci\u00f3n con un terreno en la codiciada South Beach, donde Anzellini Rond\u00f3n se propon\u00eda levantar un\u00a0<a href=\"https:\/\/miamidiario.com\/empresario-venezolano-enfrenta-demanda-de-ejecucion-hipotecaria-por-desarrollo-hotelero-de-south-beach\/\" target=\"_blank\" rel=\"noopener\">hotel boutique<\/a>\u00a0de 1.300 metros cuadrados de construcci\u00f3n.<\/p>\n<p>Otras versiones le han endilgado conexiones con jerarcas distintos del chavismo. En la edici\u00f3n 521 del 27 de febrero de 2015, por ejemplo, el extinto semanario\u00a0<em>Las verdades de Miguel<\/em>\u00a0aseguraba que Rond\u00f3n hab\u00eda logrado ascender gracias a su relaci\u00f3n con Tareck El Aissami, N\u00e9stor Reverol, Jorge Garc\u00eda Carneiro y Haiman El Troudi.<\/p>\n<p>Tantos se\u00f1alamientos llevaron a Anzellini Rond\u00f3n a los estudios de Venevisi\u00f3n, el 3 de junio de 2016. All\u00ed concedi\u00f3 una\u00a0<a href=\"https:\/\/www.youtube.com\/watch?v=qn4gpZzSwlU\" target=\"_blank\" rel=\"noopener\">entrevista<\/a>\u00a0para desempolvar su imagen p\u00fablica. \u201cMi padrino [<em>pol\u00edtico<\/em>] es Venezuela\u201d, respondi\u00f3 con una suerte de eslogan a las constantes menciones de sus nexos con el gobierno de Maduro, \u201cno estoy de acuerdo con las empresas de malet\u00edn, las odio\u201d. Tambi\u00e9n aclar\u00f3 que su \u00e9xito no fue el resultado de un salto que de la noche a la ma\u00f1ana lo convirti\u00f3 en millonario, sino por haber trabajado desde los 15 a\u00f1os y saber \u201caprovechar las oportunidades\u201d.<\/p>\n<h2 class=\"wp-block-heading\">Hecho a s\u00ed mismo (con el Estado)<\/h2>\n<p>En 2017, contrajo matrimonio por primera vez con la exanimadora del programa matutino de variedades y chismes de far\u00e1ndula,\u00a0<em>La Bomba<\/em>, de Televen, Mar\u00eda de los \u00c1ngeles del Gallego, conocida como\u00a0<em>La maracucha.\u00a0<\/em>La boda\u00a0<a href=\"https:\/\/elcooperante.com\/en-fotos-la-lujosa-boda-de-maria-de-los-angeles-del-gallego-en-miami\/\" target=\"_blank\" rel=\"noopener\">tuvo lugar<\/a>\u00a0en el Country Club de Coral Gables, la ciudad del condado Miami-Dade considerada como uno de los vecindarios m\u00e1s costosos de Estados Unidos, por lo que se le apoda el\u00a0<em>Beverly Hills del Sur<\/em>.<\/p>\n<p>En esa \u00e9poca, Rondon se dejaba ver en redes con la que era su esposa, paseando en yate por las costas del sur de Florida, compartiendo en fiestas familiares con el actor venezolano\u00a0<a href=\"https:\/\/www.instagram.com\/p\/BJdw3S8jbGp\/\" target=\"_blank\" rel=\"noopener\">Jorge Reyes<\/a>\u00a0o comiendo langosta en el archipi\u00e9lago\u00a0<a href=\"https:\/\/www.elfarandi.com\/2019\/01\/30\/jorge-reyes-maria-angeles-gallego-diosdado-cabello\/\" target=\"_blank\" rel=\"noopener\">Los Roques\u00a0<\/a>con amigos.<\/p>\n<p>En 2012 hab\u00eda creado\u00a0<a href=\"https:\/\/www.facebook.com\/photo\/?fbid=810389452420720&amp;set=pb.100081586684711.-2207520000&amp;locale=uk_UA\" target=\"_blank\" rel=\"noopener\">Ony Productions<\/a>, una productora de televisi\u00f3n en Miami que realizar\u00eda una telenovela juvenil y un\u00a0<a href=\"https:\/\/www.youtube.com\/watch?v=z5CqmcGqS3o&amp;list=PLaufl8-jiwZz-myKwniZVO9AqPxWQOvBA&amp;index=3\" target=\"_blank\" rel=\"noopener\">show de cocina\u00a0<\/a>transmitido por Venevisi\u00f3n Plus para el p\u00fablico de habla hispana en Estados Unidos.<\/p>\n<p>&nbsp;<\/p>\n<div class=\"kb-gallery-wrap-id-97544_e7b58a-e1 alignnone wp-block-kadence-advancedgallery\">\n<div class=\"kb-gallery-ul kb-gallery-non-static kb-gallery-type-slider kb-gallery-id-97544_e7b58a-e1 kb-gallery-caption-style-below kb-gallery-filter-none kb-gallery-magnific-init kb-light-gallery-3\" data-image-filter=\"none\" data-lightbox-caption=\"true\">\n<div id=\"splide04\" class=\"kt-blocks-carousel splide kt-carousel-container-dotstyle-dark kt-carousel-arrowstyle-whiteondark kt-carousel-dotstyle-dark kb-slider-group-arrow kb-slider-arrow-position-center kb-splide splide-initialized splide-slider is-overflow splide--fade splide--ltr splide--draggable is-active is-initialized\" role=\"region\" data-slider-anim-speed=\"400\" data-slider-scroll=\"1\" data-slider-arrows=\"true\" data-slider-fade=\"true\" data-slider-dots=\"true\" data-slider-type=\"slider\" data-slider-hover-pause=\"false\" data-slider-auto=\"\" data-slider-speed=\"7000\" data-show-pause-button=\"false\" aria-roledescription=\"carrusel\">\n<div class=\"splide__arrows splide__arrows--ltr\"><\/div>\n<ul class=\"splide__pagination splide__pagination--ltr\" role=\"tablist\" aria-label=\"Selecciona una diapositiva para mostrar\">\n<li role=\"presentation\"><\/li>\n<li role=\"presentation\"><\/li>\n<\/ul>\n<\/div>\n<\/div>\n<\/div>\n<p>&nbsp;<\/p>\n<p>El matrimonio de Anzellini Rondon con Del Gallego dur\u00f3 hasta 2021. Se cas\u00f3 de nuevo en abril de 2025 con Karoll Jhoana Salazar Andarcia, con quien comparte sociedad en al menos una de las empresas del Grupo RG, Farmacia Colina C.A.<\/p>\n<p>En Venezuela, Rond\u00f3n mantiene activos sus negocios, en especial con el Centro de Especialidades M\u00e9dicas La Colina, tambi\u00e9n conocido como Cl\u00ednica Colina y el RG Group, propietario de 50% de las acciones de la primera.<\/p>\n<p>Registrada en 2013 en Barcelona, capital de Anzo\u00e1tegui, la Cl\u00ednica La Colina cuenta entre sus clientes con una larga lista de organismos p\u00fablicos como Pdvsa Petr\u00f3leo S.A., el organismo tributario y de aduanas (Seniat), la Alcald\u00eda del municipio Sim\u00f3n Bol\u00edvar de Anzo\u00e1tegui, el Complejo Sider\u00fargico Nacional y la Direcci\u00f3n Ejecutiva de la Magistratura, entre otros.<\/p>\n<p>El vicepresidente de La Colina es Vicente Alberto Salazar Oltra, con quien Rond\u00f3n comparte su adhesi\u00f3n a la Logia Mas\u00f3nica de Venezuela.<\/p>\n<p>&nbsp;<\/p>\n<div class=\"kb-gallery-wrap-id-97544_9046da-9f alignnone wp-block-kadence-advancedgallery\">\n<div class=\"kb-gallery-ul kb-gallery-non-static kb-gallery-type-slider kb-gallery-id-97544_9046da-9f kb-gallery-caption-style-below kb-gallery-filter-none kb-gallery-magnific-init kb-light-gallery-4\" data-image-filter=\"none\" data-lightbox-caption=\"true\">\n<div id=\"splide05\" class=\"kt-blocks-carousel splide kt-carousel-container-dotstyle-dark kt-carousel-arrowstyle-whiteondark kt-carousel-dotstyle-dark kb-slider-group-arrow kb-slider-arrow-position-center kb-splide splide-initialized splide-slider is-overflow splide--fade splide--ltr splide--draggable is-active is-initialized\" role=\"region\" data-slider-anim-speed=\"400\" data-slider-scroll=\"1\" data-slider-arrows=\"true\" data-slider-fade=\"true\" data-slider-dots=\"true\" data-slider-type=\"slider\" data-slider-hover-pause=\"false\" data-slider-auto=\"\" data-slider-speed=\"7000\" data-show-pause-button=\"false\" aria-roledescription=\"carrusel\">\n<div class=\"splide__arrows splide__arrows--ltr\"><\/div>\n<ul class=\"splide__pagination splide__pagination--ltr\" role=\"tablist\" aria-label=\"Selecciona una diapositiva para mostrar\">\n<li role=\"presentation\"><\/li>\n<li role=\"presentation\"><\/li>\n<\/ul>\n<\/div>\n<\/div>\n<\/div>\n<p>&nbsp;<\/p>\n<p>Aparte de la Cl\u00ednica La Colina, el RG Group sirve de paraguas corporativo a la Fundaci\u00f3n RG, Farmacia Colina y\u00a0<a href=\"https:\/\/www.instagram.com\/crpharmacolina\/\" target=\"_blank\" rel=\"noopener\">Pharma Colina<\/a>. Su objeto social es amplio y a la vez impreciso:\u00a0 puede dedicarse a la vez tanto a la explotaci\u00f3n del ramo de la medicina en general, as\u00ed como a la construcci\u00f3n de obras civiles y estructuras urbanas o la compra, venta, importaci\u00f3n y distribuci\u00f3n de insumos m\u00e9dicos. Entre sus clientes se encuentran empresas oficiales como Bariven y otras mixtas del sector petrolero, como Petroindependencia, Petrojun\u00edn, Petromacareo y Petrourica.<\/p>\n<p>En octubre de 2025, en plena efervescencia patri\u00f3tica por el despliegue de una flota naval frente a Venezuela que Donald Trump hab\u00eda ordenado dos meses antes, se lanz\u00f3 la campa\u00f1a\u00a0<em>Cl\u00ednica Colina se viste de milicia<\/em>. Al mes siguiente, el propio Rond\u00f3n mostr\u00f3 videos de su entrenamiento como francotirador urbano de la mano del Ej\u00e9rcito en el costero estado Sucre, extremo nororiental de Venezuela. Entonces se presentaba como un \u201cempresario que se suma a la defensa de la patria\u201d al tomar el \u201cCurso b\u00e1sico combate t\u00e1ctico, salud en entornos hostiles\u201d en el marco de la uni\u00f3n c\u00edvico-militar-popular-comunal.<\/p>\n<p>\u201cSiempre recibo condecoraciones p\u00fablicas y de empresas privadas porque tengo la Fundaci\u00f3n RG y apoyo a mucha gente en el tema de salud\u201d, justific\u00f3 ante\u00a0<strong>Armando.info<\/strong>\u00a0los actos de reconocimiento con los que frecuentemente la Guardia Nacional Bolivariana lo distingue.<\/p>\n<div class=\"kb-gallery-wrap-id-97544_e8d459-6d alignnone wp-block-kadence-advancedgallery\">\n<div class=\"kb-gallery-ul kb-gallery-non-static kb-gallery-type-slider kb-gallery-id-97544_e8d459-6d kb-gallery-caption-style-below kb-gallery-filter-none kb-gallery-magnific-init kb-light-gallery-5\" data-image-filter=\"none\" data-lightbox-caption=\"true\">\n<div id=\"splide06\" class=\"kt-blocks-carousel splide kt-carousel-container-dotstyle-dark kt-carousel-arrowstyle-whiteondark kt-carousel-dotstyle-dark kb-slider-group-arrow kb-slider-arrow-position-center kb-splide splide-initialized splide-slider is-overflow splide--fade splide--ltr splide--draggable is-active is-initialized\" role=\"region\" data-slider-anim-speed=\"400\" data-slider-scroll=\"1\" data-slider-arrows=\"true\" data-slider-fade=\"true\" data-slider-dots=\"true\" data-slider-type=\"slider\" data-slider-hover-pause=\"false\" data-slider-auto=\"\" data-slider-speed=\"7000\" data-show-pause-button=\"false\" aria-roledescription=\"carrusel\">\n<div class=\"splide__arrows splide__arrows--ltr\"><\/div>\n<ul class=\"splide__pagination splide__pagination--ltr\" role=\"tablist\" aria-label=\"Selecciona una diapositiva para mostrar\">\n<li role=\"presentation\"><\/li>\n<li role=\"presentation\"><\/li>\n<li role=\"presentation\"><\/li>\n<\/ul>\n<\/div>\n<\/div>\n<\/div>\n<p>&nbsp;<\/p>\n<p>El 29 de septiembre de 2025, fue uno de los empresarios presentes en la sesi\u00f3n en Anzo\u00e1tegui del Consejo Nacional por la Soberan\u00eda y la Paz, en la que estuvieron presentes Delcy y Jorge Rodr\u00edguez, actuales presidenta interina y presidente de la Asamblea Nacional, respectivamente. Por esos mismos d\u00edas, hab\u00eda participado en la Feria de Turismo de Anzo\u00e1tegui, junto con el gobernador de la entidad, el periodista oficialista Luis Jos\u00e9 Marcano. Antes, en agosto de 2025, se le vio en la rueda de negocios internacional 2025, realizada en el Poliedro de Caracas.<\/p>\n<p>Mientras Anzellini Rondon contin\u00faa desplegando en redes su faceta empresarial y sus buenas migas con instituciones y funcionarios, tocar\u00e1 esperar el avance de las investigaciones penales, ahora a cargo de Estados Unidos, para saber por qu\u00e9 su nombre termin\u00f3 enredado en la trama de lavado de 500 millones de euros en un banco b\u00falgaro, una menci\u00f3n que hasta ahora asegura no entender.<\/p>\n","protected":false},"excerpt":{"rendered":"<p>FUENTE Un empresario de Anzo\u00e1tegui, con un ascenso mete\u00f3rico a la sombra del chavismo, est\u00e1 en la mira de la fiscal\u00eda de Bulgaria por su [&hellip;]<\/p>\n","protected":false},"author":1,"featured_media":8579,"comment_status":"open","ping_status":"open","sticky":false,"template":"","format":"standard","meta":{"h5ap_radio_sources":[],"_FSMCFIC_featured_image_caption":"","_FSMCFIC_featured_image_nocaption":"","_FSMCFIC_featured_image_hide":"","_jetpack_memberships_contains_paid_content":false,"footnotes":""},"categories":[2],"tags":[],"class_list":["post-8567","post","type-post","status-publish","format-standard","has-post-thumbnail","hentry","category-venezuela"],"aioseo_notices":[],"jetpack_featured_media_url":"https:\/\/nuevaprensaamerica.com\/wp-content\/uploads\/2026\/03\/Captura-de-pantalla-2026-03-08-a-las-13.17.34.png","jetpack_sharing_enabled":true,"_links":{"self":[{"href":"https:\/\/nuevaprensaamerica.com\/index.php\/wp-json\/wp\/v2\/posts\/8567","targetHints":{"allow":["GET"]}}],"collection":[{"href":"https:\/\/nuevaprensaamerica.com\/index.php\/wp-json\/wp\/v2\/posts"}],"about":[{"href":"https:\/\/nuevaprensaamerica.com\/index.php\/wp-json\/wp\/v2\/types\/post"}],"author":[{"embeddable":true,"href":"https:\/\/nuevaprensaamerica.com\/index.php\/wp-json\/wp\/v2\/users\/1"}],"replies":[{"embeddable":true,"href":"https:\/\/nuevaprensaamerica.com\/index.php\/wp-json\/wp\/v2\/comments?post=8567"}],"version-history":[{"count":5,"href":"https:\/\/nuevaprensaamerica.com\/index.php\/wp-json\/wp\/v2\/posts\/8567\/revisions"}],"predecessor-version":[{"id":8580,"href":"https:\/\/nuevaprensaamerica.com\/index.php\/wp-json\/wp\/v2\/posts\/8567\/revisions\/8580"}],"wp:featuredmedia":[{"embeddable":true,"href":"https:\/\/nuevaprensaamerica.com\/index.php\/wp-json\/wp\/v2\/media\/8579"}],"wp:attachment":[{"href":"https:\/\/nuevaprensaamerica.com\/index.php\/wp-json\/wp\/v2\/media?parent=8567"}],"wp:term":[{"taxonomy":"category","embeddable":true,"href":"https:\/\/nuevaprensaamerica.com\/index.php\/wp-json\/wp\/v2\/categories?post=8567"},{"taxonomy":"post_tag","embeddable":true,"href":"https:\/\/nuevaprensaamerica.com\/index.php\/wp-json\/wp\/v2\/tags?post=8567"}],"curies":[{"name":"wp","href":"https:\/\/api.w.org\/{rel}","templated":true}]}}