{"id":8642,"date":"2026-09-03T18:21:42","date_gmt":"2026-09-03T18:21:42","guid":{"rendered":"https:\/\/nuevaprensaamerica.com\/?p=8642"},"modified":"2026-09-03T18:23:03","modified_gmt":"2026-09-03T18:23:03","slug":"ramon-carretero-y-el-negocio-de-la-escasez-en-cuba","status":"publish","type":"post","link":"https:\/\/nuevaprensaamerica.com\/index.php\/2026\/09\/03\/ramon-carretero-y-el-negocio-de-la-escasez-en-cuba\/","title":{"rendered":"Ram\u00f3n Carretero y el negocio de la escasez en Cuba"},"content":{"rendered":"<section id=\"section-21-212\" class=\" ct-section\">\n<div class=\"ct-section-inner-wrap\">\n<p id=\"text_block-60-212\" class=\"ct-text-block excerpt\"><span id=\"span-61-15974\" class=\"ct-span\">El empresario paname\u00f1o, uno de los proveedores favoritos desde el comienzo de su mandato en 2013, fue uno de los intermediarios en el abastecimiento de productos para los cubanos en su peor momento de pobreza. Con el r\u00e9gimen cubano mont\u00f3 una compleja trama internacional que cruza medio mundo, le permite facturar millones, y comercializa desde camionetas de lujo a equipados de aire acondicionado y suced\u00e1neos de la leche.<\/span><\/p>\n<\/div>\n<\/section>\n<p><!--more--><\/p>\n<p class=\"wp-block-paragraph\">Una r\u00e9plica de la piedra funeraria de Fidel Castro avanza entre la multitud congregada el primero de mayo, D\u00eda Internacional de los Trabajadores, en la Plaza de la Revoluci\u00f3n de la ciudad de Santa Clara, Cuba. Un triciclo el\u00e9ctrico que se mueve despacio, al ritmo de la gente, la lleva sobre el techo y, desde el parabrisas, una imagen del dictador encabeza la marcha.<\/p>\n<p class=\"wp-block-paragraph\">El veh\u00edculo lleva el logotipo de Rali, una marca que en pocos a\u00f1os se integr\u00f3 al paisaje urbano de la isla como una alternativa ante la crisis de combustible y el deterioro del transporte p\u00fablico. Uno de los fundadores de esta compa\u00f1\u00eda paname\u00f1a fue\u00a0<a href=\"https:\/\/storage.googleapis.com\/se-llama-carretero-pero-sus-negocios-vuelan-con-maduro-y-familia\/?utm_source=copilot.com\">Ram\u00f3n Carretero Napolitano<\/a>.<\/p>\n<p class=\"wp-block-paragraph\">Mientras estrechaba sus v\u00ednculos con el r\u00e9gimen de Nicol\u00e1s Maduro en Venezuela, Carretero se convirti\u00f3 en un importante proveedor del Estado cubano durante los \u00faltimos a\u00f1os, seg\u00fan miles de registros aduaneros revisados para esta investigaci\u00f3n. El empresario se consolid\u00f3 como intermediario clave en el suministro a Cuba de productos que iban desde papel higi\u00e9nico hasta bienes estrat\u00e9gicos para la industria, y levant\u00f3 una red internacional de negocios sobre un mercado cautivo sustentado en la escasez que sufre la isla.<\/p>\n<p class=\"wp-block-paragraph\">Esta investigaci\u00f3n, realizada por\u00a0<strong>Armando.Info<\/strong>\u00a0en conjunto con\u00a0<em>Diario de Cuba<\/em>, el Centro Latinoamericano de Investigaci\u00f3n Period\u00edstica (CLIP),, Transparencia Venezuela y\u00a0<em>La Prensa<\/em>\u00a0de Panam\u00e1, revela que las empresas de Carretero han sido importantes proveedoras del Estado cubano durante los \u00faltimos a\u00f1os. Mientras estrechaba sus v\u00ednculos con el r\u00e9gimen de Nicol\u00e1s Maduro, el empresario se consolid\u00f3 como intermediario en el suministro a Cuba de productos que iban desde papel higi\u00e9nico hasta bienes estrat\u00e9gicos para la industria, y levant\u00f3 una red internacional de negocios sobre un mercado que es cautivo por la escasez que sufre la Isla.<\/p>\n<p class=\"wp-block-paragraph\">Esta investigaci\u00f3n revela una arquitectura comercial triangular que movi\u00f3 millones entre 2021 y 2025. Los productos comenzaban su ruta en China o Turqu\u00eda, luego, una parte llegaba a la Zona Libre de Col\u00f3n para su posterior reexportaci\u00f3n a Cuba; otra parte viajaba directamente a Cuba, con empresas paname\u00f1as como intermediarias de la operaci\u00f3n. Este entramado permiti\u00f3 aplicar sobreprecios de hasta el 300% a mercanc\u00edas que terminaban en estructuras empresariales del Estado cubano o en manos de miembros de la \u00e9lite gobernante.<\/p>\n<p class=\"wp-block-paragraph\">En esos cinco a\u00f1os, las compa\u00f1\u00edas de Carretero realizaron ventas por m\u00e1s de 11 millones de d\u00f3lares, que fueron hechas a una docena de sectores estrat\u00e9gicos de la econom\u00eda cubana, entre ellos la energ\u00eda, la construcci\u00f3n y los servicios. La red vinculada al empresario incluye, adem\u00e1s, la puesta en marcha de una tienda minorista\u00a0<em>online<\/em>\u00a0que comercializ\u00f3 alimentos, art\u00edculos de limpieza y otros productos de consumo a precios dolarizados, impagables para los salarios de la isla, pero que eran adquiridos con tarjeta de cr\u00e9dito por los cubanos exiliados para sus familiares.<\/p>\n<p class=\"wp-block-paragraph\">La identidad del proveedor le a\u00f1ade otra dimensi\u00f3n al negocio. Carretero no es un comerciante internacional desconocido ni un operador dedicado exclusivamente al mercado cubano. El 11 de diciembre de 2025,\u00a0<a href=\"https:\/\/home.treasury.gov\/news\/press-releases\/sb0332\" target=\"_blank\" rel=\"noopener\">Estados Unidos lo sancion\u00f3<\/a>\u00a0junto a miembros de la familia Maduro-Flores por integrar una red que, seg\u00fan el Departamento del Tesoro, ayud\u00f3 al r\u00e9gimen venezolano a eludir las restricciones para el comercio internacional de petr\u00f3leo.<\/p>\n<p class=\"wp-block-paragraph\">D\u00edas despu\u00e9s, el 19 de diciembre de 2025, el Departamento del Tesoro\u00a0<a href=\"https:\/\/home.treasury.gov\/news\/press-releases\/sb0343\" target=\"_blank\" rel=\"noopener\">agreg\u00f3 a la sanci\u00f3n<\/a>\u00a0a Vicente Carretero Napolitano y a Roberto Carretero Napolitano, hermanos de Ram\u00f3n.\u00a0 Durante a\u00f1os los tres hermanos han intercalado puestos directivos en varias empresas, pero Ram\u00f3n Carretero Napolitano fue quien teji\u00f3 las relaciones m\u00e1s estrechas con los reg\u00edmenes de Cuba y Venezuela.<\/p>\n<p class=\"wp-block-paragraph\">Las empresas de Carretero obtuvieron, desde 2014, m\u00e1s de 800 millones de d\u00f3lares en contratos con el chavismo para proyectos de infraestructura en ese pa\u00eds.\u00a0<a href=\"https:\/\/www.elclip.org\/negocios-de-un-empresario-panameno-con-la-familia-de-maduro\/\" target=\"_blank\" rel=\"noopener\">Una investigaci\u00f3n de CLIP y medios aliados revel\u00f3 en mayo de 2025<\/a>\u00a0que, al mismo tiempo, el entorno familiar de la entonces primera dama, Cilia Flores, recibi\u00f3 transferencias provenientes de compa\u00f1\u00edas del paname\u00f1o, quien adem\u00e1s fue uno de los principales beneficiados en el comercio internacional de petr\u00f3leo: tres sociedades offshore vinculadas al empresario realizaron\u00a0<a href=\"https:\/\/www.elclip.org\/ramon-carretero-negocios-petroleo-pdvsa-cuba\/\" target=\"_blank\" rel=\"noopener\">exportaciones de PDVSA por unos 2.600 millones de d\u00f3lares<\/a>.<\/p>\n<p class=\"wp-block-paragraph\">\u00bfPor qu\u00e9, entre miles de proveedores internacionales, el sistema cubano canaliz\u00f3 operaciones millonarias precisamente a trav\u00e9s de la red de Carretero? La documentaci\u00f3n obtenida en bases de datos especializadas en comercio internacional, como ImportGenius y Panjiva, expone el patr\u00f3n de triangulaci\u00f3n comercial, intermediaci\u00f3n y sobreprecios utilizado por las empresas de Carretero en Cuba. El paname\u00f1o supo tocar los resortes necesarios para convertirse en uno de los intermediarios favoritos de los grupos de poder en la Isla.<\/p>\n<h2 class=\"wp-block-heading\">Una red para abastecer a Cuba<\/h2>\n<p class=\"wp-block-paragraph\">La empresa clave para entender las operaciones de Carretero en Cuba es Corporaci\u00f3n Log\u00edstica ZLC SA. Esta sociedad se repite en cientos de \u201cconocimiento de embarque\u201d (B\/L o\u00a0<em>bill of lading,<\/em>\u00a0en ingl\u00e9s; documentos oficiales que emiten las navieras durante sus env\u00edos internacionales para controlar sus cargas) que fueron revisados para esta investigaci\u00f3n.<\/p>\n<p class=\"wp-block-paragraph\">La compa\u00f1\u00eda fue constituida en 2019 en la Zona Libre de Col\u00f3n, en Panam\u00e1, uno de los principales centros de comercio de Am\u00e9rica Latina, con un r\u00e9gimen de beneficios fiscales. Desde all\u00ed, Corporaci\u00f3n Log\u00edstica Zona Libre de Col\u00f3n funcion\u00f3 como intermediaria entre fabricantes internacionales, especialmente chinos, y el mercado cubano. Los registros aduaneros examinados muestran que todas las exportaciones identificadas de la compa\u00f1\u00eda tienen un \u00fanico destino: Cuba.<\/p>\n<p class=\"wp-block-paragraph\">Corporaci\u00f3n Log\u00edstica ZLC envi\u00f3 a la isla m\u00e1s de 200 veh\u00edculos, algunos con valores unitarios superiores a 121.000 d\u00f3lares, seg\u00fan los registros aduaneros. En una primera etapa, predominaron los autom\u00f3viles de marcas como Toyota, Hyundai, Ford y Lexus. Pero el perfil de las exportaciones cambi\u00f3 en 2024 para privilegiar los veh\u00edculos industriales, como excavadoras, bulldozers, camiones gr\u00faa y tractores de carretera. La maquinaria y los veh\u00edculos destinados a sectores bajo control directo del Estado ganaron peso en los env\u00edos.<\/p>\n<div class=\"lazyblock-embed-script-Z17y2Az wp-block-lazyblock-embed-script\">\n<div>\n<div><iframe loading=\"lazy\" title=\"C\u00f3mo funcionaba la red de Carretero\" src=\"https:\/\/view.genially.com\/6a6beb851b925f88dcce15fe\" width=\"1200\" height=\"675\" frameborder=\"0\" scrolling=\"yes\" allowfullscreen=\"allowfullscreen\" data-mce-fragment=\"1\"><\/iframe><\/div>\n<\/div>\n<\/div>\n<p class=\"wp-block-paragraph\">La dimensi\u00f3n de la red construida por Carretero se comprende mejor cuando se conoce a sus beneficiarios. Tres grandes corporaciones estatales cubanas concentran m\u00e1s de la mitad de estas operaciones: Multiservi S.A., empresa de comercio exterior encargada de canalizar importaciones para distintos organismos estatales, concentr\u00f3 entre 2024 y 2025 compras de veh\u00edculos por m\u00e1s de 1,3 millones de d\u00f3lares, equivalentes a 38% del valor total registrado.<\/p>\n<p class=\"wp-block-paragraph\">Le sigui\u00f3 Imeco, empresa adscrita al Ministerio de la Construcci\u00f3n (Micons), con adquisiciones superiores a 548.000 d\u00f3lares en 2024 (15% del total), que incluyeron camionetas, veh\u00edculos utilitarios, sedanes, microbuses y un \u00f3mnibus. En tercer lugar, el Grupo Empresarial Tabacuba, con maquinaria valorada en poco m\u00e1s de 510.000 d\u00f3lares, alcanza 14% de las operaciones.<\/p>\n<p class=\"wp-block-paragraph\">Adem\u00e1s, la Empresa de Abastecimiento para el Petr\u00f3leo (Abapet), brazo importador de la Uni\u00f3n Cuba-Petr\u00f3leo, adquiri\u00f3 maquinaria pesada por m\u00e1s de 482.000 d\u00f3lares entre 2024 y 2025, destinada al sector petrolero y energ\u00e9tico. Las operaciones coinciden con un plan con participaci\u00f3n china para explotar los recursos de crudo y gas natural en la zona occidental de la Isla.<\/p>\n<p class=\"wp-block-paragraph\">Una operaci\u00f3n permite ejemplificar con precisi\u00f3n el recorrido de los productos en la red Carretero. El 20 de noviembre de 2025, en medio de la crisis energ\u00e9tica cubana, Corporaci\u00f3n Log\u00edstica ZLC despach\u00f3 hacia Cuba un cami\u00f3n cisterna Shacman X3000. El destinatario fue la empresa importadora-exportadora de abastecimientos t\u00e9cnicos Emiat, una entidad subordinada al Ministerio del Interior que, en los a\u00f1os 80, comerciaba con empresas de la Stasi (la polic\u00eda secreta de la antigua Alemania comunista) y, posteriormente, oper\u00f3 en la Venezuela de Hugo Ch\u00e1vez como una central de compras del Estado cubano.<\/p>\n<p class=\"wp-block-paragraph\">El cami\u00f3n \u2014el \u00fanico de su tipo en los registros aduanales consultados\u2014 hab\u00eda llegado a Panam\u00e1 procedente de China. El proveedor, Borey Investment Limited, se lo suministr\u00f3 a la paname\u00f1a Aceros y Equipos Pesados Panam\u00e1 S.A. por un valor declarado de 50.470 d\u00f3lares. Esta \u00faltima compa\u00f1\u00eda ha tenido v\u00ednculos comerciales con\u00a0<a href=\"https:\/\/storage.googleapis.com\/qurium\/armando.info\/a-unos-panamenos-se-la-pusieron-bombita-para-construir-el-estadio-hugo-chavez.html\">Landscape Vision Corporation<\/a>\u00a0(Lanvicorp), vinculada a Ram\u00f3n Carretero, y con Joy Kie Technologies, proveedor hist\u00f3rico de las empresas Distribuidora Rali, Corporaci\u00f3n Log\u00edstica del Caribe y la propia Lanvicorp, seg\u00fan documentos burs\u00e1tiles de Joy Kie Technologies.<\/p>\n<p class=\"wp-block-paragraph\">Semanas despu\u00e9s de su arribo a Panam\u00e1, el veh\u00edculo sali\u00f3 hacia Cuba a trav\u00e9s de Corporaci\u00f3n Log\u00edstica ZLC. Nuevo valor declarado: 71.846 d\u00f3lares. En su paso por Panam\u00e1, el precio del cami\u00f3n aument\u00f3 un 42%. Este caso no es una excepci\u00f3n. En operaciones similares con veh\u00edculos y maquinaria analizadas para esta investigaci\u00f3n, los precios declarados aumentaron hasta casi el 50% desde su entrada en Panam\u00e1 hasta su reexportaci\u00f3n a Cuba.<\/p>\n<h2 class=\"wp-block-heading\">El precio del acceso<\/h2>\n<p class=\"wp-block-paragraph\">Recurrir a un intermediario tiene un costo. El transporte, el seguro, el almacenamiento y la financiaci\u00f3n pueden explicar parte del aumento del precio de una mercanc\u00eda. Pero la reincidencia de las mismas empresas, proveedores y rutas comerciales en operaciones sucesivas dibuja un patr\u00f3n: una estructura empresarial consolidada que, en este caso, prospera en un entorno de escasez y de restricciones econ\u00f3micas.<\/p>\n<p class=\"wp-block-paragraph\">\u00bfPor qu\u00e9 el sistema estatal cubano canaliza estas compras tan diversas en un \u00fanico intermediario, en lugar de adquirir las mercanc\u00edas directamente de los fabricantes o comparar precios y apoyarse en m\u00faltiples proveedores?<\/p>\n<p class=\"wp-block-paragraph\">En un mercado abierto, la competencia limita la capacidad de un intermediario para elevar los precios. Un comprador puede negociar con el fabricante, cambiar de proveedor o buscar mejores condiciones. Pero el comercio exterior cubano \u2014en el pa\u00eds no existe una plataforma de acceso p\u00fablico para ver licitaciones o concursos de precios para las contrataciones del sector p\u00fablico\u2014 funciona bajo otras reglas.<\/p>\n<p class=\"wp-block-paragraph\">Durante d\u00e9cadas, el gobierno cubano ha restringido el acceso de empresas y ciudadanos a la importaci\u00f3n directa y concentrado buena parte del comercio exterior en entidades autorizadas. El acceso a las divisas, los canales de importaci\u00f3n y el abastecimiento de los sectores estrat\u00e9gicos permanecen sometidos a estructuras estatales, como Multiservi, Imeco, Abapet y Emiat.<\/p>\n<figure class=\"wp-block-image size-full\"><picture><source srcset=\"https:\/\/i1.wp.com\/armando.info\/wp-content\/uploads\/2026\/09\/Tabla-precios-Cuba.webp 900w,\/wp-content\/uploads\/2026\/09\/Tabla-precios-Cuba-700x855.webp 700w,\/wp-content\/uploads\/2026\/09\/Tabla-precios-Cuba-767x938.webp 767w\" type=\"image\/webp\" sizes=\"auto, (max-width: 900px) 100vw, 900px\" \/><img loading=\"lazy\" decoding=\"async\" class=\"wp-image-100493 sp-no-webp\" src=\"https:\/\/nuevaprensaamerica.com\/wp-content\/uploads\/2026\/09\/Tabla-precios-Cuba.jpg\" sizes=\"auto, (max-width: 900px) 100vw, 900px\" srcset=\"https:\/\/nuevaprensaamerica.com\/wp-content\/uploads\/2026\/09\/Tabla-precios-Cuba.jpg 900w, https:\/\/nuevaprensaamerica.com\/wp-content\/uploads\/2026\/09\/Tabla-precios-Cuba-700x855.png 700w, https:\/\/nuevaprensaamerica.com\/wp-content\/uploads\/2026\/09\/Tabla-precios-Cuba-767x938.png 767w\" alt=\"\" width=\"900\" height=\"1100\" \/><\/picture><\/figure>\n<p class=\"wp-block-paragraph\">El Estado cubano ha hecho de las compa\u00f1\u00edas de Carretero un proveedor internacional clave. El empresario paname\u00f1o era conocido en Cuba mucho antes de que su nombre se asociara a los negocios del chavismo. Corporaci\u00f3n Log\u00edstica del Caribe, su empresa insignia, opera con una sucursal en la isla desde 1996, el mismo a\u00f1o en que se public\u00f3 el Reglamento del Registro de Empresas Extranjeras. La compa\u00f1\u00eda figura en la relaci\u00f3n de operadores registrados en las zonas francas cubanas incluida en la Resoluci\u00f3n 33\/97 de la Aduana General de la Rep\u00fablica y publicada en la\u00a0<em>Gaceta Oficial<\/em>\u00a0el 6 de febrero de 1998.<\/p>\n<p class=\"wp-block-paragraph\">La sucursal cubana estaba autorizada a trabajar tanto en la Zona Franca de Wajay como en la Zona Franca Habana, en Berroa, ambas en el \u00e1rea de La Habana. Y se qued\u00f3. Sus licencias fueron renovadas durante a\u00f1os. En 2022, la empresa todav\u00eda figuraba como oficina de representaci\u00f3n comercial autorizada por el Ministerio del Comercio Exterior y la Inversi\u00f3n Extranjera.<\/p>\n<p class=\"wp-block-paragraph\">Su red se expandi\u00f3 en Venezuela a partir de 2013. Primero llegaron los contratos p\u00fablicos entregados por el entorno de Maduro y despu\u00e9s el tr\u00e1fico de petr\u00f3leo, en el que tambi\u00e9n se involucr\u00f3 el r\u00e9gimen cubano. Posteriormente, en diciembre de 2025, los hermanos Ram\u00f3n, Vicente y Roberto Carretero\u00a0<a href=\"https:\/\/www.laestrella.com.pa\/panama\/nacional\/vicente-y-roberto-carretero-son-incluidos-en-la-lista-clinton-EE18494981\" target=\"_blank\" rel=\"noopener\">fueron sancionados<\/a>\u00a0por Estados Unidos, que los incluy\u00f3 en la lista de la Oficina de Control de Activos Extranjeros (OFAC).<\/p>\n<p class=\"wp-block-paragraph\">Para entonces, otros documentos hab\u00edan comenzado a revelar puntos de contacto entre Ram\u00f3n Carretero y figuras situadas en la c\u00faspide del poder cubano. El 24 de septiembre de 2025, un avi\u00f3n Learjet 55 utilizado por el empresario se precipit\u00f3 y estall\u00f3 en llamas cuando intentaba despegar del Aeropuerto Internacional Sim\u00f3n Bol\u00edvar de Maiquet\u00eda, en Venezuela. El empresario sobrevivi\u00f3, pero dos tripulantes murieron en el accidente.<\/p>\n<p class=\"wp-block-paragraph\">Los movimientos previos de ese mismo avi\u00f3n revelaron que otro pasajero frecuente de la aeronave era Ra\u00fal Guillermo Rodr\u00edguez Castro,\u00a0<em>El Cangrejo<\/em>, nieto de Ra\u00fal Castro, antiguo jefe de su escolta e hijo del fallecido general Luis Alberto Rodr\u00edguez L\u00f3pez-Calleja, quien durante d\u00e9cadas dirigi\u00f3 el poderoso conglomerado Gaesa, el\u00a0<em>holding<\/em>\u00a0de empresas militar recientemente\u00a0<a href=\"https:\/\/www.state.gov\/translations\/spanish\/ee-uu-emite-sanciones-contra-el-regimen-militar-y-las-elites-de-cuba\/?utm_source=copilot.com\" target=\"_blank\" rel=\"noopener\">sancionado<\/a>\u00a0por Washington.<\/p>\n<p class=\"wp-block-paragraph\">Rodr\u00edguez Castro hab\u00eda utilizado ese mismo avi\u00f3n para viajar entre Cuba y Panam\u00e1 en m\u00faltiples ocasiones. En una de ellas estuvo acompa\u00f1ado por la general de brigada Ania Guillermina Lastres Morera, sucesora de L\u00f3pez-Calleja al frente de Gaesa. Adem\u00e1s, Carretero y\u00a0<em>El Cangrejo<\/em>\u00a0aparecen tambi\u00e9n como pasajeros frecuentes de otra aeronave, un Hawker 800XP con matr\u00edcula paname\u00f1a HP-715.<\/p>\n<p class=\"wp-block-paragraph\">Estos puntos de contacto llegan hasta las operaciones comerciales.<\/p>\n<p class=\"wp-block-paragraph\">Tres de las importaciones cubanas analizadas para esta investigaci\u00f3n tienen como destinataria a Vilma Rodr\u00edguez, un nombre que coincide con el de una nieta de Ra\u00fal Castro, hermana de\u00a0<em>El Cangrejo<\/em>. Distribuidora Rali \u2014la misma empresa que fabrica triciclos como el que paseaba la r\u00e9plica del monolito de Fidel Castro\u2014 despach\u00f3, a nombre de Vilma Rodr\u00edguez, acondicionadores de aire, mobiliario y otros art\u00edculos dom\u00e9sticos por 5.000 d\u00f3lares en agosto de 2016, seg\u00fan consta en los registros navieros.<\/p>\n<p class=\"wp-block-paragraph\">En ese momento, Vicente Carretero actuaba como presidente de Distribuidora Rali tras reemplazar a su hermano Ram\u00f3n el mes anterior, cargo en el que se mantuvo hasta el 22 de diciembre de 2025, seg\u00fan los documentos del Registro P\u00fablico de Panam\u00e1. Las operaciones coinciden con el per\u00edodo en que la nieta de Castro estaba vinculada a un negocio de hospedaje tur\u00edstico en La Habana, seg\u00fan revel\u00f3 el medio\u00a0<a href=\"https:\/\/www.cibercuba.com\/noticias\/2019-04-09-u1-e20037-s27061-asi-mansion-lujo-alquila-habana-vilma-rodriguez-nieta-raul\" target=\"_blank\" rel=\"noopener\"><em>CiberCuba<\/em><\/a>.<\/p>\n<figure class=\"wp-block-image size-full\"><picture><source srcset=\"https:\/\/i1.wp.com\/armando.info\/wp-content\/uploads\/2026\/09\/Infografia-Red-Carretero-4.webp 1414w,\/wp-content\/uploads\/2026\/09\/Infografia-Red-Carretero-4-700x990.webp 700w,\/wp-content\/uploads\/2026\/09\/Infografia-Red-Carretero-4-768x1086.webp 768w,\/wp-content\/uploads\/2026\/09\/Infografia-Red-Carretero-4-1086x1536.webp 1086w,\/wp-content\/uploads\/2026\/09\/Infografia-Red-Carretero-4-1234x1746.webp 1234w,\/wp-content\/uploads\/2026\/09\/Infografia-Red-Carretero-4-700x990@2x.webp 1400w\" type=\"image\/webp\" sizes=\"auto, (max-width: 1414px) 100vw, 1414px\" \/><img loading=\"lazy\" decoding=\"async\" class=\"wp-image-100495 sp-no-webp\" src=\"https:\/\/nuevaprensaamerica.com\/wp-content\/uploads\/2026\/09\/Infografia-Red-Carretero-4.png\" sizes=\"auto, (max-width: 1414px) 100vw, 1414px\" srcset=\"https:\/\/nuevaprensaamerica.com\/wp-content\/uploads\/2026\/09\/Infografia-Red-Carretero-4.png 1414w, https:\/\/nuevaprensaamerica.com\/wp-content\/uploads\/2026\/09\/Infografia-Red-Carretero-4-700x990.png 700w, https:\/\/nuevaprensaamerica.com\/wp-content\/uploads\/2026\/09\/1_Infografia-Red-Carretero-4-768x1086.png 768w, https:\/\/nuevaprensaamerica.com\/wp-content\/uploads\/2026\/09\/1_Infografia-Red-Carretero-4-1086x1536.png 1086w, https:\/\/nuevaprensaamerica.com\/wp-content\/uploads\/2026\/09\/Infografia-Red-Carretero-4-1234x1746.png 1234w, https:\/\/nuevaprensaamerica.com\/wp-content\/uploads\/2026\/09\/Infografia-Red-Carretero-4-700x990@2x.png 1400w\" alt=\"\" width=\"1414\" height=\"2000\" \/><\/picture><\/figure>\n<p class=\"wp-block-paragraph\">La documentaci\u00f3n disponible no demuestra en qu\u00e9 instancia del sistema cubano se decidi\u00f3 canalizar operaciones millonarias a trav\u00e9s de las empresas de Ram\u00f3n Carretero. Tampoco identifica a los funcionarios que participaron en la selecci\u00f3n de proveedores o que aprobaron las compras. Pero s\u00ed descartan que Carretero fuera un desconocido para los c\u00edrculos de poder en Cuba.<\/p>\n<p class=\"wp-block-paragraph\">De hecho, las \u00faltimas importaciones realizadas a nombre de \u00e9stas compa\u00f1\u00edas que pudo ver esta alianza fueron registradas el 26 de diciembre de 2025, apenas una semana antes de la captura de Nicol\u00e1s Maduro y del endurecimiento de la pol\u00edtica contra Venezuela y Cuba por parte de la administraci\u00f3n de Donald Trump.<\/p>\n<p class=\"wp-block-paragraph\">Ram\u00f3n Carretero y su abogada fueron contactados para obtener sus versiones, pero decidieron no responder las preguntas de los reporteros de esra alianza. Por su parte, Vicente Carretero asegur\u00f3 que no ha tenido ninguna relaci\u00f3n comercial en Cuba. &#8220;A lo que respecta a Distribuidora Rali SA, ni mi persona, nunca hemos realizado negocios con Cuba&#8221;, afirm\u00f3 en un correo electr\u00f3nico enviado el 17 de agosto. Tambi\u00e9n dijo que no tiene empresas registradas en la isla ni v\u00ednculos con el poder: &#8220;No he tenido ninguna relaci\u00f3n con el gobierno cubano&#8221;. El empresario aclar\u00f3 que tampoco tiene relaci\u00f3n con Corporaci\u00f3n Log\u00edstica del Caribe.<\/p>\n<p class=\"wp-block-paragraph\">Despu\u00e9s de la publicaci\u00f3n de la investigaci\u00f3n\u00a0<em>Negocios de Familias<\/em>\u00a0en mayo de 2025, Ram\u00f3n Carretero demand\u00f3 en la jurisdicci\u00f3n judicial paname\u00f1a a periodistas de\u00a0<strong>Armando.info<\/strong>. Vicente Carretero tambi\u00e9n denunci\u00f3 a miembros del diario\u00a0<strong>La Prensa<\/strong>\u00a0el mes pasado, luego de publicar la \u00faltima historia sobre esta investigaci\u00f3n. Lo hizo en relaci\u00f3n a su negocio de rentar oficinas a entidades del Gobierno paname\u00f1o al mismo tiempo que fue ingresado en la Lista Clinton.<\/p>\n<p class=\"wp-block-paragraph\">Fundada en 1993 por los hermanos Ram\u00f3n y Vicente Carretero, Distribuidora Rali registr\u00f3 al menos 36 exportaciones con destino a Cuba desde Panam\u00e1 entre 2012 y 2016, seg\u00fan consta en los registros aduaneros. Aunque su especialidad original son las bicicletas, la compa\u00f1\u00eda paname\u00f1a envi\u00f3 repuestos para autom\u00f3viles, impresoras, equipos de fumigaci\u00f3n, materiales de construcci\u00f3n y art\u00edculos de oficina, entre otros art\u00edculos. La operatoria era siempre la misma: Distribuidora Rali enviaba los productos desde Panam\u00e1 y, en Cuba, eran recibidos por Corporaci\u00f3n Log\u00edstica del Caribe, seg\u00fan el detalle de los documentos navieros.<\/p>\n<p class=\"wp-block-paragraph\">Hubo una \u00faltima operaci\u00f3n en mayo de 2019. Distribuidora Rali envi\u00f3 460 bultos de neum\u00e1ticos para bicicletas a la Federaci\u00f3n Cubana de Ciclismo a trav\u00e9s de la Empresa Comercializadora e Importadora del Instituto Nacional de Deportes, Educaci\u00f3n F\u00edsica y Recreaci\u00f3n (Inder), un organismo estatal subordinado al Consejo de Ministros de Cuba. La marca termin\u00f3 dando nombre al equipo Cuba-Rali que represent\u00f3 a la isla en el Tour de Panam\u00e1. De hecho, el propio Vicente Carretero, entonces presidente de la Federaci\u00f3n Paname\u00f1a de Ciclismo, se fotografi\u00f3 con el equipo en la edici\u00f3n 2025 de esta competici\u00f3n.<\/p>\n<div class=\"kb-gallery-wrap-id-100477_4fb4ce-cc alignnone wp-block-kadence-advancedgallery\">\n<div class=\"kb-gallery-ul kb-gallery-non-static kb-gallery-type-slider kb-gallery-id-100477_4fb4ce-cc kb-gallery-caption-style-below kb-gallery-filter-none kb-gallery-magnific-init kb-light-gallery-1\" data-image-filter=\"none\" data-lightbox-caption=\"true\">\n<div id=\"splide02\" class=\"kt-blocks-carousel splide kt-carousel-container-dotstyle-dark kt-carousel-arrowstyle-none kt-carousel-dotstyle-dark kb-slider-group-arrow kb-slider-arrow-position-center kb-splide splide-initialized splide-slider is-overflow is-initialized splide--fade splide--ltr is-active\" role=\"region\" data-slider-anim-speed=\"400\" data-slider-scroll=\"1\" data-slider-arrows=\"false\" data-slider-fade=\"true\" data-slider-dots=\"true\" data-slider-type=\"slider\" data-slider-hover-pause=\"false\" data-slider-auto=\"\" data-slider-speed=\"7000\" data-show-pause-button=\"false\" aria-roledescription=\"carrusel\">\n<div id=\"splide02-track\" class=\"splide__track splide__track--fade splide__track--ltr\" aria-live=\"polite\" aria-atomic=\"true\">\n<ul id=\"splide02-list\" class=\"kt-blocks-carousel-init kb-blocks-slider splide__list splide is-initialized\" role=\"presentation\">\n<li id=\"splide02-slide01\" class=\"kb-slide-item kb-gallery-slide-item splide__slide is-active is-visible\" role=\"tabpanel\" aria-roledescription=\"diapositiva\" aria-label=\"1 de 1\">\n<div class=\"kadence-blocks-gallery-item\">\n<div class=\"kadence-blocks-gallery-item-inner\">\n<figure class=\"kb-gallery-figure kb-gallery-item-has-link kadence-blocks-gallery-item-has-caption\">\n<div class=\"kb-gal-image-radius\">\n<div class=\"kb-gallery-image-contain kadence-blocks-gallery-intrinsic kb-gallery-image-ratio-inherit kb-has-image-ratio-inherit\"><picture><source srcset=\"https:\/\/i1.wp.com\/armando.info\/wp-content\/uploads\/2026\/09\/cuba-e-paama-ciclismo-1-700x411.webp 700w, https:\/\/nuevaprensaamerica.com\/wp-content\/uploads\/2026\/09\/cuba-e-paama-ciclismo-1.jpg 750w\" type=\"image\/webp\" sizes=\"auto, (max-width: 700px) 100vw, 700px\" \/><img loading=\"lazy\" decoding=\"async\" class=\"wp-image-100515 skip-lazy sp-no-webp\" src=\"https:\/\/nuevaprensaamerica.com\/wp-content\/uploads\/2026\/09\/cuba-e-paama-ciclismo-1-700x411.jpg\" sizes=\"auto, (max-width: 700px) 100vw, 700px\" srcset=\"https:\/\/nuevaprensaamerica.com\/wp-content\/uploads\/2026\/09\/cuba-e-paama-ciclismo-1-700x411.jpg 700w, https:\/\/nuevaprensaamerica.com\/wp-content\/uploads\/2026\/09\/cuba-e-paama-ciclismo-1.jpg 750w\" alt=\"\" width=\"700\" height=\"411\" data-full-image=\"https:\/\/nuevaprensaamerica.com\/wp-content\/uploads\/2026\/09\/cuba-e-paama-ciclismo-1.jpg\" data-light-image=\"https:\/\/nuevaprensaamerica.com\/wp-content\/uploads\/2026\/09\/cuba-e-paama-ciclismo-1.jpg\" data-id=\"100515\" \/><\/picture><\/div>\n<\/div>\n<div class=\"kadence-blocks-gallery-item__caption\">Vicente Carretero (a la derecha), con el equipo Cuba-Rali en el Tour de Panam\u00e1 2025. Cr\u00e9dito: Prensa Latina.<\/div>\n<\/figure>\n<\/div>\n<\/div>\n<\/li>\n<\/ul>\n<\/div>\n<\/div>\n<\/div>\n<\/div>\n<p class=\"wp-block-paragraph\">La marca Rali se afianz\u00f3 en el mercado cubano con sus bicicletas, motos y triciclos el\u00e9ctricos. Sus productos\u00a0<a href=\"https:\/\/x.com\/CadenaCaribe\/status\/1300445010299703296?ref_src=twsrc%5Etfw%7Ctwcamp%5Etweetembed%7Ctwterm%5E1300445010299703296%7Ctwgr%5E9c29e07b1be09e3ed9a4c0ba7f7f457f2126de29%7Ctwcon%5Es1_&amp;ref_url=https%3A%2F%2Fd-18964948132543634097.ampproject.net%2F2607151349000%2Fframe.html\">a\u00fan se comercializan<\/a>\u00a0a trav\u00e9s de\u00a0<a href=\"https:\/\/www.facebook.com\/cimexcuba\/posts\/-rebaja-del-50-en-la-moto-el%C3%A9ctrica-rali-jj9-mu%C3%A9vete-con-estilo-comodidad-y-sin-\/1295221069457069\/\" target=\"_blank\" rel=\"noopener\">Cimex<\/a>\u00a0y Tiendas Caribe, cadenas estatales del conglomerado militar Gaesa que, seg\u00fan un informe oficial de 2017, controlaban el 98% del comercio minorista en Cuba.<\/p>\n<p class=\"wp-block-paragraph\">Las empresas estatales tambi\u00e9n\u00a0<a href=\"https:\/\/www.facebook.com\/cimexcuba\/posts\/-buscas-movilidad-econ%C3%B3gica-y-ecol%C3%B3gica-tenemos-lo-que-necesitas-moto-el%C3%A9ctrica-\/1270672155245294\/\" target=\"_blank\" rel=\"noopener\">promocionan<\/a>\u00a0en sus canales oficiales la marca Rali, cuyas bicicletas de los modelos R\u00edo, Isla y Tornado comenzaron a venderse, al menos\u00a0<a href=\"https:\/\/x.com\/CadenaCaribe\/status\/1300445010299703296?ref_src=twsrc%5Etfw%7Ctwcamp%5Etweetembed%7Ctwterm%5E1300445010299703296%7Ctwgr%5E9c29e07b1be09e3ed9a4c0ba7f7f457f2126de29%7Ctwcon%5Es1_&amp;ref_url=https%3A%2F%2Fd-18964948132543634097.ampproject.net%2F2607151349000%2Fframe.html\">en 2020<\/a>, por precios de entre\u00a0<a href=\"https:\/\/www.cibercuba.com\/noticias\/2020-10-08-u1-e43231-s27061-tiendas-caribe-promociona-facebook-bicicletas-500-dolares\" target=\"_blank\" rel=\"noopener\">125 y 505 d\u00f3lares<\/a>. Desde agosto de 2025, triciclos de la marca paname\u00f1a forman parte de la flota del\u00a0<a href=\"https:\/\/www.radiomayabeque.icrt.cu\/2025\/08\/23\/llega-primer-contingente-de-triciclos-electricos-a-delegacion-del-ministerio-de-la-agricultura-en-mayabeque\/\" target=\"_blank\" rel=\"noopener\">Ministerio de la Agricultura<\/a>.<\/p>\n<h3 class=\"wp-block-heading\"><strong>El \u00faltimo eslab\u00f3n de la cadena<\/strong><\/h3>\n<p class=\"wp-block-paragraph\">Connus Shop era una tienda\u00a0<em>online<\/em>\u00a0con precios en d\u00f3lares cuyo objetivo fue captar las divisas destinadas por los cubanos emigrados para abastecer a sus familiares que quedaron en la gran antilla. Fue inscrita como Connecting Us Pty en Panam\u00e1, que es el nombre comercial de Global Technology Inter S.A. Los registros mercantiles de esta sociedad muestran la presencia de operadores vinculados al entorno de Carretero, como Luis Carlos Zambrano, que ocupaba el cargo de presidente cuando se registr\u00f3 como plataforma de ventas por Internet. La compa\u00f1\u00eda fue registrada con domicilio en el Sky Business Center de Panam\u00e1, tambi\u00e9n conocido como Rali Business Center y propiedad de Vicente Carretero Napolitano.<\/p>\n<p class=\"wp-block-paragraph\">Un actor clave para entender los negocios de Carretero en Caracas y La Habana es Edwin Pitty Madrid, actual embajador de Panam\u00e1 en Cuba y exrepresentante del empresario en Venezuela. Pitty Madrid actu\u00f3 como\u00a0<a href=\"https:\/\/opencorporates.com\/companies\/pa\/840593\" target=\"_blank\" rel=\"noopener\">agente residente<\/a>\u00a0de Global Technology Inter en 2017, tres a\u00f1os despu\u00e9s de su creaci\u00f3n, y en 2022 registr\u00f3 en Panam\u00e1 la marca propia Connus en calidad de apoderado de la compa\u00f1\u00eda. Al mismo tiempo, entre 2017 y 2021, ejerci\u00f3 como apoderado de la Corporaci\u00f3n Log\u00edstica del Caribe, empresa insignia de la conexi\u00f3n con Cuba.<\/p>\n<p class=\"wp-block-paragraph\">Pero la conexi\u00f3n m\u00e1s significativa aparece en La Habana, donde, seg\u00fan su sitio web, ten\u00eda presencia f\u00edsica en el Anillo del Puerto, uno de los principales enclaves log\u00edsticos de la capital, que tambi\u00e9n alberga la Divisi\u00f3n de Comercio Electr\u00f3nico de Cimex. All\u00ed Connus Shop comparte infraestructura log\u00edstica con distintos portales de venta de Gaesa dirigidos al mercado cubano, como Puerto Env\u00edo, Almac\u00e9n-On y Carlos Tercero. Estos portales estuvieron agrupados en la plataforma de ventas online\u00a0<a href=\"https:\/\/diariodecuba.com\/cuba\/1781440765_67451.html\" target=\"_blank\" rel=\"noopener\">Env\u00edosCuba<\/a>, formalmente registrada como parte de una compa\u00f1\u00eda espa\u00f1ola, y que tambi\u00e9n dej\u00f3 de operar a inicios de junio, al mismo tiempo que la paname\u00f1a Connus Shop.<\/p>\n<p class=\"wp-block-paragraph\">\u00bfC\u00f3mo funcionan las tiendas online en Cuba? Mayormente, cubanos de la di\u00e1spora hacen compras por Internet con tarjetas de cr\u00e9dito y los productos (previamente importados y almacenados) llegan apenas unas horas despu\u00e9s a la puerta de sus familias en Cuba. El cat\u00e1logo de Connus Shop era tan heterog\u00e9neo que abarcaba desde art\u00edculos de higiene personal hasta medicamentos para mascotas y veh\u00edculos de la marca Rali, como el triciclo que carg\u00f3 la reproducci\u00f3n de la piedra funeraria de Fidel Castro en Santa Clara.<\/p>\n<div class=\"kb-gallery-wrap-id-100477_85e25d-1b alignnone wp-block-kadence-advancedgallery\">\n<div class=\"kb-gallery-ul kb-gallery-non-static kb-gallery-type-slider kb-gallery-id-100477_85e25d-1b kb-gallery-caption-style-below kb-gallery-filter-none kb-gallery-magnific-init kb-light-gallery-2\" data-image-filter=\"none\" data-lightbox-caption=\"true\">\n<div id=\"splide03\" class=\"kt-blocks-carousel splide kt-carousel-container-dotstyle-dark kt-carousel-arrowstyle-none kt-carousel-dotstyle-dark kb-slider-group-arrow kb-slider-arrow-position-center kb-splide splide-initialized splide-slider is-overflow is-initialized splide--fade splide--ltr is-active\" role=\"region\" data-slider-anim-speed=\"400\" data-slider-scroll=\"1\" data-slider-arrows=\"false\" data-slider-fade=\"true\" data-slider-dots=\"true\" data-slider-type=\"slider\" data-slider-hover-pause=\"false\" data-slider-auto=\"\" data-slider-speed=\"7000\" data-show-pause-button=\"false\" aria-roledescription=\"carrusel\">\n<div id=\"splide03-track\" class=\"splide__track splide__track--fade splide__track--ltr\" aria-live=\"polite\" aria-atomic=\"true\">\n<ul id=\"splide03-list\" class=\"kt-blocks-carousel-init kb-blocks-slider splide__list splide is-initialized\" role=\"presentation\">\n<li id=\"splide03-slide01\" class=\"kb-slide-item kb-gallery-slide-item splide__slide is-active is-visible\" role=\"tabpanel\" aria-roledescription=\"diapositiva\" aria-label=\"1 de 1\">\n<div class=\"kadence-blocks-gallery-item\">\n<div class=\"kadence-blocks-gallery-item-inner\">\n<figure class=\"kb-gallery-figure kb-gallery-item-has-link kadence-blocks-gallery-item-has-caption\">\n<div class=\"kb-gal-image-radius\">\n<div class=\"kb-gallery-image-contain kadence-blocks-gallery-intrinsic kb-gallery-image-ratio-inherit kb-has-image-ratio-inherit\"><picture><source srcset=\"https:\/\/i1.wp.com\/armando.info\/wp-content\/uploads\/2026\/09\/E-Pitty-reacciona-en-Insta-circulado-700x363.webp 700w,\/wp-content\/uploads\/2026\/09\/E-Pitty-reacciona-en-Insta-circulado-768x398.webp 768w,\/wp-content\/uploads\/2026\/09\/E-Pitty-reacciona-en-Insta-circulado-1536x796.webp 1536w,\/wp-content\/uploads\/2026\/09\/E-Pitty-reacciona-en-Insta-circulado-1235x640.webp 1235w,\/wp-content\/uploads\/2026\/09\/E-Pitty-reacciona-en-Insta-circulado.webp 1543w,\/wp-content\/uploads\/2026\/09\/E-Pitty-reacciona-en-Insta-circulado-700x363@2x.webp 1400w\" type=\"image\/webp\" sizes=\"auto, (max-width: 700px) 100vw, 700px\" \/><img loading=\"lazy\" decoding=\"async\" class=\"wp-image-100497 skip-lazy sp-no-webp\" src=\"https:\/\/nuevaprensaamerica.com\/wp-content\/uploads\/2026\/09\/E-Pitty-reacciona-en-Insta-circulado-700x363.jpg\" sizes=\"auto, (max-width: 700px) 100vw, 700px\" srcset=\"https:\/\/nuevaprensaamerica.com\/wp-content\/uploads\/2026\/09\/E-Pitty-reacciona-en-Insta-circulado-700x363.jpg 700w, https:\/\/nuevaprensaamerica.com\/wp-content\/uploads\/2026\/09\/E-Pitty-reacciona-en-Insta-circulado-768x398.jpg 768w, https:\/\/nuevaprensaamerica.com\/wp-content\/uploads\/2026\/09\/E-Pitty-reacciona-en-Insta-circulado-1536x796.jpg 1536w, https:\/\/nuevaprensaamerica.com\/wp-content\/uploads\/2026\/09\/E-Pitty-reacciona-en-Insta-circulado-1235x640.jpg 1235w, https:\/\/nuevaprensaamerica.com\/wp-content\/uploads\/2026\/09\/E-Pitty-reacciona-en-Insta-circulado.jpg 1543w, https:\/\/nuevaprensaamerica.com\/wp-content\/uploads\/2026\/09\/E-Pitty-reacciona-en-Insta-circulado-700x363@2x.jpg 1400w\" alt=\"\" width=\"700\" height=\"363\" data-full-image=\"https:\/\/nuevaprensaamerica.com\/wp-content\/uploads\/2026\/09\/E-Pitty-reacciona-en-Insta-circulado.jpg\" data-light-image=\"https:\/\/nuevaprensaamerica.com\/wp-content\/uploads\/2026\/09\/E-Pitty-reacciona-en-Insta-circulado.jpg\" data-id=\"100497\" \/><\/picture><\/div>\n<\/div>\n<div class=\"kadence-blocks-gallery-item__caption\">Edwin Pitty Madrid, actor clave en los negocios de Carretero en Caracas y La Habana, registr\u00f3 en Panam\u00e1 la marca Connus, en 2022. Cr\u00e9dito: Instagram @connus.shop<\/div>\n<\/figure>\n<\/div>\n<\/div>\n<\/li>\n<\/ul>\n<\/div>\n<\/div>\n<\/div>\n<\/div>\n<p class=\"wp-block-paragraph\">Connus Shop contrat\u00f3 proveedores extranjeros, principalmente de Turqu\u00eda, para obtener mercanc\u00edas gen\u00e9ricas que luego fueron reempacadas y vendidas bajo su marca privada. Esto le permiti\u00f3 controlar la imagen comercial y maximizar los m\u00e1rgenes de ganancia al distribuir los productos a trav\u00e9s de sus propias redes log\u00edsticas internas hacia el mercado minorista cubano. Arm\u00f3 un modelo que conect\u00f3 plataformas y pagos gestionados desde el exterior con el almacenamiento, la preparaci\u00f3n de pedidos y la distribuci\u00f3n dentro de Cuba.<\/p>\n<p class=\"wp-block-paragraph\">El negocio de productos de higiene y de consumo masivo desde Turqu\u00eda factur\u00f3 al menos\u00a0<strong>2<\/strong>,4 millones de d\u00f3lares desde finales de 2022.<\/p>\n<p class=\"wp-block-paragraph\">El modelo destaca por su rentabilidad, con incrementos de hasta 324% en el costo de los productos de alta rotaci\u00f3n. Un ejemplo revelador es el limpiador Asperox Blue Power, cuyo costo de f\u00e1brica es de apenas un d\u00f3lar, pero que se comercializa en la isla por 4,75 d\u00f3lares. Esta diferencia genera una ganancia bruta de 3,75 d\u00f3lares por unidad. Los m\u00e1rgenes comerciales del papel higi\u00e9nico, rotulado bajo las marcas Connus y Drop, superan 63%.<\/p>\n<div class=\"kb-gallery-wrap-id-100477_d82ef7-b7 alignnone wp-block-kadence-advancedgallery\">\n<div class=\"kb-gallery-ul kb-gallery-non-static kb-gallery-type-slider kb-gallery-id-100477_d82ef7-b7 kb-gallery-caption-style-below kb-gallery-filter-none kb-gallery-magnific-init kb-light-gallery-3\" data-image-filter=\"none\" data-lightbox-caption=\"true\">\n<div id=\"splide04\" class=\"kt-blocks-carousel splide kt-carousel-container-dotstyle-dark kt-carousel-arrowstyle-none kt-carousel-dotstyle-dark kb-slider-group-arrow kb-slider-arrow-position-center kb-splide splide-initialized splide-slider is-overflow is-initialized splide--fade splide--ltr is-active\" role=\"region\" data-slider-anim-speed=\"400\" data-slider-scroll=\"1\" data-slider-arrows=\"false\" data-slider-fade=\"true\" data-slider-dots=\"true\" data-slider-type=\"slider\" data-slider-hover-pause=\"false\" data-slider-auto=\"\" data-slider-speed=\"7000\" data-show-pause-button=\"false\" aria-roledescription=\"carrusel\">\n<div id=\"splide04-track\" class=\"splide__track splide__track--fade splide__track--ltr\" aria-live=\"polite\" aria-atomic=\"true\">\n<ul id=\"splide04-list\" class=\"kt-blocks-carousel-init kb-blocks-slider splide__list splide is-initialized\" role=\"presentation\">\n<li id=\"splide04-slide01\" class=\"kb-slide-item kb-gallery-slide-item splide__slide is-active is-visible\" role=\"tabpanel\" aria-roledescription=\"diapositiva\" aria-label=\"1 de 1\">\n<div class=\"kadence-blocks-gallery-item\">\n<div class=\"kadence-blocks-gallery-item-inner\">\n<figure class=\"kb-gallery-figure kb-gallery-item-has-link kadence-blocks-gallery-item-has-caption\">\n<div class=\"kb-gal-image-radius\">\n<div class=\"kb-gallery-image-contain kadence-blocks-gallery-intrinsic kb-gallery-image-ratio-inherit kb-has-image-ratio-inherit\"><picture><source srcset=\"https:\/\/i1.wp.com\/armando.info\/wp-content\/uploads\/2026\/09\/Prod-Limpieza-2-700x525.webp 700w,\/wp-content\/uploads\/2026\/09\/Prod-Limpieza-2-768x576.webp 768w,\/wp-content\/uploads\/2026\/09\/Prod-Limpieza-2.webp 1080w\" type=\"image\/webp\" sizes=\"auto, (max-width: 700px) 100vw, 700px\" \/><img loading=\"lazy\" decoding=\"async\" class=\"wp-image-100500 skip-lazy sp-no-webp\" src=\"https:\/\/nuevaprensaamerica.com\/wp-content\/uploads\/2026\/09\/Prod-Limpieza-2-700x525.jpg\" sizes=\"auto, (max-width: 700px) 100vw, 700px\" srcset=\"https:\/\/nuevaprensaamerica.com\/wp-content\/uploads\/2026\/09\/Prod-Limpieza-2-700x525.jpg 700w, https:\/\/nuevaprensaamerica.com\/wp-content\/uploads\/2026\/09\/Prod-Limpieza-2-768x576.jpg 768w, https:\/\/nuevaprensaamerica.com\/wp-content\/uploads\/2026\/09\/Prod-Limpieza-2.jpg 1080w\" alt=\"\" width=\"700\" height=\"525\" data-full-image=\"https:\/\/nuevaprensaamerica.com\/wp-content\/uploads\/2026\/09\/Prod-Limpieza-2.jpg\" data-light-image=\"https:\/\/nuevaprensaamerica.com\/wp-content\/uploads\/2026\/09\/Prod-Limpieza-2.jpg\" data-id=\"100500\" \/><\/picture><\/div>\n<\/div>\n<div class=\"kadence-blocks-gallery-item__caption\">En tiendas locales el limpiador Asperox se consigue a un precio tres veces superior a su costo de f\u00e1brica. Cr\u00e9dito: Diario de Cuba<\/div>\n<\/figure>\n<\/div>\n<\/div>\n<\/li>\n<\/ul>\n<\/div>\n<\/div>\n<\/div>\n<\/div>\n<p class=\"wp-block-paragraph\">El auge del comercio\u00a0<em>online<\/em>\u00a0en Cuba se dio en 2019 con la creaci\u00f3n de portales de compra en l\u00ednea en Moneda Libremente Convertible (MLC), una moneda virtual creada por el gobierno cubano, cuya cotizaci\u00f3n es equivalente al d\u00f3lar. La bonanza del comercio electr\u00f3nico se consolid\u00f3 tras el\u00a0<em>Ordenamiento Monetario<\/em>\u00a0implementado por el Gobierno en 2021, y se potenci\u00f3 desde la pandemia de la Covid-19. Aunque las autoridades cubanas no publican cifras, los c\u00e1lculos del portal\u00a0<a href=\"https:\/\/jalao.app\/blog\/ecommerce-cuba-717-millones\" target=\"_blank\" rel=\"noopener\">Statista Market Insights<\/a>\u00a0apuntan a un crecimiento del comercio electr\u00f3nico cercano a 50% entre 2021 y 2026.<\/p>\n<p class=\"wp-block-paragraph\">Este nuevo negocio refleja un cambio estructural en el modelo econ\u00f3mico cubano. Ante el agotamiento de los subsidios procedentes de la Uni\u00f3n Sovi\u00e9tica, primero, y de Venezuela, despu\u00e9s, el r\u00e9gimen ha orientado una parte creciente de su estrategia de financiamiento hacia la captaci\u00f3n de recursos provenientes de la di\u00e1spora. El triciclo Rali es apenas un ejemplo de este esquema:\u00a0<a href=\"https:\/\/connushop.com\/producto\/triciclo-pick-up-1000w-rali\/\" target=\"_blank\" rel=\"noopener\">se comercializaba<\/a>\u00a0en julio de 2025 por\u00a0<a href=\"https:\/\/connushop.com\/producto\/triciclo-pick-up-1000w-rali\/\" target=\"_blank\" rel=\"noopener\">3.795 d\u00f3lares<\/a>\u00a0en Connus Shop, lo que equivale a 370 veces el salario promedio de la Isla.<\/p>\n<p class=\"wp-block-paragraph\">El mismo producto se pod\u00eda encontrar en\u00a0<a href=\"https:\/\/www.alibaba.com\/product-detail\/EEC-COC-Price-Enclosed-Electric-Cabin_1600930406729.html\" target=\"_blank\" rel=\"noopener\">la plataforma Alibaba<\/a>\u00a0por 1.100 d\u00f3lares.<\/p>\n<p class=\"wp-block-paragraph\">La embajada de Panam\u00e1 en La Habana tambi\u00e9n import\u00f3 insumos a trav\u00e9s de Carretero, seg\u00fan los registros aduaneros. El 29 de agosto de 2024, dos meses antes del nombramiento de Pitty Madrid, Corporaci\u00f3n Log\u00edstica ZLC export\u00f3 a la sede consular en Cuba una camioneta de siete plazas por un valor de 57.000 d\u00f3lares. En ese momento y hasta enero de este a\u00f1o, Pitty Madrid figuraba como uno de los abogados suscriptores de esta empresa.<\/p>\n<p class=\"wp-block-paragraph\">A pesar de las sanciones de Estados Unidos contra los hermanos Carretero en diciembre de 2025, Connus continu\u00f3 operando como tienda virtual en Cuba durante los primeros meses de 2026. Sin embargo, su actividad fue interrumpida el 5 de junio de 2026 tras la entrada en vigor de la\u00a0<a href=\"https:\/\/www.state.gov\/releases\/office-of-the-spokesperson\/2026\/05\/u-s-sanctions-target-cubas-military-regime-elites\/\" target=\"_blank\" rel=\"noopener\">Orden Ejecutiva 14404<\/a>, firmada por la administraci\u00f3n Trump. Esta disposici\u00f3n autoriza sanciones contra bancos, procesadores de pagos y empresas extranjeras que mantengan relaciones comerciales con entidades cubanas incluidas en la lista de sanciones, entre ellas Gaesa.<\/p>\n<h2 class=\"wp-block-heading\">\u201cMuuucha leche\u201d que no es leche<\/h2>\n<p class=\"wp-block-paragraph\">Otro de los art\u00edculos que vend\u00eda Connus Shop era\u00a0<em>Muuucha Leche<\/em>, un preparado l\u00e1cteo disponible en\u00a0<a href=\"https:\/\/shop.vralex.com\/en\/product\/muuucha-leche-milk-powder-1kg\/\" target=\"_blank\" rel=\"noopener\">tiendas online<\/a>\u00a0por 8,35 d\u00f3lares el kilo. Este producto, que se comercializa a m\u00e1s del doble de su costo, es fabricado por la empresa brasile\u00f1a\u00a0<a href=\"https:\/\/bodegamayor.com\/leche-en-polvo-alibra\" target=\"_blank\" rel=\"noopener\"><strong>Alibra Ingredientes S.A.<\/strong>,<\/a>\u00a0pero llega al mercado cubano importado por la red de Carretero. Un kilo de Muuucha Leche equivale a m\u00e1s de 80% del salario promedio mensual en Cuba.<\/p>\n<p class=\"wp-block-paragraph\">Pero su valor nutricional no cumple con los est\u00e1ndares internacionales del\u00a0<em>Codex Alimentarius<\/em>\u00a0elaborado por\u00a0<a href=\"https:\/\/www.fao.org\/fao-who-codexalimentarius\/sh-proxy\/en\/?lnk=1&amp;url=https%253A%252F%252Fworkspace.fao.org%252Fsites%252Fcodex%252FStandards%252FCXS%2B207-1999%252FCXS_207s.pdf\" target=\"_blank\" rel=\"noopener\">Naciones Unidas<\/a>\u00a0y la Organizaci\u00f3n Mundial de la Salud (OMS), que fueron adoptados por Cuba. El producto contiene apenas cinco gramos de prote\u00edna y 313 miligramos de calcio por cada 100 gramos, frente a los 26 gramos de prote\u00edna y 950 miligramos de calcio de una leche entera en polvo convencional. Esto significa que un ni\u00f1o cubano tendr\u00eda que consumir m\u00e1s de cinco vasos de este preparado para obtener la prote\u00edna que aporta un solo vaso de leche.<\/p>\n<p class=\"wp-block-paragraph\">La composici\u00f3n de Muuucha leche incluye altos niveles de carbohidratos, grasas vegetales, jarabe de glucosa y maltodextrina. Aunque se comercializa con un nombre sugerente, la propia etiqueta evita llamarlo leche y lo clasifica t\u00e9cnicamente como &#8220;polvo para el preparado de alimentos&#8221;.<\/p>\n<div class=\"kb-gallery-wrap-id-100477_26be23-71 alignnone wp-block-kadence-advancedgallery\">\n<div class=\"kb-gallery-ul kb-gallery-non-static kb-gallery-type-slider kb-gallery-id-100477_26be23-71 kb-gallery-caption-style-below kb-gallery-filter-none kb-gallery-magnific-init kb-light-gallery-4\" data-image-filter=\"none\" data-lightbox-caption=\"true\">\n<div id=\"splide05\" class=\"kt-blocks-carousel splide kt-carousel-container-dotstyle-dark kt-carousel-arrowstyle-none kt-carousel-dotstyle-dark kb-slider-group-arrow kb-slider-arrow-position-center kb-splide splide-initialized splide-slider is-overflow is-initialized splide--fade splide--ltr is-active\" role=\"region\" data-slider-anim-speed=\"400\" data-slider-scroll=\"1\" data-slider-arrows=\"false\" data-slider-fade=\"true\" data-slider-dots=\"true\" data-slider-type=\"slider\" data-slider-hover-pause=\"false\" data-slider-auto=\"\" data-slider-speed=\"7000\" data-show-pause-button=\"false\" aria-roledescription=\"carrusel\">\n<div id=\"splide05-track\" class=\"splide__track splide__track--fade splide__track--ltr\" aria-live=\"polite\" aria-atomic=\"true\">\n<ul id=\"splide05-list\" class=\"kt-blocks-carousel-init kb-blocks-slider splide__list splide is-initialized\" role=\"presentation\">\n<li id=\"splide05-slide01\" class=\"kb-slide-item kb-gallery-slide-item splide__slide is-active is-visible\" role=\"tabpanel\" aria-roledescription=\"diapositiva\" aria-label=\"1 de 1\">\n<div class=\"kadence-blocks-gallery-item\">\n<div class=\"kadence-blocks-gallery-item-inner\">\n<figure class=\"kb-gallery-figure kb-gallery-item-has-link kadence-blocks-gallery-item-has-caption\">\n<div class=\"kb-gal-image-radius\">\n<div class=\"kb-gallery-image-contain kadence-blocks-gallery-intrinsic kb-gallery-image-ratio-inherit kb-has-image-ratio-inherit\"><picture><source srcset=\"https:\/\/i1.wp.com\/armando.info\/wp-content\/uploads\/2026\/09\/Mucha-Leche-700x525.webp 700w,\/wp-content\/uploads\/2026\/09\/Mucha-Leche-768x576.webp 768w,\/wp-content\/uploads\/2026\/09\/Mucha-Leche.webp 1080w\" type=\"image\/webp\" sizes=\"auto, (max-width: 700px) 100vw, 700px\" \/><img loading=\"lazy\" decoding=\"async\" class=\"wp-image-100524 skip-lazy sp-no-webp\" src=\"https:\/\/nuevaprensaamerica.com\/wp-content\/uploads\/2026\/09\/Mucha-Leche-700x525.jpg\" sizes=\"auto, (max-width: 700px) 100vw, 700px\" srcset=\"https:\/\/nuevaprensaamerica.com\/wp-content\/uploads\/2026\/09\/Mucha-Leche-700x525.jpg 700w, https:\/\/nuevaprensaamerica.com\/wp-content\/uploads\/2026\/09\/Mucha-Leche-768x576.jpg 768w, https:\/\/nuevaprensaamerica.com\/wp-content\/uploads\/2026\/09\/Mucha-Leche.jpg 1080w\" alt=\"\" width=\"700\" height=\"525\" data-full-image=\"https:\/\/nuevaprensaamerica.com\/wp-content\/uploads\/2026\/09\/Mucha-Leche.jpg\" data-light-image=\"https:\/\/nuevaprensaamerica.com\/wp-content\/uploads\/2026\/09\/Mucha-Leche.jpg\" data-id=\"100524\" \/><\/picture><\/div>\n<\/div>\n<div class=\"kadence-blocks-gallery-item__caption\">Muuucha Leche, de Connus Shop, en venta en una tienda del Conglomerado militar GAESA en Cuba, 2026. Cr\u00e9dito: Diario de Cuba<\/div>\n<\/figure>\n<\/div>\n<\/div>\n<\/li>\n<\/ul>\n<\/div>\n<\/div>\n<\/div>\n<\/div>\n<p class=\"wp-block-paragraph\">La sustituci\u00f3n de leche por mezclas de suero y grasas para maximizar ganancias ya fue utilizada en Venezuela con los productos de las cajas CLAP vinculadas a\u00a0<a href=\"https:\/\/storage.googleapis.com\/qurium\/armando.info\/series-el-caso-de-alex-saab.html\">Alex Saab<\/a>, empresario colombiano procesado en Estados Unidos por un esquema de lavado de dinero relacionado con esos contratos p\u00fablicos venezolanos.<\/p>\n<p class=\"wp-block-paragraph\">Muuucha Leche no solo estaba disponible en Connus Shop, sino que actualmente ocupa los estantes de las tiendas de la Cadena Caribe y Cimex, ambas controladas por el conglomerado militar Gaesa.<\/p>\n<p class=\"wp-block-paragraph\">La leche fue hist\u00f3ricamente un pilar de la pol\u00edtica alimentaria y un s\u00edmbolo del modelo social de la Revoluci\u00f3n Cubana. Durante d\u00e9cadas, su distribuci\u00f3n subsidiada para ni\u00f1os y embarazadas fue una prioridad. Sin embargo, el colapso de la producci\u00f3n estatal y las fuertes restricciones al sector privado hundieron la producci\u00f3n nacional, incapaz ya de cubrir esa demanda prioritaria.<\/p>\n<p class=\"wp-block-paragraph\">Paralelamente, la expansi\u00f3n del circuito comercial en Moneda Libremente Convertible (MLC) y el auge de las plataformas de venta en l\u00ednea dirigidas a la di\u00e1spora desplazaron el grueso de la oferta de leche \u2014o de sus suced\u00e1neos\u2014\u00a0<a href=\"https:\/\/diariodecuba.com\/cuba\/1786032098_68350.html\" target=\"_blank\" rel=\"noopener\">hacia el mercado dolarizado<\/a>.<\/p>\n<p class=\"wp-block-paragraph\">La escasez que sufre Cuba ya trasciende sus causas originales. Al limitar las alternativas de abastecimiento y mantener una demanda cautiva de bienes esenciales, el gobierno cubano ha creado las condiciones para que una intermediaci\u00f3n internacional como la de Ram\u00f3n Carretero forme parte de un mismo mecanismo con el cual se puede hacer mucho dinero en momentos de necesidades cr\u00edticas.<\/p>\n<hr class=\"wp-block-separator has-alpha-channel-opacity\" \/>\n<p class=\"wp-block-paragraph\"><em>Colaboradores de DIARIO DE CUBA en la Isla, con identidad protegida, contribuyeron a rastrear productos en tiendas f\u00edsicas para este reportaje.\u00a0<\/em><\/p>\n<div class=\"lazyblock-embed-script-2uqCAr wp-block-lazyblock-embed-script\">\n<div class=\"signature-container\">\n<div class=\"logo-container\"><a href=\"https:\/\/www.elclip.org\/negocios-de-familias\/\" target=\"blank\" rel=\"noopener\"><img decoding=\"async\" src=\"https:\/\/nuevaprensaamerica.com\/wp-content\/uploads\/2026\/09\/logo.jpg\" alt=\"Negocios de Familias\" \/><\/a><\/div>\n<div class=\"signature-copy\">\n<p>Negocios de familias revela las relaciones comerciales desplegadas por el empresario Carretero Napolitano con los reg\u00edmenes de Venezuela y Cuba.Es una investigaci\u00f3n realizada por el Centro Latinoamericano de Investigaci\u00f3n Period\u00edstica (<a href=\"https:\/\/www.elclip.org\/\" target=\"_blank\" rel=\"noopener\">CLIP<\/a>),\u00a0<a href=\"https:\/\/transparenciave.org\/\" target=\"_blank\" rel=\"noopener\">Transparencia Venezuela<\/a>\u00a0en el Exilio,\u00a0<a href=\"https:\/\/storage.googleapis.com\/qurium\/armando.info\/index.html\" target=\"_blank\" rel=\"noopener\">Armando.Info<\/a>\u00a0(Venezuela),\u00a0<a href=\"https:\/\/diariodecuba.com\/\" target=\"_blank\" rel=\"noopener\">Diario de Cuba<\/a>\u00a0(Cuba) y\u00a0<a href=\"https:\/\/www.laprensa.com.pa\/\" target=\"_blank\" rel=\"noopener\">La Prensa<\/a>\u00a0(Panam\u00e1).<\/p>\n<div><\/div>\n<\/div>\n<\/div>\n<\/div>\n<div class=\"wps-pgfw-pdf-generate-icon__wrapper-frontend\"><a class=\"pgfw-single-pdf-download-button\" href=\"https:\/\/storage.googleapis.com\/ramon-carretero-y-el-negocio-de-la-escasez-en-cuba?action=genpdf&amp;id=100477\"><img decoding=\"async\" title=\"Generar PDF\" src=\"https:\/\/storage.googleapis.com\/qurium\/armando.info\/wp-content\/plugins\/pdf-generator-for-wp\/admin\/src\/images\/PDF_Tray.svg\" \/><\/a><\/div>\n<div><\/div>\n<div><a href=\"https:\/\/storage.googleapis.com\/qurium\/armando.info\/ramon-carretero-y-el-negocio-de-la-escasez-en-cuba.html\">FUENTE<\/a><\/div>\n","protected":false},"excerpt":{"rendered":"<p>El empresario paname\u00f1o, uno de los proveedores favoritos desde el comienzo de su mandato en 2013, fue uno de los intermediarios en el abastecimiento de [&hellip;]<\/p>\n","protected":false},"author":1,"featured_media":8673,"comment_status":"open","ping_status":"open","sticky":false,"template":"","format":"standard","meta":{"h5ap_radio_sources":[],"_FSMCFIC_featured_image_caption":"","_FSMCFIC_featured_image_nocaption":"","_FSMCFIC_featured_image_hide":"","_jetpack_memberships_contains_paid_content":false,"footnotes":""},"categories":[4],"tags":[],"class_list":["post-8642","post","type-post","status-publish","format-standard","has-post-thumbnail","hentry","category-panama"],"aioseo_notices":[],"jetpack_featured_media_url":"https:\/\/nuevaprensaamerica.com\/wp-content\/uploads\/2026\/09\/Captura-de-pantalla-2026-09-03-a-las-20.22.50.png","jetpack_sharing_enabled":true,"_links":{"self":[{"href":"https:\/\/nuevaprensaamerica.com\/index.php\/wp-json\/wp\/v2\/posts\/8642","targetHints":{"allow":["GET"]}}],"collection":[{"href":"https:\/\/nuevaprensaamerica.com\/index.php\/wp-json\/wp\/v2\/posts"}],"about":[{"href":"https:\/\/nuevaprensaamerica.com\/index.php\/wp-json\/wp\/v2\/types\/post"}],"author":[{"embeddable":true,"href":"https:\/\/nuevaprensaamerica.com\/index.php\/wp-json\/wp\/v2\/users\/1"}],"replies":[{"embeddable":true,"href":"https:\/\/nuevaprensaamerica.com\/index.php\/wp-json\/wp\/v2\/comments?post=8642"}],"version-history":[{"count":6,"href":"https:\/\/nuevaprensaamerica.com\/index.php\/wp-json\/wp\/v2\/posts\/8642\/revisions"}],"predecessor-version":[{"id":8674,"href":"https:\/\/nuevaprensaamerica.com\/index.php\/wp-json\/wp\/v2\/posts\/8642\/revisions\/8674"}],"wp:featuredmedia":[{"embeddable":true,"href":"https:\/\/nuevaprensaamerica.com\/index.php\/wp-json\/wp\/v2\/media\/8673"}],"wp:attachment":[{"href":"https:\/\/nuevaprensaamerica.com\/index.php\/wp-json\/wp\/v2\/media?parent=8642"}],"wp:term":[{"taxonomy":"category","embeddable":true,"href":"https:\/\/nuevaprensaamerica.com\/index.php\/wp-json\/wp\/v2\/categories?post=8642"},{"taxonomy":"post_tag","embeddable":true,"href":"https:\/\/nuevaprensaamerica.com\/index.php\/wp-json\/wp\/v2\/tags?post=8642"}],"curies":[{"name":"wp","href":"https:\/\/api.w.org\/{rel}","templated":true}]}}