{"id":996,"date":"2024-01-02T22:10:11","date_gmt":"2024-01-02T22:10:11","guid":{"rendered":"https:\/\/nuevaprensaamerica.com\/?p=996"},"modified":"2024-01-02T22:10:11","modified_gmt":"2024-01-02T22:10:11","slug":"josef-martinez-el-goleador-venezolano-que-oculta-su-relacion-con-la-hija-de-el-negro-veroes-contratista-condenado-por-el-saqueo-electrico-en-venezuela","status":"publish","type":"post","link":"https:\/\/nuevaprensaamerica.com\/index.php\/2024\/01\/02\/josef-martinez-el-goleador-venezolano-que-oculta-su-relacion-con-la-hija-de-el-negro-veroes-contratista-condenado-por-el-saqueo-electrico-en-venezuela\/","title":{"rendered":"Josef Mart\u00ednez, el goleador venezolano que oculta su relaci\u00f3n con la hija de \u201cEl Negro\u201d Veroes, contratista condenado por el saqueo el\u00e9ctrico en Venezuela"},"content":{"rendered":"<div><b>Por Luz Elizondo<\/b><\/div>\n<div><b>El Condumio | Opini\u00f3n<\/b><\/div>\n<div><b><a href=\"https:\/\/www.hable.se\/2023\/12\/josef-martinez-el-jugador-de-la.html\" target=\"_blank\" rel=\"noopener\">hable.se<\/a><\/b><\/div>\n<p>El delantero venezolano Josef Alexander Mart\u00ednez, quien ha brillado en clubes de Estados Unidos y en la selecci\u00f3n de su pa\u00eds, tiene una vida privada que parece no querer que se conozca en Venezuela. Se trata de su relaci\u00f3n amorosa y supuesto matrimonio con Valentina Veroes Lazo, la hija de un pol\u00e9mico empresario vinculado a casos de soborno y lavado de dinero.<\/p>\n<h3>Un amor secreto<\/h3>\n<p>Seg\u00fan versiones no confirmadas, Josef Mart\u00ednez habr\u00eda contra\u00eddo nupcias con Valentina Veroes hace unos meses, en una ceremonia \u00edntima y reservada.<\/p>\n<figure id=\"attachment_1000\" aria-describedby=\"caption-attachment-1000\" style=\"width: 960px\" class=\"wp-caption aligncenter\"><a href=\"https:\/\/nuevaprensaamerica.com\/wp-content\/uploads\/2024\/01\/martinez720122315001000.jpg\"><img loading=\"lazy\" decoding=\"async\" class=\"size-full wp-image-1000\" src=\"https:\/\/nuevaprensaamerica.com\/wp-content\/uploads\/2024\/01\/martinez720122315001000.jpg\" alt=\"\" width=\"960\" height=\"1200\" srcset=\"https:\/\/nuevaprensaamerica.com\/wp-content\/uploads\/2024\/01\/martinez720122315001000.jpg 960w, https:\/\/nuevaprensaamerica.com\/wp-content\/uploads\/2024\/01\/martinez720122315001000-240x300.jpg 240w, https:\/\/nuevaprensaamerica.com\/wp-content\/uploads\/2024\/01\/martinez720122315001000-819x1024.jpg 819w, https:\/\/nuevaprensaamerica.com\/wp-content\/uploads\/2024\/01\/martinez720122315001000-768x960.jpg 768w\" sizes=\"auto, (max-width: 960px) 100vw, 960px\" \/><\/a><figcaption id=\"caption-attachment-1000\" class=\"wp-caption-text\">Valentina Veroes y Josef Mart\u00ednez<\/figcaption><\/figure>\n<p>Sin embargo, lo que s\u00ed se ha podido confirmar es que Josef y Valentina han mantenido una relaci\u00f3n discreta y que ya son padres de un ni\u00f1o, que naci\u00f3 en noviembre de 2022 en Estados Unidos. El bautizo del peque\u00f1o se realiz\u00f3 en Miami, en mayo de 2023, con la presencia de algunos amigos y familiares.<\/p>\n<div id='gallery-1' class='gallery galleryid-996 gallery-columns-1 gallery-size-full'><figure class='gallery-item'>\n\t\t\t<div class='gallery-icon landscape'>\n\t\t\t\t<a href='https:\/\/nuevaprensaamerica.com\/wp-content\/uploads\/2024\/01\/martinez-veroes20122312001000.jpg'><img loading=\"lazy\" decoding=\"async\" width=\"1200\" height=\"1200\" src=\"https:\/\/nuevaprensaamerica.com\/wp-content\/uploads\/2024\/01\/martinez-veroes20122312001000.jpg\" class=\"attachment-full size-full\" alt=\"\" aria-describedby=\"gallery-1-1003\" srcset=\"https:\/\/nuevaprensaamerica.com\/wp-content\/uploads\/2024\/01\/martinez-veroes20122312001000.jpg 1200w, https:\/\/nuevaprensaamerica.com\/wp-content\/uploads\/2024\/01\/martinez-veroes20122312001000-300x300.jpg 300w, https:\/\/nuevaprensaamerica.com\/wp-content\/uploads\/2024\/01\/martinez-veroes20122312001000-1024x1024.jpg 1024w, https:\/\/nuevaprensaamerica.com\/wp-content\/uploads\/2024\/01\/martinez-veroes20122312001000-150x150.jpg 150w, https:\/\/nuevaprensaamerica.com\/wp-content\/uploads\/2024\/01\/martinez-veroes20122312001000-768x768.jpg 768w\" sizes=\"auto, (max-width: 1200px) 100vw, 1200px\" \/><\/a>\n\t\t\t<\/div>\n\t\t\t\t<figcaption class='wp-caption-text gallery-caption' id='gallery-1-1003'>\n\t\t\t\tValentina Veroes y Josef Mart\u00ednez (en el centro de la imagen)\n\t\t\t\t<\/figcaption><\/figure><figure class='gallery-item'>\n\t\t\t<div class='gallery-icon portrait'>\n\t\t\t\t<a href='https:\/\/nuevaprensaamerica.com\/wp-content\/uploads\/2024\/01\/veroes-martinez20122321331000.jpg'><img loading=\"lazy\" decoding=\"async\" width=\"675\" height=\"1200\" src=\"https:\/\/nuevaprensaamerica.com\/wp-content\/uploads\/2024\/01\/veroes-martinez20122321331000.jpg\" class=\"attachment-full size-full\" alt=\"\" aria-describedby=\"gallery-1-1004\" srcset=\"https:\/\/nuevaprensaamerica.com\/wp-content\/uploads\/2024\/01\/veroes-martinez20122321331000.jpg 675w, https:\/\/nuevaprensaamerica.com\/wp-content\/uploads\/2024\/01\/veroes-martinez20122321331000-169x300.jpg 169w, https:\/\/nuevaprensaamerica.com\/wp-content\/uploads\/2024\/01\/veroes-martinez20122321331000-576x1024.jpg 576w\" sizes=\"auto, (max-width: 675px) 100vw, 675px\" \/><\/a>\n\t\t\t<\/div>\n\t\t\t\t<figcaption class='wp-caption-text gallery-caption' id='gallery-1-1004'>\n\t\t\t\tValentina Veroes, Josef Mart\u00ednez y la suegra del futbolista\n\t\t\t\t<\/figcaption><\/figure>\n\t\t<\/div>\n\n<p>Antes, en agosto de 2022, la pareja hab\u00eda anunciado el sexo del beb\u00e9 en una fiesta en el campo de juego del estadio donde Mart\u00ednez militaba en el Inter de Miami, rompiendo un bal\u00f3n de f\u00fatbol lleno de polvo azul.<\/p>\n<div style=\"left: 0; width: 100%; height: 0; position: relative; padding-bottom: 56.0081%;\"><iframe style=\"top: 0; left: 0; width: 100%; height: 100%; position: absolute; border: 0;\" src=\"https:\/\/ok.ru\/videoembed\/6785365052044\" scrolling=\"no\" allowfullscreen=\"allowfullscreen\"><\/iframe><\/div>\n<p>&nbsp;<\/p>\n<h3>Vida de lujo<\/h3>\n<p>Valentina Veroes es una joven acostumbrada a disfrutar de viajes, yates, fiestas y celebridades. Gracias a la carrera de Mart\u00ednez, ha podido relacionarse con figuras del deporte como los Beckham y Messi, entre otros. En Miami, donde reside actualmente la pareja, Valentina suele disfrutar de su lujoso estilo de vida.<\/p>\n<p><a href=\"https:\/\/nuevaprensaamerica.com\/wp-content\/uploads\/2024\/01\/valentina-veroes-120122315001000.jpg\"><img loading=\"lazy\" decoding=\"async\" class=\"aligncenter size-full wp-image-1007\" src=\"https:\/\/nuevaprensaamerica.com\/wp-content\/uploads\/2024\/01\/valentina-veroes-120122315001000.jpg\" alt=\"\" width=\"960\" height=\"1200\" srcset=\"https:\/\/nuevaprensaamerica.com\/wp-content\/uploads\/2024\/01\/valentina-veroes-120122315001000.jpg 960w, https:\/\/nuevaprensaamerica.com\/wp-content\/uploads\/2024\/01\/valentina-veroes-120122315001000-240x300.jpg 240w, https:\/\/nuevaprensaamerica.com\/wp-content\/uploads\/2024\/01\/valentina-veroes-120122315001000-819x1024.jpg 819w, https:\/\/nuevaprensaamerica.com\/wp-content\/uploads\/2024\/01\/valentina-veroes-120122315001000-768x960.jpg 768w\" sizes=\"auto, (max-width: 960px) 100vw, 960px\" \/><\/a><\/p>\n<p>Josef Mart\u00ednez, sin embargo, evita mostrar su relaci\u00f3n con Valentina en sus redes sociales, posiblemente por temor a las reacciones de sus fan\u00e1ticos en Venezuela. Y es que el padre de Valentina, Jes\u00fas Ram\u00f3n Veroes Casadiego, m\u00e1s conocido como &#8220;El Negro&#8221; Veroes, es un empresario que ha estado involucrado en esc\u00e1ndalos de corrupci\u00f3n y que ha sido condenado por la justicia estadounidense.<\/p>\n<div id='gallery-2' class='gallery galleryid-996 gallery-columns-1 gallery-size-full'><figure class='gallery-item'>\n\t\t\t<div class='gallery-icon landscape'>\n\t\t\t\t<a href='https:\/\/nuevaprensaamerica.com\/wp-content\/uploads\/2024\/01\/Valentina-Veroes-12012239641000.jpg'><img loading=\"lazy\" decoding=\"async\" width=\"1200\" height=\"964\" src=\"https:\/\/nuevaprensaamerica.com\/wp-content\/uploads\/2024\/01\/Valentina-Veroes-12012239641000.jpg\" class=\"attachment-full size-full\" alt=\"\" srcset=\"https:\/\/nuevaprensaamerica.com\/wp-content\/uploads\/2024\/01\/Valentina-Veroes-12012239641000.jpg 1200w, https:\/\/nuevaprensaamerica.com\/wp-content\/uploads\/2024\/01\/Valentina-Veroes-12012239641000-300x241.jpg 300w, https:\/\/nuevaprensaamerica.com\/wp-content\/uploads\/2024\/01\/Valentina-Veroes-12012239641000-1024x823.jpg 1024w, https:\/\/nuevaprensaamerica.com\/wp-content\/uploads\/2024\/01\/Valentina-Veroes-12012239641000-768x617.jpg 768w\" sizes=\"auto, (max-width: 1200px) 100vw, 1200px\" \/><\/a>\n\t\t\t<\/div><\/figure><figure class='gallery-item'>\n\t\t\t<div class='gallery-icon portrait'>\n\t\t\t\t<a href='https:\/\/nuevaprensaamerica.com\/wp-content\/uploads\/2024\/01\/Valentina-Veroes-220122314992000.jpg'><img loading=\"lazy\" decoding=\"async\" width=\"1200\" height=\"1499\" src=\"https:\/\/nuevaprensaamerica.com\/wp-content\/uploads\/2024\/01\/Valentina-Veroes-220122314992000.jpg\" class=\"attachment-full size-full\" alt=\"\" srcset=\"https:\/\/nuevaprensaamerica.com\/wp-content\/uploads\/2024\/01\/Valentina-Veroes-220122314992000.jpg 1200w, https:\/\/nuevaprensaamerica.com\/wp-content\/uploads\/2024\/01\/Valentina-Veroes-220122314992000-240x300.jpg 240w, https:\/\/nuevaprensaamerica.com\/wp-content\/uploads\/2024\/01\/Valentina-Veroes-220122314992000-820x1024.jpg 820w, https:\/\/nuevaprensaamerica.com\/wp-content\/uploads\/2024\/01\/Valentina-Veroes-220122314992000-768x959.jpg 768w\" sizes=\"auto, (max-width: 1200px) 100vw, 1200px\" \/><\/a>\n\t\t\t<\/div><\/figure><figure class='gallery-item'>\n\t\t\t<div class='gallery-icon portrait'>\n\t\t\t\t<a href='https:\/\/nuevaprensaamerica.com\/wp-content\/uploads\/2024\/01\/Valentina-Veroes-320122315003000.jpg'><img loading=\"lazy\" decoding=\"async\" width=\"1200\" height=\"1500\" src=\"https:\/\/nuevaprensaamerica.com\/wp-content\/uploads\/2024\/01\/Valentina-Veroes-320122315003000.jpg\" class=\"attachment-full size-full\" alt=\"\" srcset=\"https:\/\/nuevaprensaamerica.com\/wp-content\/uploads\/2024\/01\/Valentina-Veroes-320122315003000.jpg 1200w, https:\/\/nuevaprensaamerica.com\/wp-content\/uploads\/2024\/01\/Valentina-Veroes-320122315003000-240x300.jpg 240w, https:\/\/nuevaprensaamerica.com\/wp-content\/uploads\/2024\/01\/Valentina-Veroes-320122315003000-819x1024.jpg 819w, https:\/\/nuevaprensaamerica.com\/wp-content\/uploads\/2024\/01\/Valentina-Veroes-320122315003000-768x960.jpg 768w\" sizes=\"auto, (max-width: 1200px) 100vw, 1200px\" \/><\/a>\n\t\t\t<\/div><\/figure><figure class='gallery-item'>\n\t\t\t<div class='gallery-icon landscape'>\n\t\t\t\t<a href='https:\/\/nuevaprensaamerica.com\/wp-content\/uploads\/2024\/01\/valentina-veroes-220122312002000.jpg'><img loading=\"lazy\" decoding=\"async\" width=\"1200\" height=\"1200\" src=\"https:\/\/nuevaprensaamerica.com\/wp-content\/uploads\/2024\/01\/valentina-veroes-220122312002000.jpg\" class=\"attachment-full size-full\" alt=\"\" srcset=\"https:\/\/nuevaprensaamerica.com\/wp-content\/uploads\/2024\/01\/valentina-veroes-220122312002000.jpg 1200w, https:\/\/nuevaprensaamerica.com\/wp-content\/uploads\/2024\/01\/valentina-veroes-220122312002000-300x300.jpg 300w, https:\/\/nuevaprensaamerica.com\/wp-content\/uploads\/2024\/01\/valentina-veroes-220122312002000-1024x1024.jpg 1024w, https:\/\/nuevaprensaamerica.com\/wp-content\/uploads\/2024\/01\/valentina-veroes-220122312002000-150x150.jpg 150w, https:\/\/nuevaprensaamerica.com\/wp-content\/uploads\/2024\/01\/valentina-veroes-220122312002000-768x768.jpg 768w\" sizes=\"auto, (max-width: 1200px) 100vw, 1200px\" \/><\/a>\n\t\t\t<\/div><\/figure>\n\t\t<\/div>\n\n<p>Valentina estuvo casada con el ciudadano Fernando De la Cruz, hasta que este present\u00f3 una demanda de divorcio en Miami, en el a\u00f1o 2017.<\/p>\n<h3>Un suegro inc\u00f3modo<\/h3>\n<p>&#8220;El Negro&#8221; Veroes es un empresario originario del estado Nueva Esparta, que junto a su socio Luis Alberto Chac\u00edn Haddad, obtuvo, entre 2016 y 2018, 11 contratos de Corpoelec, la empresa el\u00e9ctrica estatal de Venezuela, por m\u00e1s de 45 millones de d\u00f3lares. Estos contratos eran para el suministro de montacargas, transformadores, generadores y focos, que fueron vendidos con sobreprecio a la estatal el\u00e9ctrica en Venezuela.<\/p>\n<figure id=\"attachment_1016\" aria-describedby=\"caption-attachment-1016\" style=\"width: 1200px\" class=\"wp-caption aligncenter\"><a href=\"https:\/\/nuevaprensaamerica.com\/wp-content\/uploads\/2024\/01\/valentina-veroes220122312001000.jpg\"><img loading=\"lazy\" decoding=\"async\" class=\"size-full wp-image-1016\" src=\"https:\/\/nuevaprensaamerica.com\/wp-content\/uploads\/2024\/01\/valentina-veroes220122312001000.jpg\" alt=\"\" width=\"1200\" height=\"1200\" srcset=\"https:\/\/nuevaprensaamerica.com\/wp-content\/uploads\/2024\/01\/valentina-veroes220122312001000.jpg 1200w, https:\/\/nuevaprensaamerica.com\/wp-content\/uploads\/2024\/01\/valentina-veroes220122312001000-300x300.jpg 300w, https:\/\/nuevaprensaamerica.com\/wp-content\/uploads\/2024\/01\/valentina-veroes220122312001000-1024x1024.jpg 1024w, https:\/\/nuevaprensaamerica.com\/wp-content\/uploads\/2024\/01\/valentina-veroes220122312001000-150x150.jpg 150w, https:\/\/nuevaprensaamerica.com\/wp-content\/uploads\/2024\/01\/valentina-veroes220122312001000-768x768.jpg 768w\" sizes=\"auto, (max-width: 1200px) 100vw, 1200px\" \/><\/a><figcaption id=\"caption-attachment-1016\" class=\"wp-caption-text\">Jes\u00fas Ram\u00f3n Veroes junto a sus hijos Valentina y Jes\u00fas Alejandro Veroes<\/figcaption><\/figure>\n<p>Para lograr estos contratos, Veroes y Chac\u00edn pagaron sobornos a funcionarios p\u00fablicos, entre ellos al general Luis Motta Dom\u00ednguez, quien era el ministro de Energ\u00eda El\u00e9ctrica y presidente de Corpoelec. Se ha dicho que Veroes y Motta Dom\u00ednguez son supuestamente compadres y socios desde que el general era teniente en el ej\u00e9rcito. Se ha sugerido tambi\u00e9n que Veroes es uno de los principales responsables de la crisis el\u00e9ctrica que sufre Venezuela, por el desv\u00edo de fondos destinados al mantenimiento de la red el\u00e9ctrica.<\/p>\n<p>En junio de 2019, Veroes y Chac\u00edn se declararon culpables ante una jueza de Florida de un cargo de conspiraci\u00f3n para violar la Ley de Pr\u00e1cticas Corruptas en el Extranjero (FCPA, por sus siglas en ingl\u00e9s). En noviembre de ese mismo a\u00f1o, Veroes fue sentenciado a 51 meses de prisi\u00f3n en Georgia, pero fue liberado en septiembre de 2021. Veroes tiene dos hijos: Valentina y Jes\u00fas Alejandro.<\/p>\n<figure id=\"attachment_1019\" aria-describedby=\"caption-attachment-1019\" style=\"width: 1200px\" class=\"wp-caption aligncenter\"><a href=\"https:\/\/nuevaprensaamerica.com\/wp-content\/uploads\/2024\/01\/valentina-veroes220122313491000.jpg\"><img loading=\"lazy\" decoding=\"async\" class=\"size-full wp-image-1019\" src=\"https:\/\/nuevaprensaamerica.com\/wp-content\/uploads\/2024\/01\/valentina-veroes220122313491000.jpg\" alt=\"\" width=\"1200\" height=\"1349\" srcset=\"https:\/\/nuevaprensaamerica.com\/wp-content\/uploads\/2024\/01\/valentina-veroes220122313491000.jpg 1200w, https:\/\/nuevaprensaamerica.com\/wp-content\/uploads\/2024\/01\/valentina-veroes220122313491000-267x300.jpg 267w, https:\/\/nuevaprensaamerica.com\/wp-content\/uploads\/2024\/01\/valentina-veroes220122313491000-911x1024.jpg 911w, https:\/\/nuevaprensaamerica.com\/wp-content\/uploads\/2024\/01\/valentina-veroes220122313491000-768x863.jpg 768w\" sizes=\"auto, (max-width: 1200px) 100vw, 1200px\" \/><\/a><figcaption id=\"caption-attachment-1019\" class=\"wp-caption-text\">Valentina y su padre Jes\u00fas Ram\u00f3n Veroes (a la izquierda) y Jes\u00fas Alejandro Veroes (a la derecha de la imagen).<\/figcaption><\/figure>\n<p>&#8220;El Negro&#8221; Veroes ha sido vinculado en redes sociales con el narcotr\u00e1fico en la isla de Margarita. Sin embargo, es de destacarse que mientras fue procesado por soborno, no fueron presentados cargos contra Veroes por ese tipo de delito.<\/p>\n<p>En el a\u00f1o 2019, en la Corte del Distrito del Sur de Florida se acus\u00f3 a Jes\u00fas Ram\u00f3n Veroes de participar en un esquema de sobornos para obtener contratos con la empresa estatal venezolana Corpoelec, que se encarga de la generaci\u00f3n y distribuci\u00f3n de energ\u00eda el\u00e9ctrica en el pa\u00eds. Seg\u00fan el expediente judicial, Veroes se vali\u00f3 de su relaci\u00f3n cercana con Luis Alfredo Motta Dom\u00ednguez, el presidente de Corpoelec, para lograr su objetivo.<\/p>\n<figure id=\"attachment_1024\" aria-describedby=\"caption-attachment-1024\" style=\"width: 1200px\" class=\"wp-caption aligncenter\"><a href=\"https:\/\/nuevaprensaamerica.com\/wp-content\/uploads\/2024\/01\/Motta-Veroes2012239681000.jpg\"><img loading=\"lazy\" decoding=\"async\" class=\"size-full wp-image-1024\" src=\"https:\/\/nuevaprensaamerica.com\/wp-content\/uploads\/2024\/01\/Motta-Veroes2012239681000.jpg\" alt=\"\" width=\"1200\" height=\"968\" srcset=\"https:\/\/nuevaprensaamerica.com\/wp-content\/uploads\/2024\/01\/Motta-Veroes2012239681000.jpg 1200w, https:\/\/nuevaprensaamerica.com\/wp-content\/uploads\/2024\/01\/Motta-Veroes2012239681000-300x242.jpg 300w, https:\/\/nuevaprensaamerica.com\/wp-content\/uploads\/2024\/01\/Motta-Veroes2012239681000-1024x826.jpg 1024w, https:\/\/nuevaprensaamerica.com\/wp-content\/uploads\/2024\/01\/Motta-Veroes2012239681000-768x620.jpg 768w\" sizes=\"auto, (max-width: 1200px) 100vw, 1200px\" \/><\/a><figcaption id=\"caption-attachment-1024\" class=\"wp-caption-text\">Luis Alfredo Motta Dom\u00ednguez (camisa roja con logos) y Jes\u00fas Ram\u00f3n Veroes (camisa azul con escudo)<\/figcaption><\/figure>\n<p>Veroes no actu\u00f3 solo, sino que se asoci\u00f3 con Luis Alberto Chacin Haddad y otros individuos que tambi\u00e9n buscaban beneficiarse de los contratos con Corpoelec. En la primera mitad de 2016, Veroes se reuni\u00f3 con Motta Dom\u00ednguez para discutir lo que se requerir\u00eda para obtener los contratos. Motta Dom\u00ednguez le asegur\u00f3 que le dar\u00eda los contratos a Veroes y sus socios, pero que deb\u00eda negociar los t\u00e9rminos con Eustiquio Jos\u00e9 Lugo G\u00f3mez, el director de adquisiciones de Corpoelec.<\/p>\n<p>As\u00ed lo hizo Veroes, quien se reuni\u00f3 con Lugo G\u00f3mez para discutir y negociar la adjudicaci\u00f3n de los contratos. Una vez que llegaron a un acuerdo, Motta Dom\u00ednguez y Lugo G\u00f3mez instruyeron o causaron que Corpoelec otorgara varios contratos a las compa\u00f1\u00edas de Veroes y sus socios, seg\u00fan el expediente.<\/p>\n<p>De esta manera, Veroes us\u00f3 su relaci\u00f3n cercana con Motta Dom\u00ednguez, esposo de la actual gobernadora del estado Aragua, Karina Carpio, para facilitar sobornos a cambio de la adjudicaci\u00f3n de contratos lucrativos con la empresa estatal venezolana Corpoelec, de acuerdo con el expediente del caso presentado en Florida.<\/p>\n<h3>Demanda por una propiedad en Miami<\/h3>\n<p>Carlos Aem, un venezolano que se hizo famoso en 2015 por mostrar sus autom\u00f3viles de lujo en redes sociales, y Valentina Veroes, quien fue se\u00f1alada como su pareja en 2019, protagonizaron un episodio legal en 2021.<\/p>\n<p><a href=\"https:\/\/nuevaprensaamerica.com\/wp-content\/uploads\/2024\/01\/Valentina-Veroes-6-220122312002000.jpg\"><img loading=\"lazy\" decoding=\"async\" class=\"aligncenter size-full wp-image-1027\" src=\"https:\/\/nuevaprensaamerica.com\/wp-content\/uploads\/2024\/01\/Valentina-Veroes-6-220122312002000.jpg\" alt=\"\" width=\"1200\" height=\"1200\" srcset=\"https:\/\/nuevaprensaamerica.com\/wp-content\/uploads\/2024\/01\/Valentina-Veroes-6-220122312002000.jpg 1200w, https:\/\/nuevaprensaamerica.com\/wp-content\/uploads\/2024\/01\/Valentina-Veroes-6-220122312002000-300x300.jpg 300w, https:\/\/nuevaprensaamerica.com\/wp-content\/uploads\/2024\/01\/Valentina-Veroes-6-220122312002000-1024x1024.jpg 1024w, https:\/\/nuevaprensaamerica.com\/wp-content\/uploads\/2024\/01\/Valentina-Veroes-6-220122312002000-150x150.jpg 150w, https:\/\/nuevaprensaamerica.com\/wp-content\/uploads\/2024\/01\/Valentina-Veroes-6-220122312002000-768x768.jpg 768w\" sizes=\"auto, (max-width: 1200px) 100vw, 1200px\" \/><\/a><\/p>\n<p>El motivo de la demanda fue una propiedad ubicada en el condado de Miami-Dade, Florida, que seg\u00fan Carlos Aem le fue robada o apropiada indebidamente por Valentina Veroes, su madre Amanda Lazo y una sociedad llamada Ozal Holdings LLC, registrada en Delaware, un estado conocido por ser un para\u00edso fiscal.<\/p>\n<figure id=\"attachment_1030\" aria-describedby=\"caption-attachment-1030\" style=\"width: 1200px\" class=\"wp-caption aligncenter\"><a href=\"https:\/\/nuevaprensaamerica.com\/wp-content\/uploads\/2024\/01\/veroes20122313261000.jpg\"><img loading=\"lazy\" decoding=\"async\" class=\"size-full wp-image-1030\" src=\"https:\/\/nuevaprensaamerica.com\/wp-content\/uploads\/2024\/01\/veroes20122313261000.jpg\" alt=\"\" width=\"1200\" height=\"1326\" srcset=\"https:\/\/nuevaprensaamerica.com\/wp-content\/uploads\/2024\/01\/veroes20122313261000.jpg 1200w, https:\/\/nuevaprensaamerica.com\/wp-content\/uploads\/2024\/01\/veroes20122313261000-271x300.jpg 271w, https:\/\/nuevaprensaamerica.com\/wp-content\/uploads\/2024\/01\/veroes20122313261000-927x1024.jpg 927w, https:\/\/nuevaprensaamerica.com\/wp-content\/uploads\/2024\/01\/veroes20122313261000-768x849.jpg 768w\" sizes=\"auto, (max-width: 1200px) 100vw, 1200px\" \/><\/a><figcaption id=\"caption-attachment-1030\" class=\"wp-caption-text\">Valentina junto a su madre Amanda y su hermano<\/figcaption><\/figure>\n<p>La propiedad en cuesti\u00f3n es el Lote 3, en la Manzana 16, de GRAND BAY SOUTH TOWNHOMES, seg\u00fan el plano, registrado en el Libro de Planos 171, P\u00e1gina 95 de los Registros P\u00fablicos del Condado de Miami-Dade, Florida. La direcci\u00f3n es 7834 NW 105 CT, Doral, FL 33178.<\/p>\n<p>Seg\u00fan los documentos p\u00fablicos, la propiedad fue transferida en octubre de 2017 desde Flordade LLC a Valentina Veroes Lazo, quien se describe en las escrituras de transferencia como una mujer soltera. Valentina Veroes Lazo es la otorgante (&#8220;grantor&#8221;) en la escritura de cesi\u00f3n de derechos (quit claim deed) de la propiedad en Miami-Dade, Florida. All\u00ed, ella cede sus derechos sobre la propiedad, firma y sella la escritura de cesi\u00f3n de derechos. La propiedad fue adquirida por poco m\u00e1s de $400.000.<\/p>\n<p>Posteriormente, el d\u00eda 24 de septiembre de 2018, Valentina Veroes transfiri\u00f3 sus derechos sobre la propiedad inmobiliaria en el condado de Miami-Dade a la sociedad Ozal Holdings LLC., extra\u00f1amente registrada en septiembre de ese mismo a\u00f1o en\u00a0Delaware. Esta transferencia fue la que motiv\u00f3 la demanda de Carlos Aem en 2021, quien busc\u00f3 un injunction (orden judicial) y compensaci\u00f3n por un supuesto robo civil o apropiaci\u00f3n indebida contra la propiedad.<\/p>\n<figure id=\"attachment_1033\" aria-describedby=\"caption-attachment-1033\" style=\"width: 1200px\" class=\"wp-caption aligncenter\"><a href=\"https:\/\/nuevaprensaamerica.com\/wp-content\/uploads\/2024\/01\/carlos-aem20122313611000.jpg\"><img loading=\"lazy\" decoding=\"async\" class=\"size-full wp-image-1033\" src=\"https:\/\/nuevaprensaamerica.com\/wp-content\/uploads\/2024\/01\/carlos-aem20122313611000.jpg\" alt=\"\" width=\"1200\" height=\"1361\" srcset=\"https:\/\/nuevaprensaamerica.com\/wp-content\/uploads\/2024\/01\/carlos-aem20122313611000.jpg 1200w, https:\/\/nuevaprensaamerica.com\/wp-content\/uploads\/2024\/01\/carlos-aem20122313611000-265x300.jpg 265w, https:\/\/nuevaprensaamerica.com\/wp-content\/uploads\/2024\/01\/carlos-aem20122313611000-903x1024.jpg 903w, https:\/\/nuevaprensaamerica.com\/wp-content\/uploads\/2024\/01\/carlos-aem20122313611000-768x871.jpg 768w\" sizes=\"auto, (max-width: 1200px) 100vw, 1200px\" \/><\/a><figcaption id=\"caption-attachment-1033\" class=\"wp-caption-text\">Carlos Aem<\/figcaption><\/figure>\n<p>Aunque no se conocen m\u00e1s detalles del caso, se presume que la propiedad cedida por Valentina Veroes a Ozal Holdings LLC, pertenec\u00eda tambi\u00e9n de alg\u00fan modo a Carlos Aem, aunque hab\u00eda sido puesta a nombre de Valentina. Se desconoce si Carlos Aem ten\u00eda alguna prueba de su reclamo o si solo se bas\u00f3 en su relaci\u00f3n sentimental con Valentina Veroes.<\/p>\n<p>Tambi\u00e9n se cuestiona la procedencia del dinero con el que se adquiri\u00f3 la propiedad, pues Carlos Aem fue relacionado con altos funcionarios venezolanos, aunque no fue demostrada tal relaci\u00f3n. Asimismo, resulta particular el papel de la sociedad Ozal Holdings LLC, registrada en un estado que ofrece ventajas fiscales y opacidad a sus due\u00f1os.<\/p>\n<h3>Trayectoria deportiva<\/h3>\n<p>Josef Mart\u00ednez es un futbolista de 173 cm de altura, que ha destacado como delantero en varios equipos, tanto en Venezuela como en el extranjero. Su trayectoria incluye clubes como el Atlanta United y el Inter de Miami, donde ha cosechado varios t\u00edtulos y reconocimientos individuales.<\/p>\n<figure id=\"attachment_1036\" aria-describedby=\"caption-attachment-1036\" style=\"width: 1200px\" class=\"wp-caption aligncenter\"><a href=\"https:\/\/nuevaprensaamerica.com\/wp-content\/uploads\/2024\/01\/martinez20122313891000.jpg\"><img loading=\"lazy\" decoding=\"async\" class=\"size-full wp-image-1036\" src=\"https:\/\/nuevaprensaamerica.com\/wp-content\/uploads\/2024\/01\/martinez20122313891000.jpg\" alt=\"\" width=\"1200\" height=\"1389\" srcset=\"https:\/\/nuevaprensaamerica.com\/wp-content\/uploads\/2024\/01\/martinez20122313891000.jpg 1200w, https:\/\/nuevaprensaamerica.com\/wp-content\/uploads\/2024\/01\/martinez20122313891000-259x300.jpg 259w, https:\/\/nuevaprensaamerica.com\/wp-content\/uploads\/2024\/01\/martinez20122313891000-885x1024.jpg 885w, https:\/\/nuevaprensaamerica.com\/wp-content\/uploads\/2024\/01\/martinez20122313891000-768x889.jpg 768w\" sizes=\"auto, (max-width: 1200px) 100vw, 1200px\" \/><\/a><figcaption id=\"caption-attachment-1036\" class=\"wp-caption-text\">Josef Mart\u00ednez<\/figcaption><\/figure>\n<p>En 2018, Mart\u00ednez se convirti\u00f3 en el jugador de una sola temporada m\u00e1s condecorado en la historia de la MLS al ganar el MVP de la liga, el MVP del Juego de Estrellas, la Bota de Oro y el MVP de la final de la Copa MLS. Sin embargo, su etapa en el Inter de Miami termin\u00f3 en octubre de 2023, cuando el club anunci\u00f3 que no renovar\u00eda su contrato para la pr\u00f3xima temporada.<\/p>\n<p>Con la selecci\u00f3n de Venezuela, la Vinotinto, Mart\u00ednez debut\u00f3 en 2011 contra El Salvador y desde entonces ha participado en tres ediciones de la Copa Am\u00e9rica. Su \u00faltimo gol con la camiseta nacional de Venezuela fue el 24 de marzo de 2023, en un amistoso ante Arabia Saudita. En las Eliminatorias al Mundial de Catar 2022, Mart\u00ednez marc\u00f3 un gol en la derrota 4-1 ante Uruguay. Sin embargo, una lesi\u00f3n en el ligamento cruzado lo alej\u00f3 de las canchas por varios meses.<\/p>\n<p>Josef Mart\u00ednez ha tenido una carrera exitosa como futbolista, pero tambi\u00e9n una vida personal que prefiere mantener en secreto. Su relaci\u00f3n con Valentina Veroes, la hija del empresario acusado de corrupci\u00f3n, parece ser un tema inc\u00f3modo para Mart\u00ednez en Venezuela, donde es admirado por muchos aficionados al f\u00fatbol.<\/p>\n<div>\n<figure id=\"attachment_1039\" aria-describedby=\"caption-attachment-1039\" style=\"width: 1200px\" class=\"wp-caption aligncenter\"><a href=\"https:\/\/nuevaprensaamerica.com\/wp-content\/uploads\/2024\/01\/Valentina-Veroes-6-120122315001000.jpg\"><img loading=\"lazy\" decoding=\"async\" class=\"size-full wp-image-1039\" src=\"https:\/\/nuevaprensaamerica.com\/wp-content\/uploads\/2024\/01\/Valentina-Veroes-6-120122315001000.jpg\" alt=\"\" width=\"1200\" height=\"1500\" srcset=\"https:\/\/nuevaprensaamerica.com\/wp-content\/uploads\/2024\/01\/Valentina-Veroes-6-120122315001000.jpg 1200w, https:\/\/nuevaprensaamerica.com\/wp-content\/uploads\/2024\/01\/Valentina-Veroes-6-120122315001000-240x300.jpg 240w, https:\/\/nuevaprensaamerica.com\/wp-content\/uploads\/2024\/01\/Valentina-Veroes-6-120122315001000-819x1024.jpg 819w, https:\/\/nuevaprensaamerica.com\/wp-content\/uploads\/2024\/01\/Valentina-Veroes-6-120122315001000-768x960.jpg 768w\" sizes=\"auto, (max-width: 1200px) 100vw, 1200px\" \/><\/a><figcaption id=\"caption-attachment-1039\" class=\"wp-caption-text\">Valentina Veroes<\/figcaption><\/figure>\n<\/div>\n<div>En definitiva, pudiera decirse que Josef Mart\u00ednez disfruta de alg\u00fan modo de la riqueza obtenida por su suegro en paralelo a las calamidades el\u00e9ctricas que hoy padecen los venezolanos. Seguramente sus fan\u00e1ticos esperen que el amor entre Josef\u00a0\u00a0y Valentina triunfe y que el futbolista no termine perdiendo sus bienes, como en el caso de Carlos Aem.<\/div>\n","protected":false},"excerpt":{"rendered":"<p>Por Luz Elizondo El Condumio | Opini\u00f3n hable.se El delantero venezolano Josef Alexander Mart\u00ednez, quien ha brillado en clubes de Estados Unidos y en la [&hellip;]<\/p>\n","protected":false},"author":1,"featured_media":998,"comment_status":"open","ping_status":"open","sticky":false,"template":"","format":"standard","meta":{"h5ap_radio_sources":[],"_FSMCFIC_featured_image_caption":"","_FSMCFIC_featured_image_nocaption":"","_FSMCFIC_featured_image_hide":"","_jetpack_memberships_contains_paid_content":false,"footnotes":""},"categories":[5],"tags":[],"class_list":["post-996","post","type-post","status-publish","format-standard","has-post-thumbnail","hentry","category-internacionales"],"aioseo_notices":[],"jetpack_featured_media_url":"https:\/\/nuevaprensaamerica.com\/wp-content\/uploads\/2024\/01\/martines-veroes2012234501100.jpg","jetpack_sharing_enabled":true,"_links":{"self":[{"href":"https:\/\/nuevaprensaamerica.com\/index.php\/wp-json\/wp\/v2\/posts\/996","targetHints":{"allow":["GET"]}}],"collection":[{"href":"https:\/\/nuevaprensaamerica.com\/index.php\/wp-json\/wp\/v2\/posts"}],"about":[{"href":"https:\/\/nuevaprensaamerica.com\/index.php\/wp-json\/wp\/v2\/types\/post"}],"author":[{"embeddable":true,"href":"https:\/\/nuevaprensaamerica.com\/index.php\/wp-json\/wp\/v2\/users\/1"}],"replies":[{"embeddable":true,"href":"https:\/\/nuevaprensaamerica.com\/index.php\/wp-json\/wp\/v2\/comments?post=996"}],"version-history":[{"count":28,"href":"https:\/\/nuevaprensaamerica.com\/index.php\/wp-json\/wp\/v2\/posts\/996\/revisions"}],"predecessor-version":[{"id":1041,"href":"https:\/\/nuevaprensaamerica.com\/index.php\/wp-json\/wp\/v2\/posts\/996\/revisions\/1041"}],"wp:featuredmedia":[{"embeddable":true,"href":"https:\/\/nuevaprensaamerica.com\/index.php\/wp-json\/wp\/v2\/media\/998"}],"wp:attachment":[{"href":"https:\/\/nuevaprensaamerica.com\/index.php\/wp-json\/wp\/v2\/media?parent=996"}],"wp:term":[{"taxonomy":"category","embeddable":true,"href":"https:\/\/nuevaprensaamerica.com\/index.php\/wp-json\/wp\/v2\/categories?post=996"},{"taxonomy":"post_tag","embeddable":true,"href":"https:\/\/nuevaprensaamerica.com\/index.php\/wp-json\/wp\/v2\/tags?post=996"}],"curies":[{"name":"wp","href":"https:\/\/api.w.org\/{rel}","templated":true}]}}